{"id":9486,"date":"2023-07-12T10:00:00","date_gmt":"2023-07-12T15:00:00","guid":{"rendered":"https:\/\/arriendo.com\/co\/blog\/?p=9486"},"modified":"2024-10-28T15:43:49","modified_gmt":"2024-10-28T20:43:49","slug":"por-que-buscar-vivienda-en-el-eje-cafetero","status":"publish","type":"post","link":"https:\/\/arriendo.com\/co\/blog\/lugares\/para-vivir\/por-que-buscar-vivienda-en-el-eje-cafetero\/","title":{"rendered":"\u00bfPor qu\u00e9 buscar vivienda en el Eje Cafetero?"},"content":{"rendered":"\n<p>Colombia es un pa\u00eds que cuenta con muchos lugares extraordinarios para vivir. Posee ciudades muy atractivas para todos los gustos y en su mayor\u00eda son factibles, dependiendo de los gustos y necesidades que tengan las personas.<\/p>\n\n\n\n<p>Una de las zonas m\u00e1s recomendadas del pa\u00eds es el Eje Cafetero. Esta es la opci\u00f3n m\u00e1s recomendable que tiene una persona para vivir si desea un lugar bastante tranquilo, pero que a su vez cuente con buen desarrollo financiero, el cual produzca y mantenga una buena econom\u00eda, por eso, esta es una de las opciones m\u00e1s tenidas en cuenta por muchos migrantes cuando toman la decisi\u00f3n de irse de su ciudad de origen.<\/p>\n\n\n\n<h2 class=\"wp-block-heading\">\u00bfPor qu\u00e9 es un destino importante?<\/h2>\n\n\n\n<p>Las tres ciudades principales que conforman al Eje Cafetero son Manizales, Pereira y Armenia, las cuales se ubican en una zona muy exclusiva del pa\u00eds y se consideran como uno de los lugares m\u00e1s importantes de Colombia por ser declarado Patrimonio de la Humanidad en el a\u00f1o 2011.<\/p>\n\n\n\n<p>Aunque generalmente se mencionan ciudades populares como Bogot\u00e1, Medell\u00edn y Cali, es importante saber que estos no son los \u00fanicos lugares atractivos que tiene el pa\u00eds, pues el Eje cafetero, que tiene mucha cercan\u00eda con las ciudades antes mencionadas, bien sea de forma a\u00e9rea o terrestre, lo hace un destino muy opcional para quienes buscan un lugar lleno de ventajas para vivir.<\/p>\n\n\n\n<p>Su nombre evoca a la actividad que caracteriza econ\u00f3mica, social y culturalmente a las ciudades y municipios que lo conforman, es decir, el cultivo de caf\u00e9, uno de los productos principales de comercializaci\u00f3n con los que cuenta Colombia, el cual es vendido a nivel nacional e internacional. Su evoluci\u00f3n hist\u00f3rica comenz\u00f3 en el siglo XX, y a partir de ese momento se convirti\u00f3 en la producci\u00f3n m\u00e1s importante del pa\u00eds.<\/p>\n\n\n\n<p>Por otro lado, el Eje Cafetero est\u00e1 ubicado en parte de la Regi\u00f3n Andina, por las zonas Occidentales y Centrales, por lo que su clima puede ser estable entre los 22\u00b0C a 28\u00b0C aproximadamente, y en la noche disminuir a los 8\u00b0C y 24\u00b0C as\u00ed que, es una temperatura ideal para aquellas personas que disfrutan este clima.<\/p>\n\n\n\n<h2 class=\"wp-block-heading\">\u00bfQu\u00e9 tiene de atractivo para vivir?<\/h2>\n\n\n\n<p>Existen muchas razones que hacen del Eje Cafetero un lugar ideal para vivir, algunas de las razones por las que muchas personas prefieren esta zona del pa\u00eds son las siguientes:<\/p>\n\n\n\n<h3 class=\"wp-block-heading\">Tiene una buena oferta de empleo<\/h3>\n\n\n\n<p>El Eje Cafetero es muy popular por su producci\u00f3n tan reconocida de caf\u00e9, por lo que los departamentos que lo componen tienden a ser muy tur\u00edsticos. El hecho de que exista tal movilidad de personas entrando y saliendo de esta zona, abre la posibilidad a que las oportunidades de empleo sean mucho mayores que en otras ciudades. Adem\u00e1s, el cultivo no es solamente de caf\u00e9, tambi\u00e9n hay otras siembras muy caracter\u00edsticas como son el pl\u00e1tano, la ca\u00f1a de az\u00facar, los c\u00edtricos y el aguacate.<\/p>\n\n\n\n<h3 class=\"wp-block-heading\">Ofrece un buen nivel educativo<\/h3>\n\n\n\n<p>Esta zona tiene alta certificaci\u00f3n en toda clase de educaci\u00f3n. M\u00e1s de la mitad de la oferta educativa superior se encuentra ocupada por pregrados, luego est\u00e1 una tercera parte que est\u00e1 compuesta por tecnolog\u00edas y cerca de un 5% por programas t\u00e9cnicos, cifra que va de la mano por maestr\u00edas. La educaci\u00f3n superior de esta regi\u00f3n cuenta con m\u00e1s de 600 programas que tienen registro calificado y un reconocimiento que solamente es otorgado cada siete a\u00f1os por el Ministerio de Educaci\u00f3n Nacional.<\/p>\n\n\n\n<h3 class=\"wp-block-heading\">Cuenta con diferentes proyectos de viviendas<\/h3>\n\n\n\n<p>En esta regi\u00f3n se pueden contemplar varios proyectos de viviendas. Cuando se piensa en comprar una un inmueble nuevo para vivir, principalmente se piensa en la seguridad, la inversi\u00f3n, la rentabilidad, la valorizaci\u00f3n del inmueble, entre otros. En el Eje Cafetero la construcci\u00f3n de vivienda se ha destacado por mostrar un importante crecimiento que se muestran en las cifras del sector.<\/p>\n\n\n\n<p>Un dato que deben tener en cuenta cualquier persona que tenga la intenci\u00f3n de invertir en vivienda, es que la oferta de apartamentos nuevos en esta zona va en ascenso, haciendo que el n\u00famero de posibilidades para adquirir vivienda siempre sean altas.<\/p>\n\n\n\n<h3 class=\"wp-block-heading\">Variedad en la oferta de arriendos<\/h3>\n\n\n\n<p>Colombia, al ser un pa\u00eds que est\u00e1 dividido por estratos, hace que los precios de los inmuebles puedan variar acorde al nivel de estratificaci\u00f3n socioecon\u00f3mica donde se ubique el predio. No es lo mismo arrendar en una zona estrato 1 a una de estrato 6. No obstante, los precios siguen estando por debajo de ciudades como Medell\u00edn, Bogot\u00e1 y Cali.<\/p>\n\n\n\n<p>Tanto Manizales, como Armenia y Pereira, son muy buenas opciones para arrendar y entablar una nueva vida. Aunque el nivel econ\u00f3mico, pol\u00edtico y social puede variar, es b\u00e1sicamente la misma esencia que da el Eje Cafetero.<\/p>\n\n\n\n<p>Una persona que est\u00e9 interesada en vivir en el Eje Cafetero se encontrar\u00e1 con un entorno muy agradable, gracias a la ubicaci\u00f3n geogr\u00e1fica que tiene esta regi\u00f3n cafetera, a su alta oferta de inversi\u00f3n inmobiliaria y a la tranquilidad que ofrece, lo cual hace que sus habitantes tengan una buena calidad de vida.<\/p>\n\n\n\n<p><strong>Le puede interesar:<\/strong> <a href=\"https:\/\/arriendo.com\/co\/blog\/lugares\/cuales-son-los-pueblos-mas-visitados-del-eje-cafetero\/\">Cu\u00e1les son los pueblos m\u00e1s visitados del Eje Cafetero.<\/a><\/p>\n","protected":false},"excerpt":{"rendered":"<p>Una de las zonas m\u00e1s recomendadas del pa\u00eds es el Eje Cafetero. Esta es la opci\u00f3n m\u00e1s recomendable que tiene una persona para vivir si desea un lugar bastante tranquilo, pero que a su vez cuente con buen desarrollo financiero.<\/p>\n","protected":false},"author":23,"featured_media":9494,"comment_status":"closed","ping_status":"closed","sticky":false,"template":"","format":"standard","meta":{"_acf_changed":false,"footnotes":""},"categories":[134,154],"tags":[],"class_list":["post-9486","post","type-post","status-publish","format-standard","has-post-thumbnail","hentry","category-lugares","category-para-vivir"],"acf":[],"nelio_content":{"isAutoShareEnabled":true,"autoShareEndMode":"never","automationSources":{"useCustomSentences":false,"customSentences":[]},"followers":[],"suggestedReferences":[],"efiUrl":"","efiAlt":"","highlights":[],"permalinkQueryArgs":[],"series":[]},"yoast_head":"<!-- This site is optimized with the Yoast SEO plugin v25.4 - https:\/\/yoast.com\/wordpress\/plugins\/seo\/ -->\n<title>Eje Cafetero, un buen lugar para vivir<\/title>\n<meta name=\"description\" content=\"El Eje Cafetero, gracias a su nivel de educaci\u00f3n, oportunidades laborales y su oferta inmobiliaria, es uno de los lugares m\u00e1s buscados para vivir en Colombia.\" \/>\n<meta name=\"robots\" content=\"index, follow, max-snippet:-1, max-image-preview:large, max-video-preview:-1\" \/>\n<link rel=\"canonical\" href=\"https:\/\/arriendo.com\/co\/blog\/lugares\/para-vivir\/por-que-buscar-vivienda-en-el-eje-cafetero\/\" \/>\n<meta property=\"og:locale\" content=\"es_ES\" \/>\n<meta property=\"og:type\" content=\"article\" \/>\n<meta property=\"og:title\" content=\"Eje Cafetero, un buen lugar para vivir\" \/>\n<meta property=\"og:description\" content=\"El Eje Cafetero, gracias a su nivel de educaci\u00f3n, oportunidades laborales y su oferta inmobiliaria, es uno de los lugares m\u00e1s buscados para vivir en Colombia.\" \/>\n<meta property=\"og:url\" content=\"https:\/\/arriendo.com\/co\/blog\/lugares\/para-vivir\/por-que-buscar-vivienda-en-el-eje-cafetero\/\" \/>\n<meta property=\"og:site_name\" content=\"Blog Arriendo.com\" \/>\n<meta property=\"article:publisher\" content=\"https:\/\/www.facebook.com\/arriendocom\" \/>\n<meta property=\"article:published_time\" content=\"2023-07-12T15:00:00+00:00\" \/>\n<meta property=\"article:modified_time\" content=\"2024-10-28T20:43:49+00:00\" \/>\n<meta property=\"og:image\" content=\"https:\/\/arriendo.com\/co\/blog\/wp-content\/uploads\/2023\/07\/buscar-vivienda-en-el-eje-cafetero-scaled.jpg\" \/>\n\t<meta property=\"og:image:width\" content=\"2048\" \/>\n\t<meta property=\"og:image:height\" content=\"1365\" \/>\n\t<meta property=\"og:image:type\" content=\"image\/jpeg\" \/>\n<meta name=\"author\" content=\"Hernando Abdu salame\" \/>\n<meta name=\"twitter:card\" content=\"summary_large_image\" \/>\n<meta name=\"twitter:label1\" content=\"Escrito por\" \/>\n\t<meta name=\"twitter:data1\" content=\"Hernando Abdu salame\" \/>\n\t<meta name=\"twitter:label2\" content=\"Tiempo de lectura\" \/>\n\t<meta name=\"twitter:data2\" content=\"5 minutos\" \/>\n<script type=\"application\/ld+json\" class=\"yoast-schema-graph\">{\"@context\":\"https:\/\/schema.org\",\"@graph\":[{\"@type\":[\"Article\",\"BlogPosting\"],\"@id\":\"https:\/\/arriendo.com\/co\/blog\/lugares\/para-vivir\/por-que-buscar-vivienda-en-el-eje-cafetero\/#article\",\"isPartOf\":{\"@id\":\"https:\/\/arriendo.com\/co\/blog\/lugares\/para-vivir\/por-que-buscar-vivienda-en-el-eje-cafetero\/\"},\"author\":{\"name\":\"Hernando Abdu salame\",\"@id\":\"https:\/\/arriendo.com\/co\/blog\/#\/schema\/person\/2f01f3967f9bc1385cf08b3d1fe3883d\"},\"headline\":\"\u00bfPor qu\u00e9 buscar vivienda en el Eje Cafetero?\",\"datePublished\":\"2023-07-12T15:00:00+00:00\",\"dateModified\":\"2024-10-28T20:43:49+00:00\",\"mainEntityOfPage\":{\"@id\":\"https:\/\/arriendo.com\/co\/blog\/lugares\/para-vivir\/por-que-buscar-vivienda-en-el-eje-cafetero\/\"},\"wordCount\":909,\"publisher\":{\"@id\":\"https:\/\/arriendo.com\/co\/blog\/#organization\"},\"image\":{\"@id\":\"https:\/\/arriendo.com\/co\/blog\/lugares\/para-vivir\/por-que-buscar-vivienda-en-el-eje-cafetero\/#primaryimage\"},\"thumbnailUrl\":\"https:\/\/cdn-blog.arriendo.com\/co\/blog\/wp-content\/uploads\/2023\/07\/buscar-vivienda-en-el-eje-cafetero-scaled.jpg\",\"articleSection\":[\"Lugares\",\"Lugares para Vivir\"],\"inLanguage\":\"es\"},{\"@type\":\"WebPage\",\"@id\":\"https:\/\/arriendo.com\/co\/blog\/lugares\/para-vivir\/por-que-buscar-vivienda-en-el-eje-cafetero\/\",\"url\":\"https:\/\/arriendo.com\/co\/blog\/lugares\/para-vivir\/por-que-buscar-vivienda-en-el-eje-cafetero\/\",\"name\":\"Eje Cafetero, un buen lugar para vivir\",\"isPartOf\":{\"@id\":\"https:\/\/arriendo.com\/co\/blog\/#website\"},\"primaryImageOfPage\":{\"@id\":\"https:\/\/arriendo.com\/co\/blog\/lugares\/para-vivir\/por-que-buscar-vivienda-en-el-eje-cafetero\/#primaryimage\"},\"image\":{\"@id\":\"https:\/\/arriendo.com\/co\/blog\/lugares\/para-vivir\/por-que-buscar-vivienda-en-el-eje-cafetero\/#primaryimage\"},\"thumbnailUrl\":\"https:\/\/cdn-blog.arriendo.com\/co\/blog\/wp-content\/uploads\/2023\/07\/buscar-vivienda-en-el-eje-cafetero-scaled.jpg\",\"datePublished\":\"2023-07-12T15:00:00+00:00\",\"dateModified\":\"2024-10-28T20:43:49+00:00\",\"description\":\"El Eje Cafetero, gracias a su nivel de educaci\u00f3n, oportunidades laborales y su oferta inmobiliaria, es uno de los lugares m\u00e1s buscados para vivir en Colombia.\",\"breadcrumb\":{\"@id\":\"https:\/\/arriendo.com\/co\/blog\/lugares\/para-vivir\/por-que-buscar-vivienda-en-el-eje-cafetero\/#breadcrumb\"},\"inLanguage\":\"es\",\"potentialAction\":[{\"@type\":\"ReadAction\",\"target\":[\"https:\/\/arriendo.com\/co\/blog\/lugares\/para-vivir\/por-que-buscar-vivienda-en-el-eje-cafetero\/\"]}]},{\"@type\":\"ImageObject\",\"inLanguage\":\"es\",\"@id\":\"https:\/\/arriendo.com\/co\/blog\/lugares\/para-vivir\/por-que-buscar-vivienda-en-el-eje-cafetero\/#primaryimage\",\"url\":\"https:\/\/cdn-blog.arriendo.com\/co\/blog\/wp-content\/uploads\/2023\/07\/buscar-vivienda-en-el-eje-cafetero-scaled.jpg\",\"contentUrl\":\"https:\/\/cdn-blog.arriendo.com\/co\/blog\/wp-content\/uploads\/2023\/07\/buscar-vivienda-en-el-eje-cafetero-scaled.jpg\",\"width\":2048,\"height\":1365,\"caption\":\"buscar-vivienda-en-el-eje-cafetero\"},{\"@type\":\"BreadcrumbList\",\"@id\":\"https:\/\/arriendo.com\/co\/blog\/lugares\/para-vivir\/por-que-buscar-vivienda-en-el-eje-cafetero\/#breadcrumb\",\"itemListElement\":[{\"@type\":\"ListItem\",\"position\":1,\"name\":\"Inicio\",\"item\":\"https:\/\/arriendo.com\/co\/blog\/\"},{\"@type\":\"ListItem\",\"position\":2,\"name\":\"Lugares\",\"item\":\"https:\/\/arriendo.com\/co\/blog\/lugares\/\"},{\"@type\":\"ListItem\",\"position\":3,\"name\":\"Lugares para Vivir\",\"item\":\"https:\/\/arriendo.com\/co\/blog\/lugares\/para-vivir\/\"},{\"@type\":\"ListItem\",\"position\":4,\"name\":\"\u00bfPor qu\u00e9 buscar vivienda en el Eje Cafetero?\"}]},{\"@type\":\"WebSite\",\"@id\":\"https:\/\/arriendo.com\/co\/blog\/#website\",\"url\":\"https:\/\/arriendo.com\/co\/blog\/\",\"name\":\"Blog arriendo.com\",\"description\":\"Abre la puerta de tu pr\u00f3ximo hogar\",\"publisher\":{\"@id\":\"https:\/\/arriendo.com\/co\/blog\/#organization\"},\"alternateName\":\"Blog Arriendo\",\"potentialAction\":[{\"@type\":\"SearchAction\",\"target\":{\"@type\":\"EntryPoint\",\"urlTemplate\":\"https:\/\/arriendo.com\/co\/blog\/?s={search_term_string}\"},\"query-input\":{\"@type\":\"PropertyValueSpecification\",\"valueRequired\":true,\"valueName\":\"search_term_string\"}}],\"inLanguage\":\"es\"},{\"@type\":\"Organization\",\"@id\":\"https:\/\/arriendo.com\/co\/blog\/#organization\",\"name\":\"Blog arriendo.com\",\"alternateName\":\"Arriendo.com\",\"url\":\"https:\/\/arriendo.com\/co\/blog\/\",\"logo\":{\"@type\":\"ImageObject\",\"inLanguage\":\"es\",\"@id\":\"https:\/\/arriendo.com\/co\/blog\/#\/schema\/logo\/image\/\",\"url\":\"https:\/\/arriendo.com\/co\/blog\/wp-content\/uploads\/2020\/02\/logo-arriendo-perfil-rojo-1080x1080-ok-v1.png\",\"contentUrl\":\"https:\/\/arriendo.com\/co\/blog\/wp-content\/uploads\/2020\/02\/logo-arriendo-perfil-rojo-1080x1080-ok-v1.png\",\"width\":1080,\"height\":1080,\"caption\":\"Blog arriendo.com\"},\"image\":{\"@id\":\"https:\/\/arriendo.com\/co\/blog\/#\/schema\/logo\/image\/\"},\"sameAs\":[\"https:\/\/www.facebook.com\/arriendocom\"]},{\"@type\":\"Person\",\"@id\":\"https:\/\/arriendo.com\/co\/blog\/#\/schema\/person\/2f01f3967f9bc1385cf08b3d1fe3883d\",\"name\":\"Hernando Abdu salame\",\"image\":{\"@type\":\"ImageObject\",\"inLanguage\":\"es\",\"@id\":\"https:\/\/arriendo.com\/co\/blog\/#\/schema\/person\/image\/\",\"url\":\"https:\/\/secure.gravatar.com\/avatar\/4c6fe0b8b5682ae940351be6ff4f4e5ec65d05b273ab650e6763c04848d63357?s=96&r=g\",\"contentUrl\":\"https:\/\/secure.gravatar.com\/avatar\/4c6fe0b8b5682ae940351be6ff4f4e5ec65d05b273ab650e6763c04848d63357?s=96&r=g\",\"caption\":\"Hernando Abdu salame\"}}]}<\/script>\n<!-- \/ Yoast SEO plugin. -->","yoast_head_json":{"title":"Eje Cafetero, un buen lugar para vivir","description":"El Eje Cafetero, gracias a su nivel de educaci\u00f3n, oportunidades laborales y su oferta inmobiliaria, es uno de los lugares m\u00e1s buscados para vivir en Colombia.","robots":{"index":"index","follow":"follow","max-snippet":"max-snippet:-1","max-image-preview":"max-image-preview:large","max-video-preview":"max-video-preview:-1"},"canonical":"https:\/\/arriendo.com\/co\/blog\/lugares\/para-vivir\/por-que-buscar-vivienda-en-el-eje-cafetero\/","og_locale":"es_ES","og_type":"article","og_title":"Eje Cafetero, un buen lugar para vivir","og_description":"El Eje Cafetero, gracias a su nivel de educaci\u00f3n, oportunidades laborales y su oferta inmobiliaria, es uno de los lugares m\u00e1s buscados para vivir en Colombia.","og_url":"https:\/\/arriendo.com\/co\/blog\/lugares\/para-vivir\/por-que-buscar-vivienda-en-el-eje-cafetero\/","og_site_name":"Blog Arriendo.com","article_publisher":"https:\/\/www.facebook.com\/arriendocom","article_published_time":"2023-07-12T15:00:00+00:00","article_modified_time":"2024-10-28T20:43:49+00:00","og_image":[{"width":2048,"height":1365,"url":"https:\/\/arriendo.com\/co\/blog\/wp-content\/uploads\/2023\/07\/buscar-vivienda-en-el-eje-cafetero-scaled.jpg","type":"image\/jpeg"}],"author":"Hernando Abdu salame","twitter_card":"summary_large_image","twitter_misc":{"Escrito por":"Hernando Abdu salame","Tiempo de lectura":"5 minutos"},"schema":{"@context":"https:\/\/schema.org","@graph":[{"@type":["Article","BlogPosting"],"@id":"https:\/\/arriendo.com\/co\/blog\/lugares\/para-vivir\/por-que-buscar-vivienda-en-el-eje-cafetero\/#article","isPartOf":{"@id":"https:\/\/arriendo.com\/co\/blog\/lugares\/para-vivir\/por-que-buscar-vivienda-en-el-eje-cafetero\/"},"author":{"name":"Hernando Abdu salame","@id":"https:\/\/arriendo.com\/co\/blog\/#\/schema\/person\/2f01f3967f9bc1385cf08b3d1fe3883d"},"headline":"\u00bfPor qu\u00e9 buscar vivienda en el Eje Cafetero?","datePublished":"2023-07-12T15:00:00+00:00","dateModified":"2024-10-28T20:43:49+00:00","mainEntityOfPage":{"@id":"https:\/\/arriendo.com\/co\/blog\/lugares\/para-vivir\/por-que-buscar-vivienda-en-el-eje-cafetero\/"},"wordCount":909,"publisher":{"@id":"https:\/\/arriendo.com\/co\/blog\/#organization"},"image":{"@id":"https:\/\/arriendo.com\/co\/blog\/lugares\/para-vivir\/por-que-buscar-vivienda-en-el-eje-cafetero\/#primaryimage"},"thumbnailUrl":"https:\/\/cdn-blog.arriendo.com\/co\/blog\/wp-content\/uploads\/2023\/07\/buscar-vivienda-en-el-eje-cafetero-scaled.jpg","articleSection":["Lugares","Lugares para Vivir"],"inLanguage":"es"},{"@type":"WebPage","@id":"https:\/\/arriendo.com\/co\/blog\/lugares\/para-vivir\/por-que-buscar-vivienda-en-el-eje-cafetero\/","url":"https:\/\/arriendo.com\/co\/blog\/lugares\/para-vivir\/por-que-buscar-vivienda-en-el-eje-cafetero\/","name":"Eje Cafetero, un buen lugar para vivir","isPartOf":{"@id":"https:\/\/arriendo.com\/co\/blog\/#website"},"primaryImageOfPage":{"@id":"https:\/\/arriendo.com\/co\/blog\/lugares\/para-vivir\/por-que-buscar-vivienda-en-el-eje-cafetero\/#primaryimage"},"image":{"@id":"https:\/\/arriendo.com\/co\/blog\/lugares\/para-vivir\/por-que-buscar-vivienda-en-el-eje-cafetero\/#primaryimage"},"thumbnailUrl":"https:\/\/cdn-blog.arriendo.com\/co\/blog\/wp-content\/uploads\/2023\/07\/buscar-vivienda-en-el-eje-cafetero-scaled.jpg","datePublished":"2023-07-12T15:00:00+00:00","dateModified":"2024-10-28T20:43:49+00:00","description":"El Eje Cafetero, gracias a su nivel de educaci\u00f3n, oportunidades laborales y su oferta inmobiliaria, es uno de los lugares m\u00e1s buscados para vivir en Colombia.","breadcrumb":{"@id":"https:\/\/arriendo.com\/co\/blog\/lugares\/para-vivir\/por-que-buscar-vivienda-en-el-eje-cafetero\/#breadcrumb"},"inLanguage":"es","potentialAction":[{"@type":"ReadAction","target":["https:\/\/arriendo.com\/co\/blog\/lugares\/para-vivir\/por-que-buscar-vivienda-en-el-eje-cafetero\/"]}]},{"@type":"ImageObject","inLanguage":"es","@id":"https:\/\/arriendo.com\/co\/blog\/lugares\/para-vivir\/por-que-buscar-vivienda-en-el-eje-cafetero\/#primaryimage","url":"https:\/\/cdn-blog.arriendo.com\/co\/blog\/wp-content\/uploads\/2023\/07\/buscar-vivienda-en-el-eje-cafetero-scaled.jpg","contentUrl":"https:\/\/cdn-blog.arriendo.com\/co\/blog\/wp-content\/uploads\/2023\/07\/buscar-vivienda-en-el-eje-cafetero-scaled.jpg","width":2048,"height":1365,"caption":"buscar-vivienda-en-el-eje-cafetero"},{"@type":"BreadcrumbList","@id":"https:\/\/arriendo.com\/co\/blog\/lugares\/para-vivir\/por-que-buscar-vivienda-en-el-eje-cafetero\/#breadcrumb","itemListElement":[{"@type":"ListItem","position":1,"name":"Inicio","item":"https:\/\/arriendo.com\/co\/blog\/"},{"@type":"ListItem","position":2,"name":"Lugares","item":"https:\/\/arriendo.com\/co\/blog\/lugares\/"},{"@type":"ListItem","position":3,"name":"Lugares para Vivir","item":"https:\/\/arriendo.com\/co\/blog\/lugares\/para-vivir\/"},{"@type":"ListItem","position":4,"name":"\u00bfPor qu\u00e9 buscar vivienda en el Eje Cafetero?"}]},{"@type":"WebSite","@id":"https:\/\/arriendo.com\/co\/blog\/#website","url":"https:\/\/arriendo.com\/co\/blog\/","name":"Blog arriendo.com","description":"Abre la puerta de tu pr\u00f3ximo hogar","publisher":{"@id":"https:\/\/arriendo.com\/co\/blog\/#organization"},"alternateName":"Blog Arriendo","potentialAction":[{"@type":"SearchAction","target":{"@type":"EntryPoint","urlTemplate":"https:\/\/arriendo.com\/co\/blog\/?s={search_term_string}"},"query-input":{"@type":"PropertyValueSpecification","valueRequired":true,"valueName":"search_term_string"}}],"inLanguage":"es"},{"@type":"Organization","@id":"https:\/\/arriendo.com\/co\/blog\/#organization","name":"Blog arriendo.com","alternateName":"Arriendo.com","url":"https:\/\/arriendo.com\/co\/blog\/","logo":{"@type":"ImageObject","inLanguage":"es","@id":"https:\/\/arriendo.com\/co\/blog\/#\/schema\/logo\/image\/","url":"https:\/\/arriendo.com\/co\/blog\/wp-content\/uploads\/2020\/02\/logo-arriendo-perfil-rojo-1080x1080-ok-v1.png","contentUrl":"https:\/\/arriendo.com\/co\/blog\/wp-content\/uploads\/2020\/02\/logo-arriendo-perfil-rojo-1080x1080-ok-v1.png","width":1080,"height":1080,"caption":"Blog arriendo.com"},"image":{"@id":"https:\/\/arriendo.com\/co\/blog\/#\/schema\/logo\/image\/"},"sameAs":["https:\/\/www.facebook.com\/arriendocom"]},{"@type":"Person","@id":"https:\/\/arriendo.com\/co\/blog\/#\/schema\/person\/2f01f3967f9bc1385cf08b3d1fe3883d","name":"Hernando Abdu salame","image":{"@type":"ImageObject","inLanguage":"es","@id":"https:\/\/arriendo.com\/co\/blog\/#\/schema\/person\/image\/","url":"https:\/\/secure.gravatar.com\/avatar\/4c6fe0b8b5682ae940351be6ff4f4e5ec65d05b273ab650e6763c04848d63357?s=96&r=g","contentUrl":"https:\/\/secure.gravatar.com\/avatar\/4c6fe0b8b5682ae940351be6ff4f4e5ec65d05b273ab650e6763c04848d63357?s=96&r=g","caption":"Hernando Abdu salame"}}]}},"amp_enabled":true,"_links":{"self":[{"href":"https:\/\/arriendo.com\/co\/blog\/wp-json\/wp\/v2\/posts\/9486","targetHints":{"allow":["GET"]}}],"collection":[{"href":"https:\/\/arriendo.com\/co\/blog\/wp-json\/wp\/v2\/posts"}],"about":[{"href":"https:\/\/arriendo.com\/co\/blog\/wp-json\/wp\/v2\/types\/post"}],"author":[{"embeddable":true,"href":"https:\/\/arriendo.com\/co\/blog\/wp-json\/wp\/v2\/users\/23"}],"replies":[{"embeddable":true,"href":"https:\/\/arriendo.com\/co\/blog\/wp-json\/wp\/v2\/comments?post=9486"}],"version-history":[{"count":2,"href":"https:\/\/arriendo.com\/co\/blog\/wp-json\/wp\/v2\/posts\/9486\/revisions"}],"predecessor-version":[{"id":16836,"href":"https:\/\/arriendo.com\/co\/blog\/wp-json\/wp\/v2\/posts\/9486\/revisions\/16836"}],"wp:featuredmedia":[{"embeddable":true,"href":"https:\/\/arriendo.com\/co\/blog\/wp-json\/wp\/v2\/media\/9494"}],"wp:attachment":[{"href":"https:\/\/arriendo.com\/co\/blog\/wp-json\/wp\/v2\/media?parent=9486"}],"wp:term":[{"taxonomy":"category","embeddable":true,"href":"https:\/\/arriendo.com\/co\/blog\/wp-json\/wp\/v2\/categories?post=9486"},{"taxonomy":"post_tag","embeddable":true,"href":"https:\/\/arriendo.com\/co\/blog\/wp-json\/wp\/v2\/tags?post=9486"}],"curies":[{"name":"wp","href":"https:\/\/api.w.org\/{rel}","templated":true}]}}