{"id":9418,"date":"2023-06-16T09:40:00","date_gmt":"2023-06-16T14:40:00","guid":{"rendered":"https:\/\/arriendo.com\/co\/blog\/?p=9418"},"modified":"2024-10-28T09:35:30","modified_gmt":"2024-10-28T14:35:30","slug":"como-aprovechar-los-espacios-pequenos-en-el-hogar","status":"publish","type":"post","link":"https:\/\/arriendo.com\/co\/blog\/decoracion\/de-interiores\/como-aprovechar-los-espacios-pequenos-en-el-hogar\/","title":{"rendered":"C\u00f3mo aprovechar los espacios peque\u00f1os en el hogar"},"content":{"rendered":"\n<p>Muchas viviendas poseen espacios reducidos, bien sea por una mala organizaci\u00f3n estructural o por una mala distribuci\u00f3n del espacio, pero estas \u00e1reas pueden ser aprovechadas al m\u00e1ximo si se consigue una forma estrat\u00e9gica de darle un buen dise\u00f1o de interior al mismo.<\/p>\n\n\n\n<p>Todo va a depender de los gustos de cada persona y del aprovechamiento que le quiera dar al espacio peque\u00f1o, tambi\u00e9n de la ubicaci\u00f3n que este lugar tenga, pues acorde a ello, se podr\u00e1 determinar cu\u00e1l ser\u00e1 su nueva funcionalidad y uso. A continuaci\u00f3n encontrar\u00e1 algunas recomendaciones al respecto.<\/p>\n\n\n\n<h2 class=\"wp-block-heading\">Un espacio para descansar<\/h2>\n\n\n\n<p>Tener un espacio donde descansar puede resultar muy beneficioso, ya que sirve para desconectarse de la rutina y disfrutar de un momento de relajaci\u00f3n en casa. No se necesitan grandes objetos y enseres para hacer un espacio agradable para descansar. Por lo general, cuando se trata de un sitio muy peque\u00f1o, se le puede dar una utilidad gratificante para uso personal, por ejemplo, para leer, ver series, dormir una siesta, entre otros. El secreto est\u00e1 en saber decorarlo acorde a la tem\u00e1tica que tenga el inmueble.<\/p>\n\n\n\n<h2 class=\"wp-block-heading\">Un sitio para trabajar<\/h2>\n\n\n\n<p>El teletrabajo hoy en d\u00eda se encuentra en tendencia, sin embargo, puede existir la idea de acomodar su estaci\u00f3n de trabajo en cualquier parte de la casa, as\u00ed que otra de las utilidades que se le puede dar a un lugar reducido es transformarlo en un sitio donde pueda desempe\u00f1ar sus labores. Recuerde que tener un espacio propio para trabajar, har\u00e1 que su desempe\u00f1o sea mejoren un espacio de trabajo. Se puede buscar un escritorio peque\u00f1o, l\u00e1mparas, plantas para decorar y cualquier otra idea gratificante.<\/p>\n\n\n\n<h2 class=\"wp-block-heading\">Un lugar para compartir<\/h2>\n\n\n\n<p>Muchas veces se suele recibir a las visitas en la sala, la habitaci\u00f3n o el comedor, sin embargo, una idea productiva es crear un espacio diferente para compartir, en el cual las personas se sientan c\u00f3modas y relajadas. La creaci\u00f3n de un espacio flexible que sirva para compartir con otras personas es una manera \u00f3ptima de aprovechar mejor los sitios peque\u00f1os que hay en casa. Un consejo es utilizar elementos decorativos que sean f\u00e1ciles de adecuar, como \u201cpuffs\u201d, cojines u otros, que hagan de la visita una experiencia agradable.<\/p>\n\n\n\n<h2 class=\"wp-block-heading\">Un espacio para juegos<\/h2>\n\n\n\n<p>Casi siempre los menores de la casa desorganizan todo un espacio para divertirse con sus juguetes, por esto, es ideal construir un sitio que sea \u00fanica y exclusivamente para realizar dichas actividades, creando un lugar divertido y feliz para los ni\u00f1os.<\/p>\n\n\n\n<p>La clave est\u00e1 en expresar toda la creatividad que se tiene para hacer de un espacio peque\u00f1o, uno que sea ameno, tranquilo y lleno de diversi\u00f3n. De igual forma, si se necesita ayuda de expertos como decoradores, <a href=\"https:\/\/arriendo.com\/co\/blog\/decoracion\/de-interiores\/diseno-de-interiores-por-que-es-importante-para-decorar\/\">profesionales en dise\u00f1o de interiores<\/a> y otros, es recomendable contratarlos para que usen el espacio.<\/p>\n\n\n\n<p>Aprovechar los espacios reducidos en el hogar d\u00e1ndoles un uso adicional puede resultar muy favorable. Esto va a depender netamente de lo que se desee realizar y la finalidad que tenga asignada el espacio.<\/p>\n\n\n\n<p><strong>Le puede interesar:<\/strong> <a href=\"https:\/\/arriendo.com\/co\/blog\/decoracion\/como-decorar-una-casa-con-poco-espacio\/\">C\u00f3mo decorar una casa con poco espacio<\/a>.<\/p>\n","protected":false},"excerpt":{"rendered":"<p>Todo va a depender de los gustos de cada persona y del aprovechamiento que le quiera dar al espacio peque\u00f1o, tambi\u00e9n de la ubicaci\u00f3n que este lugar tenga, pues acorde a ello, se podr\u00e1 determinar cu\u00e1l ser\u00e1 su nueva funcionalidad y uso<\/p>\n","protected":false},"author":23,"featured_media":9426,"comment_status":"open","ping_status":"closed","sticky":false,"template":"","format":"standard","meta":{"_acf_changed":false,"footnotes":""},"categories":[108,113],"tags":[],"class_list":["post-9418","post","type-post","status-publish","format-standard","has-post-thumbnail","hentry","category-decoracion","category-de-interiores"],"acf":[],"nelio_content":{"isAutoShareEnabled":true,"autoShareEndMode":"never","automationSources":{"useCustomSentences":false,"customSentences":[]},"followers":[],"suggestedReferences":[],"efiUrl":"","efiAlt":"","highlights":[],"permalinkQueryArgs":[],"series":[]},"yoast_head":"<!-- This site is optimized with the Yoast SEO plugin v25.4 - https:\/\/yoast.com\/wordpress\/plugins\/seo\/ -->\n<title>C\u00f3mo aprovechar los espacios peque\u00f1os en el hogar<\/title>\n<meta name=\"description\" content=\"Todo va a depender de los gustos de cada persona y del aprovechamiento que le quiera dar al espacio peque\u00f1o, tambi\u00e9n de la ubicaci\u00f3n que este lugar tenga, pues acorde a ello, se podr\u00e1 determinar cu\u00e1l ser\u00e1 su nueva funcionalidad y uso\" \/>\n<meta name=\"robots\" content=\"index, follow, max-snippet:-1, max-image-preview:large, max-video-preview:-1\" \/>\n<link rel=\"canonical\" href=\"https:\/\/arriendo.com\/co\/blog\/decoracion\/de-interiores\/como-aprovechar-los-espacios-pequenos-en-el-hogar\/\" \/>\n<meta property=\"og:locale\" content=\"es_ES\" \/>\n<meta property=\"og:type\" content=\"article\" \/>\n<meta property=\"og:title\" content=\"C\u00f3mo aprovechar los espacios peque\u00f1os en el hogar\" \/>\n<meta property=\"og:description\" content=\"Todo va a depender de los gustos de cada persona y del aprovechamiento que le quiera dar al espacio peque\u00f1o, tambi\u00e9n de la ubicaci\u00f3n que este lugar tenga, pues acorde a ello, se podr\u00e1 determinar cu\u00e1l ser\u00e1 su nueva funcionalidad y uso\" \/>\n<meta property=\"og:url\" content=\"https:\/\/arriendo.com\/co\/blog\/decoracion\/de-interiores\/como-aprovechar-los-espacios-pequenos-en-el-hogar\/\" \/>\n<meta property=\"og:site_name\" content=\"Blog Arriendo.com\" \/>\n<meta property=\"article:publisher\" content=\"https:\/\/www.facebook.com\/arriendocom\" \/>\n<meta property=\"article:published_time\" content=\"2023-06-16T14:40:00+00:00\" \/>\n<meta property=\"article:modified_time\" content=\"2024-10-28T14:35:30+00:00\" \/>\n<meta property=\"og:image\" content=\"https:\/\/arriendo.com\/co\/blog\/wp-content\/uploads\/2023\/06\/aprovechar-espacios-reducidos-scaled.jpg\" \/>\n\t<meta property=\"og:image:width\" content=\"2048\" \/>\n\t<meta property=\"og:image:height\" content=\"1534\" \/>\n\t<meta property=\"og:image:type\" content=\"image\/jpeg\" \/>\n<meta name=\"author\" content=\"Hernando Abdu salame\" \/>\n<meta name=\"twitter:card\" content=\"summary_large_image\" \/>\n<meta name=\"twitter:label1\" content=\"Escrito por\" \/>\n\t<meta name=\"twitter:data1\" content=\"Hernando Abdu salame\" \/>\n\t<meta name=\"twitter:label2\" content=\"Tiempo de lectura\" \/>\n\t<meta name=\"twitter:data2\" content=\"3 minutos\" \/>\n<script type=\"application\/ld+json\" class=\"yoast-schema-graph\">{\"@context\":\"https:\/\/schema.org\",\"@graph\":[{\"@type\":[\"Article\",\"BlogPosting\"],\"@id\":\"https:\/\/arriendo.com\/co\/blog\/decoracion\/de-interiores\/como-aprovechar-los-espacios-pequenos-en-el-hogar\/#article\",\"isPartOf\":{\"@id\":\"https:\/\/arriendo.com\/co\/blog\/decoracion\/de-interiores\/como-aprovechar-los-espacios-pequenos-en-el-hogar\/\"},\"author\":{\"name\":\"Hernando Abdu salame\",\"@id\":\"https:\/\/arriendo.com\/co\/blog\/#\/schema\/person\/2f01f3967f9bc1385cf08b3d1fe3883d\"},\"headline\":\"C\u00f3mo aprovechar los espacios peque\u00f1os en el hogar\",\"datePublished\":\"2023-06-16T14:40:00+00:00\",\"dateModified\":\"2024-10-28T14:35:30+00:00\",\"mainEntityOfPage\":{\"@id\":\"https:\/\/arriendo.com\/co\/blog\/decoracion\/de-interiores\/como-aprovechar-los-espacios-pequenos-en-el-hogar\/\"},\"wordCount\":544,\"commentCount\":0,\"publisher\":{\"@id\":\"https:\/\/arriendo.com\/co\/blog\/#organization\"},\"image\":{\"@id\":\"https:\/\/arriendo.com\/co\/blog\/decoracion\/de-interiores\/como-aprovechar-los-espacios-pequenos-en-el-hogar\/#primaryimage\"},\"thumbnailUrl\":\"https:\/\/cdn-blog.arriendo.com\/co\/blog\/wp-content\/uploads\/2023\/06\/aprovechar-espacios-reducidos-scaled.jpg\",\"articleSection\":[\"Decoraci\u00f3n\",\"Decoraci\u00f3n de Interiores\"],\"inLanguage\":\"es\",\"potentialAction\":[{\"@type\":\"CommentAction\",\"name\":\"Comment\",\"target\":[\"https:\/\/arriendo.com\/co\/blog\/decoracion\/de-interiores\/como-aprovechar-los-espacios-pequenos-en-el-hogar\/#respond\"]}]},{\"@type\":\"WebPage\",\"@id\":\"https:\/\/arriendo.com\/co\/blog\/decoracion\/de-interiores\/como-aprovechar-los-espacios-pequenos-en-el-hogar\/\",\"url\":\"https:\/\/arriendo.com\/co\/blog\/decoracion\/de-interiores\/como-aprovechar-los-espacios-pequenos-en-el-hogar\/\",\"name\":\"C\u00f3mo aprovechar los espacios peque\u00f1os en el hogar\",\"isPartOf\":{\"@id\":\"https:\/\/arriendo.com\/co\/blog\/#website\"},\"primaryImageOfPage\":{\"@id\":\"https:\/\/arriendo.com\/co\/blog\/decoracion\/de-interiores\/como-aprovechar-los-espacios-pequenos-en-el-hogar\/#primaryimage\"},\"image\":{\"@id\":\"https:\/\/arriendo.com\/co\/blog\/decoracion\/de-interiores\/como-aprovechar-los-espacios-pequenos-en-el-hogar\/#primaryimage\"},\"thumbnailUrl\":\"https:\/\/cdn-blog.arriendo.com\/co\/blog\/wp-content\/uploads\/2023\/06\/aprovechar-espacios-reducidos-scaled.jpg\",\"datePublished\":\"2023-06-16T14:40:00+00:00\",\"dateModified\":\"2024-10-28T14:35:30+00:00\",\"description\":\"Todo va a depender de los gustos de cada persona y del aprovechamiento que le quiera dar al espacio peque\u00f1o, tambi\u00e9n de la ubicaci\u00f3n que este lugar tenga, pues acorde a ello, se podr\u00e1 determinar cu\u00e1l ser\u00e1 su nueva funcionalidad y uso\",\"breadcrumb\":{\"@id\":\"https:\/\/arriendo.com\/co\/blog\/decoracion\/de-interiores\/como-aprovechar-los-espacios-pequenos-en-el-hogar\/#breadcrumb\"},\"inLanguage\":\"es\",\"potentialAction\":[{\"@type\":\"ReadAction\",\"target\":[\"https:\/\/arriendo.com\/co\/blog\/decoracion\/de-interiores\/como-aprovechar-los-espacios-pequenos-en-el-hogar\/\"]}]},{\"@type\":\"ImageObject\",\"inLanguage\":\"es\",\"@id\":\"https:\/\/arriendo.com\/co\/blog\/decoracion\/de-interiores\/como-aprovechar-los-espacios-pequenos-en-el-hogar\/#primaryimage\",\"url\":\"https:\/\/cdn-blog.arriendo.com\/co\/blog\/wp-content\/uploads\/2023\/06\/aprovechar-espacios-reducidos-scaled.jpg\",\"contentUrl\":\"https:\/\/cdn-blog.arriendo.com\/co\/blog\/wp-content\/uploads\/2023\/06\/aprovechar-espacios-reducidos-scaled.jpg\",\"width\":2048,\"height\":1534,\"caption\":\"aprovechar-espacios-reducidos\"},{\"@type\":\"BreadcrumbList\",\"@id\":\"https:\/\/arriendo.com\/co\/blog\/decoracion\/de-interiores\/como-aprovechar-los-espacios-pequenos-en-el-hogar\/#breadcrumb\",\"itemListElement\":[{\"@type\":\"ListItem\",\"position\":1,\"name\":\"Inicio\",\"item\":\"https:\/\/arriendo.com\/co\/blog\/\"},{\"@type\":\"ListItem\",\"position\":2,\"name\":\"Decoraci\u00f3n\",\"item\":\"https:\/\/arriendo.com\/co\/blog\/decoracion\/\"},{\"@type\":\"ListItem\",\"position\":3,\"name\":\"Decoraci\u00f3n de Interiores\",\"item\":\"https:\/\/arriendo.com\/co\/blog\/decoracion\/de-interiores\/\"},{\"@type\":\"ListItem\",\"position\":4,\"name\":\"C\u00f3mo aprovechar los espacios peque\u00f1os en el hogar\"}]},{\"@type\":\"WebSite\",\"@id\":\"https:\/\/arriendo.com\/co\/blog\/#website\",\"url\":\"https:\/\/arriendo.com\/co\/blog\/\",\"name\":\"Blog arriendo.com\",\"description\":\"Abre la puerta de tu pr\u00f3ximo hogar\",\"publisher\":{\"@id\":\"https:\/\/arriendo.com\/co\/blog\/#organization\"},\"alternateName\":\"Blog Arriendo\",\"potentialAction\":[{\"@type\":\"SearchAction\",\"target\":{\"@type\":\"EntryPoint\",\"urlTemplate\":\"https:\/\/arriendo.com\/co\/blog\/?s={search_term_string}\"},\"query-input\":{\"@type\":\"PropertyValueSpecification\",\"valueRequired\":true,\"valueName\":\"search_term_string\"}}],\"inLanguage\":\"es\"},{\"@type\":\"Organization\",\"@id\":\"https:\/\/arriendo.com\/co\/blog\/#organization\",\"name\":\"Blog arriendo.com\",\"alternateName\":\"Arriendo.com\",\"url\":\"https:\/\/arriendo.com\/co\/blog\/\",\"logo\":{\"@type\":\"ImageObject\",\"inLanguage\":\"es\",\"@id\":\"https:\/\/arriendo.com\/co\/blog\/#\/schema\/logo\/image\/\",\"url\":\"https:\/\/arriendo.com\/co\/blog\/wp-content\/uploads\/2020\/02\/logo-arriendo-perfil-rojo-1080x1080-ok-v1.png\",\"contentUrl\":\"https:\/\/arriendo.com\/co\/blog\/wp-content\/uploads\/2020\/02\/logo-arriendo-perfil-rojo-1080x1080-ok-v1.png\",\"width\":1080,\"height\":1080,\"caption\":\"Blog arriendo.com\"},\"image\":{\"@id\":\"https:\/\/arriendo.com\/co\/blog\/#\/schema\/logo\/image\/\"},\"sameAs\":[\"https:\/\/www.facebook.com\/arriendocom\"]},{\"@type\":\"Person\",\"@id\":\"https:\/\/arriendo.com\/co\/blog\/#\/schema\/person\/2f01f3967f9bc1385cf08b3d1fe3883d\",\"name\":\"Hernando Abdu salame\",\"image\":{\"@type\":\"ImageObject\",\"inLanguage\":\"es\",\"@id\":\"https:\/\/arriendo.com\/co\/blog\/#\/schema\/person\/image\/\",\"url\":\"https:\/\/secure.gravatar.com\/avatar\/4c6fe0b8b5682ae940351be6ff4f4e5ec65d05b273ab650e6763c04848d63357?s=96&r=g\",\"contentUrl\":\"https:\/\/secure.gravatar.com\/avatar\/4c6fe0b8b5682ae940351be6ff4f4e5ec65d05b273ab650e6763c04848d63357?s=96&r=g\",\"caption\":\"Hernando Abdu salame\"}}]}<\/script>\n<!-- \/ Yoast SEO plugin. -->","yoast_head_json":{"title":"C\u00f3mo aprovechar los espacios peque\u00f1os en el hogar","description":"Todo va a depender de los gustos de cada persona y del aprovechamiento que le quiera dar al espacio peque\u00f1o, tambi\u00e9n de la ubicaci\u00f3n que este lugar tenga, pues acorde a ello, se podr\u00e1 determinar cu\u00e1l ser\u00e1 su nueva funcionalidad y uso","robots":{"index":"index","follow":"follow","max-snippet":"max-snippet:-1","max-image-preview":"max-image-preview:large","max-video-preview":"max-video-preview:-1"},"canonical":"https:\/\/arriendo.com\/co\/blog\/decoracion\/de-interiores\/como-aprovechar-los-espacios-pequenos-en-el-hogar\/","og_locale":"es_ES","og_type":"article","og_title":"C\u00f3mo aprovechar los espacios peque\u00f1os en el hogar","og_description":"Todo va a depender de los gustos de cada persona y del aprovechamiento que le quiera dar al espacio peque\u00f1o, tambi\u00e9n de la ubicaci\u00f3n que este lugar tenga, pues acorde a ello, se podr\u00e1 determinar cu\u00e1l ser\u00e1 su nueva funcionalidad y uso","og_url":"https:\/\/arriendo.com\/co\/blog\/decoracion\/de-interiores\/como-aprovechar-los-espacios-pequenos-en-el-hogar\/","og_site_name":"Blog Arriendo.com","article_publisher":"https:\/\/www.facebook.com\/arriendocom","article_published_time":"2023-06-16T14:40:00+00:00","article_modified_time":"2024-10-28T14:35:30+00:00","og_image":[{"width":2048,"height":1534,"url":"https:\/\/arriendo.com\/co\/blog\/wp-content\/uploads\/2023\/06\/aprovechar-espacios-reducidos-scaled.jpg","type":"image\/jpeg"}],"author":"Hernando Abdu salame","twitter_card":"summary_large_image","twitter_misc":{"Escrito por":"Hernando Abdu salame","Tiempo de lectura":"3 minutos"},"schema":{"@context":"https:\/\/schema.org","@graph":[{"@type":["Article","BlogPosting"],"@id":"https:\/\/arriendo.com\/co\/blog\/decoracion\/de-interiores\/como-aprovechar-los-espacios-pequenos-en-el-hogar\/#article","isPartOf":{"@id":"https:\/\/arriendo.com\/co\/blog\/decoracion\/de-interiores\/como-aprovechar-los-espacios-pequenos-en-el-hogar\/"},"author":{"name":"Hernando Abdu salame","@id":"https:\/\/arriendo.com\/co\/blog\/#\/schema\/person\/2f01f3967f9bc1385cf08b3d1fe3883d"},"headline":"C\u00f3mo aprovechar los espacios peque\u00f1os en el hogar","datePublished":"2023-06-16T14:40:00+00:00","dateModified":"2024-10-28T14:35:30+00:00","mainEntityOfPage":{"@id":"https:\/\/arriendo.com\/co\/blog\/decoracion\/de-interiores\/como-aprovechar-los-espacios-pequenos-en-el-hogar\/"},"wordCount":544,"commentCount":0,"publisher":{"@id":"https:\/\/arriendo.com\/co\/blog\/#organization"},"image":{"@id":"https:\/\/arriendo.com\/co\/blog\/decoracion\/de-interiores\/como-aprovechar-los-espacios-pequenos-en-el-hogar\/#primaryimage"},"thumbnailUrl":"https:\/\/cdn-blog.arriendo.com\/co\/blog\/wp-content\/uploads\/2023\/06\/aprovechar-espacios-reducidos-scaled.jpg","articleSection":["Decoraci\u00f3n","Decoraci\u00f3n de Interiores"],"inLanguage":"es","potentialAction":[{"@type":"CommentAction","name":"Comment","target":["https:\/\/arriendo.com\/co\/blog\/decoracion\/de-interiores\/como-aprovechar-los-espacios-pequenos-en-el-hogar\/#respond"]}]},{"@type":"WebPage","@id":"https:\/\/arriendo.com\/co\/blog\/decoracion\/de-interiores\/como-aprovechar-los-espacios-pequenos-en-el-hogar\/","url":"https:\/\/arriendo.com\/co\/blog\/decoracion\/de-interiores\/como-aprovechar-los-espacios-pequenos-en-el-hogar\/","name":"C\u00f3mo aprovechar los espacios peque\u00f1os en el hogar","isPartOf":{"@id":"https:\/\/arriendo.com\/co\/blog\/#website"},"primaryImageOfPage":{"@id":"https:\/\/arriendo.com\/co\/blog\/decoracion\/de-interiores\/como-aprovechar-los-espacios-pequenos-en-el-hogar\/#primaryimage"},"image":{"@id":"https:\/\/arriendo.com\/co\/blog\/decoracion\/de-interiores\/como-aprovechar-los-espacios-pequenos-en-el-hogar\/#primaryimage"},"thumbnailUrl":"https:\/\/cdn-blog.arriendo.com\/co\/blog\/wp-content\/uploads\/2023\/06\/aprovechar-espacios-reducidos-scaled.jpg","datePublished":"2023-06-16T14:40:00+00:00","dateModified":"2024-10-28T14:35:30+00:00","description":"Todo va a depender de los gustos de cada persona y del aprovechamiento que le quiera dar al espacio peque\u00f1o, tambi\u00e9n de la ubicaci\u00f3n que este lugar tenga, pues acorde a ello, se podr\u00e1 determinar cu\u00e1l ser\u00e1 su nueva funcionalidad y uso","breadcrumb":{"@id":"https:\/\/arriendo.com\/co\/blog\/decoracion\/de-interiores\/como-aprovechar-los-espacios-pequenos-en-el-hogar\/#breadcrumb"},"inLanguage":"es","potentialAction":[{"@type":"ReadAction","target":["https:\/\/arriendo.com\/co\/blog\/decoracion\/de-interiores\/como-aprovechar-los-espacios-pequenos-en-el-hogar\/"]}]},{"@type":"ImageObject","inLanguage":"es","@id":"https:\/\/arriendo.com\/co\/blog\/decoracion\/de-interiores\/como-aprovechar-los-espacios-pequenos-en-el-hogar\/#primaryimage","url":"https:\/\/cdn-blog.arriendo.com\/co\/blog\/wp-content\/uploads\/2023\/06\/aprovechar-espacios-reducidos-scaled.jpg","contentUrl":"https:\/\/cdn-blog.arriendo.com\/co\/blog\/wp-content\/uploads\/2023\/06\/aprovechar-espacios-reducidos-scaled.jpg","width":2048,"height":1534,"caption":"aprovechar-espacios-reducidos"},{"@type":"BreadcrumbList","@id":"https:\/\/arriendo.com\/co\/blog\/decoracion\/de-interiores\/como-aprovechar-los-espacios-pequenos-en-el-hogar\/#breadcrumb","itemListElement":[{"@type":"ListItem","position":1,"name":"Inicio","item":"https:\/\/arriendo.com\/co\/blog\/"},{"@type":"ListItem","position":2,"name":"Decoraci\u00f3n","item":"https:\/\/arriendo.com\/co\/blog\/decoracion\/"},{"@type":"ListItem","position":3,"name":"Decoraci\u00f3n de Interiores","item":"https:\/\/arriendo.com\/co\/blog\/decoracion\/de-interiores\/"},{"@type":"ListItem","position":4,"name":"C\u00f3mo aprovechar los espacios peque\u00f1os en el hogar"}]},{"@type":"WebSite","@id":"https:\/\/arriendo.com\/co\/blog\/#website","url":"https:\/\/arriendo.com\/co\/blog\/","name":"Blog arriendo.com","description":"Abre la puerta de tu pr\u00f3ximo hogar","publisher":{"@id":"https:\/\/arriendo.com\/co\/blog\/#organization"},"alternateName":"Blog Arriendo","potentialAction":[{"@type":"SearchAction","target":{"@type":"EntryPoint","urlTemplate":"https:\/\/arriendo.com\/co\/blog\/?s={search_term_string}"},"query-input":{"@type":"PropertyValueSpecification","valueRequired":true,"valueName":"search_term_string"}}],"inLanguage":"es"},{"@type":"Organization","@id":"https:\/\/arriendo.com\/co\/blog\/#organization","name":"Blog arriendo.com","alternateName":"Arriendo.com","url":"https:\/\/arriendo.com\/co\/blog\/","logo":{"@type":"ImageObject","inLanguage":"es","@id":"https:\/\/arriendo.com\/co\/blog\/#\/schema\/logo\/image\/","url":"https:\/\/arriendo.com\/co\/blog\/wp-content\/uploads\/2020\/02\/logo-arriendo-perfil-rojo-1080x1080-ok-v1.png","contentUrl":"https:\/\/arriendo.com\/co\/blog\/wp-content\/uploads\/2020\/02\/logo-arriendo-perfil-rojo-1080x1080-ok-v1.png","width":1080,"height":1080,"caption":"Blog arriendo.com"},"image":{"@id":"https:\/\/arriendo.com\/co\/blog\/#\/schema\/logo\/image\/"},"sameAs":["https:\/\/www.facebook.com\/arriendocom"]},{"@type":"Person","@id":"https:\/\/arriendo.com\/co\/blog\/#\/schema\/person\/2f01f3967f9bc1385cf08b3d1fe3883d","name":"Hernando Abdu salame","image":{"@type":"ImageObject","inLanguage":"es","@id":"https:\/\/arriendo.com\/co\/blog\/#\/schema\/person\/image\/","url":"https:\/\/secure.gravatar.com\/avatar\/4c6fe0b8b5682ae940351be6ff4f4e5ec65d05b273ab650e6763c04848d63357?s=96&r=g","contentUrl":"https:\/\/secure.gravatar.com\/avatar\/4c6fe0b8b5682ae940351be6ff4f4e5ec65d05b273ab650e6763c04848d63357?s=96&r=g","caption":"Hernando Abdu salame"}}]}},"amp_enabled":true,"_links":{"self":[{"href":"https:\/\/arriendo.com\/co\/blog\/wp-json\/wp\/v2\/posts\/9418","targetHints":{"allow":["GET"]}}],"collection":[{"href":"https:\/\/arriendo.com\/co\/blog\/wp-json\/wp\/v2\/posts"}],"about":[{"href":"https:\/\/arriendo.com\/co\/blog\/wp-json\/wp\/v2\/types\/post"}],"author":[{"embeddable":true,"href":"https:\/\/arriendo.com\/co\/blog\/wp-json\/wp\/v2\/users\/23"}],"replies":[{"embeddable":true,"href":"https:\/\/arriendo.com\/co\/blog\/wp-json\/wp\/v2\/comments?post=9418"}],"version-history":[{"count":3,"href":"https:\/\/arriendo.com\/co\/blog\/wp-json\/wp\/v2\/posts\/9418\/revisions"}],"predecessor-version":[{"id":16588,"href":"https:\/\/arriendo.com\/co\/blog\/wp-json\/wp\/v2\/posts\/9418\/revisions\/16588"}],"wp:featuredmedia":[{"embeddable":true,"href":"https:\/\/arriendo.com\/co\/blog\/wp-json\/wp\/v2\/media\/9426"}],"wp:attachment":[{"href":"https:\/\/arriendo.com\/co\/blog\/wp-json\/wp\/v2\/media?parent=9418"}],"wp:term":[{"taxonomy":"category","embeddable":true,"href":"https:\/\/arriendo.com\/co\/blog\/wp-json\/wp\/v2\/categories?post=9418"},{"taxonomy":"post_tag","embeddable":true,"href":"https:\/\/arriendo.com\/co\/blog\/wp-json\/wp\/v2\/tags?post=9418"}],"curies":[{"name":"wp","href":"https:\/\/api.w.org\/{rel}","templated":true}]}}