{"id":9110,"date":"2023-02-23T10:40:00","date_gmt":"2023-02-23T15:40:00","guid":{"rendered":"https:\/\/arriendo.com\/co\/blog\/?p=9110"},"modified":"2024-12-05T13:10:15","modified_gmt":"2024-12-05T18:10:15","slug":"organizar-una-cocina-de-forma-practica-y-creativa","status":"publish","type":"post","link":"https:\/\/arriendo.com\/co\/blog\/decoracion\/de-cocinas\/organizar-una-cocina-de-forma-practica-y-creativa\/","title":{"rendered":"\u00bfC\u00f3mo organizar una cocina de forma pr\u00e1ctica y creativa?"},"content":{"rendered":"\n<p>En la cocina se suelen tener muchos objetos que no hacen m\u00e1s que acumular polvo, es por eso que lo primero que debemos tener en cuenta es que hay que ser valientes y prescindir definitivamente de todo aquello que jam\u00e1s se va a utilizar.<\/p>\n\n\n\n<p>Adem\u00e1s, no hay que olvidar que el orden requiere cierto mantenimiento, pues es f\u00e1cil descuidar la organizaci\u00f3n con los trajines del d\u00eda a d\u00eda, pero no hay de qu\u00e9 preocuparse, con las siguientes recomendaciones podr\u00e1 tener la cocina de sus sue\u00f1os.<\/p>\n\n\n\n<h2 class=\"wp-block-heading\">Maneras de organizar una cocina<\/h2>\n\n\n\n<h3 class=\"wp-block-heading\">Aproveche los cajones para todo<\/h3>\n\n\n\n<p>En la cocina lo m\u00e1s habitual es que los cajones guarden los cubiertos y todo tipo de trastes; algunas personas guardan medicinas, objetos perdidos de los que a\u00fan no se deshace, e incluso llaves y folletos. Un caj\u00f3n puede ser muy \u00fatil si se sabe emplear bien, y conviene instalarlos en cualquier espacio aprovechable que nos quede en la cocina para sacarle el m\u00e1ximo partido. Una <a href=\"https:\/\/arriendo.com\/co\/blog\/consejos\/para-vivir-en-un-apartamento-o-casa\/6-soluciones-de-organizacion-de-cocinas-proporcionadas-por-un-experto\/\">soluci\u00f3n de organizaci\u00f3n en la cocina<\/a>, puede usar cajones extra\u00edbles cerca de la estufa y en \u00e9l guardar las bandejas, tapas, ollas o cualquier utensilio indispensable para cuando llega la hora de cocinar.<\/p>\n\n\n\n<h3 class=\"wp-block-heading\">Tarros y frascos que aportar\u00e1n orden a la cocina<\/h3>\n\n\n\n<p>Hay productos que todos solemos tener en la cocina, como harina, caf\u00e9, az\u00facar, arroz, entre otros, todos estos los usamos cotidianamente, sin embargo, siempre ocupan una buena parte del espacio. Se recomienda no caer en el error de mantener los paquetes tal y como vienen de la tienda, cerr\u00e1ndolos con pinzas o amonton\u00e1ndolos en el armario.<\/p>\n\n\n\n<p>Es una buena idea invertir en tarros o frascos para almacenar estos alimentos, de esta manera los podr\u00e1 organizar y de paso servir\u00e1n como decoraci\u00f3n en su cocina. Puede elegirlos iguales o variar los modelos siguiendo cierta coherencia y tambi\u00e9n en funci\u00f3n del tama\u00f1o que necesite para lo que vayan a contener. Tambi\u00e9n es recomendable marcar cada tarro con una etiqueta con un dise\u00f1o que aporte un toque est\u00e9tico, adem\u00e1s que ser\u00e1 muy \u00fatil para no confundirlos.<\/p>\n\n\n\n<h3 class=\"wp-block-heading\">Pensar en doble uso de los objetos<\/h3>\n\n\n\n<p>A veces se suelen acumular muchos tipos de objetos para nuestra cocina. Ya no solamente hablamos de aparatos y utensilios, sino de piezas sueltas de vajillas, jarras bonitas, tazas o incluso objetos que no son nada culinarios. Puede pensar en hacer un buen uso de ellos como decoraci\u00f3n para su cocina.<\/p>\n\n\n\n<p>Las bandejas son una muestra de objetos que ocupan mucha capacidad para la utilidad que tienen, as\u00ed que se pueden aprovechar para separar secciones dentro de los cajones.<\/p>\n\n\n\n<h3 class=\"wp-block-heading\">Apueste por la verticalidad<\/h3>\n\n\n\n<p>Si debemos aprovechar todos los espacios no se puede limitar a las superficies planas o enviar todo a los cajones. Hay que ser consciente que todo debe ser usado, paredes, puertas y los laterales de los muebles de la cocina, ya que todo puede emplearse de distintas formas. Esto es una incre\u00edble idea para darle uso a la pared que ha quedado sin nada, puede emplearla para colgar sus utensilios como ollas, tazas o toallas de limpieza.<\/p>\n\n\n\n<p>La nevera es otro espacio que se puede aprovechar, si esta tiene un lateral descubierto ser\u00eda un desperdicio no aprovecharlo. Si el espacio es peque\u00f1o, puede pensar en colgar ganchos, paneles o incluso un reloj de cocina. Tambi\u00e9n considere poner un espejo, esto le ayudar\u00e1 a dinamizar el espacio haciendo que la cocina se vea un poco m\u00e1s grande.<\/p>\n\n\n\n<p><strong>Le puede interesar:<\/strong> <a href=\"https:\/\/arriendo.com\/co\/blog\/decoracion\/ideas-que-pueden-servir-al-momento-de-decorar-la-cocina\/\">Ideas que pueden servir al momento de decorar la cocina<\/a>.<\/p>\n","protected":false},"excerpt":{"rendered":"<p>En la cocina se suelen tener muchos objetos que no hacen m\u00e1s que acumular polvo, es por eso que lo primero que debemos tener en cuenta es que hay que ser valientes y prescindir definitivamente de todo aquello que jam\u00e1s se va a utilizar. <\/p>\n","protected":false},"author":23,"featured_media":9119,"comment_status":"open","ping_status":"closed","sticky":false,"template":"","format":"standard","meta":{"_acf_changed":false,"footnotes":""},"categories":[117],"tags":[],"class_list":["post-9110","post","type-post","status-publish","format-standard","has-post-thumbnail","hentry","category-de-cocinas"],"acf":[],"nelio_content":{"isAutoShareEnabled":true,"autoShareEndMode":"never","automationSources":{"useCustomSentences":false,"customSentences":[]},"followers":[],"suggestedReferences":[],"efiUrl":"","efiAlt":"","highlights":[],"permalinkQueryArgs":[],"series":[]},"yoast_head":"<!-- This site is optimized with the Yoast SEO plugin v25.4 - https:\/\/yoast.com\/wordpress\/plugins\/seo\/ -->\n<title>\u00bfC\u00f3mo organizar una cocina de forma pr\u00e1ctica y creativa? 2026<\/title>\n<meta name=\"description\" content=\"Consejos sobre c\u00f3mo organizar su cocina de forma creativa para que en este espacio siempre reine el orden.\" \/>\n<meta name=\"robots\" content=\"index, follow, max-snippet:-1, max-image-preview:large, max-video-preview:-1\" \/>\n<link rel=\"canonical\" href=\"https:\/\/arriendo.com\/co\/blog\/decoracion\/de-cocinas\/organizar-una-cocina-de-forma-practica-y-creativa\/\" \/>\n<meta property=\"og:locale\" content=\"es_ES\" \/>\n<meta property=\"og:type\" content=\"article\" \/>\n<meta property=\"og:title\" content=\"\u00bfC\u00f3mo organizar una cocina de forma pr\u00e1ctica y creativa? 2026\" \/>\n<meta property=\"og:description\" content=\"Consejos sobre c\u00f3mo organizar su cocina de forma creativa para que en este espacio siempre reine el orden.\" \/>\n<meta property=\"og:url\" content=\"https:\/\/arriendo.com\/co\/blog\/decoracion\/de-cocinas\/organizar-una-cocina-de-forma-practica-y-creativa\/\" \/>\n<meta property=\"og:site_name\" content=\"Blog Arriendo.com\" \/>\n<meta property=\"article:publisher\" content=\"https:\/\/www.facebook.com\/arriendocom\" \/>\n<meta property=\"article:published_time\" content=\"2023-02-23T15:40:00+00:00\" \/>\n<meta property=\"article:modified_time\" content=\"2024-12-05T18:10:15+00:00\" \/>\n<meta property=\"og:image\" content=\"https:\/\/arriendo.com\/co\/blog\/wp-content\/uploads\/2023\/02\/organizar-la-cocina-scaled.jpg\" \/>\n\t<meta property=\"og:image:width\" content=\"2048\" \/>\n\t<meta property=\"og:image:height\" content=\"1365\" \/>\n\t<meta property=\"og:image:type\" content=\"image\/jpeg\" \/>\n<meta name=\"author\" content=\"Hernando Abdu salame\" \/>\n<meta name=\"twitter:card\" content=\"summary_large_image\" \/>\n<meta name=\"twitter:label1\" content=\"Escrito por\" \/>\n\t<meta name=\"twitter:data1\" content=\"Hernando Abdu salame\" \/>\n\t<meta name=\"twitter:label2\" content=\"Tiempo de lectura\" \/>\n\t<meta name=\"twitter:data2\" content=\"3 minutos\" \/>\n<script type=\"application\/ld+json\" class=\"yoast-schema-graph\">{\"@context\":\"https:\/\/schema.org\",\"@graph\":[{\"@type\":[\"Article\",\"BlogPosting\"],\"@id\":\"https:\/\/arriendo.com\/co\/blog\/decoracion\/de-cocinas\/organizar-una-cocina-de-forma-practica-y-creativa\/#article\",\"isPartOf\":{\"@id\":\"https:\/\/arriendo.com\/co\/blog\/decoracion\/de-cocinas\/organizar-una-cocina-de-forma-practica-y-creativa\/\"},\"author\":{\"name\":\"Hernando Abdu salame\",\"@id\":\"https:\/\/arriendo.com\/co\/blog\/#\/schema\/person\/2f01f3967f9bc1385cf08b3d1fe3883d\"},\"headline\":\"\u00bfC\u00f3mo organizar una cocina de forma pr\u00e1ctica y creativa?\",\"datePublished\":\"2023-02-23T15:40:00+00:00\",\"dateModified\":\"2024-12-05T18:10:15+00:00\",\"mainEntityOfPage\":{\"@id\":\"https:\/\/arriendo.com\/co\/blog\/decoracion\/de-cocinas\/organizar-una-cocina-de-forma-practica-y-creativa\/\"},\"wordCount\":620,\"commentCount\":0,\"publisher\":{\"@id\":\"https:\/\/arriendo.com\/co\/blog\/#organization\"},\"image\":{\"@id\":\"https:\/\/arriendo.com\/co\/blog\/decoracion\/de-cocinas\/organizar-una-cocina-de-forma-practica-y-creativa\/#primaryimage\"},\"thumbnailUrl\":\"https:\/\/cdn-blog.arriendo.com\/co\/blog\/wp-content\/uploads\/2023\/02\/organizar-la-cocina-scaled.jpg\",\"articleSection\":[\"Decoraci\u00f3n de Cocinas\"],\"inLanguage\":\"es\",\"potentialAction\":[{\"@type\":\"CommentAction\",\"name\":\"Comment\",\"target\":[\"https:\/\/arriendo.com\/co\/blog\/decoracion\/de-cocinas\/organizar-una-cocina-de-forma-practica-y-creativa\/#respond\"]}]},{\"@type\":\"WebPage\",\"@id\":\"https:\/\/arriendo.com\/co\/blog\/decoracion\/de-cocinas\/organizar-una-cocina-de-forma-practica-y-creativa\/\",\"url\":\"https:\/\/arriendo.com\/co\/blog\/decoracion\/de-cocinas\/organizar-una-cocina-de-forma-practica-y-creativa\/\",\"name\":\"\u00bfC\u00f3mo organizar una cocina de forma pr\u00e1ctica y creativa? 2026\",\"isPartOf\":{\"@id\":\"https:\/\/arriendo.com\/co\/blog\/#website\"},\"primaryImageOfPage\":{\"@id\":\"https:\/\/arriendo.com\/co\/blog\/decoracion\/de-cocinas\/organizar-una-cocina-de-forma-practica-y-creativa\/#primaryimage\"},\"image\":{\"@id\":\"https:\/\/arriendo.com\/co\/blog\/decoracion\/de-cocinas\/organizar-una-cocina-de-forma-practica-y-creativa\/#primaryimage\"},\"thumbnailUrl\":\"https:\/\/cdn-blog.arriendo.com\/co\/blog\/wp-content\/uploads\/2023\/02\/organizar-la-cocina-scaled.jpg\",\"datePublished\":\"2023-02-23T15:40:00+00:00\",\"dateModified\":\"2024-12-05T18:10:15+00:00\",\"description\":\"Consejos sobre c\u00f3mo organizar su cocina de forma creativa para que en este espacio siempre reine el orden.\",\"breadcrumb\":{\"@id\":\"https:\/\/arriendo.com\/co\/blog\/decoracion\/de-cocinas\/organizar-una-cocina-de-forma-practica-y-creativa\/#breadcrumb\"},\"inLanguage\":\"es\",\"potentialAction\":[{\"@type\":\"ReadAction\",\"target\":[\"https:\/\/arriendo.com\/co\/blog\/decoracion\/de-cocinas\/organizar-una-cocina-de-forma-practica-y-creativa\/\"]}]},{\"@type\":\"ImageObject\",\"inLanguage\":\"es\",\"@id\":\"https:\/\/arriendo.com\/co\/blog\/decoracion\/de-cocinas\/organizar-una-cocina-de-forma-practica-y-creativa\/#primaryimage\",\"url\":\"https:\/\/cdn-blog.arriendo.com\/co\/blog\/wp-content\/uploads\/2023\/02\/organizar-la-cocina-scaled.jpg\",\"contentUrl\":\"https:\/\/cdn-blog.arriendo.com\/co\/blog\/wp-content\/uploads\/2023\/02\/organizar-la-cocina-scaled.jpg\",\"width\":2048,\"height\":1365,\"caption\":\"organizar-la-cocina\"},{\"@type\":\"BreadcrumbList\",\"@id\":\"https:\/\/arriendo.com\/co\/blog\/decoracion\/de-cocinas\/organizar-una-cocina-de-forma-practica-y-creativa\/#breadcrumb\",\"itemListElement\":[{\"@type\":\"ListItem\",\"position\":1,\"name\":\"Inicio\",\"item\":\"https:\/\/arriendo.com\/co\/blog\/\"},{\"@type\":\"ListItem\",\"position\":2,\"name\":\"Decoraci\u00f3n\",\"item\":\"https:\/\/arriendo.com\/co\/blog\/decoracion\/\"},{\"@type\":\"ListItem\",\"position\":3,\"name\":\"Decoraci\u00f3n de Cocinas\",\"item\":\"https:\/\/arriendo.com\/co\/blog\/decoracion\/de-cocinas\/\"},{\"@type\":\"ListItem\",\"position\":4,\"name\":\"\u00bfC\u00f3mo organizar una cocina de forma pr\u00e1ctica y creativa?\"}]},{\"@type\":\"WebSite\",\"@id\":\"https:\/\/arriendo.com\/co\/blog\/#website\",\"url\":\"https:\/\/arriendo.com\/co\/blog\/\",\"name\":\"Blog arriendo.com\",\"description\":\"Abre la puerta de tu pr\u00f3ximo hogar\",\"publisher\":{\"@id\":\"https:\/\/arriendo.com\/co\/blog\/#organization\"},\"alternateName\":\"Blog Arriendo\",\"potentialAction\":[{\"@type\":\"SearchAction\",\"target\":{\"@type\":\"EntryPoint\",\"urlTemplate\":\"https:\/\/arriendo.com\/co\/blog\/?s={search_term_string}\"},\"query-input\":{\"@type\":\"PropertyValueSpecification\",\"valueRequired\":true,\"valueName\":\"search_term_string\"}}],\"inLanguage\":\"es\"},{\"@type\":\"Organization\",\"@id\":\"https:\/\/arriendo.com\/co\/blog\/#organization\",\"name\":\"Blog arriendo.com\",\"alternateName\":\"Arriendo.com\",\"url\":\"https:\/\/arriendo.com\/co\/blog\/\",\"logo\":{\"@type\":\"ImageObject\",\"inLanguage\":\"es\",\"@id\":\"https:\/\/arriendo.com\/co\/blog\/#\/schema\/logo\/image\/\",\"url\":\"https:\/\/arriendo.com\/co\/blog\/wp-content\/uploads\/2020\/02\/logo-arriendo-perfil-rojo-1080x1080-ok-v1.png\",\"contentUrl\":\"https:\/\/arriendo.com\/co\/blog\/wp-content\/uploads\/2020\/02\/logo-arriendo-perfil-rojo-1080x1080-ok-v1.png\",\"width\":1080,\"height\":1080,\"caption\":\"Blog arriendo.com\"},\"image\":{\"@id\":\"https:\/\/arriendo.com\/co\/blog\/#\/schema\/logo\/image\/\"},\"sameAs\":[\"https:\/\/www.facebook.com\/arriendocom\"]},{\"@type\":\"Person\",\"@id\":\"https:\/\/arriendo.com\/co\/blog\/#\/schema\/person\/2f01f3967f9bc1385cf08b3d1fe3883d\",\"name\":\"Hernando Abdu salame\",\"image\":{\"@type\":\"ImageObject\",\"inLanguage\":\"es\",\"@id\":\"https:\/\/arriendo.com\/co\/blog\/#\/schema\/person\/image\/\",\"url\":\"https:\/\/secure.gravatar.com\/avatar\/4c6fe0b8b5682ae940351be6ff4f4e5ec65d05b273ab650e6763c04848d63357?s=96&r=g\",\"contentUrl\":\"https:\/\/secure.gravatar.com\/avatar\/4c6fe0b8b5682ae940351be6ff4f4e5ec65d05b273ab650e6763c04848d63357?s=96&r=g\",\"caption\":\"Hernando Abdu salame\"}}]}<\/script>\n<!-- \/ Yoast SEO plugin. -->","yoast_head_json":{"title":"\u00bfC\u00f3mo organizar una cocina de forma pr\u00e1ctica y creativa? 2026","description":"Consejos sobre c\u00f3mo organizar su cocina de forma creativa para que en este espacio siempre reine el orden.","robots":{"index":"index","follow":"follow","max-snippet":"max-snippet:-1","max-image-preview":"max-image-preview:large","max-video-preview":"max-video-preview:-1"},"canonical":"https:\/\/arriendo.com\/co\/blog\/decoracion\/de-cocinas\/organizar-una-cocina-de-forma-practica-y-creativa\/","og_locale":"es_ES","og_type":"article","og_title":"\u00bfC\u00f3mo organizar una cocina de forma pr\u00e1ctica y creativa? 2026","og_description":"Consejos sobre c\u00f3mo organizar su cocina de forma creativa para que en este espacio siempre reine el orden.","og_url":"https:\/\/arriendo.com\/co\/blog\/decoracion\/de-cocinas\/organizar-una-cocina-de-forma-practica-y-creativa\/","og_site_name":"Blog Arriendo.com","article_publisher":"https:\/\/www.facebook.com\/arriendocom","article_published_time":"2023-02-23T15:40:00+00:00","article_modified_time":"2024-12-05T18:10:15+00:00","og_image":[{"width":2048,"height":1365,"url":"https:\/\/arriendo.com\/co\/blog\/wp-content\/uploads\/2023\/02\/organizar-la-cocina-scaled.jpg","type":"image\/jpeg"}],"author":"Hernando Abdu salame","twitter_card":"summary_large_image","twitter_misc":{"Escrito por":"Hernando Abdu salame","Tiempo de lectura":"3 minutos"},"schema":{"@context":"https:\/\/schema.org","@graph":[{"@type":["Article","BlogPosting"],"@id":"https:\/\/arriendo.com\/co\/blog\/decoracion\/de-cocinas\/organizar-una-cocina-de-forma-practica-y-creativa\/#article","isPartOf":{"@id":"https:\/\/arriendo.com\/co\/blog\/decoracion\/de-cocinas\/organizar-una-cocina-de-forma-practica-y-creativa\/"},"author":{"name":"Hernando Abdu salame","@id":"https:\/\/arriendo.com\/co\/blog\/#\/schema\/person\/2f01f3967f9bc1385cf08b3d1fe3883d"},"headline":"\u00bfC\u00f3mo organizar una cocina de forma pr\u00e1ctica y creativa?","datePublished":"2023-02-23T15:40:00+00:00","dateModified":"2024-12-05T18:10:15+00:00","mainEntityOfPage":{"@id":"https:\/\/arriendo.com\/co\/blog\/decoracion\/de-cocinas\/organizar-una-cocina-de-forma-practica-y-creativa\/"},"wordCount":620,"commentCount":0,"publisher":{"@id":"https:\/\/arriendo.com\/co\/blog\/#organization"},"image":{"@id":"https:\/\/arriendo.com\/co\/blog\/decoracion\/de-cocinas\/organizar-una-cocina-de-forma-practica-y-creativa\/#primaryimage"},"thumbnailUrl":"https:\/\/cdn-blog.arriendo.com\/co\/blog\/wp-content\/uploads\/2023\/02\/organizar-la-cocina-scaled.jpg","articleSection":["Decoraci\u00f3n de Cocinas"],"inLanguage":"es","potentialAction":[{"@type":"CommentAction","name":"Comment","target":["https:\/\/arriendo.com\/co\/blog\/decoracion\/de-cocinas\/organizar-una-cocina-de-forma-practica-y-creativa\/#respond"]}]},{"@type":"WebPage","@id":"https:\/\/arriendo.com\/co\/blog\/decoracion\/de-cocinas\/organizar-una-cocina-de-forma-practica-y-creativa\/","url":"https:\/\/arriendo.com\/co\/blog\/decoracion\/de-cocinas\/organizar-una-cocina-de-forma-practica-y-creativa\/","name":"\u00bfC\u00f3mo organizar una cocina de forma pr\u00e1ctica y creativa? 2026","isPartOf":{"@id":"https:\/\/arriendo.com\/co\/blog\/#website"},"primaryImageOfPage":{"@id":"https:\/\/arriendo.com\/co\/blog\/decoracion\/de-cocinas\/organizar-una-cocina-de-forma-practica-y-creativa\/#primaryimage"},"image":{"@id":"https:\/\/arriendo.com\/co\/blog\/decoracion\/de-cocinas\/organizar-una-cocina-de-forma-practica-y-creativa\/#primaryimage"},"thumbnailUrl":"https:\/\/cdn-blog.arriendo.com\/co\/blog\/wp-content\/uploads\/2023\/02\/organizar-la-cocina-scaled.jpg","datePublished":"2023-02-23T15:40:00+00:00","dateModified":"2024-12-05T18:10:15+00:00","description":"Consejos sobre c\u00f3mo organizar su cocina de forma creativa para que en este espacio siempre reine el orden.","breadcrumb":{"@id":"https:\/\/arriendo.com\/co\/blog\/decoracion\/de-cocinas\/organizar-una-cocina-de-forma-practica-y-creativa\/#breadcrumb"},"inLanguage":"es","potentialAction":[{"@type":"ReadAction","target":["https:\/\/arriendo.com\/co\/blog\/decoracion\/de-cocinas\/organizar-una-cocina-de-forma-practica-y-creativa\/"]}]},{"@type":"ImageObject","inLanguage":"es","@id":"https:\/\/arriendo.com\/co\/blog\/decoracion\/de-cocinas\/organizar-una-cocina-de-forma-practica-y-creativa\/#primaryimage","url":"https:\/\/cdn-blog.arriendo.com\/co\/blog\/wp-content\/uploads\/2023\/02\/organizar-la-cocina-scaled.jpg","contentUrl":"https:\/\/cdn-blog.arriendo.com\/co\/blog\/wp-content\/uploads\/2023\/02\/organizar-la-cocina-scaled.jpg","width":2048,"height":1365,"caption":"organizar-la-cocina"},{"@type":"BreadcrumbList","@id":"https:\/\/arriendo.com\/co\/blog\/decoracion\/de-cocinas\/organizar-una-cocina-de-forma-practica-y-creativa\/#breadcrumb","itemListElement":[{"@type":"ListItem","position":1,"name":"Inicio","item":"https:\/\/arriendo.com\/co\/blog\/"},{"@type":"ListItem","position":2,"name":"Decoraci\u00f3n","item":"https:\/\/arriendo.com\/co\/blog\/decoracion\/"},{"@type":"ListItem","position":3,"name":"Decoraci\u00f3n de Cocinas","item":"https:\/\/arriendo.com\/co\/blog\/decoracion\/de-cocinas\/"},{"@type":"ListItem","position":4,"name":"\u00bfC\u00f3mo organizar una cocina de forma pr\u00e1ctica y creativa?"}]},{"@type":"WebSite","@id":"https:\/\/arriendo.com\/co\/blog\/#website","url":"https:\/\/arriendo.com\/co\/blog\/","name":"Blog arriendo.com","description":"Abre la puerta de tu pr\u00f3ximo hogar","publisher":{"@id":"https:\/\/arriendo.com\/co\/blog\/#organization"},"alternateName":"Blog Arriendo","potentialAction":[{"@type":"SearchAction","target":{"@type":"EntryPoint","urlTemplate":"https:\/\/arriendo.com\/co\/blog\/?s={search_term_string}"},"query-input":{"@type":"PropertyValueSpecification","valueRequired":true,"valueName":"search_term_string"}}],"inLanguage":"es"},{"@type":"Organization","@id":"https:\/\/arriendo.com\/co\/blog\/#organization","name":"Blog arriendo.com","alternateName":"Arriendo.com","url":"https:\/\/arriendo.com\/co\/blog\/","logo":{"@type":"ImageObject","inLanguage":"es","@id":"https:\/\/arriendo.com\/co\/blog\/#\/schema\/logo\/image\/","url":"https:\/\/arriendo.com\/co\/blog\/wp-content\/uploads\/2020\/02\/logo-arriendo-perfil-rojo-1080x1080-ok-v1.png","contentUrl":"https:\/\/arriendo.com\/co\/blog\/wp-content\/uploads\/2020\/02\/logo-arriendo-perfil-rojo-1080x1080-ok-v1.png","width":1080,"height":1080,"caption":"Blog arriendo.com"},"image":{"@id":"https:\/\/arriendo.com\/co\/blog\/#\/schema\/logo\/image\/"},"sameAs":["https:\/\/www.facebook.com\/arriendocom"]},{"@type":"Person","@id":"https:\/\/arriendo.com\/co\/blog\/#\/schema\/person\/2f01f3967f9bc1385cf08b3d1fe3883d","name":"Hernando Abdu salame","image":{"@type":"ImageObject","inLanguage":"es","@id":"https:\/\/arriendo.com\/co\/blog\/#\/schema\/person\/image\/","url":"https:\/\/secure.gravatar.com\/avatar\/4c6fe0b8b5682ae940351be6ff4f4e5ec65d05b273ab650e6763c04848d63357?s=96&r=g","contentUrl":"https:\/\/secure.gravatar.com\/avatar\/4c6fe0b8b5682ae940351be6ff4f4e5ec65d05b273ab650e6763c04848d63357?s=96&r=g","caption":"Hernando Abdu salame"}}]}},"amp_enabled":true,"_links":{"self":[{"href":"https:\/\/arriendo.com\/co\/blog\/wp-json\/wp\/v2\/posts\/9110","targetHints":{"allow":["GET"]}}],"collection":[{"href":"https:\/\/arriendo.com\/co\/blog\/wp-json\/wp\/v2\/posts"}],"about":[{"href":"https:\/\/arriendo.com\/co\/blog\/wp-json\/wp\/v2\/types\/post"}],"author":[{"embeddable":true,"href":"https:\/\/arriendo.com\/co\/blog\/wp-json\/wp\/v2\/users\/23"}],"replies":[{"embeddable":true,"href":"https:\/\/arriendo.com\/co\/blog\/wp-json\/wp\/v2\/comments?post=9110"}],"version-history":[{"count":2,"href":"https:\/\/arriendo.com\/co\/blog\/wp-json\/wp\/v2\/posts\/9110\/revisions"}],"predecessor-version":[{"id":16427,"href":"https:\/\/arriendo.com\/co\/blog\/wp-json\/wp\/v2\/posts\/9110\/revisions\/16427"}],"wp:featuredmedia":[{"embeddable":true,"href":"https:\/\/arriendo.com\/co\/blog\/wp-json\/wp\/v2\/media\/9119"}],"wp:attachment":[{"href":"https:\/\/arriendo.com\/co\/blog\/wp-json\/wp\/v2\/media?parent=9110"}],"wp:term":[{"taxonomy":"category","embeddable":true,"href":"https:\/\/arriendo.com\/co\/blog\/wp-json\/wp\/v2\/categories?post=9110"},{"taxonomy":"post_tag","embeddable":true,"href":"https:\/\/arriendo.com\/co\/blog\/wp-json\/wp\/v2\/tags?post=9110"}],"curies":[{"name":"wp","href":"https:\/\/api.w.org\/{rel}","templated":true}]}}