{"id":8364,"date":"2022-10-20T09:00:00","date_gmt":"2022-10-20T14:00:00","guid":{"rendered":"https:\/\/arriendo.com\/co\/blog\/?p=8364"},"modified":"2024-10-28T15:31:22","modified_gmt":"2024-10-28T20:31:22","slug":"por-que-medellin-y-otras-ciudades-colombianas-asocian-a-las-comunas-con-barrios-populares","status":"publish","type":"post","link":"https:\/\/arriendo.com\/co\/blog\/lugares\/para-visitar\/por-que-medellin-y-otras-ciudades-colombianas-asocian-a-las-comunas-con-barrios-populares\/","title":{"rendered":"\u00bfPor qu\u00e9 Medell\u00edn y otras ciudades colombianas asocian a las comunas con barrios populares?"},"content":{"rendered":"\n<p>Una de las primeras cosas que se deben saber antes de mudarse a Colombia, es identificar claramente los conceptos que los colombianos manejan en cualquier \u00e1mbito para que no exista ning\u00fan tipo de confusi\u00f3n, sin embargo, ser extranjero y no entender el discurso ni lenguaje es totalmente v\u00e1lido, ya que, se debe comprender que las culturas de cada sociedad son totalmente diferentes, as\u00ed que, no hay de qu\u00e9 preocuparse, sino m\u00e1s bien, se debe investigar para dar un paso m\u00e1s al acercamiento de la cultura en el pa\u00eds.<\/p>\n\n\n\n<p>En Colombia, una de las confusiones m\u00e1s comunes es no saber identificar o mal interpretar el significado de comunas con barrios populares, ya que, por lo general es m\u00e1s frecuente darle utilidad a este \u00faltimo en diferentes partes del mundo.<\/p>\n\n\n\n<h2 class=\"wp-block-heading\">\u00bfQu\u00e9 son las comunas en Medell\u00edn, Colombia?<\/h2>\n\n\n\n<p>En el mismo mercado inmobiliario tienden a conceptualizar a las comunas como si fueran barrios populares. Una comuna es una organizaci\u00f3n pol\u00edtica, social y econ\u00f3mica territorialmente peque\u00f1a. La idea principal de este concepto, es reducir la autogesti\u00f3n y eliminar las clases sociales y la distribuci\u00f3n del trabajo.<\/p>\n\n\n\n<p>Las comunas no deber\u00edan tener una estructura jer\u00e1rquica en ning\u00fan aspecto pol\u00edtico, social y econ\u00f3mico que se desarrolle dentro de la misma, sino m\u00e1s bien un poder ostentado por los obreros.<\/p>\n\n\n\n<h3 class=\"wp-block-heading\">Las caracter\u00edsticas de una comuna son:<\/h3>\n\n\n\n<ul class=\"wp-block-list\">\n<li>Es una unidad pol\u00edticamente territorial y econ\u00f3mica.<\/li>\n\n\n\n<li>Casi siempre es peque\u00f1a.<\/li>\n\n\n\n<li>No tienen una relaci\u00f3n directa con la iglesia y el Estado.<\/li>\n\n\n\n<li>No existen las clases sociales<\/li>\n<\/ul>\n\n\n\n<p>Para evitar la aparici\u00f3n de las clases sociales, en Colombia, una comuna puede referirse a aquellas zonas monta\u00f1osas donde existen casas de ladrillos, o tambi\u00e9n a grandes obras arquitect\u00f3nicas donde la caracter\u00edstica principal de la localidad es totalmente empresarial.<\/p>\n\n\n\n<p>Si se centra dicho concepto en Medell\u00edn, se podr\u00eda decir que posee al menos diecis\u00e9is de ellas, sin embargo, existe poblaci\u00f3n que a\u00fan posee una idea equivocada de los t\u00e9rminos \u201ccomunas\u201d y \u201cbarrios populares\u201d, pero, las 16 zonas que se hablan est\u00e1n compuestas con diferentes localidades conocidas tales como: los Laurales, el Poblado, Bel\u00e9n, entre otros.<\/p>\n\n\n\n<h2 class=\"wp-block-heading\">\u00bfLos barrios populares?<\/h2>\n\n\n\n<p>Se trata de un concepto mucho m\u00e1s informal que ha sido utilizado por muchas familias donde el nivel socioecon\u00f3mico es bajo, y, parte de sus caracter\u00edsticas principales es el problema de la crisis habitacional en la cual viven dichas personas.<\/p>\n\n\n\n<p>As\u00ed que los mismos tienen un asentamiento que b\u00e1sicamente han autoconstruido para generar techos donde habitar. El desarrollo urbano de las mismas son agrupaciones de predios individuales. Casi siempre los barrios comparten \u00e1reas comunes y espacios, de all\u00ed proviene el agregado \"popular\".<\/p>\n\n\n\n<p>La diferencia principal de un barrio popular y una comuna es, precisamente, su estructuraci\u00f3n pol\u00edtica y social. Donde la primera es un ente guiado por el estado y organizado por el mismo y existe una jerarquizaci\u00f3n que se visualiza. Mientras que, las comunas son desiguales en su totalidad, porque engloban cualquier zona, es decir, incluyendo a todos los estratos sociales.<\/p>\n\n\n\n<p><strong>Le puede interesar: <\/strong><a href=\"https:\/\/arriendo.com\/co\/blog\/lugares\/barrios-mas-populares-comuna-1-de-medellin\/\">Comuna 1 de Medell\u00edn: \u00bfCu\u00e1les son los barrios m\u00e1s populares y buscados para vivir?<\/a><\/p>\n","protected":false},"excerpt":{"rendered":"<p>En Colombia, una de las confusiones m\u00e1s comunes es no saber identificar o mal interpretar el significado de comunas con barrios populares, ya que, por lo general es m\u00e1s frecuente darle utilidad a este \u00faltimo en diferentes partes del mundo. <\/p>\n","protected":false},"author":23,"featured_media":8406,"comment_status":"closed","ping_status":"closed","sticky":false,"template":"","format":"standard","meta":{"_acf_changed":false,"footnotes":""},"categories":[134,153],"tags":[],"class_list":["post-8364","post","type-post","status-publish","format-standard","has-post-thumbnail","hentry","category-lugares","category-para-visitar"],"acf":[],"nelio_content":{"isAutoShareEnabled":true,"autoShareEndMode":"never","automationSources":{"useCustomSentences":false,"customSentences":[]},"followers":[],"suggestedReferences":[],"efiUrl":"","efiAlt":"","highlights":[],"permalinkQueryArgs":[],"series":[]},"yoast_head":"<!-- This site is optimized with the Yoast SEO plugin v25.4 - https:\/\/yoast.com\/wordpress\/plugins\/seo\/ -->\n<title>Medell\u00edn, \u00bfBarrios populares son lo mismo que comunas?<\/title>\n<meta name=\"description\" content=\"En Medell\u00edn las zonas urbanas, bien sea las que se encuentran ubicadas en lo alto de la monta\u00f1a, o las edificaciones en la ciudad, se llaman comunas.\" \/>\n<meta name=\"robots\" content=\"index, follow, max-snippet:-1, max-image-preview:large, max-video-preview:-1\" \/>\n<link rel=\"canonical\" href=\"https:\/\/arriendo.com\/co\/blog\/lugares\/para-visitar\/por-que-medellin-y-otras-ciudades-colombianas-asocian-a-las-comunas-con-barrios-populares\/\" \/>\n<meta property=\"og:locale\" content=\"es_ES\" \/>\n<meta property=\"og:type\" content=\"article\" \/>\n<meta property=\"og:title\" content=\"Medell\u00edn, \u00bfBarrios populares son lo mismo que comunas?\" \/>\n<meta property=\"og:description\" content=\"En Medell\u00edn las zonas urbanas, bien sea las que se encuentran ubicadas en lo alto de la monta\u00f1a, o las edificaciones en la ciudad, se llaman comunas.\" \/>\n<meta property=\"og:url\" content=\"https:\/\/arriendo.com\/co\/blog\/lugares\/para-visitar\/por-que-medellin-y-otras-ciudades-colombianas-asocian-a-las-comunas-con-barrios-populares\/\" \/>\n<meta property=\"og:site_name\" content=\"Blog Arriendo.com\" \/>\n<meta property=\"article:publisher\" content=\"https:\/\/www.facebook.com\/arriendocom\" \/>\n<meta property=\"article:published_time\" content=\"2022-10-20T14:00:00+00:00\" \/>\n<meta property=\"article:modified_time\" content=\"2024-10-28T20:31:22+00:00\" \/>\n<meta property=\"og:image\" content=\"https:\/\/arriendo.com\/co\/blog\/wp-content\/uploads\/2022\/10\/comunas-en-medellin-scaled.jpg\" \/>\n\t<meta property=\"og:image:width\" content=\"2048\" \/>\n\t<meta property=\"og:image:height\" content=\"1367\" \/>\n\t<meta property=\"og:image:type\" content=\"image\/jpeg\" \/>\n<meta name=\"author\" content=\"Hernando Abdu salame\" \/>\n<meta name=\"twitter:card\" content=\"summary_large_image\" \/>\n<meta name=\"twitter:label1\" content=\"Escrito por\" \/>\n\t<meta name=\"twitter:data1\" content=\"Hernando Abdu salame\" \/>\n\t<meta name=\"twitter:label2\" content=\"Tiempo de lectura\" \/>\n\t<meta name=\"twitter:data2\" content=\"3 minutos\" \/>\n<script type=\"application\/ld+json\" class=\"yoast-schema-graph\">{\"@context\":\"https:\/\/schema.org\",\"@graph\":[{\"@type\":[\"Article\",\"BlogPosting\"],\"@id\":\"https:\/\/arriendo.com\/co\/blog\/lugares\/para-visitar\/por-que-medellin-y-otras-ciudades-colombianas-asocian-a-las-comunas-con-barrios-populares\/#article\",\"isPartOf\":{\"@id\":\"https:\/\/arriendo.com\/co\/blog\/lugares\/para-visitar\/por-que-medellin-y-otras-ciudades-colombianas-asocian-a-las-comunas-con-barrios-populares\/\"},\"author\":{\"name\":\"Hernando Abdu salame\",\"@id\":\"https:\/\/arriendo.com\/co\/blog\/#\/schema\/person\/2f01f3967f9bc1385cf08b3d1fe3883d\"},\"headline\":\"\u00bfPor qu\u00e9 Medell\u00edn y otras ciudades colombianas asocian a las comunas con barrios populares?\",\"datePublished\":\"2022-10-20T14:00:00+00:00\",\"dateModified\":\"2024-10-28T20:31:22+00:00\",\"mainEntityOfPage\":{\"@id\":\"https:\/\/arriendo.com\/co\/blog\/lugares\/para-visitar\/por-que-medellin-y-otras-ciudades-colombianas-asocian-a-las-comunas-con-barrios-populares\/\"},\"wordCount\":565,\"publisher\":{\"@id\":\"https:\/\/arriendo.com\/co\/blog\/#organization\"},\"image\":{\"@id\":\"https:\/\/arriendo.com\/co\/blog\/lugares\/para-visitar\/por-que-medellin-y-otras-ciudades-colombianas-asocian-a-las-comunas-con-barrios-populares\/#primaryimage\"},\"thumbnailUrl\":\"https:\/\/cdn-blog.arriendo.com\/co\/blog\/wp-content\/uploads\/2022\/10\/comunas-en-medellin-scaled.jpg\",\"articleSection\":[\"Lugares\",\"Lugares para Visitar\"],\"inLanguage\":\"es\"},{\"@type\":\"WebPage\",\"@id\":\"https:\/\/arriendo.com\/co\/blog\/lugares\/para-visitar\/por-que-medellin-y-otras-ciudades-colombianas-asocian-a-las-comunas-con-barrios-populares\/\",\"url\":\"https:\/\/arriendo.com\/co\/blog\/lugares\/para-visitar\/por-que-medellin-y-otras-ciudades-colombianas-asocian-a-las-comunas-con-barrios-populares\/\",\"name\":\"Medell\u00edn, \u00bfBarrios populares son lo mismo que comunas?\",\"isPartOf\":{\"@id\":\"https:\/\/arriendo.com\/co\/blog\/#website\"},\"primaryImageOfPage\":{\"@id\":\"https:\/\/arriendo.com\/co\/blog\/lugares\/para-visitar\/por-que-medellin-y-otras-ciudades-colombianas-asocian-a-las-comunas-con-barrios-populares\/#primaryimage\"},\"image\":{\"@id\":\"https:\/\/arriendo.com\/co\/blog\/lugares\/para-visitar\/por-que-medellin-y-otras-ciudades-colombianas-asocian-a-las-comunas-con-barrios-populares\/#primaryimage\"},\"thumbnailUrl\":\"https:\/\/cdn-blog.arriendo.com\/co\/blog\/wp-content\/uploads\/2022\/10\/comunas-en-medellin-scaled.jpg\",\"datePublished\":\"2022-10-20T14:00:00+00:00\",\"dateModified\":\"2024-10-28T20:31:22+00:00\",\"description\":\"En Medell\u00edn las zonas urbanas, bien sea las que se encuentran ubicadas en lo alto de la monta\u00f1a, o las edificaciones en la ciudad, se llaman comunas.\",\"breadcrumb\":{\"@id\":\"https:\/\/arriendo.com\/co\/blog\/lugares\/para-visitar\/por-que-medellin-y-otras-ciudades-colombianas-asocian-a-las-comunas-con-barrios-populares\/#breadcrumb\"},\"inLanguage\":\"es\",\"potentialAction\":[{\"@type\":\"ReadAction\",\"target\":[\"https:\/\/arriendo.com\/co\/blog\/lugares\/para-visitar\/por-que-medellin-y-otras-ciudades-colombianas-asocian-a-las-comunas-con-barrios-populares\/\"]}]},{\"@type\":\"ImageObject\",\"inLanguage\":\"es\",\"@id\":\"https:\/\/arriendo.com\/co\/blog\/lugares\/para-visitar\/por-que-medellin-y-otras-ciudades-colombianas-asocian-a-las-comunas-con-barrios-populares\/#primaryimage\",\"url\":\"https:\/\/cdn-blog.arriendo.com\/co\/blog\/wp-content\/uploads\/2022\/10\/comunas-en-medellin-scaled.jpg\",\"contentUrl\":\"https:\/\/cdn-blog.arriendo.com\/co\/blog\/wp-content\/uploads\/2022\/10\/comunas-en-medellin-scaled.jpg\",\"width\":2048,\"height\":1367,\"caption\":\"comunas-en-medellin\"},{\"@type\":\"BreadcrumbList\",\"@id\":\"https:\/\/arriendo.com\/co\/blog\/lugares\/para-visitar\/por-que-medellin-y-otras-ciudades-colombianas-asocian-a-las-comunas-con-barrios-populares\/#breadcrumb\",\"itemListElement\":[{\"@type\":\"ListItem\",\"position\":1,\"name\":\"Inicio\",\"item\":\"https:\/\/arriendo.com\/co\/blog\/\"},{\"@type\":\"ListItem\",\"position\":2,\"name\":\"Lugares\",\"item\":\"https:\/\/arriendo.com\/co\/blog\/lugares\/\"},{\"@type\":\"ListItem\",\"position\":3,\"name\":\"Lugares para Visitar\",\"item\":\"https:\/\/arriendo.com\/co\/blog\/lugares\/para-visitar\/\"},{\"@type\":\"ListItem\",\"position\":4,\"name\":\"\u00bfPor qu\u00e9 Medell\u00edn y otras ciudades colombianas asocian a las comunas con barrios populares?\"}]},{\"@type\":\"WebSite\",\"@id\":\"https:\/\/arriendo.com\/co\/blog\/#website\",\"url\":\"https:\/\/arriendo.com\/co\/blog\/\",\"name\":\"Blog arriendo.com\",\"description\":\"Abre la puerta de tu pr\u00f3ximo hogar\",\"publisher\":{\"@id\":\"https:\/\/arriendo.com\/co\/blog\/#organization\"},\"alternateName\":\"Blog Arriendo\",\"potentialAction\":[{\"@type\":\"SearchAction\",\"target\":{\"@type\":\"EntryPoint\",\"urlTemplate\":\"https:\/\/arriendo.com\/co\/blog\/?s={search_term_string}\"},\"query-input\":{\"@type\":\"PropertyValueSpecification\",\"valueRequired\":true,\"valueName\":\"search_term_string\"}}],\"inLanguage\":\"es\"},{\"@type\":\"Organization\",\"@id\":\"https:\/\/arriendo.com\/co\/blog\/#organization\",\"name\":\"Blog arriendo.com\",\"alternateName\":\"Arriendo.com\",\"url\":\"https:\/\/arriendo.com\/co\/blog\/\",\"logo\":{\"@type\":\"ImageObject\",\"inLanguage\":\"es\",\"@id\":\"https:\/\/arriendo.com\/co\/blog\/#\/schema\/logo\/image\/\",\"url\":\"https:\/\/arriendo.com\/co\/blog\/wp-content\/uploads\/2020\/02\/logo-arriendo-perfil-rojo-1080x1080-ok-v1.png\",\"contentUrl\":\"https:\/\/arriendo.com\/co\/blog\/wp-content\/uploads\/2020\/02\/logo-arriendo-perfil-rojo-1080x1080-ok-v1.png\",\"width\":1080,\"height\":1080,\"caption\":\"Blog arriendo.com\"},\"image\":{\"@id\":\"https:\/\/arriendo.com\/co\/blog\/#\/schema\/logo\/image\/\"},\"sameAs\":[\"https:\/\/www.facebook.com\/arriendocom\"]},{\"@type\":\"Person\",\"@id\":\"https:\/\/arriendo.com\/co\/blog\/#\/schema\/person\/2f01f3967f9bc1385cf08b3d1fe3883d\",\"name\":\"Hernando Abdu salame\",\"image\":{\"@type\":\"ImageObject\",\"inLanguage\":\"es\",\"@id\":\"https:\/\/arriendo.com\/co\/blog\/#\/schema\/person\/image\/\",\"url\":\"https:\/\/secure.gravatar.com\/avatar\/4c6fe0b8b5682ae940351be6ff4f4e5ec65d05b273ab650e6763c04848d63357?s=96&r=g\",\"contentUrl\":\"https:\/\/secure.gravatar.com\/avatar\/4c6fe0b8b5682ae940351be6ff4f4e5ec65d05b273ab650e6763c04848d63357?s=96&r=g\",\"caption\":\"Hernando Abdu salame\"}}]}<\/script>\n<!-- \/ Yoast SEO plugin. -->","yoast_head_json":{"title":"Medell\u00edn, \u00bfBarrios populares son lo mismo que comunas?","description":"En Medell\u00edn las zonas urbanas, bien sea las que se encuentran ubicadas en lo alto de la monta\u00f1a, o las edificaciones en la ciudad, se llaman comunas.","robots":{"index":"index","follow":"follow","max-snippet":"max-snippet:-1","max-image-preview":"max-image-preview:large","max-video-preview":"max-video-preview:-1"},"canonical":"https:\/\/arriendo.com\/co\/blog\/lugares\/para-visitar\/por-que-medellin-y-otras-ciudades-colombianas-asocian-a-las-comunas-con-barrios-populares\/","og_locale":"es_ES","og_type":"article","og_title":"Medell\u00edn, \u00bfBarrios populares son lo mismo que comunas?","og_description":"En Medell\u00edn las zonas urbanas, bien sea las que se encuentran ubicadas en lo alto de la monta\u00f1a, o las edificaciones en la ciudad, se llaman comunas.","og_url":"https:\/\/arriendo.com\/co\/blog\/lugares\/para-visitar\/por-que-medellin-y-otras-ciudades-colombianas-asocian-a-las-comunas-con-barrios-populares\/","og_site_name":"Blog Arriendo.com","article_publisher":"https:\/\/www.facebook.com\/arriendocom","article_published_time":"2022-10-20T14:00:00+00:00","article_modified_time":"2024-10-28T20:31:22+00:00","og_image":[{"width":2048,"height":1367,"url":"https:\/\/arriendo.com\/co\/blog\/wp-content\/uploads\/2022\/10\/comunas-en-medellin-scaled.jpg","type":"image\/jpeg"}],"author":"Hernando Abdu salame","twitter_card":"summary_large_image","twitter_misc":{"Escrito por":"Hernando Abdu salame","Tiempo de lectura":"3 minutos"},"schema":{"@context":"https:\/\/schema.org","@graph":[{"@type":["Article","BlogPosting"],"@id":"https:\/\/arriendo.com\/co\/blog\/lugares\/para-visitar\/por-que-medellin-y-otras-ciudades-colombianas-asocian-a-las-comunas-con-barrios-populares\/#article","isPartOf":{"@id":"https:\/\/arriendo.com\/co\/blog\/lugares\/para-visitar\/por-que-medellin-y-otras-ciudades-colombianas-asocian-a-las-comunas-con-barrios-populares\/"},"author":{"name":"Hernando Abdu salame","@id":"https:\/\/arriendo.com\/co\/blog\/#\/schema\/person\/2f01f3967f9bc1385cf08b3d1fe3883d"},"headline":"\u00bfPor qu\u00e9 Medell\u00edn y otras ciudades colombianas asocian a las comunas con barrios populares?","datePublished":"2022-10-20T14:00:00+00:00","dateModified":"2024-10-28T20:31:22+00:00","mainEntityOfPage":{"@id":"https:\/\/arriendo.com\/co\/blog\/lugares\/para-visitar\/por-que-medellin-y-otras-ciudades-colombianas-asocian-a-las-comunas-con-barrios-populares\/"},"wordCount":565,"publisher":{"@id":"https:\/\/arriendo.com\/co\/blog\/#organization"},"image":{"@id":"https:\/\/arriendo.com\/co\/blog\/lugares\/para-visitar\/por-que-medellin-y-otras-ciudades-colombianas-asocian-a-las-comunas-con-barrios-populares\/#primaryimage"},"thumbnailUrl":"https:\/\/cdn-blog.arriendo.com\/co\/blog\/wp-content\/uploads\/2022\/10\/comunas-en-medellin-scaled.jpg","articleSection":["Lugares","Lugares para Visitar"],"inLanguage":"es"},{"@type":"WebPage","@id":"https:\/\/arriendo.com\/co\/blog\/lugares\/para-visitar\/por-que-medellin-y-otras-ciudades-colombianas-asocian-a-las-comunas-con-barrios-populares\/","url":"https:\/\/arriendo.com\/co\/blog\/lugares\/para-visitar\/por-que-medellin-y-otras-ciudades-colombianas-asocian-a-las-comunas-con-barrios-populares\/","name":"Medell\u00edn, \u00bfBarrios populares son lo mismo que comunas?","isPartOf":{"@id":"https:\/\/arriendo.com\/co\/blog\/#website"},"primaryImageOfPage":{"@id":"https:\/\/arriendo.com\/co\/blog\/lugares\/para-visitar\/por-que-medellin-y-otras-ciudades-colombianas-asocian-a-las-comunas-con-barrios-populares\/#primaryimage"},"image":{"@id":"https:\/\/arriendo.com\/co\/blog\/lugares\/para-visitar\/por-que-medellin-y-otras-ciudades-colombianas-asocian-a-las-comunas-con-barrios-populares\/#primaryimage"},"thumbnailUrl":"https:\/\/cdn-blog.arriendo.com\/co\/blog\/wp-content\/uploads\/2022\/10\/comunas-en-medellin-scaled.jpg","datePublished":"2022-10-20T14:00:00+00:00","dateModified":"2024-10-28T20:31:22+00:00","description":"En Medell\u00edn las zonas urbanas, bien sea las que se encuentran ubicadas en lo alto de la monta\u00f1a, o las edificaciones en la ciudad, se llaman comunas.","breadcrumb":{"@id":"https:\/\/arriendo.com\/co\/blog\/lugares\/para-visitar\/por-que-medellin-y-otras-ciudades-colombianas-asocian-a-las-comunas-con-barrios-populares\/#breadcrumb"},"inLanguage":"es","potentialAction":[{"@type":"ReadAction","target":["https:\/\/arriendo.com\/co\/blog\/lugares\/para-visitar\/por-que-medellin-y-otras-ciudades-colombianas-asocian-a-las-comunas-con-barrios-populares\/"]}]},{"@type":"ImageObject","inLanguage":"es","@id":"https:\/\/arriendo.com\/co\/blog\/lugares\/para-visitar\/por-que-medellin-y-otras-ciudades-colombianas-asocian-a-las-comunas-con-barrios-populares\/#primaryimage","url":"https:\/\/cdn-blog.arriendo.com\/co\/blog\/wp-content\/uploads\/2022\/10\/comunas-en-medellin-scaled.jpg","contentUrl":"https:\/\/cdn-blog.arriendo.com\/co\/blog\/wp-content\/uploads\/2022\/10\/comunas-en-medellin-scaled.jpg","width":2048,"height":1367,"caption":"comunas-en-medellin"},{"@type":"BreadcrumbList","@id":"https:\/\/arriendo.com\/co\/blog\/lugares\/para-visitar\/por-que-medellin-y-otras-ciudades-colombianas-asocian-a-las-comunas-con-barrios-populares\/#breadcrumb","itemListElement":[{"@type":"ListItem","position":1,"name":"Inicio","item":"https:\/\/arriendo.com\/co\/blog\/"},{"@type":"ListItem","position":2,"name":"Lugares","item":"https:\/\/arriendo.com\/co\/blog\/lugares\/"},{"@type":"ListItem","position":3,"name":"Lugares para Visitar","item":"https:\/\/arriendo.com\/co\/blog\/lugares\/para-visitar\/"},{"@type":"ListItem","position":4,"name":"\u00bfPor qu\u00e9 Medell\u00edn y otras ciudades colombianas asocian a las comunas con barrios populares?"}]},{"@type":"WebSite","@id":"https:\/\/arriendo.com\/co\/blog\/#website","url":"https:\/\/arriendo.com\/co\/blog\/","name":"Blog arriendo.com","description":"Abre la puerta de tu pr\u00f3ximo hogar","publisher":{"@id":"https:\/\/arriendo.com\/co\/blog\/#organization"},"alternateName":"Blog Arriendo","potentialAction":[{"@type":"SearchAction","target":{"@type":"EntryPoint","urlTemplate":"https:\/\/arriendo.com\/co\/blog\/?s={search_term_string}"},"query-input":{"@type":"PropertyValueSpecification","valueRequired":true,"valueName":"search_term_string"}}],"inLanguage":"es"},{"@type":"Organization","@id":"https:\/\/arriendo.com\/co\/blog\/#organization","name":"Blog arriendo.com","alternateName":"Arriendo.com","url":"https:\/\/arriendo.com\/co\/blog\/","logo":{"@type":"ImageObject","inLanguage":"es","@id":"https:\/\/arriendo.com\/co\/blog\/#\/schema\/logo\/image\/","url":"https:\/\/arriendo.com\/co\/blog\/wp-content\/uploads\/2020\/02\/logo-arriendo-perfil-rojo-1080x1080-ok-v1.png","contentUrl":"https:\/\/arriendo.com\/co\/blog\/wp-content\/uploads\/2020\/02\/logo-arriendo-perfil-rojo-1080x1080-ok-v1.png","width":1080,"height":1080,"caption":"Blog arriendo.com"},"image":{"@id":"https:\/\/arriendo.com\/co\/blog\/#\/schema\/logo\/image\/"},"sameAs":["https:\/\/www.facebook.com\/arriendocom"]},{"@type":"Person","@id":"https:\/\/arriendo.com\/co\/blog\/#\/schema\/person\/2f01f3967f9bc1385cf08b3d1fe3883d","name":"Hernando Abdu salame","image":{"@type":"ImageObject","inLanguage":"es","@id":"https:\/\/arriendo.com\/co\/blog\/#\/schema\/person\/image\/","url":"https:\/\/secure.gravatar.com\/avatar\/4c6fe0b8b5682ae940351be6ff4f4e5ec65d05b273ab650e6763c04848d63357?s=96&r=g","contentUrl":"https:\/\/secure.gravatar.com\/avatar\/4c6fe0b8b5682ae940351be6ff4f4e5ec65d05b273ab650e6763c04848d63357?s=96&r=g","caption":"Hernando Abdu salame"}}]}},"amp_enabled":true,"_links":{"self":[{"href":"https:\/\/arriendo.com\/co\/blog\/wp-json\/wp\/v2\/posts\/8364","targetHints":{"allow":["GET"]}}],"collection":[{"href":"https:\/\/arriendo.com\/co\/blog\/wp-json\/wp\/v2\/posts"}],"about":[{"href":"https:\/\/arriendo.com\/co\/blog\/wp-json\/wp\/v2\/types\/post"}],"author":[{"embeddable":true,"href":"https:\/\/arriendo.com\/co\/blog\/wp-json\/wp\/v2\/users\/23"}],"replies":[{"embeddable":true,"href":"https:\/\/arriendo.com\/co\/blog\/wp-json\/wp\/v2\/comments?post=8364"}],"version-history":[{"count":2,"href":"https:\/\/arriendo.com\/co\/blog\/wp-json\/wp\/v2\/posts\/8364\/revisions"}],"predecessor-version":[{"id":16822,"href":"https:\/\/arriendo.com\/co\/blog\/wp-json\/wp\/v2\/posts\/8364\/revisions\/16822"}],"wp:featuredmedia":[{"embeddable":true,"href":"https:\/\/arriendo.com\/co\/blog\/wp-json\/wp\/v2\/media\/8406"}],"wp:attachment":[{"href":"https:\/\/arriendo.com\/co\/blog\/wp-json\/wp\/v2\/media?parent=8364"}],"wp:term":[{"taxonomy":"category","embeddable":true,"href":"https:\/\/arriendo.com\/co\/blog\/wp-json\/wp\/v2\/categories?post=8364"},{"taxonomy":"post_tag","embeddable":true,"href":"https:\/\/arriendo.com\/co\/blog\/wp-json\/wp\/v2\/tags?post=8364"}],"curies":[{"name":"wp","href":"https:\/\/api.w.org\/{rel}","templated":true}]}}