{"id":7946,"date":"2022-08-17T09:00:00","date_gmt":"2022-08-17T14:00:00","guid":{"rendered":"https:\/\/arriendo.com\/co\/blog\/?p=7946"},"modified":"2024-10-22T14:55:06","modified_gmt":"2024-10-22T19:55:06","slug":"influencia-de-la-estratificacion-socioeconomica-al-momento-de-arrendar","status":"publish","type":"post","link":"https:\/\/arriendo.com\/co\/blog\/arriendo\/influencia-de-la-estratificacion-socioeconomica-al-momento-de-arrendar\/","title":{"rendered":"Influencias de la estratificaci\u00f3n socioecon\u00f3mica al momento de arrendar"},"content":{"rendered":"\n<p>La estratificaci\u00f3n socioecon\u00f3mica al momento de arrendar en cualquier parte de Colombia influye en todos los aspectos posibles: desde el presupuesto, ubicaci\u00f3n, tipo de apartamento o casa, entre otras cosas.<\/p>\n\n\n\n<h2 class=\"wp-block-heading\">\u00bfQu\u00e9 son los estratos?<\/h2>\n\n\n\n<p>Se entiende por estrato como aquella clasificaci\u00f3n socioecon\u00f3mica que mantiene divisiones por clases sociales. Evidentemente, es una forma de organizar y categorizar a la sociedad acorde a los privilegios y alcances econ\u00f3micos, pol\u00edticos y sociales que mantenga cada sector. Este tipo de divisiones suelen hacerse con base a las condiciones de la vivienda y la zona donde se pueda habitar. Por lo que, en Colombia los estratos se distribuyen en 6 donde el 1 es el nivel m\u00e1s bajo en cuanto a la econom\u00eda familiar y el sector donde habitan.<\/p>\n\n\n\n<h2 class=\"wp-block-heading\">\u00bfC\u00f3mo influyen los estratos en los arriendos?<\/h2>\n\n\n\n<p>Sin duda alguna la distribuci\u00f3n de estratos sociales en Colombia hace que en cada nivel los arriendos sean diferentes a la hora de adquirir un inmueble. Acorde a las clasificaciones socioecon\u00f3micas en Colombia, los alquileres pueden variar de precio de una forma extraordinaria, donde <a href=\"https:\/\/arriendo.com\/co\/blog\/finca-raiz\/por-que-en-los-estratos-12-y-3-los-arriendos-son-mas-accesibles\/\">los estratos 1,2 y 3 son los m\u00e1s buscados<\/a>, ya que, los mismos presentan un precio moderado para la mayor\u00eda de la poblaci\u00f3n colombiana. Sin embargo, el juego de la demanda y oferta de este tipo de inmuebles espec\u00edficamente en los estratos mencionados anteriormente se consideran inestables en cuanto al costo por la gran demanda y poca oferta que all\u00ed se presenta. Por eso, se deben tomar ciertas consideraciones para evaluar los arriendos acorde a la estratificaci\u00f3n socioecon\u00f3mica.<\/p>\n\n\n\n<h3 class=\"wp-block-heading\">Por ejemplo:<\/h3>\n\n\n\n<ul class=\"wp-block-list\">\n<li>Demanda y oferta.<\/li>\n\n\n\n<li>Ocupaci\u00f3n y renta.<\/li>\n\n\n\n<li>Mantenimiento del inmueble e inversi\u00f3n.<\/li>\n\n\n\n<li>Econom\u00eda.<\/li>\n\n\n\n<li>La demanda y oferta.<\/li>\n<\/ul>\n\n\n\n<p>Casi siempre cuando un individuo desea adquirir un inmueble la primera pregunta es \u00bfA qu\u00e9 estrato pertenece? Puesto que esta respuesta estipular\u00e1 las condiciones, el nivel econ\u00f3mico, servicios y presupuesto del inmueble a ofrecer, y desde luego, el precio.<\/p>\n\n\n\n<p>La propuesta de tipo de estrato que reciba el interesado no s\u00f3lo lo har\u00e1 pensar en el costo del alquiler, sino en los beneficios que los mismos puedan presentar, por ejemplo: la organizaci\u00f3n de la administraci\u00f3n; los servicios p\u00fablicos, como el agua, el gas, la luz; servicios de aseo, internet, parqueadero, \u00e1reas comunes, entre otras cosas que la persona considere necesario.<\/p>\n\n\n\n<p>Los estratos 1,2 y 3 son considerados \u201cbajos\u201d, conlleva a que estos sean m\u00e1s buscados por la facilidad adquisitiva que se tiene, mientras que los estratos 5 y 6 son altos y m\u00e1s costosos de conseguir y adquirir.<\/p>\n\n\n\n<h2 class=\"wp-block-heading\">Duraci\u00f3n acorde al estrato<\/h2>\n\n\n\n<p>Si bien es cierto, aunque se crea poco com\u00fan, la variabilidad de los estratos produce cambios hasta en el tiempo de permanencia en una vivienda que ha sido arrendada. Esto se debe a que en un arriendo de estrato 6 el costo mensual es sumamente alto, por lo que las personas prefieren no pagar por un lapso largo, ya que, el inquilino prefiere comprar un inmueble.<\/p>\n\n\n\n<p>Mientras que en los estratos 1,2 y 3 el costo es m\u00e1s estable y accesible para poder rentar por un tiempo largo un inmueble. Adem\u00e1s que, es mayor la rotaci\u00f3n en caso de desocupaci\u00f3n del inmueble.<\/p>\n\n\n\n<h2 class=\"wp-block-heading\">Costos e inversi\u00f3n<\/h2>\n\n\n\n<p>Casi siempre las zonas de ubicaci\u00f3n de los estratos 5 y 6 presentan mayores gastos econ\u00f3micos por el pago de impuestos y servicios p\u00fablicos. Por ende, el propietario debe consumar el bienestar y calidad de su inmueble, as\u00ed que, la inversi\u00f3n es bastante alta, lo que conlleva a que la propiedad sea mayor en costos.<\/p>\n\n\n\n<p>En contraparte, los estratos 1,2 y 3 no presentan esta variable tan alta; claro est\u00e1 que deben disponer de un pago de impuestos y servicios p\u00fablicos, pero siempre son m\u00e1s accesibles.<\/p>\n\n\n\n<p><strong>Le puede interesar:<\/strong> <a href=\"https:\/\/arriendo.com\/co\/blog\/arriendo\/el-estrato-4-en-colombia-ofrece-calidad-de-vida\/\">\u00bfEl estrato 4 en Colombia ofrece calidad de vida?<\/a><\/p>\n","protected":false},"excerpt":{"rendered":"<p>La estratificaci\u00f3n socioecon\u00f3mica al momento de arrendar en cualquier parte de Colombia influye en todos los aspectos posibles: desde el presupuesto, ubicaci\u00f3n, tipo de apartamento o casa, entre otras cosas.<\/p>\n","protected":false},"author":23,"featured_media":7998,"comment_status":"closed","ping_status":"closed","sticky":false,"template":"","format":"standard","meta":{"_acf_changed":false,"footnotes":""},"categories":[118],"tags":[],"class_list":["post-7946","post","type-post","status-publish","format-standard","has-post-thumbnail","hentry","category-arriendo"],"acf":[],"nelio_content":{"isAutoShareEnabled":true,"autoShareEndMode":"never","automationSources":{"useCustomSentences":false,"customSentences":[]},"followers":[],"suggestedReferences":[],"efiUrl":"","efiAlt":"","highlights":[],"permalinkQueryArgs":[],"series":[]},"yoast_head":"<!-- This site is optimized with the Yoast SEO plugin v25.4 - https:\/\/yoast.com\/wordpress\/plugins\/seo\/ -->\n<title>Estratificaci\u00f3n socioecon\u00f3mica: \u00bfAfecta en los arrendamientos?<\/title>\n<meta name=\"description\" content=\"La desigualdad social en Colombia es predominante e influye en los alquileres, por eso es importante la estratificaci\u00f3n socioecon\u00f3mica al momento de arrendar.\" \/>\n<meta name=\"robots\" content=\"index, follow, max-snippet:-1, max-image-preview:large, max-video-preview:-1\" \/>\n<link rel=\"canonical\" href=\"https:\/\/arriendo.com\/co\/blog\/arriendo\/influencia-de-la-estratificacion-socioeconomica-al-momento-de-arrendar\/\" \/>\n<meta property=\"og:locale\" content=\"es_ES\" \/>\n<meta property=\"og:type\" content=\"article\" \/>\n<meta property=\"og:title\" content=\"Estratificaci\u00f3n socioecon\u00f3mica: \u00bfAfecta en los arrendamientos?\" \/>\n<meta property=\"og:description\" content=\"La desigualdad social en Colombia es predominante e influye en los alquileres, por eso es importante la estratificaci\u00f3n socioecon\u00f3mica al momento de arrendar.\" \/>\n<meta property=\"og:url\" content=\"https:\/\/arriendo.com\/co\/blog\/arriendo\/influencia-de-la-estratificacion-socioeconomica-al-momento-de-arrendar\/\" \/>\n<meta property=\"og:site_name\" content=\"Blog Arriendo.com\" \/>\n<meta property=\"article:publisher\" content=\"https:\/\/www.facebook.com\/arriendocom\" \/>\n<meta property=\"article:published_time\" content=\"2022-08-17T14:00:00+00:00\" \/>\n<meta property=\"article:modified_time\" content=\"2024-10-22T19:55:06+00:00\" \/>\n<meta property=\"og:image\" content=\"https:\/\/arriendo.com\/co\/blog\/wp-content\/uploads\/2022\/08\/estratificacion-socioeconomica-scaled.jpeg\" \/>\n\t<meta property=\"og:image:width\" content=\"2048\" \/>\n\t<meta property=\"og:image:height\" content=\"1363\" \/>\n\t<meta property=\"og:image:type\" content=\"image\/jpeg\" \/>\n<meta name=\"author\" content=\"Hernando Abdu salame\" \/>\n<meta name=\"twitter:card\" content=\"summary_large_image\" \/>\n<meta name=\"twitter:label1\" content=\"Escrito por\" \/>\n\t<meta name=\"twitter:data1\" content=\"Hernando Abdu salame\" \/>\n\t<meta name=\"twitter:label2\" content=\"Tiempo de lectura\" \/>\n\t<meta name=\"twitter:data2\" content=\"3 minutos\" \/>\n<script type=\"application\/ld+json\" class=\"yoast-schema-graph\">{\"@context\":\"https:\/\/schema.org\",\"@graph\":[{\"@type\":[\"Article\",\"BlogPosting\"],\"@id\":\"https:\/\/arriendo.com\/co\/blog\/arriendo\/influencia-de-la-estratificacion-socioeconomica-al-momento-de-arrendar\/#article\",\"isPartOf\":{\"@id\":\"https:\/\/arriendo.com\/co\/blog\/arriendo\/influencia-de-la-estratificacion-socioeconomica-al-momento-de-arrendar\/\"},\"author\":{\"name\":\"Hernando Abdu salame\",\"@id\":\"https:\/\/arriendo.com\/co\/blog\/#\/schema\/person\/2f01f3967f9bc1385cf08b3d1fe3883d\"},\"headline\":\"Influencias de la estratificaci\u00f3n socioecon\u00f3mica al momento de arrendar\",\"datePublished\":\"2022-08-17T14:00:00+00:00\",\"dateModified\":\"2024-10-22T19:55:06+00:00\",\"mainEntityOfPage\":{\"@id\":\"https:\/\/arriendo.com\/co\/blog\/arriendo\/influencia-de-la-estratificacion-socioeconomica-al-momento-de-arrendar\/\"},\"wordCount\":652,\"publisher\":{\"@id\":\"https:\/\/arriendo.com\/co\/blog\/#organization\"},\"image\":{\"@id\":\"https:\/\/arriendo.com\/co\/blog\/arriendo\/influencia-de-la-estratificacion-socioeconomica-al-momento-de-arrendar\/#primaryimage\"},\"thumbnailUrl\":\"https:\/\/cdn-blog.arriendo.com\/co\/blog\/wp-content\/uploads\/2022\/08\/estratificacion-socioeconomica-scaled.jpeg\",\"articleSection\":[\"Arriendo\"],\"inLanguage\":\"es\"},{\"@type\":\"WebPage\",\"@id\":\"https:\/\/arriendo.com\/co\/blog\/arriendo\/influencia-de-la-estratificacion-socioeconomica-al-momento-de-arrendar\/\",\"url\":\"https:\/\/arriendo.com\/co\/blog\/arriendo\/influencia-de-la-estratificacion-socioeconomica-al-momento-de-arrendar\/\",\"name\":\"Estratificaci\u00f3n socioecon\u00f3mica: \u00bfAfecta en los arrendamientos?\",\"isPartOf\":{\"@id\":\"https:\/\/arriendo.com\/co\/blog\/#website\"},\"primaryImageOfPage\":{\"@id\":\"https:\/\/arriendo.com\/co\/blog\/arriendo\/influencia-de-la-estratificacion-socioeconomica-al-momento-de-arrendar\/#primaryimage\"},\"image\":{\"@id\":\"https:\/\/arriendo.com\/co\/blog\/arriendo\/influencia-de-la-estratificacion-socioeconomica-al-momento-de-arrendar\/#primaryimage\"},\"thumbnailUrl\":\"https:\/\/cdn-blog.arriendo.com\/co\/blog\/wp-content\/uploads\/2022\/08\/estratificacion-socioeconomica-scaled.jpeg\",\"datePublished\":\"2022-08-17T14:00:00+00:00\",\"dateModified\":\"2024-10-22T19:55:06+00:00\",\"description\":\"La desigualdad social en Colombia es predominante e influye en los alquileres, por eso es importante la estratificaci\u00f3n socioecon\u00f3mica al momento de arrendar.\",\"breadcrumb\":{\"@id\":\"https:\/\/arriendo.com\/co\/blog\/arriendo\/influencia-de-la-estratificacion-socioeconomica-al-momento-de-arrendar\/#breadcrumb\"},\"inLanguage\":\"es\",\"potentialAction\":[{\"@type\":\"ReadAction\",\"target\":[\"https:\/\/arriendo.com\/co\/blog\/arriendo\/influencia-de-la-estratificacion-socioeconomica-al-momento-de-arrendar\/\"]}]},{\"@type\":\"ImageObject\",\"inLanguage\":\"es\",\"@id\":\"https:\/\/arriendo.com\/co\/blog\/arriendo\/influencia-de-la-estratificacion-socioeconomica-al-momento-de-arrendar\/#primaryimage\",\"url\":\"https:\/\/cdn-blog.arriendo.com\/co\/blog\/wp-content\/uploads\/2022\/08\/estratificacion-socioeconomica-scaled.jpeg\",\"contentUrl\":\"https:\/\/cdn-blog.arriendo.com\/co\/blog\/wp-content\/uploads\/2022\/08\/estratificacion-socioeconomica-scaled.jpeg\",\"width\":2048,\"height\":1363,\"caption\":\"estratificacion-socioeconomica\"},{\"@type\":\"BreadcrumbList\",\"@id\":\"https:\/\/arriendo.com\/co\/blog\/arriendo\/influencia-de-la-estratificacion-socioeconomica-al-momento-de-arrendar\/#breadcrumb\",\"itemListElement\":[{\"@type\":\"ListItem\",\"position\":1,\"name\":\"Inicio\",\"item\":\"https:\/\/arriendo.com\/co\/blog\/\"},{\"@type\":\"ListItem\",\"position\":2,\"name\":\"Arriendo\",\"item\":\"https:\/\/arriendo.com\/co\/blog\/arriendo\/\"},{\"@type\":\"ListItem\",\"position\":3,\"name\":\"Influencias de la estratificaci\u00f3n socioecon\u00f3mica al momento de arrendar\"}]},{\"@type\":\"WebSite\",\"@id\":\"https:\/\/arriendo.com\/co\/blog\/#website\",\"url\":\"https:\/\/arriendo.com\/co\/blog\/\",\"name\":\"Blog arriendo.com\",\"description\":\"Abre la puerta de tu pr\u00f3ximo hogar\",\"publisher\":{\"@id\":\"https:\/\/arriendo.com\/co\/blog\/#organization\"},\"alternateName\":\"Blog Arriendo\",\"potentialAction\":[{\"@type\":\"SearchAction\",\"target\":{\"@type\":\"EntryPoint\",\"urlTemplate\":\"https:\/\/arriendo.com\/co\/blog\/?s={search_term_string}\"},\"query-input\":{\"@type\":\"PropertyValueSpecification\",\"valueRequired\":true,\"valueName\":\"search_term_string\"}}],\"inLanguage\":\"es\"},{\"@type\":\"Organization\",\"@id\":\"https:\/\/arriendo.com\/co\/blog\/#organization\",\"name\":\"Blog arriendo.com\",\"alternateName\":\"Arriendo.com\",\"url\":\"https:\/\/arriendo.com\/co\/blog\/\",\"logo\":{\"@type\":\"ImageObject\",\"inLanguage\":\"es\",\"@id\":\"https:\/\/arriendo.com\/co\/blog\/#\/schema\/logo\/image\/\",\"url\":\"https:\/\/arriendo.com\/co\/blog\/wp-content\/uploads\/2020\/02\/logo-arriendo-perfil-rojo-1080x1080-ok-v1.png\",\"contentUrl\":\"https:\/\/arriendo.com\/co\/blog\/wp-content\/uploads\/2020\/02\/logo-arriendo-perfil-rojo-1080x1080-ok-v1.png\",\"width\":1080,\"height\":1080,\"caption\":\"Blog arriendo.com\"},\"image\":{\"@id\":\"https:\/\/arriendo.com\/co\/blog\/#\/schema\/logo\/image\/\"},\"sameAs\":[\"https:\/\/www.facebook.com\/arriendocom\"]},{\"@type\":\"Person\",\"@id\":\"https:\/\/arriendo.com\/co\/blog\/#\/schema\/person\/2f01f3967f9bc1385cf08b3d1fe3883d\",\"name\":\"Hernando Abdu salame\",\"image\":{\"@type\":\"ImageObject\",\"inLanguage\":\"es\",\"@id\":\"https:\/\/arriendo.com\/co\/blog\/#\/schema\/person\/image\/\",\"url\":\"https:\/\/secure.gravatar.com\/avatar\/4c6fe0b8b5682ae940351be6ff4f4e5ec65d05b273ab650e6763c04848d63357?s=96&r=g\",\"contentUrl\":\"https:\/\/secure.gravatar.com\/avatar\/4c6fe0b8b5682ae940351be6ff4f4e5ec65d05b273ab650e6763c04848d63357?s=96&r=g\",\"caption\":\"Hernando Abdu salame\"}}]}<\/script>\n<!-- \/ Yoast SEO plugin. -->","yoast_head_json":{"title":"Estratificaci\u00f3n socioecon\u00f3mica: \u00bfAfecta en los arrendamientos?","description":"La desigualdad social en Colombia es predominante e influye en los alquileres, por eso es importante la estratificaci\u00f3n socioecon\u00f3mica al momento de arrendar.","robots":{"index":"index","follow":"follow","max-snippet":"max-snippet:-1","max-image-preview":"max-image-preview:large","max-video-preview":"max-video-preview:-1"},"canonical":"https:\/\/arriendo.com\/co\/blog\/arriendo\/influencia-de-la-estratificacion-socioeconomica-al-momento-de-arrendar\/","og_locale":"es_ES","og_type":"article","og_title":"Estratificaci\u00f3n socioecon\u00f3mica: \u00bfAfecta en los arrendamientos?","og_description":"La desigualdad social en Colombia es predominante e influye en los alquileres, por eso es importante la estratificaci\u00f3n socioecon\u00f3mica al momento de arrendar.","og_url":"https:\/\/arriendo.com\/co\/blog\/arriendo\/influencia-de-la-estratificacion-socioeconomica-al-momento-de-arrendar\/","og_site_name":"Blog Arriendo.com","article_publisher":"https:\/\/www.facebook.com\/arriendocom","article_published_time":"2022-08-17T14:00:00+00:00","article_modified_time":"2024-10-22T19:55:06+00:00","og_image":[{"width":2048,"height":1363,"url":"https:\/\/arriendo.com\/co\/blog\/wp-content\/uploads\/2022\/08\/estratificacion-socioeconomica-scaled.jpeg","type":"image\/jpeg"}],"author":"Hernando Abdu salame","twitter_card":"summary_large_image","twitter_misc":{"Escrito por":"Hernando Abdu salame","Tiempo de lectura":"3 minutos"},"schema":{"@context":"https:\/\/schema.org","@graph":[{"@type":["Article","BlogPosting"],"@id":"https:\/\/arriendo.com\/co\/blog\/arriendo\/influencia-de-la-estratificacion-socioeconomica-al-momento-de-arrendar\/#article","isPartOf":{"@id":"https:\/\/arriendo.com\/co\/blog\/arriendo\/influencia-de-la-estratificacion-socioeconomica-al-momento-de-arrendar\/"},"author":{"name":"Hernando Abdu salame","@id":"https:\/\/arriendo.com\/co\/blog\/#\/schema\/person\/2f01f3967f9bc1385cf08b3d1fe3883d"},"headline":"Influencias de la estratificaci\u00f3n socioecon\u00f3mica al momento de arrendar","datePublished":"2022-08-17T14:00:00+00:00","dateModified":"2024-10-22T19:55:06+00:00","mainEntityOfPage":{"@id":"https:\/\/arriendo.com\/co\/blog\/arriendo\/influencia-de-la-estratificacion-socioeconomica-al-momento-de-arrendar\/"},"wordCount":652,"publisher":{"@id":"https:\/\/arriendo.com\/co\/blog\/#organization"},"image":{"@id":"https:\/\/arriendo.com\/co\/blog\/arriendo\/influencia-de-la-estratificacion-socioeconomica-al-momento-de-arrendar\/#primaryimage"},"thumbnailUrl":"https:\/\/cdn-blog.arriendo.com\/co\/blog\/wp-content\/uploads\/2022\/08\/estratificacion-socioeconomica-scaled.jpeg","articleSection":["Arriendo"],"inLanguage":"es"},{"@type":"WebPage","@id":"https:\/\/arriendo.com\/co\/blog\/arriendo\/influencia-de-la-estratificacion-socioeconomica-al-momento-de-arrendar\/","url":"https:\/\/arriendo.com\/co\/blog\/arriendo\/influencia-de-la-estratificacion-socioeconomica-al-momento-de-arrendar\/","name":"Estratificaci\u00f3n socioecon\u00f3mica: \u00bfAfecta en los arrendamientos?","isPartOf":{"@id":"https:\/\/arriendo.com\/co\/blog\/#website"},"primaryImageOfPage":{"@id":"https:\/\/arriendo.com\/co\/blog\/arriendo\/influencia-de-la-estratificacion-socioeconomica-al-momento-de-arrendar\/#primaryimage"},"image":{"@id":"https:\/\/arriendo.com\/co\/blog\/arriendo\/influencia-de-la-estratificacion-socioeconomica-al-momento-de-arrendar\/#primaryimage"},"thumbnailUrl":"https:\/\/cdn-blog.arriendo.com\/co\/blog\/wp-content\/uploads\/2022\/08\/estratificacion-socioeconomica-scaled.jpeg","datePublished":"2022-08-17T14:00:00+00:00","dateModified":"2024-10-22T19:55:06+00:00","description":"La desigualdad social en Colombia es predominante e influye en los alquileres, por eso es importante la estratificaci\u00f3n socioecon\u00f3mica al momento de arrendar.","breadcrumb":{"@id":"https:\/\/arriendo.com\/co\/blog\/arriendo\/influencia-de-la-estratificacion-socioeconomica-al-momento-de-arrendar\/#breadcrumb"},"inLanguage":"es","potentialAction":[{"@type":"ReadAction","target":["https:\/\/arriendo.com\/co\/blog\/arriendo\/influencia-de-la-estratificacion-socioeconomica-al-momento-de-arrendar\/"]}]},{"@type":"ImageObject","inLanguage":"es","@id":"https:\/\/arriendo.com\/co\/blog\/arriendo\/influencia-de-la-estratificacion-socioeconomica-al-momento-de-arrendar\/#primaryimage","url":"https:\/\/cdn-blog.arriendo.com\/co\/blog\/wp-content\/uploads\/2022\/08\/estratificacion-socioeconomica-scaled.jpeg","contentUrl":"https:\/\/cdn-blog.arriendo.com\/co\/blog\/wp-content\/uploads\/2022\/08\/estratificacion-socioeconomica-scaled.jpeg","width":2048,"height":1363,"caption":"estratificacion-socioeconomica"},{"@type":"BreadcrumbList","@id":"https:\/\/arriendo.com\/co\/blog\/arriendo\/influencia-de-la-estratificacion-socioeconomica-al-momento-de-arrendar\/#breadcrumb","itemListElement":[{"@type":"ListItem","position":1,"name":"Inicio","item":"https:\/\/arriendo.com\/co\/blog\/"},{"@type":"ListItem","position":2,"name":"Arriendo","item":"https:\/\/arriendo.com\/co\/blog\/arriendo\/"},{"@type":"ListItem","position":3,"name":"Influencias de la estratificaci\u00f3n socioecon\u00f3mica al momento de arrendar"}]},{"@type":"WebSite","@id":"https:\/\/arriendo.com\/co\/blog\/#website","url":"https:\/\/arriendo.com\/co\/blog\/","name":"Blog arriendo.com","description":"Abre la puerta de tu pr\u00f3ximo hogar","publisher":{"@id":"https:\/\/arriendo.com\/co\/blog\/#organization"},"alternateName":"Blog Arriendo","potentialAction":[{"@type":"SearchAction","target":{"@type":"EntryPoint","urlTemplate":"https:\/\/arriendo.com\/co\/blog\/?s={search_term_string}"},"query-input":{"@type":"PropertyValueSpecification","valueRequired":true,"valueName":"search_term_string"}}],"inLanguage":"es"},{"@type":"Organization","@id":"https:\/\/arriendo.com\/co\/blog\/#organization","name":"Blog arriendo.com","alternateName":"Arriendo.com","url":"https:\/\/arriendo.com\/co\/blog\/","logo":{"@type":"ImageObject","inLanguage":"es","@id":"https:\/\/arriendo.com\/co\/blog\/#\/schema\/logo\/image\/","url":"https:\/\/arriendo.com\/co\/blog\/wp-content\/uploads\/2020\/02\/logo-arriendo-perfil-rojo-1080x1080-ok-v1.png","contentUrl":"https:\/\/arriendo.com\/co\/blog\/wp-content\/uploads\/2020\/02\/logo-arriendo-perfil-rojo-1080x1080-ok-v1.png","width":1080,"height":1080,"caption":"Blog arriendo.com"},"image":{"@id":"https:\/\/arriendo.com\/co\/blog\/#\/schema\/logo\/image\/"},"sameAs":["https:\/\/www.facebook.com\/arriendocom"]},{"@type":"Person","@id":"https:\/\/arriendo.com\/co\/blog\/#\/schema\/person\/2f01f3967f9bc1385cf08b3d1fe3883d","name":"Hernando Abdu salame","image":{"@type":"ImageObject","inLanguage":"es","@id":"https:\/\/arriendo.com\/co\/blog\/#\/schema\/person\/image\/","url":"https:\/\/secure.gravatar.com\/avatar\/4c6fe0b8b5682ae940351be6ff4f4e5ec65d05b273ab650e6763c04848d63357?s=96&r=g","contentUrl":"https:\/\/secure.gravatar.com\/avatar\/4c6fe0b8b5682ae940351be6ff4f4e5ec65d05b273ab650e6763c04848d63357?s=96&r=g","caption":"Hernando Abdu salame"}}]}},"amp_enabled":true,"_links":{"self":[{"href":"https:\/\/arriendo.com\/co\/blog\/wp-json\/wp\/v2\/posts\/7946","targetHints":{"allow":["GET"]}}],"collection":[{"href":"https:\/\/arriendo.com\/co\/blog\/wp-json\/wp\/v2\/posts"}],"about":[{"href":"https:\/\/arriendo.com\/co\/blog\/wp-json\/wp\/v2\/types\/post"}],"author":[{"embeddable":true,"href":"https:\/\/arriendo.com\/co\/blog\/wp-json\/wp\/v2\/users\/23"}],"replies":[{"embeddable":true,"href":"https:\/\/arriendo.com\/co\/blog\/wp-json\/wp\/v2\/comments?post=7946"}],"version-history":[{"count":2,"href":"https:\/\/arriendo.com\/co\/blog\/wp-json\/wp\/v2\/posts\/7946\/revisions"}],"predecessor-version":[{"id":15965,"href":"https:\/\/arriendo.com\/co\/blog\/wp-json\/wp\/v2\/posts\/7946\/revisions\/15965"}],"wp:featuredmedia":[{"embeddable":true,"href":"https:\/\/arriendo.com\/co\/blog\/wp-json\/wp\/v2\/media\/7998"}],"wp:attachment":[{"href":"https:\/\/arriendo.com\/co\/blog\/wp-json\/wp\/v2\/media?parent=7946"}],"wp:term":[{"taxonomy":"category","embeddable":true,"href":"https:\/\/arriendo.com\/co\/blog\/wp-json\/wp\/v2\/categories?post=7946"},{"taxonomy":"post_tag","embeddable":true,"href":"https:\/\/arriendo.com\/co\/blog\/wp-json\/wp\/v2\/tags?post=7946"}],"curies":[{"name":"wp","href":"https:\/\/api.w.org\/{rel}","templated":true}]}}