{"id":6873,"date":"2022-02-23T10:00:00","date_gmt":"2022-02-23T15:00:00","guid":{"rendered":"https:\/\/arriendo.com\/co\/blog\/?p=6873"},"modified":"2024-10-21T14:59:35","modified_gmt":"2024-10-21T19:59:35","slug":"aspectos-legales-que-debe-saber-antes-de-alquilar-un-piso-compartido","status":"publish","type":"post","link":"https:\/\/arriendo.com\/co\/blog\/arriendo\/aspectos-legales-que-debe-saber-antes-de-alquilar-un-piso-compartido\/","title":{"rendered":"Aspectos legales que debe saber antes de alquilar un piso compartido"},"content":{"rendered":"\n<p>En b\u00fasqueda de ahorrar y buscar econom\u00eda para vivir, son m\u00e1s las personas que prefieren compartir un piso con otros individuos que no pertenecen a su n\u00facleo familiar, donde casi siempre son personas desconocidas que se encuentran en las mismas circunstancias. Para muchos, en la actualidad suele ser un lujo vivir solo en una propiedad inmobiliaria, mientras que para otros, entre m\u00e1s se consiga un ahorro econ\u00f3mico se torna m\u00e1s compensable. Esta problem\u00e1tica surge a partir de la falta de empleo, salarios que no son suficientes, pagos de los servicios p\u00fablicos, entre otros. Lo que conlleva a que las personas se vean en la obligaci\u00f3n de optar por alquilar un piso compartido.<\/p>\n\n\n\n<p>Sin importar el motivo por el cual la persona desea <a href=\"https:\/\/arriendo.com\/co\/blog\/consejos\/consejos-para-compartir-una-vivienda-arrendada\/\">alquilar un piso compartido<\/a>, es necesario conocer ciertos aspectos legales antes de arrendar un inmueble, puesto que la convivencia o la irresponsabilidad con personas desconocidas puede llegar a ser un problema sin final feliz.<\/p>\n\n\n\n<h2 class=\"wp-block-heading\">\u00bfQu\u00e9 se debe saber?<\/h2>\n\n\n\n<p>Normalmente, cuando se <strong>arrienda un inmueble compartido<\/strong> pueden llegar a afectar problemas doctrinales y jurisprudenciales que terminan acabando con la convivencia que se ten\u00eda. Puesto que mayormente las reglas no son escritas ni explicadas como deber\u00edan ser.<\/p>\n\n\n\n<p>Dentro de la <strong>Ley de Arrendamiento Urbano de Colombia<\/strong>, limita muchos aspectos de los arriendos. La misma explica que dentro del r\u00e9gimen jur\u00eddico todos los arrendamientos deben satisfacer las necesidades de una persona para acudir a una vivienda digna, pero, solo hace alusi\u00f3n a un apartamento, y no, a una habitaci\u00f3n, pues la misma es considerada como un ente precario para condicionar una vida dentro de la misma.<\/p>\n\n\n\n<p>As\u00ed que\u2026<\/p>\n\n\n\n<h2 class=\"wp-block-heading\">\u00bfQu\u00e9 sucede si la persona que vive en el piso desea alquilar una o varias habitaciones?<\/h2>\n\n\n\n<p>Siempre tiene que existir una persona que se responsabilice por la totalidad del apartamento. Y, la misma es la que posee la potestad de decidir si se puede o no alquilar una habitaci\u00f3n. Por lo que se necesita obligatoriamente redactar un contrato por escrito que avale todas las condiciones legales, responsabilidades, tipo de convivencia, normas dentro de la propiedad, entre otras cosas.<\/p>\n\n\n\n<h2 class=\"wp-block-heading\">\u00bfEl arrendatario puede alquilar alguna de las habitaciones?<\/h2>\n\n\n\n<p>S\u00ed se puede. Siempre y cuando el responsable principal este totalmente de acuerdo con el alquiler a ejecutar. As\u00ed que, lo primero que el arrendatario debe realizar es establecer una cl\u00e1usula de subarriendo. Es la forma legal y justa de realizar un alquiler de habitaci\u00f3n dentro del inmueble donde se habita.<\/p>\n\n\n\n<p>El contrato debe disponer todas las normas de las Leyes de Arriendo Urbano de Colombia y algunas consideraciones expuestas por el C\u00f3digo Civil del pa\u00eds.<\/p>\n\n\n\n<h2 class=\"wp-block-heading\">Afrontar obligatoriamente una buena convivencia<\/h2>\n\n\n\n<p>Aunque la buena convivencia no se establece como un ente legal, pero si moral. Es necesario saber que <a href=\"https:\/\/arriendo.com\/co\/blog\/consejos\/para-vivir-en-compania\/consejos-para-vivir-en-armonia-con-un-roommate-y-no-sufrir-en-el-proceso\/\">el comportamiento de todas las personas que convivan en la propiedad debe ser el mejor<\/a>. De lo contrario, pueden surgir problemas legales que hasta el tribunal podr\u00edan llegar.<\/p>\n\n\n\n<h3 class=\"wp-block-heading\">Por lo que se recomienda:<\/h3>\n\n\n\n<ul class=\"wp-block-list\">\n<li>Cuidar las instalaciones adecuadamente<\/li>\n\n\n\n<li>Ser responsable con el pago del arriendo<\/li>\n\n\n\n<li>Respetar las normas de convivencia<\/li>\n\n\n\n<li>Respetar la duraci\u00f3n de los contratos<\/li>\n\n\n\n<li>Hacerse responsable por los pagos de los servicios p\u00fablicos.<\/li>\n<\/ul>\n","protected":false},"excerpt":{"rendered":"<p>En b\u00fasqueda de ahorrar y buscar econom\u00eda para vivir, son m\u00e1s las personas que prefieren compartir un piso con otros individuos que no pertenecen a su n\u00facleo familiar, donde casi siempre son personas desconocidas que se encuentran en las mismas circunstancias<\/p>\n","protected":false},"author":23,"featured_media":6902,"comment_status":"closed","ping_status":"closed","sticky":false,"template":"","format":"standard","meta":{"_acf_changed":false,"footnotes":""},"categories":[118],"tags":[],"class_list":["post-6873","post","type-post","status-publish","format-standard","has-post-thumbnail","hentry","category-arriendo"],"acf":[],"nelio_content":{"isAutoShareEnabled":true,"autoShareEndMode":"never","automationSources":{"useCustomSentences":false,"customSentences":[]},"followers":[],"suggestedReferences":[],"efiUrl":"","efiAlt":"","highlights":[],"permalinkQueryArgs":[],"series":[]},"yoast_head":"<!-- This site is optimized with the Yoast SEO plugin v25.4 - https:\/\/yoast.com\/wordpress\/plugins\/seo\/ -->\n<title>Aspectos legales para alquilar un piso compartido: \u00bfCu\u00e1les son? \u00bfQu\u00e9 dice la ley?<\/title>\n<meta name=\"description\" content=\"\u00bfEst\u00e1 interesado en alquilar un piso compartido? Conoce cu\u00e1les son los aspectos legales antes de arrendar un apartamento con otra persona\" \/>\n<meta name=\"robots\" content=\"index, follow, max-snippet:-1, max-image-preview:large, max-video-preview:-1\" \/>\n<link rel=\"canonical\" href=\"https:\/\/arriendo.com\/co\/blog\/arriendo\/aspectos-legales-que-debe-saber-antes-de-alquilar-un-piso-compartido\/\" \/>\n<meta property=\"og:locale\" content=\"es_ES\" \/>\n<meta property=\"og:type\" content=\"article\" \/>\n<meta property=\"og:title\" content=\"Aspectos legales para alquilar un piso compartido: \u00bfCu\u00e1les son? \u00bfQu\u00e9 dice la ley?\" \/>\n<meta property=\"og:description\" content=\"\u00bfEst\u00e1 interesado en alquilar un piso compartido? Conoce cu\u00e1les son los aspectos legales antes de arrendar un apartamento con otra persona\" \/>\n<meta property=\"og:url\" content=\"https:\/\/arriendo.com\/co\/blog\/arriendo\/aspectos-legales-que-debe-saber-antes-de-alquilar-un-piso-compartido\/\" \/>\n<meta property=\"og:site_name\" content=\"Blog Arriendo.com\" \/>\n<meta property=\"article:publisher\" content=\"https:\/\/www.facebook.com\/arriendocom\" \/>\n<meta property=\"article:published_time\" content=\"2022-02-23T15:00:00+00:00\" \/>\n<meta property=\"article:modified_time\" content=\"2024-10-21T19:59:35+00:00\" \/>\n<meta property=\"og:image\" content=\"https:\/\/arriendo.com\/co\/blog\/wp-content\/uploads\/2022\/02\/alquiler-compartido-scaled.jpeg\" \/>\n\t<meta property=\"og:image:width\" content=\"2048\" \/>\n\t<meta property=\"og:image:height\" content=\"1365\" \/>\n\t<meta property=\"og:image:type\" content=\"image\/jpeg\" \/>\n<meta name=\"author\" content=\"Hernando Abdu salame\" \/>\n<meta name=\"twitter:card\" content=\"summary_large_image\" \/>\n<meta name=\"twitter:label1\" content=\"Escrito por\" \/>\n\t<meta name=\"twitter:data1\" content=\"Hernando Abdu salame\" \/>\n\t<meta name=\"twitter:label2\" content=\"Tiempo de lectura\" \/>\n\t<meta name=\"twitter:data2\" content=\"3 minutos\" \/>\n<script type=\"application\/ld+json\" class=\"yoast-schema-graph\">{\"@context\":\"https:\/\/schema.org\",\"@graph\":[{\"@type\":[\"Article\",\"BlogPosting\"],\"@id\":\"https:\/\/arriendo.com\/co\/blog\/arriendo\/aspectos-legales-que-debe-saber-antes-de-alquilar-un-piso-compartido\/#article\",\"isPartOf\":{\"@id\":\"https:\/\/arriendo.com\/co\/blog\/arriendo\/aspectos-legales-que-debe-saber-antes-de-alquilar-un-piso-compartido\/\"},\"author\":{\"name\":\"Hernando Abdu salame\",\"@id\":\"https:\/\/arriendo.com\/co\/blog\/#\/schema\/person\/2f01f3967f9bc1385cf08b3d1fe3883d\"},\"headline\":\"Aspectos legales que debe saber antes de alquilar un piso compartido\",\"datePublished\":\"2022-02-23T15:00:00+00:00\",\"dateModified\":\"2024-10-21T19:59:35+00:00\",\"mainEntityOfPage\":{\"@id\":\"https:\/\/arriendo.com\/co\/blog\/arriendo\/aspectos-legales-que-debe-saber-antes-de-alquilar-un-piso-compartido\/\"},\"wordCount\":551,\"publisher\":{\"@id\":\"https:\/\/arriendo.com\/co\/blog\/#organization\"},\"image\":{\"@id\":\"https:\/\/arriendo.com\/co\/blog\/arriendo\/aspectos-legales-que-debe-saber-antes-de-alquilar-un-piso-compartido\/#primaryimage\"},\"thumbnailUrl\":\"https:\/\/cdn-blog.arriendo.com\/co\/blog\/wp-content\/uploads\/2022\/02\/alquiler-compartido-scaled.jpeg\",\"articleSection\":[\"Arriendo\"],\"inLanguage\":\"es\"},{\"@type\":\"WebPage\",\"@id\":\"https:\/\/arriendo.com\/co\/blog\/arriendo\/aspectos-legales-que-debe-saber-antes-de-alquilar-un-piso-compartido\/\",\"url\":\"https:\/\/arriendo.com\/co\/blog\/arriendo\/aspectos-legales-que-debe-saber-antes-de-alquilar-un-piso-compartido\/\",\"name\":\"Aspectos legales para alquilar un piso compartido: \u00bfCu\u00e1les son? \u00bfQu\u00e9 dice la ley?\",\"isPartOf\":{\"@id\":\"https:\/\/arriendo.com\/co\/blog\/#website\"},\"primaryImageOfPage\":{\"@id\":\"https:\/\/arriendo.com\/co\/blog\/arriendo\/aspectos-legales-que-debe-saber-antes-de-alquilar-un-piso-compartido\/#primaryimage\"},\"image\":{\"@id\":\"https:\/\/arriendo.com\/co\/blog\/arriendo\/aspectos-legales-que-debe-saber-antes-de-alquilar-un-piso-compartido\/#primaryimage\"},\"thumbnailUrl\":\"https:\/\/cdn-blog.arriendo.com\/co\/blog\/wp-content\/uploads\/2022\/02\/alquiler-compartido-scaled.jpeg\",\"datePublished\":\"2022-02-23T15:00:00+00:00\",\"dateModified\":\"2024-10-21T19:59:35+00:00\",\"description\":\"\u00bfEst\u00e1 interesado en alquilar un piso compartido? Conoce cu\u00e1les son los aspectos legales antes de arrendar un apartamento con otra persona\",\"breadcrumb\":{\"@id\":\"https:\/\/arriendo.com\/co\/blog\/arriendo\/aspectos-legales-que-debe-saber-antes-de-alquilar-un-piso-compartido\/#breadcrumb\"},\"inLanguage\":\"es\",\"potentialAction\":[{\"@type\":\"ReadAction\",\"target\":[\"https:\/\/arriendo.com\/co\/blog\/arriendo\/aspectos-legales-que-debe-saber-antes-de-alquilar-un-piso-compartido\/\"]}]},{\"@type\":\"ImageObject\",\"inLanguage\":\"es\",\"@id\":\"https:\/\/arriendo.com\/co\/blog\/arriendo\/aspectos-legales-que-debe-saber-antes-de-alquilar-un-piso-compartido\/#primaryimage\",\"url\":\"https:\/\/cdn-blog.arriendo.com\/co\/blog\/wp-content\/uploads\/2022\/02\/alquiler-compartido-scaled.jpeg\",\"contentUrl\":\"https:\/\/cdn-blog.arriendo.com\/co\/blog\/wp-content\/uploads\/2022\/02\/alquiler-compartido-scaled.jpeg\",\"width\":2048,\"height\":1365,\"caption\":\"alquiler-compartido\"},{\"@type\":\"BreadcrumbList\",\"@id\":\"https:\/\/arriendo.com\/co\/blog\/arriendo\/aspectos-legales-que-debe-saber-antes-de-alquilar-un-piso-compartido\/#breadcrumb\",\"itemListElement\":[{\"@type\":\"ListItem\",\"position\":1,\"name\":\"Inicio\",\"item\":\"https:\/\/arriendo.com\/co\/blog\/\"},{\"@type\":\"ListItem\",\"position\":2,\"name\":\"Arriendo\",\"item\":\"https:\/\/arriendo.com\/co\/blog\/arriendo\/\"},{\"@type\":\"ListItem\",\"position\":3,\"name\":\"Aspectos legales que debe saber antes de alquilar un piso compartido\"}]},{\"@type\":\"WebSite\",\"@id\":\"https:\/\/arriendo.com\/co\/blog\/#website\",\"url\":\"https:\/\/arriendo.com\/co\/blog\/\",\"name\":\"Blog arriendo.com\",\"description\":\"Abre la puerta de tu pr\u00f3ximo hogar\",\"publisher\":{\"@id\":\"https:\/\/arriendo.com\/co\/blog\/#organization\"},\"alternateName\":\"Blog Arriendo\",\"potentialAction\":[{\"@type\":\"SearchAction\",\"target\":{\"@type\":\"EntryPoint\",\"urlTemplate\":\"https:\/\/arriendo.com\/co\/blog\/?s={search_term_string}\"},\"query-input\":{\"@type\":\"PropertyValueSpecification\",\"valueRequired\":true,\"valueName\":\"search_term_string\"}}],\"inLanguage\":\"es\"},{\"@type\":\"Organization\",\"@id\":\"https:\/\/arriendo.com\/co\/blog\/#organization\",\"name\":\"Blog arriendo.com\",\"alternateName\":\"Arriendo.com\",\"url\":\"https:\/\/arriendo.com\/co\/blog\/\",\"logo\":{\"@type\":\"ImageObject\",\"inLanguage\":\"es\",\"@id\":\"https:\/\/arriendo.com\/co\/blog\/#\/schema\/logo\/image\/\",\"url\":\"https:\/\/arriendo.com\/co\/blog\/wp-content\/uploads\/2020\/02\/logo-arriendo-perfil-rojo-1080x1080-ok-v1.png\",\"contentUrl\":\"https:\/\/arriendo.com\/co\/blog\/wp-content\/uploads\/2020\/02\/logo-arriendo-perfil-rojo-1080x1080-ok-v1.png\",\"width\":1080,\"height\":1080,\"caption\":\"Blog arriendo.com\"},\"image\":{\"@id\":\"https:\/\/arriendo.com\/co\/blog\/#\/schema\/logo\/image\/\"},\"sameAs\":[\"https:\/\/www.facebook.com\/arriendocom\"]},{\"@type\":\"Person\",\"@id\":\"https:\/\/arriendo.com\/co\/blog\/#\/schema\/person\/2f01f3967f9bc1385cf08b3d1fe3883d\",\"name\":\"Hernando Abdu salame\",\"image\":{\"@type\":\"ImageObject\",\"inLanguage\":\"es\",\"@id\":\"https:\/\/arriendo.com\/co\/blog\/#\/schema\/person\/image\/\",\"url\":\"https:\/\/secure.gravatar.com\/avatar\/4c6fe0b8b5682ae940351be6ff4f4e5ec65d05b273ab650e6763c04848d63357?s=96&r=g\",\"contentUrl\":\"https:\/\/secure.gravatar.com\/avatar\/4c6fe0b8b5682ae940351be6ff4f4e5ec65d05b273ab650e6763c04848d63357?s=96&r=g\",\"caption\":\"Hernando Abdu salame\"}}]}<\/script>\n<!-- \/ Yoast SEO plugin. -->","yoast_head_json":{"title":"Aspectos legales para alquilar un piso compartido: \u00bfCu\u00e1les son? \u00bfQu\u00e9 dice la ley?","description":"\u00bfEst\u00e1 interesado en alquilar un piso compartido? Conoce cu\u00e1les son los aspectos legales antes de arrendar un apartamento con otra persona","robots":{"index":"index","follow":"follow","max-snippet":"max-snippet:-1","max-image-preview":"max-image-preview:large","max-video-preview":"max-video-preview:-1"},"canonical":"https:\/\/arriendo.com\/co\/blog\/arriendo\/aspectos-legales-que-debe-saber-antes-de-alquilar-un-piso-compartido\/","og_locale":"es_ES","og_type":"article","og_title":"Aspectos legales para alquilar un piso compartido: \u00bfCu\u00e1les son? \u00bfQu\u00e9 dice la ley?","og_description":"\u00bfEst\u00e1 interesado en alquilar un piso compartido? Conoce cu\u00e1les son los aspectos legales antes de arrendar un apartamento con otra persona","og_url":"https:\/\/arriendo.com\/co\/blog\/arriendo\/aspectos-legales-que-debe-saber-antes-de-alquilar-un-piso-compartido\/","og_site_name":"Blog Arriendo.com","article_publisher":"https:\/\/www.facebook.com\/arriendocom","article_published_time":"2022-02-23T15:00:00+00:00","article_modified_time":"2024-10-21T19:59:35+00:00","og_image":[{"width":2048,"height":1365,"url":"https:\/\/arriendo.com\/co\/blog\/wp-content\/uploads\/2022\/02\/alquiler-compartido-scaled.jpeg","type":"image\/jpeg"}],"author":"Hernando Abdu salame","twitter_card":"summary_large_image","twitter_misc":{"Escrito por":"Hernando Abdu salame","Tiempo de lectura":"3 minutos"},"schema":{"@context":"https:\/\/schema.org","@graph":[{"@type":["Article","BlogPosting"],"@id":"https:\/\/arriendo.com\/co\/blog\/arriendo\/aspectos-legales-que-debe-saber-antes-de-alquilar-un-piso-compartido\/#article","isPartOf":{"@id":"https:\/\/arriendo.com\/co\/blog\/arriendo\/aspectos-legales-que-debe-saber-antes-de-alquilar-un-piso-compartido\/"},"author":{"name":"Hernando Abdu salame","@id":"https:\/\/arriendo.com\/co\/blog\/#\/schema\/person\/2f01f3967f9bc1385cf08b3d1fe3883d"},"headline":"Aspectos legales que debe saber antes de alquilar un piso compartido","datePublished":"2022-02-23T15:00:00+00:00","dateModified":"2024-10-21T19:59:35+00:00","mainEntityOfPage":{"@id":"https:\/\/arriendo.com\/co\/blog\/arriendo\/aspectos-legales-que-debe-saber-antes-de-alquilar-un-piso-compartido\/"},"wordCount":551,"publisher":{"@id":"https:\/\/arriendo.com\/co\/blog\/#organization"},"image":{"@id":"https:\/\/arriendo.com\/co\/blog\/arriendo\/aspectos-legales-que-debe-saber-antes-de-alquilar-un-piso-compartido\/#primaryimage"},"thumbnailUrl":"https:\/\/cdn-blog.arriendo.com\/co\/blog\/wp-content\/uploads\/2022\/02\/alquiler-compartido-scaled.jpeg","articleSection":["Arriendo"],"inLanguage":"es"},{"@type":"WebPage","@id":"https:\/\/arriendo.com\/co\/blog\/arriendo\/aspectos-legales-que-debe-saber-antes-de-alquilar-un-piso-compartido\/","url":"https:\/\/arriendo.com\/co\/blog\/arriendo\/aspectos-legales-que-debe-saber-antes-de-alquilar-un-piso-compartido\/","name":"Aspectos legales para alquilar un piso compartido: \u00bfCu\u00e1les son? \u00bfQu\u00e9 dice la ley?","isPartOf":{"@id":"https:\/\/arriendo.com\/co\/blog\/#website"},"primaryImageOfPage":{"@id":"https:\/\/arriendo.com\/co\/blog\/arriendo\/aspectos-legales-que-debe-saber-antes-de-alquilar-un-piso-compartido\/#primaryimage"},"image":{"@id":"https:\/\/arriendo.com\/co\/blog\/arriendo\/aspectos-legales-que-debe-saber-antes-de-alquilar-un-piso-compartido\/#primaryimage"},"thumbnailUrl":"https:\/\/cdn-blog.arriendo.com\/co\/blog\/wp-content\/uploads\/2022\/02\/alquiler-compartido-scaled.jpeg","datePublished":"2022-02-23T15:00:00+00:00","dateModified":"2024-10-21T19:59:35+00:00","description":"\u00bfEst\u00e1 interesado en alquilar un piso compartido? Conoce cu\u00e1les son los aspectos legales antes de arrendar un apartamento con otra persona","breadcrumb":{"@id":"https:\/\/arriendo.com\/co\/blog\/arriendo\/aspectos-legales-que-debe-saber-antes-de-alquilar-un-piso-compartido\/#breadcrumb"},"inLanguage":"es","potentialAction":[{"@type":"ReadAction","target":["https:\/\/arriendo.com\/co\/blog\/arriendo\/aspectos-legales-que-debe-saber-antes-de-alquilar-un-piso-compartido\/"]}]},{"@type":"ImageObject","inLanguage":"es","@id":"https:\/\/arriendo.com\/co\/blog\/arriendo\/aspectos-legales-que-debe-saber-antes-de-alquilar-un-piso-compartido\/#primaryimage","url":"https:\/\/cdn-blog.arriendo.com\/co\/blog\/wp-content\/uploads\/2022\/02\/alquiler-compartido-scaled.jpeg","contentUrl":"https:\/\/cdn-blog.arriendo.com\/co\/blog\/wp-content\/uploads\/2022\/02\/alquiler-compartido-scaled.jpeg","width":2048,"height":1365,"caption":"alquiler-compartido"},{"@type":"BreadcrumbList","@id":"https:\/\/arriendo.com\/co\/blog\/arriendo\/aspectos-legales-que-debe-saber-antes-de-alquilar-un-piso-compartido\/#breadcrumb","itemListElement":[{"@type":"ListItem","position":1,"name":"Inicio","item":"https:\/\/arriendo.com\/co\/blog\/"},{"@type":"ListItem","position":2,"name":"Arriendo","item":"https:\/\/arriendo.com\/co\/blog\/arriendo\/"},{"@type":"ListItem","position":3,"name":"Aspectos legales que debe saber antes de alquilar un piso compartido"}]},{"@type":"WebSite","@id":"https:\/\/arriendo.com\/co\/blog\/#website","url":"https:\/\/arriendo.com\/co\/blog\/","name":"Blog arriendo.com","description":"Abre la puerta de tu pr\u00f3ximo hogar","publisher":{"@id":"https:\/\/arriendo.com\/co\/blog\/#organization"},"alternateName":"Blog Arriendo","potentialAction":[{"@type":"SearchAction","target":{"@type":"EntryPoint","urlTemplate":"https:\/\/arriendo.com\/co\/blog\/?s={search_term_string}"},"query-input":{"@type":"PropertyValueSpecification","valueRequired":true,"valueName":"search_term_string"}}],"inLanguage":"es"},{"@type":"Organization","@id":"https:\/\/arriendo.com\/co\/blog\/#organization","name":"Blog arriendo.com","alternateName":"Arriendo.com","url":"https:\/\/arriendo.com\/co\/blog\/","logo":{"@type":"ImageObject","inLanguage":"es","@id":"https:\/\/arriendo.com\/co\/blog\/#\/schema\/logo\/image\/","url":"https:\/\/arriendo.com\/co\/blog\/wp-content\/uploads\/2020\/02\/logo-arriendo-perfil-rojo-1080x1080-ok-v1.png","contentUrl":"https:\/\/arriendo.com\/co\/blog\/wp-content\/uploads\/2020\/02\/logo-arriendo-perfil-rojo-1080x1080-ok-v1.png","width":1080,"height":1080,"caption":"Blog arriendo.com"},"image":{"@id":"https:\/\/arriendo.com\/co\/blog\/#\/schema\/logo\/image\/"},"sameAs":["https:\/\/www.facebook.com\/arriendocom"]},{"@type":"Person","@id":"https:\/\/arriendo.com\/co\/blog\/#\/schema\/person\/2f01f3967f9bc1385cf08b3d1fe3883d","name":"Hernando Abdu salame","image":{"@type":"ImageObject","inLanguage":"es","@id":"https:\/\/arriendo.com\/co\/blog\/#\/schema\/person\/image\/","url":"https:\/\/secure.gravatar.com\/avatar\/4c6fe0b8b5682ae940351be6ff4f4e5ec65d05b273ab650e6763c04848d63357?s=96&r=g","contentUrl":"https:\/\/secure.gravatar.com\/avatar\/4c6fe0b8b5682ae940351be6ff4f4e5ec65d05b273ab650e6763c04848d63357?s=96&r=g","caption":"Hernando Abdu salame"}}]}},"amp_enabled":true,"_links":{"self":[{"href":"https:\/\/arriendo.com\/co\/blog\/wp-json\/wp\/v2\/posts\/6873","targetHints":{"allow":["GET"]}}],"collection":[{"href":"https:\/\/arriendo.com\/co\/blog\/wp-json\/wp\/v2\/posts"}],"about":[{"href":"https:\/\/arriendo.com\/co\/blog\/wp-json\/wp\/v2\/types\/post"}],"author":[{"embeddable":true,"href":"https:\/\/arriendo.com\/co\/blog\/wp-json\/wp\/v2\/users\/23"}],"replies":[{"embeddable":true,"href":"https:\/\/arriendo.com\/co\/blog\/wp-json\/wp\/v2\/comments?post=6873"}],"version-history":[{"count":2,"href":"https:\/\/arriendo.com\/co\/blog\/wp-json\/wp\/v2\/posts\/6873\/revisions"}],"predecessor-version":[{"id":15708,"href":"https:\/\/arriendo.com\/co\/blog\/wp-json\/wp\/v2\/posts\/6873\/revisions\/15708"}],"wp:featuredmedia":[{"embeddable":true,"href":"https:\/\/arriendo.com\/co\/blog\/wp-json\/wp\/v2\/media\/6902"}],"wp:attachment":[{"href":"https:\/\/arriendo.com\/co\/blog\/wp-json\/wp\/v2\/media?parent=6873"}],"wp:term":[{"taxonomy":"category","embeddable":true,"href":"https:\/\/arriendo.com\/co\/blog\/wp-json\/wp\/v2\/categories?post=6873"},{"taxonomy":"post_tag","embeddable":true,"href":"https:\/\/arriendo.com\/co\/blog\/wp-json\/wp\/v2\/tags?post=6873"}],"curies":[{"name":"wp","href":"https:\/\/api.w.org\/{rel}","templated":true}]}}