{"id":6773,"date":"2022-02-01T11:00:00","date_gmt":"2022-02-01T16:00:00","guid":{"rendered":"https:\/\/arriendo.com\/co\/blog\/?p=6773"},"modified":"2024-10-22T14:37:55","modified_gmt":"2024-10-22T19:37:55","slug":"estratos-en-colombia-que-regula-es-importante-esta-division-socioeconomica","status":"publish","type":"post","link":"https:\/\/arriendo.com\/co\/blog\/arriendo\/estratos-en-colombia-que-regula-es-importante-esta-division-socioeconomica\/","title":{"rendered":"Estratos en Colombia: \u00bfQu\u00e9 regula? \u00bfEs importante est\u00e1 divisi\u00f3n socioecon\u00f3mica?"},"content":{"rendered":"\n<p>La clasificaci\u00f3n y divisi\u00f3n social ha existido en el mundo durante siglos. No solo en la actualidad se generan este tipo de criterios, pues la historia ha resaltado en muchas ocasiones que son componentes que determinan la estabilidad de una sociedad.<\/p>\n\n\n\n<p>Actualmente Colombia est\u00e1 dividida y clasificada visiblemente en diferentes estratificaciones sociales, que se usa para evaluar la calidad de vida que posee un grupo de personas. Es por ello que los estratos sociales son sumamente importantes para convivir, socializar y relacionarse en el pa\u00eds.<\/p>\n\n\n\n<h2 class=\"wp-block-heading\">Pero, \u00bfQu\u00e9 son los estratos sociales?<\/h2>\n\n\n\n<p>Si bien, la estratificaci\u00f3n social son criterios que se utilizan para dividir a la poblaci\u00f3n bas\u00e1ndose en juicios como la riqueza, ocupaci\u00f3n, zona donde vive, estatus social y econ\u00f3mico, entre otras. B\u00e1sicamente se trata de resaltar las desigualdades que se presentan en diferentes clases sociales.<\/p>\n\n\n\n<p>Ahora bien, cada estrato cumple con ciertos aspectos para poder ser identificado, bien sea caracter\u00edsticas socioecon\u00f3micas o demostraci\u00f3n de cualquier tipo de poder ante la sociedad.<\/p>\n\n\n\n<h2 class=\"wp-block-heading\">\u00bfC\u00f3mo funcionan los estratos en Colombia?<\/h2>\n\n\n\n<p>Para comenzar a distinguir esta clasificaci\u00f3n se debe tener en cuenta que la jerarqu\u00eda clasista influye todos los aspectos de vida de los colombianos, no solo en demostrar que existe una cantidad de dinero, sino tambi\u00e9n, determinar, la zona, vivienda, escuela, residencia, apartamento y muchas cosas m\u00e1s.<\/p>\n\n\n\n<p>En primera instancia, la divisi\u00f3n estratigr\u00e1fica sella la identidad de los colombianos, ya que, forma parte de la cotidianidad en muchos aspectos, tanto as\u00ed, que es considerada como una forma predominante de hacer y pensar el orden social.<\/p>\n\n\n\n<h2 class=\"wp-block-heading\">\u00bfC\u00f3mo se dividen?<\/h2>\n\n\n\n<ul class=\"wp-block-list\">\n<li>Estrato 1: Bajo-bajo<\/li>\n\n\n\n<li>Estrato 2: Bajo<\/li>\n\n\n\n<li>Estrato 3: Medio-bajo<\/li>\n\n\n\n<li>Estrato 4: Medio<\/li>\n\n\n\n<li>Estrato 5: Medio-alto<\/li>\n\n\n\n<li>Estrato 6: Alto.<\/li>\n<\/ul>\n\n\n\n<p>Seg\u00fan el Departamento de Planeaci\u00f3n Nacional, los estratos pueden dividirse en 6. Donde el 1 es el nivel m\u00e1s bajo en el contexto socioecon\u00f3mico y el 6 el m\u00e1s alto. Por lo tanto, aquellas personas que habitan en casas o apartamentos dependiendo de la zona, son consideramos de nivel 1,2 y 3, es decir en estratos bajos. Ya que, la mayor\u00eda de ellos reciben ayuda y beneficios por parte del estado.<\/p>\n\n\n\n<h2 class=\"wp-block-heading\">\u00bfQu\u00e9 regula los estratos?<\/h2>\n\n\n\n<p><a href=\"https:\/\/arriendo.com\/co\/blog\/estudio-de-vivienda\/como-influye-el-estrato-social-en-la-valorizacion-de-una-propiedad\/\">El nivel socioecon\u00f3mico<\/a> de cada nivel jer\u00e1rquico regula desde la forma de pensar y la manera de socializar de los colombianos, hasta los servicios p\u00fablicos domiciliarios, impuestos y algunos subsidios para ciertos hogares.<\/p>\n\n\n\n<h2 class=\"wp-block-heading\">\u00bfExiste alguna medida para saber a qu\u00e9 estrato se pertenece?<\/h2>\n\n\n\n<p>El estrato social es una aproximaci\u00f3n a las diferenciaciones socioecon\u00f3micas jerarquizadas, por lo tanto, conocer cu\u00e1l es la estratificaci\u00f3n a la cual se pertenece va acorde al estado f\u00edsico, externo e interno de la vivienda y desde luego la zona donde se encuentre el inmueble. Pues el hogar es b\u00e1sicamente el medidor para determinar el nivel de estrato al que se pertenece.<\/p>\n\n\n\n<h2 class=\"wp-block-heading\">Imaginario colectivo<\/h2>\n\n\n\n<p>La estratificaci\u00f3n tiene tres d\u00e9cadas clasificando a la poblaci\u00f3n colombiana. Por tanto, se ha ido construyendo un imaginario colectivo que es influenciado por los estratos de cualquier nivel. Tambi\u00e9n, hace que se involucren aspectos ideol\u00f3gicos que forman parte de la vivencia del colombiano.<\/p>\n\n\n\n<p><strong>Le puede interesar:<\/strong> <a href=\"https:\/\/arriendo.com\/co\/blog\/estudio-de-vivienda\/precios-del-metro-cuadrado-segun-estratos\/\">Precios del metro cuadrado seg\u00fan estratos<\/a><\/p>\n","protected":false},"excerpt":{"rendered":"<p>La clasificaci\u00f3n y divisi\u00f3n social ha existido en el mundo durante siglos. No solo en la actualidad se generan este tipo de criterios, pues la historia ha resaltado en muchas ocasiones que son componentes que determinan la estabilidad de una sociedad<\/p>\n","protected":false},"author":23,"featured_media":6795,"comment_status":"closed","ping_status":"closed","sticky":false,"template":"","format":"standard","meta":{"_acf_changed":false,"footnotes":""},"categories":[118],"tags":[],"class_list":["post-6773","post","type-post","status-publish","format-standard","has-post-thumbnail","hentry","category-arriendo"],"acf":[],"nelio_content":{"isAutoShareEnabled":true,"autoShareEndMode":"never","automationSources":{"useCustomSentences":false,"customSentences":[]},"followers":[],"suggestedReferences":[],"efiUrl":"","efiAlt":"","highlights":[],"permalinkQueryArgs":[],"series":[]},"yoast_head":"<!-- This site is optimized with the Yoast SEO plugin v25.4 - https:\/\/yoast.com\/wordpress\/plugins\/seo\/ -->\n<title>Divisi\u00f3n socioecon\u00f3mica: conozca qu\u00e9 son los estratos en Colombia<\/title>\n<meta name=\"description\" content=\"En los pa\u00edses existe una divisi\u00f3n socioecon\u00f3mica que regula y condicionan las relaciones sociales de las personas. Pues los criterios de riqueza, estatus, ocupaci\u00f3n y poder son sumamente importantes para el desenvolvimiento y organizaci\u00f3n de una sociedad\" \/>\n<meta name=\"robots\" content=\"index, follow, max-snippet:-1, max-image-preview:large, max-video-preview:-1\" \/>\n<link rel=\"canonical\" href=\"https:\/\/arriendo.com\/co\/blog\/arriendo\/estratos-en-colombia-que-regula-es-importante-esta-division-socioeconomica\/\" \/>\n<meta property=\"og:locale\" content=\"es_ES\" \/>\n<meta property=\"og:type\" content=\"article\" \/>\n<meta property=\"og:title\" content=\"Divisi\u00f3n socioecon\u00f3mica: conozca qu\u00e9 son los estratos en Colombia\" \/>\n<meta property=\"og:description\" content=\"En los pa\u00edses existe una divisi\u00f3n socioecon\u00f3mica que regula y condicionan las relaciones sociales de las personas. Pues los criterios de riqueza, estatus, ocupaci\u00f3n y poder son sumamente importantes para el desenvolvimiento y organizaci\u00f3n de una sociedad\" \/>\n<meta property=\"og:url\" content=\"https:\/\/arriendo.com\/co\/blog\/arriendo\/estratos-en-colombia-que-regula-es-importante-esta-division-socioeconomica\/\" \/>\n<meta property=\"og:site_name\" content=\"Blog Arriendo.com\" \/>\n<meta property=\"article:publisher\" content=\"https:\/\/www.facebook.com\/arriendocom\" \/>\n<meta property=\"article:published_time\" content=\"2022-02-01T16:00:00+00:00\" \/>\n<meta property=\"article:modified_time\" content=\"2024-10-22T19:37:55+00:00\" \/>\n<meta property=\"og:image\" content=\"https:\/\/arriendo.com\/co\/blog\/wp-content\/uploads\/2022\/02\/division-socioeconomica-scaled.jpeg\" \/>\n\t<meta property=\"og:image:width\" content=\"2048\" \/>\n\t<meta property=\"og:image:height\" content=\"1367\" \/>\n\t<meta property=\"og:image:type\" content=\"image\/jpeg\" \/>\n<meta name=\"author\" content=\"Hernando Abdu salame\" \/>\n<meta name=\"twitter:card\" content=\"summary_large_image\" \/>\n<meta name=\"twitter:label1\" content=\"Escrito por\" \/>\n\t<meta name=\"twitter:data1\" content=\"Hernando Abdu salame\" \/>\n\t<meta name=\"twitter:label2\" content=\"Tiempo de lectura\" \/>\n\t<meta name=\"twitter:data2\" content=\"3 minutos\" \/>\n<script type=\"application\/ld+json\" class=\"yoast-schema-graph\">{\"@context\":\"https:\/\/schema.org\",\"@graph\":[{\"@type\":[\"Article\",\"BlogPosting\"],\"@id\":\"https:\/\/arriendo.com\/co\/blog\/arriendo\/estratos-en-colombia-que-regula-es-importante-esta-division-socioeconomica\/#article\",\"isPartOf\":{\"@id\":\"https:\/\/arriendo.com\/co\/blog\/arriendo\/estratos-en-colombia-que-regula-es-importante-esta-division-socioeconomica\/\"},\"author\":{\"name\":\"Hernando Abdu salame\",\"@id\":\"https:\/\/arriendo.com\/co\/blog\/#\/schema\/person\/2f01f3967f9bc1385cf08b3d1fe3883d\"},\"headline\":\"Estratos en Colombia: \u00bfQu\u00e9 regula? \u00bfEs importante est\u00e1 divisi\u00f3n socioecon\u00f3mica?\",\"datePublished\":\"2022-02-01T16:00:00+00:00\",\"dateModified\":\"2024-10-22T19:37:55+00:00\",\"mainEntityOfPage\":{\"@id\":\"https:\/\/arriendo.com\/co\/blog\/arriendo\/estratos-en-colombia-que-regula-es-importante-esta-division-socioeconomica\/\"},\"wordCount\":550,\"publisher\":{\"@id\":\"https:\/\/arriendo.com\/co\/blog\/#organization\"},\"image\":{\"@id\":\"https:\/\/arriendo.com\/co\/blog\/arriendo\/estratos-en-colombia-que-regula-es-importante-esta-division-socioeconomica\/#primaryimage\"},\"thumbnailUrl\":\"https:\/\/cdn-blog.arriendo.com\/co\/blog\/wp-content\/uploads\/2022\/02\/division-socioeconomica-scaled.jpeg\",\"articleSection\":[\"Arriendo\"],\"inLanguage\":\"es\"},{\"@type\":\"WebPage\",\"@id\":\"https:\/\/arriendo.com\/co\/blog\/arriendo\/estratos-en-colombia-que-regula-es-importante-esta-division-socioeconomica\/\",\"url\":\"https:\/\/arriendo.com\/co\/blog\/arriendo\/estratos-en-colombia-que-regula-es-importante-esta-division-socioeconomica\/\",\"name\":\"Divisi\u00f3n socioecon\u00f3mica: conozca qu\u00e9 son los estratos en Colombia\",\"isPartOf\":{\"@id\":\"https:\/\/arriendo.com\/co\/blog\/#website\"},\"primaryImageOfPage\":{\"@id\":\"https:\/\/arriendo.com\/co\/blog\/arriendo\/estratos-en-colombia-que-regula-es-importante-esta-division-socioeconomica\/#primaryimage\"},\"image\":{\"@id\":\"https:\/\/arriendo.com\/co\/blog\/arriendo\/estratos-en-colombia-que-regula-es-importante-esta-division-socioeconomica\/#primaryimage\"},\"thumbnailUrl\":\"https:\/\/cdn-blog.arriendo.com\/co\/blog\/wp-content\/uploads\/2022\/02\/division-socioeconomica-scaled.jpeg\",\"datePublished\":\"2022-02-01T16:00:00+00:00\",\"dateModified\":\"2024-10-22T19:37:55+00:00\",\"description\":\"En los pa\u00edses existe una divisi\u00f3n socioecon\u00f3mica que regula y condicionan las relaciones sociales de las personas. Pues los criterios de riqueza, estatus, ocupaci\u00f3n y poder son sumamente importantes para el desenvolvimiento y organizaci\u00f3n de una sociedad\",\"breadcrumb\":{\"@id\":\"https:\/\/arriendo.com\/co\/blog\/arriendo\/estratos-en-colombia-que-regula-es-importante-esta-division-socioeconomica\/#breadcrumb\"},\"inLanguage\":\"es\",\"potentialAction\":[{\"@type\":\"ReadAction\",\"target\":[\"https:\/\/arriendo.com\/co\/blog\/arriendo\/estratos-en-colombia-que-regula-es-importante-esta-division-socioeconomica\/\"]}]},{\"@type\":\"ImageObject\",\"inLanguage\":\"es\",\"@id\":\"https:\/\/arriendo.com\/co\/blog\/arriendo\/estratos-en-colombia-que-regula-es-importante-esta-division-socioeconomica\/#primaryimage\",\"url\":\"https:\/\/cdn-blog.arriendo.com\/co\/blog\/wp-content\/uploads\/2022\/02\/division-socioeconomica-scaled.jpeg\",\"contentUrl\":\"https:\/\/cdn-blog.arriendo.com\/co\/blog\/wp-content\/uploads\/2022\/02\/division-socioeconomica-scaled.jpeg\",\"width\":2048,\"height\":1367,\"caption\":\"division-socioeconomica\"},{\"@type\":\"BreadcrumbList\",\"@id\":\"https:\/\/arriendo.com\/co\/blog\/arriendo\/estratos-en-colombia-que-regula-es-importante-esta-division-socioeconomica\/#breadcrumb\",\"itemListElement\":[{\"@type\":\"ListItem\",\"position\":1,\"name\":\"Inicio\",\"item\":\"https:\/\/arriendo.com\/co\/blog\/\"},{\"@type\":\"ListItem\",\"position\":2,\"name\":\"Arriendo\",\"item\":\"https:\/\/arriendo.com\/co\/blog\/arriendo\/\"},{\"@type\":\"ListItem\",\"position\":3,\"name\":\"Estratos en Colombia: \u00bfQu\u00e9 regula? \u00bfEs importante est\u00e1 divisi\u00f3n socioecon\u00f3mica?\"}]},{\"@type\":\"WebSite\",\"@id\":\"https:\/\/arriendo.com\/co\/blog\/#website\",\"url\":\"https:\/\/arriendo.com\/co\/blog\/\",\"name\":\"Blog arriendo.com\",\"description\":\"Abre la puerta de tu pr\u00f3ximo hogar\",\"publisher\":{\"@id\":\"https:\/\/arriendo.com\/co\/blog\/#organization\"},\"alternateName\":\"Blog Arriendo\",\"potentialAction\":[{\"@type\":\"SearchAction\",\"target\":{\"@type\":\"EntryPoint\",\"urlTemplate\":\"https:\/\/arriendo.com\/co\/blog\/?s={search_term_string}\"},\"query-input\":{\"@type\":\"PropertyValueSpecification\",\"valueRequired\":true,\"valueName\":\"search_term_string\"}}],\"inLanguage\":\"es\"},{\"@type\":\"Organization\",\"@id\":\"https:\/\/arriendo.com\/co\/blog\/#organization\",\"name\":\"Blog arriendo.com\",\"alternateName\":\"Arriendo.com\",\"url\":\"https:\/\/arriendo.com\/co\/blog\/\",\"logo\":{\"@type\":\"ImageObject\",\"inLanguage\":\"es\",\"@id\":\"https:\/\/arriendo.com\/co\/blog\/#\/schema\/logo\/image\/\",\"url\":\"https:\/\/arriendo.com\/co\/blog\/wp-content\/uploads\/2020\/02\/logo-arriendo-perfil-rojo-1080x1080-ok-v1.png\",\"contentUrl\":\"https:\/\/arriendo.com\/co\/blog\/wp-content\/uploads\/2020\/02\/logo-arriendo-perfil-rojo-1080x1080-ok-v1.png\",\"width\":1080,\"height\":1080,\"caption\":\"Blog arriendo.com\"},\"image\":{\"@id\":\"https:\/\/arriendo.com\/co\/blog\/#\/schema\/logo\/image\/\"},\"sameAs\":[\"https:\/\/www.facebook.com\/arriendocom\"]},{\"@type\":\"Person\",\"@id\":\"https:\/\/arriendo.com\/co\/blog\/#\/schema\/person\/2f01f3967f9bc1385cf08b3d1fe3883d\",\"name\":\"Hernando Abdu salame\",\"image\":{\"@type\":\"ImageObject\",\"inLanguage\":\"es\",\"@id\":\"https:\/\/arriendo.com\/co\/blog\/#\/schema\/person\/image\/\",\"url\":\"https:\/\/secure.gravatar.com\/avatar\/4c6fe0b8b5682ae940351be6ff4f4e5ec65d05b273ab650e6763c04848d63357?s=96&r=g\",\"contentUrl\":\"https:\/\/secure.gravatar.com\/avatar\/4c6fe0b8b5682ae940351be6ff4f4e5ec65d05b273ab650e6763c04848d63357?s=96&r=g\",\"caption\":\"Hernando Abdu salame\"}}]}<\/script>\n<!-- \/ Yoast SEO plugin. -->","yoast_head_json":{"title":"Divisi\u00f3n socioecon\u00f3mica: conozca qu\u00e9 son los estratos en Colombia","description":"En los pa\u00edses existe una divisi\u00f3n socioecon\u00f3mica que regula y condicionan las relaciones sociales de las personas. Pues los criterios de riqueza, estatus, ocupaci\u00f3n y poder son sumamente importantes para el desenvolvimiento y organizaci\u00f3n de una sociedad","robots":{"index":"index","follow":"follow","max-snippet":"max-snippet:-1","max-image-preview":"max-image-preview:large","max-video-preview":"max-video-preview:-1"},"canonical":"https:\/\/arriendo.com\/co\/blog\/arriendo\/estratos-en-colombia-que-regula-es-importante-esta-division-socioeconomica\/","og_locale":"es_ES","og_type":"article","og_title":"Divisi\u00f3n socioecon\u00f3mica: conozca qu\u00e9 son los estratos en Colombia","og_description":"En los pa\u00edses existe una divisi\u00f3n socioecon\u00f3mica que regula y condicionan las relaciones sociales de las personas. Pues los criterios de riqueza, estatus, ocupaci\u00f3n y poder son sumamente importantes para el desenvolvimiento y organizaci\u00f3n de una sociedad","og_url":"https:\/\/arriendo.com\/co\/blog\/arriendo\/estratos-en-colombia-que-regula-es-importante-esta-division-socioeconomica\/","og_site_name":"Blog Arriendo.com","article_publisher":"https:\/\/www.facebook.com\/arriendocom","article_published_time":"2022-02-01T16:00:00+00:00","article_modified_time":"2024-10-22T19:37:55+00:00","og_image":[{"width":2048,"height":1367,"url":"https:\/\/arriendo.com\/co\/blog\/wp-content\/uploads\/2022\/02\/division-socioeconomica-scaled.jpeg","type":"image\/jpeg"}],"author":"Hernando Abdu salame","twitter_card":"summary_large_image","twitter_misc":{"Escrito por":"Hernando Abdu salame","Tiempo de lectura":"3 minutos"},"schema":{"@context":"https:\/\/schema.org","@graph":[{"@type":["Article","BlogPosting"],"@id":"https:\/\/arriendo.com\/co\/blog\/arriendo\/estratos-en-colombia-que-regula-es-importante-esta-division-socioeconomica\/#article","isPartOf":{"@id":"https:\/\/arriendo.com\/co\/blog\/arriendo\/estratos-en-colombia-que-regula-es-importante-esta-division-socioeconomica\/"},"author":{"name":"Hernando Abdu salame","@id":"https:\/\/arriendo.com\/co\/blog\/#\/schema\/person\/2f01f3967f9bc1385cf08b3d1fe3883d"},"headline":"Estratos en Colombia: \u00bfQu\u00e9 regula? \u00bfEs importante est\u00e1 divisi\u00f3n socioecon\u00f3mica?","datePublished":"2022-02-01T16:00:00+00:00","dateModified":"2024-10-22T19:37:55+00:00","mainEntityOfPage":{"@id":"https:\/\/arriendo.com\/co\/blog\/arriendo\/estratos-en-colombia-que-regula-es-importante-esta-division-socioeconomica\/"},"wordCount":550,"publisher":{"@id":"https:\/\/arriendo.com\/co\/blog\/#organization"},"image":{"@id":"https:\/\/arriendo.com\/co\/blog\/arriendo\/estratos-en-colombia-que-regula-es-importante-esta-division-socioeconomica\/#primaryimage"},"thumbnailUrl":"https:\/\/cdn-blog.arriendo.com\/co\/blog\/wp-content\/uploads\/2022\/02\/division-socioeconomica-scaled.jpeg","articleSection":["Arriendo"],"inLanguage":"es"},{"@type":"WebPage","@id":"https:\/\/arriendo.com\/co\/blog\/arriendo\/estratos-en-colombia-que-regula-es-importante-esta-division-socioeconomica\/","url":"https:\/\/arriendo.com\/co\/blog\/arriendo\/estratos-en-colombia-que-regula-es-importante-esta-division-socioeconomica\/","name":"Divisi\u00f3n socioecon\u00f3mica: conozca qu\u00e9 son los estratos en Colombia","isPartOf":{"@id":"https:\/\/arriendo.com\/co\/blog\/#website"},"primaryImageOfPage":{"@id":"https:\/\/arriendo.com\/co\/blog\/arriendo\/estratos-en-colombia-que-regula-es-importante-esta-division-socioeconomica\/#primaryimage"},"image":{"@id":"https:\/\/arriendo.com\/co\/blog\/arriendo\/estratos-en-colombia-que-regula-es-importante-esta-division-socioeconomica\/#primaryimage"},"thumbnailUrl":"https:\/\/cdn-blog.arriendo.com\/co\/blog\/wp-content\/uploads\/2022\/02\/division-socioeconomica-scaled.jpeg","datePublished":"2022-02-01T16:00:00+00:00","dateModified":"2024-10-22T19:37:55+00:00","description":"En los pa\u00edses existe una divisi\u00f3n socioecon\u00f3mica que regula y condicionan las relaciones sociales de las personas. Pues los criterios de riqueza, estatus, ocupaci\u00f3n y poder son sumamente importantes para el desenvolvimiento y organizaci\u00f3n de una sociedad","breadcrumb":{"@id":"https:\/\/arriendo.com\/co\/blog\/arriendo\/estratos-en-colombia-que-regula-es-importante-esta-division-socioeconomica\/#breadcrumb"},"inLanguage":"es","potentialAction":[{"@type":"ReadAction","target":["https:\/\/arriendo.com\/co\/blog\/arriendo\/estratos-en-colombia-que-regula-es-importante-esta-division-socioeconomica\/"]}]},{"@type":"ImageObject","inLanguage":"es","@id":"https:\/\/arriendo.com\/co\/blog\/arriendo\/estratos-en-colombia-que-regula-es-importante-esta-division-socioeconomica\/#primaryimage","url":"https:\/\/cdn-blog.arriendo.com\/co\/blog\/wp-content\/uploads\/2022\/02\/division-socioeconomica-scaled.jpeg","contentUrl":"https:\/\/cdn-blog.arriendo.com\/co\/blog\/wp-content\/uploads\/2022\/02\/division-socioeconomica-scaled.jpeg","width":2048,"height":1367,"caption":"division-socioeconomica"},{"@type":"BreadcrumbList","@id":"https:\/\/arriendo.com\/co\/blog\/arriendo\/estratos-en-colombia-que-regula-es-importante-esta-division-socioeconomica\/#breadcrumb","itemListElement":[{"@type":"ListItem","position":1,"name":"Inicio","item":"https:\/\/arriendo.com\/co\/blog\/"},{"@type":"ListItem","position":2,"name":"Arriendo","item":"https:\/\/arriendo.com\/co\/blog\/arriendo\/"},{"@type":"ListItem","position":3,"name":"Estratos en Colombia: \u00bfQu\u00e9 regula? \u00bfEs importante est\u00e1 divisi\u00f3n socioecon\u00f3mica?"}]},{"@type":"WebSite","@id":"https:\/\/arriendo.com\/co\/blog\/#website","url":"https:\/\/arriendo.com\/co\/blog\/","name":"Blog arriendo.com","description":"Abre la puerta de tu pr\u00f3ximo hogar","publisher":{"@id":"https:\/\/arriendo.com\/co\/blog\/#organization"},"alternateName":"Blog Arriendo","potentialAction":[{"@type":"SearchAction","target":{"@type":"EntryPoint","urlTemplate":"https:\/\/arriendo.com\/co\/blog\/?s={search_term_string}"},"query-input":{"@type":"PropertyValueSpecification","valueRequired":true,"valueName":"search_term_string"}}],"inLanguage":"es"},{"@type":"Organization","@id":"https:\/\/arriendo.com\/co\/blog\/#organization","name":"Blog arriendo.com","alternateName":"Arriendo.com","url":"https:\/\/arriendo.com\/co\/blog\/","logo":{"@type":"ImageObject","inLanguage":"es","@id":"https:\/\/arriendo.com\/co\/blog\/#\/schema\/logo\/image\/","url":"https:\/\/arriendo.com\/co\/blog\/wp-content\/uploads\/2020\/02\/logo-arriendo-perfil-rojo-1080x1080-ok-v1.png","contentUrl":"https:\/\/arriendo.com\/co\/blog\/wp-content\/uploads\/2020\/02\/logo-arriendo-perfil-rojo-1080x1080-ok-v1.png","width":1080,"height":1080,"caption":"Blog arriendo.com"},"image":{"@id":"https:\/\/arriendo.com\/co\/blog\/#\/schema\/logo\/image\/"},"sameAs":["https:\/\/www.facebook.com\/arriendocom"]},{"@type":"Person","@id":"https:\/\/arriendo.com\/co\/blog\/#\/schema\/person\/2f01f3967f9bc1385cf08b3d1fe3883d","name":"Hernando Abdu salame","image":{"@type":"ImageObject","inLanguage":"es","@id":"https:\/\/arriendo.com\/co\/blog\/#\/schema\/person\/image\/","url":"https:\/\/secure.gravatar.com\/avatar\/4c6fe0b8b5682ae940351be6ff4f4e5ec65d05b273ab650e6763c04848d63357?s=96&r=g","contentUrl":"https:\/\/secure.gravatar.com\/avatar\/4c6fe0b8b5682ae940351be6ff4f4e5ec65d05b273ab650e6763c04848d63357?s=96&r=g","caption":"Hernando Abdu salame"}}]}},"amp_enabled":true,"_links":{"self":[{"href":"https:\/\/arriendo.com\/co\/blog\/wp-json\/wp\/v2\/posts\/6773","targetHints":{"allow":["GET"]}}],"collection":[{"href":"https:\/\/arriendo.com\/co\/blog\/wp-json\/wp\/v2\/posts"}],"about":[{"href":"https:\/\/arriendo.com\/co\/blog\/wp-json\/wp\/v2\/types\/post"}],"author":[{"embeddable":true,"href":"https:\/\/arriendo.com\/co\/blog\/wp-json\/wp\/v2\/users\/23"}],"replies":[{"embeddable":true,"href":"https:\/\/arriendo.com\/co\/blog\/wp-json\/wp\/v2\/comments?post=6773"}],"version-history":[{"count":2,"href":"https:\/\/arriendo.com\/co\/blog\/wp-json\/wp\/v2\/posts\/6773\/revisions"}],"predecessor-version":[{"id":15948,"href":"https:\/\/arriendo.com\/co\/blog\/wp-json\/wp\/v2\/posts\/6773\/revisions\/15948"}],"wp:featuredmedia":[{"embeddable":true,"href":"https:\/\/arriendo.com\/co\/blog\/wp-json\/wp\/v2\/media\/6795"}],"wp:attachment":[{"href":"https:\/\/arriendo.com\/co\/blog\/wp-json\/wp\/v2\/media?parent=6773"}],"wp:term":[{"taxonomy":"category","embeddable":true,"href":"https:\/\/arriendo.com\/co\/blog\/wp-json\/wp\/v2\/categories?post=6773"},{"taxonomy":"post_tag","embeddable":true,"href":"https:\/\/arriendo.com\/co\/blog\/wp-json\/wp\/v2\/tags?post=6773"}],"curies":[{"name":"wp","href":"https:\/\/api.w.org\/{rel}","templated":true}]}}