{"id":6609,"date":"2021-12-23T11:00:00","date_gmt":"2021-12-23T16:00:00","guid":{"rendered":"https:\/\/arriendo.com\/co\/blog\/?p=6609"},"modified":"2024-10-24T16:41:27","modified_gmt":"2024-10-24T21:41:27","slug":"consejos-para-compartir-una-vivienda-arrendada","status":"publish","type":"post","link":"https:\/\/arriendo.com\/co\/blog\/consejos\/consejos-para-compartir-una-vivienda-arrendada\/","title":{"rendered":"Consejos para compartir una vivienda arrendada"},"content":{"rendered":"\n<p>En la actualidad es com\u00fan ver que 2 o m\u00e1s personas alquilan en una misma vivienda, esto ocurre en \u00e1reas grandes y los propietarios tienden a alquilar los cuartos de forma separada. En este caso es necesario que los inquilinos tengan alternativas para decidir antes de alquilar la vivienda.<\/p>\n\n\n\n<p>Las personas que deseen <strong>alquilar una vivienda de forma compartida<\/strong> para reducir gastos, es necesario que tengan en cuenta algunos puntos, tanto del punto de vista legal, como de convivencia.<\/p>\n\n\n\n<h2 class=\"wp-block-heading\">Inspeccionar la vivienda<\/h2>\n\n\n\n<p>Lo primero que tienen que considerar los inquilinos es que no vivir\u00e1n solos, es decir que no tendr\u00e1n completa privacidad. Es necesario que se aseguren si el ba\u00f1o y la cocina son \u00e1reas comunes; adem\u00e1s que la puerta del dormitorio sea segura. Es importante que los inquilinos acepten las condiciones, y que \u00e9stas se adapten a sus necesidades.<\/p>\n\n\n\n<h2 class=\"wp-block-heading\">Conocer a los compa\u00f1eros<\/h2>\n\n\n\n<p>Siempre es bueno que los inquilinos interact\u00faen entre s\u00ed, y haya una buena relaci\u00f3n entre las partes. Debido a esto es bueno que se conozcan, adem\u00e1s que tambi\u00e9n puedan llegar a acuerdos para asignar las tareas dom\u00e9sticas.<\/p>\n\n\n\n<p>Esto \u00faltimo es importante, ya que la mayor\u00eda de los inquilinos, tienen que trabajar o estudiar y no pasan mucho tiempo en la casa, de esta forma es posible que lleguen a un acuerdo para evitar problemas.<\/p>\n\n\n\n<h2 class=\"wp-block-heading\">El ruido de noche<\/h2>\n\n\n\n<p>Si hay un problema com\u00fan entre personas que alquilan vivienda juntos, es por el ruido en la noche. Es necesario que ambas partes lleguen a un acuerdo y establecer las horas en que se pueda hacer ruido.<\/p>\n\n\n\n<p>En el caso de que alguno tenga visitas y se queden hasta horas de la noche, es recomendable que primero le avise a su compa\u00f1ero, y de esta forma es posible evitar problemas.<\/p>\n\n\n\n<h2 class=\"wp-block-heading\">Servicios b\u00e1sicos<\/h2>\n\n\n\n<p>Este es una parte muy importante debido a que en Colombia los servicios pueden ser muy costosos. En este caso es importante que ambas partes hablen con el propietario y determinen si el pago de los servicios b\u00e1sicos, ser\u00e1 sufragado de forma individual o en com\u00fan.<\/p>\n\n\n\n<p><strong>Le puede interesar:<\/strong> <a href=\"https:\/\/arriendo.com\/co\/blog\/consejos\/\">Consejos de seguridad si comparte apartamento<\/a><\/p>\n","protected":false},"excerpt":{"rendered":"<p>En la actualidad es com\u00fan ver que 2 o m\u00e1s personas alquilan en una misma vivienda, esto ocurre en \u00e1reas grandes y los propietarios tienden a alquilar los cuartos de forma separada<\/p>\n","protected":false},"author":23,"featured_media":6617,"comment_status":"open","ping_status":"closed","sticky":false,"template":"","format":"standard","meta":{"_acf_changed":false,"footnotes":""},"categories":[107],"tags":[],"class_list":["post-6609","post","type-post","status-publish","format-standard","has-post-thumbnail","hentry","category-consejos"],"acf":[],"nelio_content":{"isAutoShareEnabled":true,"autoShareEndMode":"never","automationSources":{"useCustomSentences":false,"customSentences":[]},"followers":[],"suggestedReferences":[],"efiUrl":"","efiAlt":"","highlights":[],"permalinkQueryArgs":[],"series":[]},"yoast_head":"<!-- This site is optimized with the Yoast SEO plugin v25.4 - https:\/\/yoast.com\/wordpress\/plugins\/seo\/ -->\n<title>Consejos para compartir una vivienda arrendada<\/title>\n<meta name=\"description\" content=\"Este art\u00edculo est\u00e1 destinado para asesorar a personas que desean alquilar vivienda de forma compartida\" \/>\n<meta name=\"robots\" content=\"index, follow, max-snippet:-1, max-image-preview:large, max-video-preview:-1\" \/>\n<link rel=\"canonical\" href=\"https:\/\/arriendo.com\/co\/blog\/consejos\/consejos-para-compartir-una-vivienda-arrendada\/\" \/>\n<meta property=\"og:locale\" content=\"es_ES\" \/>\n<meta property=\"og:type\" content=\"article\" \/>\n<meta property=\"og:title\" content=\"Consejos para compartir una vivienda arrendada\" \/>\n<meta property=\"og:description\" content=\"Este art\u00edculo est\u00e1 destinado para asesorar a personas que desean alquilar vivienda de forma compartida\" \/>\n<meta property=\"og:url\" content=\"https:\/\/arriendo.com\/co\/blog\/consejos\/consejos-para-compartir-una-vivienda-arrendada\/\" \/>\n<meta property=\"og:site_name\" content=\"Blog Arriendo.com\" \/>\n<meta property=\"article:publisher\" content=\"https:\/\/www.facebook.com\/arriendocom\" \/>\n<meta property=\"article:published_time\" content=\"2021-12-23T16:00:00+00:00\" \/>\n<meta property=\"article:modified_time\" content=\"2024-10-24T21:41:27+00:00\" \/>\n<meta property=\"og:image\" content=\"https:\/\/arriendo.com\/co\/blog\/wp-content\/uploads\/2021\/12\/compartir-vivienda-arrendada-scaled.jpeg\" \/>\n\t<meta property=\"og:image:width\" content=\"2048\" \/>\n\t<meta property=\"og:image:height\" content=\"1365\" \/>\n\t<meta property=\"og:image:type\" content=\"image\/jpeg\" \/>\n<meta name=\"author\" content=\"Hernando Abdu salame\" \/>\n<meta name=\"twitter:card\" content=\"summary_large_image\" \/>\n<meta name=\"twitter:label1\" content=\"Escrito por\" \/>\n\t<meta name=\"twitter:data1\" content=\"Hernando Abdu salame\" \/>\n\t<meta name=\"twitter:label2\" content=\"Tiempo de lectura\" \/>\n\t<meta name=\"twitter:data2\" content=\"2 minutos\" \/>\n<script type=\"application\/ld+json\" class=\"yoast-schema-graph\">{\"@context\":\"https:\/\/schema.org\",\"@graph\":[{\"@type\":[\"Article\",\"BlogPosting\"],\"@id\":\"https:\/\/arriendo.com\/co\/blog\/consejos\/consejos-para-compartir-una-vivienda-arrendada\/#article\",\"isPartOf\":{\"@id\":\"https:\/\/arriendo.com\/co\/blog\/consejos\/consejos-para-compartir-una-vivienda-arrendada\/\"},\"author\":{\"name\":\"Hernando Abdu salame\",\"@id\":\"https:\/\/arriendo.com\/co\/blog\/#\/schema\/person\/2f01f3967f9bc1385cf08b3d1fe3883d\"},\"headline\":\"Consejos para compartir una vivienda arrendada\",\"datePublished\":\"2021-12-23T16:00:00+00:00\",\"dateModified\":\"2024-10-24T21:41:27+00:00\",\"mainEntityOfPage\":{\"@id\":\"https:\/\/arriendo.com\/co\/blog\/consejos\/consejos-para-compartir-una-vivienda-arrendada\/\"},\"wordCount\":372,\"commentCount\":0,\"publisher\":{\"@id\":\"https:\/\/arriendo.com\/co\/blog\/#organization\"},\"image\":{\"@id\":\"https:\/\/arriendo.com\/co\/blog\/consejos\/consejos-para-compartir-una-vivienda-arrendada\/#primaryimage\"},\"thumbnailUrl\":\"https:\/\/cdn-blog.arriendo.com\/co\/blog\/wp-content\/uploads\/2021\/12\/compartir-vivienda-arrendada-scaled.jpeg\",\"articleSection\":[\"Consejos\"],\"inLanguage\":\"es\",\"potentialAction\":[{\"@type\":\"CommentAction\",\"name\":\"Comment\",\"target\":[\"https:\/\/arriendo.com\/co\/blog\/consejos\/consejos-para-compartir-una-vivienda-arrendada\/#respond\"]}]},{\"@type\":\"WebPage\",\"@id\":\"https:\/\/arriendo.com\/co\/blog\/consejos\/consejos-para-compartir-una-vivienda-arrendada\/\",\"url\":\"https:\/\/arriendo.com\/co\/blog\/consejos\/consejos-para-compartir-una-vivienda-arrendada\/\",\"name\":\"Consejos para compartir una vivienda arrendada\",\"isPartOf\":{\"@id\":\"https:\/\/arriendo.com\/co\/blog\/#website\"},\"primaryImageOfPage\":{\"@id\":\"https:\/\/arriendo.com\/co\/blog\/consejos\/consejos-para-compartir-una-vivienda-arrendada\/#primaryimage\"},\"image\":{\"@id\":\"https:\/\/arriendo.com\/co\/blog\/consejos\/consejos-para-compartir-una-vivienda-arrendada\/#primaryimage\"},\"thumbnailUrl\":\"https:\/\/cdn-blog.arriendo.com\/co\/blog\/wp-content\/uploads\/2021\/12\/compartir-vivienda-arrendada-scaled.jpeg\",\"datePublished\":\"2021-12-23T16:00:00+00:00\",\"dateModified\":\"2024-10-24T21:41:27+00:00\",\"description\":\"Este art\u00edculo est\u00e1 destinado para asesorar a personas que desean alquilar vivienda de forma compartida\",\"breadcrumb\":{\"@id\":\"https:\/\/arriendo.com\/co\/blog\/consejos\/consejos-para-compartir-una-vivienda-arrendada\/#breadcrumb\"},\"inLanguage\":\"es\",\"potentialAction\":[{\"@type\":\"ReadAction\",\"target\":[\"https:\/\/arriendo.com\/co\/blog\/consejos\/consejos-para-compartir-una-vivienda-arrendada\/\"]}]},{\"@type\":\"ImageObject\",\"inLanguage\":\"es\",\"@id\":\"https:\/\/arriendo.com\/co\/blog\/consejos\/consejos-para-compartir-una-vivienda-arrendada\/#primaryimage\",\"url\":\"https:\/\/cdn-blog.arriendo.com\/co\/blog\/wp-content\/uploads\/2021\/12\/compartir-vivienda-arrendada-scaled.jpeg\",\"contentUrl\":\"https:\/\/cdn-blog.arriendo.com\/co\/blog\/wp-content\/uploads\/2021\/12\/compartir-vivienda-arrendada-scaled.jpeg\",\"width\":2048,\"height\":1365,\"caption\":\"compartir-vivienda-arrendada\"},{\"@type\":\"BreadcrumbList\",\"@id\":\"https:\/\/arriendo.com\/co\/blog\/consejos\/consejos-para-compartir-una-vivienda-arrendada\/#breadcrumb\",\"itemListElement\":[{\"@type\":\"ListItem\",\"position\":1,\"name\":\"Inicio\",\"item\":\"https:\/\/arriendo.com\/co\/blog\/\"},{\"@type\":\"ListItem\",\"position\":2,\"name\":\"Consejos\",\"item\":\"https:\/\/arriendo.com\/co\/blog\/consejos\/\"},{\"@type\":\"ListItem\",\"position\":3,\"name\":\"Consejos para compartir una vivienda arrendada\"}]},{\"@type\":\"WebSite\",\"@id\":\"https:\/\/arriendo.com\/co\/blog\/#website\",\"url\":\"https:\/\/arriendo.com\/co\/blog\/\",\"name\":\"Blog arriendo.com\",\"description\":\"Abre la puerta de tu pr\u00f3ximo hogar\",\"publisher\":{\"@id\":\"https:\/\/arriendo.com\/co\/blog\/#organization\"},\"alternateName\":\"Blog Arriendo\",\"potentialAction\":[{\"@type\":\"SearchAction\",\"target\":{\"@type\":\"EntryPoint\",\"urlTemplate\":\"https:\/\/arriendo.com\/co\/blog\/?s={search_term_string}\"},\"query-input\":{\"@type\":\"PropertyValueSpecification\",\"valueRequired\":true,\"valueName\":\"search_term_string\"}}],\"inLanguage\":\"es\"},{\"@type\":\"Organization\",\"@id\":\"https:\/\/arriendo.com\/co\/blog\/#organization\",\"name\":\"Blog arriendo.com\",\"alternateName\":\"Arriendo.com\",\"url\":\"https:\/\/arriendo.com\/co\/blog\/\",\"logo\":{\"@type\":\"ImageObject\",\"inLanguage\":\"es\",\"@id\":\"https:\/\/arriendo.com\/co\/blog\/#\/schema\/logo\/image\/\",\"url\":\"https:\/\/arriendo.com\/co\/blog\/wp-content\/uploads\/2020\/02\/logo-arriendo-perfil-rojo-1080x1080-ok-v1.png\",\"contentUrl\":\"https:\/\/arriendo.com\/co\/blog\/wp-content\/uploads\/2020\/02\/logo-arriendo-perfil-rojo-1080x1080-ok-v1.png\",\"width\":1080,\"height\":1080,\"caption\":\"Blog arriendo.com\"},\"image\":{\"@id\":\"https:\/\/arriendo.com\/co\/blog\/#\/schema\/logo\/image\/\"},\"sameAs\":[\"https:\/\/www.facebook.com\/arriendocom\"]},{\"@type\":\"Person\",\"@id\":\"https:\/\/arriendo.com\/co\/blog\/#\/schema\/person\/2f01f3967f9bc1385cf08b3d1fe3883d\",\"name\":\"Hernando Abdu salame\",\"image\":{\"@type\":\"ImageObject\",\"inLanguage\":\"es\",\"@id\":\"https:\/\/arriendo.com\/co\/blog\/#\/schema\/person\/image\/\",\"url\":\"https:\/\/secure.gravatar.com\/avatar\/4c6fe0b8b5682ae940351be6ff4f4e5ec65d05b273ab650e6763c04848d63357?s=96&r=g\",\"contentUrl\":\"https:\/\/secure.gravatar.com\/avatar\/4c6fe0b8b5682ae940351be6ff4f4e5ec65d05b273ab650e6763c04848d63357?s=96&r=g\",\"caption\":\"Hernando Abdu salame\"}}]}<\/script>\n<!-- \/ Yoast SEO plugin. -->","yoast_head_json":{"title":"Consejos para compartir una vivienda arrendada","description":"Este art\u00edculo est\u00e1 destinado para asesorar a personas que desean alquilar vivienda de forma compartida","robots":{"index":"index","follow":"follow","max-snippet":"max-snippet:-1","max-image-preview":"max-image-preview:large","max-video-preview":"max-video-preview:-1"},"canonical":"https:\/\/arriendo.com\/co\/blog\/consejos\/consejos-para-compartir-una-vivienda-arrendada\/","og_locale":"es_ES","og_type":"article","og_title":"Consejos para compartir una vivienda arrendada","og_description":"Este art\u00edculo est\u00e1 destinado para asesorar a personas que desean alquilar vivienda de forma compartida","og_url":"https:\/\/arriendo.com\/co\/blog\/consejos\/consejos-para-compartir-una-vivienda-arrendada\/","og_site_name":"Blog Arriendo.com","article_publisher":"https:\/\/www.facebook.com\/arriendocom","article_published_time":"2021-12-23T16:00:00+00:00","article_modified_time":"2024-10-24T21:41:27+00:00","og_image":[{"width":2048,"height":1365,"url":"https:\/\/arriendo.com\/co\/blog\/wp-content\/uploads\/2021\/12\/compartir-vivienda-arrendada-scaled.jpeg","type":"image\/jpeg"}],"author":"Hernando Abdu salame","twitter_card":"summary_large_image","twitter_misc":{"Escrito por":"Hernando Abdu salame","Tiempo de lectura":"2 minutos"},"schema":{"@context":"https:\/\/schema.org","@graph":[{"@type":["Article","BlogPosting"],"@id":"https:\/\/arriendo.com\/co\/blog\/consejos\/consejos-para-compartir-una-vivienda-arrendada\/#article","isPartOf":{"@id":"https:\/\/arriendo.com\/co\/blog\/consejos\/consejos-para-compartir-una-vivienda-arrendada\/"},"author":{"name":"Hernando Abdu salame","@id":"https:\/\/arriendo.com\/co\/blog\/#\/schema\/person\/2f01f3967f9bc1385cf08b3d1fe3883d"},"headline":"Consejos para compartir una vivienda arrendada","datePublished":"2021-12-23T16:00:00+00:00","dateModified":"2024-10-24T21:41:27+00:00","mainEntityOfPage":{"@id":"https:\/\/arriendo.com\/co\/blog\/consejos\/consejos-para-compartir-una-vivienda-arrendada\/"},"wordCount":372,"commentCount":0,"publisher":{"@id":"https:\/\/arriendo.com\/co\/blog\/#organization"},"image":{"@id":"https:\/\/arriendo.com\/co\/blog\/consejos\/consejos-para-compartir-una-vivienda-arrendada\/#primaryimage"},"thumbnailUrl":"https:\/\/cdn-blog.arriendo.com\/co\/blog\/wp-content\/uploads\/2021\/12\/compartir-vivienda-arrendada-scaled.jpeg","articleSection":["Consejos"],"inLanguage":"es","potentialAction":[{"@type":"CommentAction","name":"Comment","target":["https:\/\/arriendo.com\/co\/blog\/consejos\/consejos-para-compartir-una-vivienda-arrendada\/#respond"]}]},{"@type":"WebPage","@id":"https:\/\/arriendo.com\/co\/blog\/consejos\/consejos-para-compartir-una-vivienda-arrendada\/","url":"https:\/\/arriendo.com\/co\/blog\/consejos\/consejos-para-compartir-una-vivienda-arrendada\/","name":"Consejos para compartir una vivienda arrendada","isPartOf":{"@id":"https:\/\/arriendo.com\/co\/blog\/#website"},"primaryImageOfPage":{"@id":"https:\/\/arriendo.com\/co\/blog\/consejos\/consejos-para-compartir-una-vivienda-arrendada\/#primaryimage"},"image":{"@id":"https:\/\/arriendo.com\/co\/blog\/consejos\/consejos-para-compartir-una-vivienda-arrendada\/#primaryimage"},"thumbnailUrl":"https:\/\/cdn-blog.arriendo.com\/co\/blog\/wp-content\/uploads\/2021\/12\/compartir-vivienda-arrendada-scaled.jpeg","datePublished":"2021-12-23T16:00:00+00:00","dateModified":"2024-10-24T21:41:27+00:00","description":"Este art\u00edculo est\u00e1 destinado para asesorar a personas que desean alquilar vivienda de forma compartida","breadcrumb":{"@id":"https:\/\/arriendo.com\/co\/blog\/consejos\/consejos-para-compartir-una-vivienda-arrendada\/#breadcrumb"},"inLanguage":"es","potentialAction":[{"@type":"ReadAction","target":["https:\/\/arriendo.com\/co\/blog\/consejos\/consejos-para-compartir-una-vivienda-arrendada\/"]}]},{"@type":"ImageObject","inLanguage":"es","@id":"https:\/\/arriendo.com\/co\/blog\/consejos\/consejos-para-compartir-una-vivienda-arrendada\/#primaryimage","url":"https:\/\/cdn-blog.arriendo.com\/co\/blog\/wp-content\/uploads\/2021\/12\/compartir-vivienda-arrendada-scaled.jpeg","contentUrl":"https:\/\/cdn-blog.arriendo.com\/co\/blog\/wp-content\/uploads\/2021\/12\/compartir-vivienda-arrendada-scaled.jpeg","width":2048,"height":1365,"caption":"compartir-vivienda-arrendada"},{"@type":"BreadcrumbList","@id":"https:\/\/arriendo.com\/co\/blog\/consejos\/consejos-para-compartir-una-vivienda-arrendada\/#breadcrumb","itemListElement":[{"@type":"ListItem","position":1,"name":"Inicio","item":"https:\/\/arriendo.com\/co\/blog\/"},{"@type":"ListItem","position":2,"name":"Consejos","item":"https:\/\/arriendo.com\/co\/blog\/consejos\/"},{"@type":"ListItem","position":3,"name":"Consejos para compartir una vivienda arrendada"}]},{"@type":"WebSite","@id":"https:\/\/arriendo.com\/co\/blog\/#website","url":"https:\/\/arriendo.com\/co\/blog\/","name":"Blog arriendo.com","description":"Abre la puerta de tu pr\u00f3ximo hogar","publisher":{"@id":"https:\/\/arriendo.com\/co\/blog\/#organization"},"alternateName":"Blog Arriendo","potentialAction":[{"@type":"SearchAction","target":{"@type":"EntryPoint","urlTemplate":"https:\/\/arriendo.com\/co\/blog\/?s={search_term_string}"},"query-input":{"@type":"PropertyValueSpecification","valueRequired":true,"valueName":"search_term_string"}}],"inLanguage":"es"},{"@type":"Organization","@id":"https:\/\/arriendo.com\/co\/blog\/#organization","name":"Blog arriendo.com","alternateName":"Arriendo.com","url":"https:\/\/arriendo.com\/co\/blog\/","logo":{"@type":"ImageObject","inLanguage":"es","@id":"https:\/\/arriendo.com\/co\/blog\/#\/schema\/logo\/image\/","url":"https:\/\/arriendo.com\/co\/blog\/wp-content\/uploads\/2020\/02\/logo-arriendo-perfil-rojo-1080x1080-ok-v1.png","contentUrl":"https:\/\/arriendo.com\/co\/blog\/wp-content\/uploads\/2020\/02\/logo-arriendo-perfil-rojo-1080x1080-ok-v1.png","width":1080,"height":1080,"caption":"Blog arriendo.com"},"image":{"@id":"https:\/\/arriendo.com\/co\/blog\/#\/schema\/logo\/image\/"},"sameAs":["https:\/\/www.facebook.com\/arriendocom"]},{"@type":"Person","@id":"https:\/\/arriendo.com\/co\/blog\/#\/schema\/person\/2f01f3967f9bc1385cf08b3d1fe3883d","name":"Hernando Abdu salame","image":{"@type":"ImageObject","inLanguage":"es","@id":"https:\/\/arriendo.com\/co\/blog\/#\/schema\/person\/image\/","url":"https:\/\/secure.gravatar.com\/avatar\/4c6fe0b8b5682ae940351be6ff4f4e5ec65d05b273ab650e6763c04848d63357?s=96&r=g","contentUrl":"https:\/\/secure.gravatar.com\/avatar\/4c6fe0b8b5682ae940351be6ff4f4e5ec65d05b273ab650e6763c04848d63357?s=96&r=g","caption":"Hernando Abdu salame"}}]}},"amp_enabled":true,"_links":{"self":[{"href":"https:\/\/arriendo.com\/co\/blog\/wp-json\/wp\/v2\/posts\/6609","targetHints":{"allow":["GET"]}}],"collection":[{"href":"https:\/\/arriendo.com\/co\/blog\/wp-json\/wp\/v2\/posts"}],"about":[{"href":"https:\/\/arriendo.com\/co\/blog\/wp-json\/wp\/v2\/types\/post"}],"author":[{"embeddable":true,"href":"https:\/\/arriendo.com\/co\/blog\/wp-json\/wp\/v2\/users\/23"}],"replies":[{"embeddable":true,"href":"https:\/\/arriendo.com\/co\/blog\/wp-json\/wp\/v2\/comments?post=6609"}],"version-history":[{"count":2,"href":"https:\/\/arriendo.com\/co\/blog\/wp-json\/wp\/v2\/posts\/6609\/revisions"}],"predecessor-version":[{"id":16308,"href":"https:\/\/arriendo.com\/co\/blog\/wp-json\/wp\/v2\/posts\/6609\/revisions\/16308"}],"wp:featuredmedia":[{"embeddable":true,"href":"https:\/\/arriendo.com\/co\/blog\/wp-json\/wp\/v2\/media\/6617"}],"wp:attachment":[{"href":"https:\/\/arriendo.com\/co\/blog\/wp-json\/wp\/v2\/media?parent=6609"}],"wp:term":[{"taxonomy":"category","embeddable":true,"href":"https:\/\/arriendo.com\/co\/blog\/wp-json\/wp\/v2\/categories?post=6609"},{"taxonomy":"post_tag","embeddable":true,"href":"https:\/\/arriendo.com\/co\/blog\/wp-json\/wp\/v2\/tags?post=6609"}],"curies":[{"name":"wp","href":"https:\/\/api.w.org\/{rel}","templated":true}]}}