{"id":6378,"date":"2021-11-01T10:45:00","date_gmt":"2021-11-01T15:45:00","guid":{"rendered":"https:\/\/arriendo.com\/co\/blog\/?p=6378"},"modified":"2025-05-22T16:17:35","modified_gmt":"2025-05-22T21:17:35","slug":"pereira","status":"publish","type":"post","link":"https:\/\/arriendo.com\/co\/blog\/lugares\/para-vivir\/pereira\/","title":{"rendered":"Razones para vivir en Pereira"},"content":{"rendered":"\n<p>Pereira, conocida como la<em> \u201c<strong>Perla del Ot\u00fan<\/strong>\u201d<\/em>, es una de las<strong> ciudades m\u00e1s atractivas y econ\u00f3micas para vivir en Colombia.<\/strong> Su combinaci\u00f3n de <strong>clima agradable,<\/strong> econom\u00eda en crecimiento, impresionantes paisajes naturales y una calidad de vida envidiable la convierten en un lugar ideal para mudarse o visitar. A continuaci\u00f3n, exploraremos las principales <strong>razones para vivir en  Pereira<\/strong>,<strong> Risaralda.<\/strong><\/p>\n\n\n\n<h2 class=\"wp-block-heading\">Datos interesantes<\/h2>\n\n\n\n<p>A Pereira tambi\u00e9n se leconoce como la \"<em>Querendona, trasnochadora y morena<\/em>\", es la <strong>capital del departamento de Risaralda<\/strong> y se encuentra a 320 km de Bogot\u00e1. Es considerada <strong>el coraz\u00f3n del<\/strong> <strong>Eje Cafetero colombiano<\/strong>. \u2615 Esta incre\u00edble ciudad, rodeada de monta\u00f1as y atravesada por el <strong>r\u00edo Ot\u00fan<\/strong>, limita con municipios como <em>Dosquebradas y La Virginia.<\/em><\/p>\n\n\n\n<p>Conoce cu\u00e1ntos habitantes tiene Pereira, cu\u00e1l es su temperatura y m\u00e1s:<\/p>\n\n\n<div class=\"gb-grid-wrapper gb-grid-wrapper-5020b978\">\n<div class=\"gb-grid-column gb-grid-column-4e9af72a\"><div class=\"gb-container gb-container-4e9af72a\">\n\n<p class=\"gb-headline gb-headline-b626beaf\"><span class=\"gb-icon\"><svg viewBox=\"0 0 16 16\" class=\"bi bi-people-fill\" fill=\"currentColor\" height=\"16\" width=\"16\" xmlns=\"http:\/\/www.w3.org\/2000\/svg\"> <path d=\"M7 14s-1 0-1-1 1-4 5-4 5 3 5 4-1 1-1 1H7zm4-6a3 3 0 1 0 0-6 3 3 0 0 0 0 6z\"><\/path> <path d=\"M5.216 14A2.238 2.238 0 0 1 5 13c0-1.355.68-2.75 1.936-3.72A6.325 6.325 0 0 0 5 9c-4 0-5 3-5 4s1 1 1 1h4.216z\" fill-rule=\"evenodd\"><\/path> <path d=\"M4.5 8a2.5 2.5 0 1 0 0-5 2.5 2.5 0 0 0 0 5z\"><\/path> <\/svg><\/span><span class=\"gb-headline-text\">481.768<\/span><\/p>\n\n\n\n<p class=\"gb-headline gb-headline-4cc7cef1 gb-headline-text\"><strong>Habitantes<\/strong><\/p>\n\n<\/div><\/div>\n\n<div class=\"gb-grid-column gb-grid-column-66a113f6\"><div class=\"gb-container gb-container-66a113f6\">\n\n<p class=\"gb-headline gb-headline-e9a89d8d\"><span class=\"gb-icon\"><svg viewBox=\"0 0 24 24\" xmlns=\"http:\/\/www.w3.org\/2000\/svg\"><path d=\"M9,9l0-6L7,3l0,2.59L3.91,2.5L2.5,3.91L5.59,7L3,7l0,2L9,9z M21,9V7l-2.59,0l3.09-3.09L20.09,2.5L17,5.59V3l-2,0l0,6L21,9z M3,15l0,2h2.59L2.5,20.09l1.41,1.41L7,18.41L7,21h2l0-6L3,15z M15,15l0,6h2v-2.59l3.09,3.09l1.41-1.41L18.41,17H21v-2L15,15z\"><\/path><\/svg><\/span><span class=\"gb-headline-text\">19<\/span><\/p>\n\n\n\n<p class=\"gb-headline gb-headline-3022e851 gb-headline-text\"><strong>Comunas<\/strong><\/p>\n\n<\/div><\/div>\n\n<div class=\"gb-grid-column gb-grid-column-48a27af6\"><div class=\"gb-container gb-container-48a27af6\">\n\n<p class=\"gb-headline gb-headline-1b2a2f6a\"><span class=\"gb-icon\"><svg viewBox=\"0 0 16 16\" class=\"bi bi-cloud-sun\" fill=\"currentColor\" height=\"16\" width=\"16\" xmlns=\"http:\/\/www.w3.org\/2000\/svg\"> <path d=\"M7 8a3.5 3.5 0 0 1 3.5 3.555.5.5 0 0 0 .624.492A1.503 1.503 0 0 1 13 13.5a1.5 1.5 0 0 1-1.5 1.5H3a2 2 0 1 1 .1-3.998.5.5 0 0 0 .51-.375A3.502 3.502 0 0 1 7 8zm4.473 3a4.5 4.5 0 0 0-8.72-.99A3 3 0 0 0 3 16h8.5a2.5 2.5 0 0 0 0-5h-.027z\"><\/path> <path d=\"M10.5 1.5a.5.5 0 0 0-1 0v1a.5.5 0 0 0 1 0v-1zm3.743 1.964a.5.5 0 1 0-.707-.707l-.708.707a.5.5 0 0 0 .708.708l.707-.708zm-7.779-.707a.5.5 0 0 0-.707.707l.707.708a.5.5 0 1 0 .708-.708l-.708-.707zm1.734 3.374a2 2 0 1 1 3.296 2.198c.199.281.372.582.516.898a3 3 0 1 0-4.84-3.225c.352.011.696.055 1.028.129zm4.484 4.074c.6.215 1.125.59 1.522 1.072a.5.5 0 0 0 .039-.742l-.707-.707a.5.5 0 0 0-.854.377zM14.5 6.5a.5.5 0 0 0 0 1h1a.5.5 0 0 0 0-1h-1z\"><\/path> <\/svg><\/span><span class=\"gb-headline-text\">16 y 25 \u00baC<\/span><\/p>\n\n\n\n<p class=\"gb-headline gb-headline-18555142 gb-headline-text\"><strong>Clima<\/strong><\/p>\n\n<\/div><\/div>\n\n<div class=\"gb-grid-column gb-grid-column-a2c589f1\"><div class=\"gb-container gb-container-a2c589f1\">\n\n<p class=\"gb-headline gb-headline-26b60233\"><span class=\"gb-icon\"><svg viewBox=\"0 0 16 16\" class=\"bi bi-arrows-move\" fill=\"currentColor\" height=\"16\" width=\"16\" xmlns=\"http:\/\/www.w3.org\/2000\/svg\"> <path d=\"M7.646.146a.5.5 0 0 1 .708 0l2 2a.5.5 0 0 1-.708.708L8.5 1.707V5.5a.5.5 0 0 1-1 0V1.707L6.354 2.854a.5.5 0 1 1-.708-.708l2-2zM8 10a.5.5 0 0 1 .5.5v3.793l1.146-1.147a.5.5 0 0 1 .708.708l-2 2a.5.5 0 0 1-.708 0l-2-2a.5.5 0 0 1 .708-.708L7.5 14.293V10.5A.5.5 0 0 1 8 10zM.146 8.354a.5.5 0 0 1 0-.708l2-2a.5.5 0 1 1 .708.708L1.707 7.5H5.5a.5.5 0 0 1 0 1H1.707l1.147 1.146a.5.5 0 0 1-.708.708l-2-2zM10 8a.5.5 0 0 1 .5-.5h3.793l-1.147-1.146a.5.5 0 0 1 .708-.708l2 2a.5.5 0 0 1 0 .708l-2 2a.5.5 0 0 1-.708-.708L14.293 8.5H10.5A.5.5 0 0 1 10 8z\" fill-rule=\"evenodd\"><\/path> <\/svg><\/span><span class=\"gb-headline-text\">702 Km\u00b2<\/span><\/p>\n\n\n\n<p class=\"gb-headline gb-headline-a4a83d7d gb-headline-text\"><strong>Extensi\u00f3n<\/strong><\/p>\n\n<\/div><\/div>\n\n<div class=\"gb-grid-column gb-grid-column-09dbbfb0\"><div class=\"gb-container gb-container-09dbbfb0\">\n\n<p class=\"gb-headline gb-headline-12696aea\"><span class=\"gb-icon\"><svg viewBox=\"0 0 16 16\" class=\"bi bi-geo-alt-fill\" fill=\"currentColor\" height=\"16\" width=\"16\" xmlns=\"http:\/\/www.w3.org\/2000\/svg\"> <path d=\"M8 16s6-5.686 6-10A6 6 0 0 0 2 6c0 4.314 6 10 6 10zm0-7a3 3 0 1 1 0-6 3 3 0 0 1 0 6z\"><\/path> <\/svg><\/span><span class=\"gb-headline-text\">6600<\/span><\/p>\n\n\n\n<p class=\"gb-headline gb-headline-e7e710c3 gb-headline-text\"><strong>C\u00f3digo Postal<\/strong><\/p>\n\n<\/div><\/div>\n<\/div>\n\n\n<p>\u00a1Est\u00e1s a un paso de encontrar tu pr\u00f3ximo hogar con <a href=\"https:\/\/arriendo.com\/co\/pereira\/\"><strong>Arriendo.com<\/strong><\/a>!<\/p>\n\n\n\n<h2 class=\"wp-block-heading\" id=\"Ventajas-de-vivir-en-Pereira\">Ventajas de vivir en Pereira<\/h2>\n\n\n\n<p>Pereira es uno de los destinos m\u00e1s buscados para habitar en Colombia. Es reconocida como <strong>una de las regiones m\u00e1s importantes en la producci\u00f3n y exportaci\u00f3n de caf\u00e9 a nivel mundial<\/strong>. Gracias a esta y otras actividades econ\u00f3micas, la ciudad cuenta con significativos ingresos, lo que fomenta una <strong>constante oferta y demanda de empleo.<\/strong><\/p>\n\n\n\n<h3 class=\"wp-block-heading\">Ubicaci\u00f3n<\/h3>\n\n\n\n<p>Pereira conecta estrat\u00e9gicamente con ciudades como <a href=\"https:\/\/arriendo.com\/co\/blog\/lugares\/para-vivir\/razones-para-vivir-en-armenia\/\">Armenia<\/a> y <a href=\"https:\/\/arriendo.com\/co\/blog\/lugares\/para-vivir\/manizales\/\">Manizales<\/a>, formando el tri\u00e1ngulo del caf\u00e9. A pocos kil\u00f3metros, se encuentran destinos tur\u00edsticos como <strong>Santa Rosa de Cabal,<\/strong> famosa por sus termales, y <strong>Marsella,<\/strong> con su encanto colonial. Adem\u00e1s, desde la ciudad es f\u00e1cil acceder al<strong> Parque Nacional Natural Los Nevados <\/strong>y al <strong>Valle de Cocora<\/strong>, hogar de la palma de cera. \ud83c\udf34<\/p>\n\n\n\n<p> \u00a1Explora el mapa de Pereira y sus alrededores!<\/p>\n\n\n\n<iframe loading=\"lazy\" src=\"https:\/\/www.google.com\/maps\/d\/embed?mid=1PAaCjhWXZ1r34CCF_FvJCnz3TYSyKB8&ehbc=2E312F\" width=\"640\" height=\"480\"><\/iframe>\n\n\n\n<h3 class=\"wp-block-heading\">Clima agradable<\/h3>\n\n\n\n<p class=\"has-small-font-size\">El clima de Pereira es templado con una temperatura <strong>promedio de 22\u202f\u00b0C<\/strong>. Esta condici\u00f3n permite disfrutar de actividades al aire libre durante todo el a\u00f1o.<\/p>\n\n\n\n<h3 class=\"wp-block-heading\">Oportunidad de empleo<\/h3>\n\n\n\n<p>La econom\u00eda de Pereira impulsa tanto a la regi\u00f3n del Eje Cafetero como al pa\u00eds en general. Su diversificaci\u00f3n abarca sectores como el <strong>comercio, la industria y el turismo<\/strong>. Gracias a su ubicaci\u00f3n estrat\u00e9gica y a una infraestructura en constante desarrollo, la ciudad atrae <strong>inversiones nacionales e internacionales<\/strong>, generando abundantes oportunidades laborales para sus habitantes.<\/p>\n\n\n\n<p>En Pereira, los centros comerciales y las empresas financieras generan empleo, al igual que el <strong>turismo y la hoteler\u00eda<\/strong>, impulsados por el paisaje cultural cafetero. <strong>La industria y manufactura<\/strong> destacan en los sectores textiles, metalmec\u00e1nica y construcci\u00f3n.<\/p>\n\n\n<div class=\"wp-block-image\">\n<figure class=\"aligncenter size-full\"><img loading=\"lazy\" decoding=\"async\" width=\"1400\" height=\"850\" src=\"https:\/\/cdn-blog.arriendo.com\/co\/blog\/wp-content\/uploads\/2021\/11\/Pereira-zona-cafetera-de-Colombia.jpg\" alt=\"Pereira, zona cafetera de Colombia\" class=\"wp-image-18950\" srcset=\"https:\/\/cdn-blog.arriendo.com\/co\/blog\/wp-content\/uploads\/2021\/11\/Pereira-zona-cafetera-de-Colombia.jpg 1400w, https:\/\/cdn-blog.arriendo.com\/co\/blog\/wp-content\/uploads\/2021\/11\/Pereira-zona-cafetera-de-Colombia-500x304.jpg 500w, https:\/\/cdn-blog.arriendo.com\/co\/blog\/wp-content\/uploads\/2021\/11\/Pereira-zona-cafetera-de-Colombia-768x466.jpg 768w\" sizes=\"auto, (max-width: 1400px) 100vw, 1400px\" \/><figcaption class=\"wp-element-caption\"> Pereira, zona cafetera de Colombia<\/figcaption><\/figure><\/div>\n\n\n<p>Finalmente <strong>la agroindustria, <\/strong>con la producci\u00f3n y exportaci\u00f3n de caf\u00e9 y aguacate Hass, sigue siendo un pilar fundamental de crecimiento local.<\/p>\n\n\n\n<h3 class=\"wp-block-heading\">Calidad de Vida y Seguridad<\/h3>\n\n\n\n<p>Estudios recientes han posicionado a Pereira como una de las ciudades con mejor calidad de vida en Colombia. Factores como la <strong>reducci\u00f3n en las tasas de desempleo<\/strong> y homicidios han contribuido a este reconocimiento, ofreciendo a sus habitantes un <strong>entorno seguro y pr\u00f3spero para vivir y<\/strong> crecer.<\/p>\n\n\n\n<p>Algunos de los factores que la hacen atractiva son: \ud83d\udc47<\/p>\n\n\n\n<h4 class=\"wp-block-heading\"> Salud de alta calidad<\/h4>\n\n\n\n<p>Pereira cuenta con instituciones de referencia como el <em>Hospital Universitario San Jorge, la Cl\u00ednica Los Rosales <\/em>y<em> la Cl\u00ednica Comfamiliar<\/em>, que ofrecen atenci\u00f3n especializada.<\/p>\n\n\n\n<h4 class=\"wp-block-heading\">Movilidad<\/h4>\n\n\n\n<p>El <strong>Sistema de Transporte Masivo Megab\u00fas<\/strong> agiliza la movilidad en la ciudad y enlaza con municipios cercanos como<em> Dosquebradas y La Virginia<\/em>. <\/p>\n\n\n\n<p>Asimismo, el <strong>Aeropuerto Internacional Mateca\u00f1a<\/strong> permite una conexi\u00f3n eficiente con ciudades principales como  <a href=\"https:\/\/arriendo-com.translate.goog\/co\/blog\/lugares\/para-vivir\/medellin\/\">Medell\u00edn<\/a>, <a href=\"https:\/\/arriendo.com\/co\/blog\/lugares\/para-vivir\/cali\/\">Cali<\/a> y<a href=\"https:\/\/arriendo.com\/co\/blog\/lugares\/para-vivir\/bogota\/\"> Bogot\u00e1.<\/a><\/p>\n\n\n\n<h3 class=\"wp-block-heading\">Disfruta de la naturaleza<\/h3>\n\n\n\n<p>Rodeada de majestuosos paisajes cafeteros y monta\u00f1as verdes, Pereira ofrece <strong>vistas panor\u00e1micas<\/strong> que deleitan a residentes y visitantes. La regi\u00f3n forma parte del <strong>Paisaje Cultural Cafetero<\/strong>, reconocido como <em>patrimonio cultural de la humanidad por la UNESCO en 2011<\/em>. Este entorno brinda m\u00faltiples oportunidades para el ecoturismo y la recreaci\u00f3n al aire libre.<\/p>\n\n\n\n<p><strong><a href=\"https:\/\/arriendo.com\/co\/pereira\/\">Alquila tu casa campestre en Pereira<\/a> <\/strong>y disfruta de la vista. \ud83c\udfe1<\/p>\n\n\n<div class=\"wp-block-image\">\n<figure class=\"aligncenter size-full\"><img loading=\"lazy\" decoding=\"async\" width=\"1400\" height=\"850\" src=\"https:\/\/cdn-blog.arriendo.com\/co\/blog\/wp-content\/uploads\/2021\/11\/Paisajes-naturales-en-Pereira.jpg\" alt=\"Paisajes naturales en Pereira\" class=\"wp-image-18963\" srcset=\"https:\/\/cdn-blog.arriendo.com\/co\/blog\/wp-content\/uploads\/2021\/11\/Paisajes-naturales-en-Pereira.jpg 1400w, https:\/\/cdn-blog.arriendo.com\/co\/blog\/wp-content\/uploads\/2021\/11\/Paisajes-naturales-en-Pereira-500x304.jpg 500w, https:\/\/cdn-blog.arriendo.com\/co\/blog\/wp-content\/uploads\/2021\/11\/Paisajes-naturales-en-Pereira-768x466.jpg 768w\" sizes=\"auto, (max-width: 1400px) 100vw, 1400px\" \/><figcaption class=\"wp-element-caption\">Paisajes naturales en Pereira<\/figcaption><\/figure><\/div>\n\n\n<h3 class=\"wp-block-heading\">Educaci\u00f3n de calidad<\/h3>\n\n\n\n<p>Pereira cuenta con <strong>instituciones educativas de alto nivel<\/strong> que fortalecen el <strong>desarrollo acad\u00e9mico y profesional<\/strong> de sus habitantes. Desde colegios de alto nivel hasta universidades reconocidas, la ciudad cuenta con una amplia oferta acad\u00e9mica. <\/p>\n\n\n\n<ul class=\"wp-block-list\">\n<li>Colegio La Salle Pereira <\/li>\n\n\n\n<li>Liceo Taller San Miguel <\/li>\n\n\n\n<li>Colegio Calasanz Pereira<\/li>\n\n\n\n<li>Colegio Pino Verde<\/li>\n\n\n\n<li>Universidad Tecnol\u00f3gica de Pereira (UTP) \u2013 Destacada en ingenier\u00eda y tecnolog\u00eda.<\/li>\n\n\n\n<li>Universidad Cat\u00f3lica de Pereira \u2013 Reconocida en administraci\u00f3n y psicolog\u00eda.<\/li>\n\n\n\n<li>Fundaci\u00f3n Universitaria del \u00c1rea Andina \u2013 Fuerte en salud y dise\u00f1o.<\/li>\n\n\n\n<li>Universidad Cooperativa de Colombia (UCC) \u2013 Programas en derecho, ingenier\u00eda y administraci\u00f3n.<\/li>\n\n\n\n<li>Universidad Libre <\/li>\n<\/ul>\n\n\n\n<h2 class=\"wp-block-heading\">Posibilidad de inversi\u00f3n inmobiliaria en Pereira \ud83c\udfe1<\/h2>\n\n\n\n<p>&nbsp;Pereira se ha convertido en un destino atractivo para la<strong> inversi\u00f3n inmobiliaria,<\/strong> especialmente en el mercado de arriendo. El crecimiento poblacional, la alta demanda habitacional y su posici\u00f3n estrat\u00e9gica en el Eje Cafetero hacen de esta ciudad un lugar ideal para quienes quienes buscan retorno econ\u00f3mico en el <strong>sector de alquileres<\/strong>, ya sea mediante <strong>contratos a largo plazo o rentas vacacionales.<\/strong><\/p>\n\n\n\n<p>Factores que impulsan el <a href=\"https:\/\/arriendo.com\/co\/pereira\/\">arriendo de inmuebles en Pereira<\/a><\/p>\n\n\n\n<ul class=\"wp-block-list\">\n<li>Alta demanda de vivienda en arriendo <\/li>\n\n\n\n<li>Turismo y movilidad laboral <\/li>\n\n\n\n<li>Crecimiento de la vivienda multifamiliar<\/li>\n\n\n\n<li>Desarrollo urbano y comercial<\/li>\n<\/ul>\n\n\n\n<h2 class=\"wp-block-heading\" id=\"Planes-imperdibles-en-Pereira,-Risaralda-\ud83d\ude0e\">Planes imperdibles en Pereira, Risaralda <\/h2>\n\n\n\n<p>Aprovecha el <strong>excelente clima de Pereira<\/strong> y ponte tus zapatos m\u00e1s c\u00f3modos para disfrutar de las siguientes actividades. <\/p>\n\n\n\n<ol class=\"wp-block-list\" start=\"1\">\n<li><strong>Recorre la Plaza de Bol\u00edvar<\/strong> y admira su ic\u00f3nica escultura El Bol\u00edvar Desnudo, un s\u00edmbolo hist\u00f3rico y cultural en el coraz\u00f3n de la ciudad.<\/li>\n\n\n\n<li><strong>Visita el Bioparque Ukumar\u00ed, <\/strong>un espacio de conservaci\u00f3n con fauna silvestre y educaci\u00f3n ambiental.<\/li>\n\n\n\n<li><strong>Disfruta de los termales de Santa Rosa de Cabal,<\/strong> a pocos minutos de Pereira, ideales para relajarse en aguas naturales.<\/li>\n\n\n\n<li><strong>Explora el Parque Nacional Natural Los Nevados,<\/strong> un destino de ecoturismo perfecto para los amantes del senderismo y la naturaleza.<\/li>\n\n\n\n<li><strong>Degusta caf\u00e9 en una finca cafetera<\/strong> y sum\u00e9rgete en la tradici\u00f3n del Paisaje Cultural Cafetero. \u2615<\/li>\n\n\n\n<li><strong>Pasea por el Viaducto C\u00e9sar Gaviria Trujillo, <\/strong>un emblema arquitect\u00f3nico con una vista espectacular de la ciudad.<\/li>\n\n\n\n<li><strong>Practica deportes acu\u00e1ticos en el Lago La Pradera,<\/strong> un espacio ideal para paseos en bote, pesca y actividades al aire libre. \ud83c\udf0a<\/li>\n\n\n\n<li><strong>Haz avistamiento de aves en la Serran\u00eda Alto del Nudo, <\/strong>uno de los mejores lugares en Colombia para observar biodiversidad.<\/li>\n<\/ol>\n\n\n<div class=\"wp-block-image\">\n<figure class=\"aligncenter size-full\"><img loading=\"lazy\" decoding=\"async\" width=\"1400\" height=\"850\" src=\"https:\/\/cdn-blog.arriendo.com\/co\/blog\/wp-content\/uploads\/2021\/11\/Termales-de-Santa-Rosa-cerca-de-Pereira.jpg\" alt=\"Termales de Santa Rosa, cerca de Pereira\" class=\"wp-image-18972\" srcset=\"https:\/\/cdn-blog.arriendo.com\/co\/blog\/wp-content\/uploads\/2021\/11\/Termales-de-Santa-Rosa-cerca-de-Pereira.jpg 1400w, https:\/\/cdn-blog.arriendo.com\/co\/blog\/wp-content\/uploads\/2021\/11\/Termales-de-Santa-Rosa-cerca-de-Pereira-500x304.jpg 500w, https:\/\/cdn-blog.arriendo.com\/co\/blog\/wp-content\/uploads\/2021\/11\/Termales-de-Santa-Rosa-cerca-de-Pereira-768x466.jpg 768w\" sizes=\"auto, (max-width: 1400px) 100vw, 1400px\" \/><figcaption class=\"wp-element-caption\">Termales de Santa Rosa, cerca de Pereira<\/figcaption><\/figure><\/div>\n\n\n<p><strong>Le puede interesar:<\/strong> <a href=\"https:\/\/arriendo.com\/co\/blog\/lugares\/conoce-los-beneficios-de-vivir-en-colombia\/\">Conoce los beneficios de vivir en Colombia<\/a><\/p>\n\n\n\n<h2 class=\"wp-block-heading\">Preguntas Frecuentes<\/h2>\n\n\n<div class=\"lightweight-accordion bordered\"><details><summary class=\"lightweight-accordion-title\"><h3>\u00bfQu\u00e9 tan seguro es vivir en Pereira?<\/h3><\/summary><div class=\"lightweight-accordion-body\">\n\n<p>Encuestas del <strong>DANE<\/strong> posicionan a Pereira como <strong>la tercera ciudad m\u00e1s segura de Colombia<\/strong>, destacando el uso de tecnolog\u00eda y colaboraci\u00f3n entre la administraci\u00f3n local y la Polic\u00eda Metropolitana.<\/p>\n\n<\/div><\/details><\/div>\n\n<div class=\"lightweight-accordion bordered\"><details><summary class=\"lightweight-accordion-title\"><h3>\u00bfEs costoso vivir en Pereira?<\/h3><\/summary><div class=\"lightweight-accordion-body\">\n\n<p>Pereira ofrece un costo de vida m\u00e1s bajo en comparaci\u00f3n con ciudades principales como Bogot\u00e1 y Medell\u00edn. El arriendo en zonas centrales oscila entre <em>$1.200.000 y $2.500.000 COP<\/em>, mientras que en sectores m\u00e1s econ\u00f3micos hay opciones desde <em>$800.000 COP<\/em>. <strong>El transporte p\u00fablico es accesible<\/strong>, con el pasaje en Megab\u00fas a $2.800 COP. La <strong>alimentaci\u00f3n <\/strong>tambi\u00e9n es asequible, con almuerzos desde $15.000 COP y un mercado mensual promedio de $350.000 a $600.000 COP. En general,<strong> <a href=\"#Ventajas-de-vivir-en-Pereira\">Pereira es una opci\u00f3n econ\u00f3mica y atractiva para vivir.<\/a><\/strong><\/p>\n\n<\/div><\/details><\/div>\n\n\n<hr class=\"wp-block-separator has-alpha-channel-opacity is-style-dots\"\/>\n\n\n\n<p>Deseamos este blog haya aclarado tus dudas. Contin\u00faanos leyendo, \u00a1hasta pronto! \ud83d\udc4b<\/p>\n","protected":false},"excerpt":{"rendered":"<p>Al momento de comenzar a investigar, analizar y pensar qu\u00e9 lugar es mejor para vivir un cierto tiempo, se deben evaluar diversos aspectos que sean positivos para el desarrollo, convivencia y estad\u00eda en dicho lugar<\/p>\n","protected":false},"author":19,"featured_media":6395,"comment_status":"open","ping_status":"closed","sticky":false,"template":"","format":"standard","meta":{"_acf_changed":false,"footnotes":""},"categories":[154],"tags":[],"class_list":["post-6378","post","type-post","status-publish","format-standard","has-post-thumbnail","hentry","category-para-vivir"],"acf":[],"nelio_content":{"isAutoShareEnabled":true,"autoShareEndMode":"never","automationSources":{"useCustomSentences":false,"customSentences":[]},"followers":[],"suggestedReferences":[],"efiUrl":"","efiAlt":"","highlights":[],"permalinkQueryArgs":[],"series":[]},"yoast_head":"<!-- This site is optimized with the Yoast SEO plugin v25.4 - https:\/\/yoast.com\/wordpress\/plugins\/seo\/ -->\n<title>Razones para vivir en Pereira<\/title>\n<meta name=\"description\" content=\"Descubre las razones para vivir en Pereira, una de las 3 mejores ciudades de Colombia. \u00a1Clima ideal y naturaleza en un solo lugar!\" \/>\n<meta name=\"robots\" content=\"index, follow, max-snippet:-1, max-image-preview:large, max-video-preview:-1\" \/>\n<link rel=\"canonical\" href=\"https:\/\/arriendo.com\/co\/blog\/lugares\/para-vivir\/pereira\/\" \/>\n<meta property=\"og:locale\" content=\"es_ES\" \/>\n<meta property=\"og:type\" content=\"article\" \/>\n<meta property=\"og:title\" content=\"Razones para vivir en Pereira\" \/>\n<meta property=\"og:description\" content=\"Descubre las razones para vivir en Pereira, una de las 3 mejores ciudades de Colombia. \u00a1Clima ideal y naturaleza en un solo lugar!\" \/>\n<meta property=\"og:url\" content=\"https:\/\/arriendo.com\/co\/blog\/lugares\/para-vivir\/pereira\/\" \/>\n<meta property=\"og:site_name\" content=\"Blog Arriendo.com\" \/>\n<meta property=\"article:publisher\" content=\"https:\/\/www.facebook.com\/arriendocom\" \/>\n<meta property=\"article:published_time\" content=\"2021-11-01T15:45:00+00:00\" \/>\n<meta property=\"article:modified_time\" content=\"2025-05-22T21:17:35+00:00\" \/>\n<meta property=\"og:image\" content=\"https:\/\/arriendo.com\/co\/blog\/wp-content\/uploads\/2021\/11\/vivir-en-pereira-scaled.jpg\" \/>\n\t<meta property=\"og:image:width\" content=\"2048\" \/>\n\t<meta property=\"og:image:height\" content=\"1365\" \/>\n\t<meta property=\"og:image:type\" content=\"image\/jpeg\" \/>\n<meta name=\"author\" content=\"Mar\u00eda Camila Mart\u00ednez Reyes\" \/>\n<meta name=\"twitter:card\" content=\"summary_large_image\" \/>\n<meta name=\"twitter:label1\" content=\"Escrito por\" \/>\n\t<meta name=\"twitter:data1\" content=\"Mar\u00eda Camila Mart\u00ednez Reyes\" \/>\n\t<meta name=\"twitter:label2\" content=\"Tiempo de lectura\" \/>\n\t<meta name=\"twitter:data2\" content=\"3 minutos\" \/>\n<script type=\"application\/ld+json\" class=\"yoast-schema-graph\">{\"@context\":\"https:\/\/schema.org\",\"@graph\":[{\"@type\":[\"Article\",\"BlogPosting\"],\"@id\":\"https:\/\/arriendo.com\/co\/blog\/lugares\/para-vivir\/pereira\/#article\",\"isPartOf\":{\"@id\":\"https:\/\/arriendo.com\/co\/blog\/lugares\/para-vivir\/pereira\/\"},\"author\":{\"name\":\"Mar\u00eda Camila Mart\u00ednez Reyes\",\"@id\":\"https:\/\/arriendo.com\/co\/blog\/#\/schema\/person\/34a76bc9ff64a30e83b6857cf580f042\"},\"headline\":\"Razones para vivir en Pereira\",\"datePublished\":\"2021-11-01T15:45:00+00:00\",\"dateModified\":\"2025-05-22T21:17:35+00:00\",\"mainEntityOfPage\":{\"@id\":\"https:\/\/arriendo.com\/co\/blog\/lugares\/para-vivir\/pereira\/\"},\"wordCount\":1232,\"commentCount\":0,\"publisher\":{\"@id\":\"https:\/\/arriendo.com\/co\/blog\/#organization\"},\"image\":{\"@id\":\"https:\/\/arriendo.com\/co\/blog\/lugares\/para-vivir\/pereira\/#primaryimage\"},\"thumbnailUrl\":\"https:\/\/cdn-blog.arriendo.com\/co\/blog\/wp-content\/uploads\/2021\/11\/vivir-en-pereira-scaled.jpg\",\"articleSection\":[\"Lugares para Vivir\"],\"inLanguage\":\"es\",\"potentialAction\":[{\"@type\":\"CommentAction\",\"name\":\"Comment\",\"target\":[\"https:\/\/arriendo.com\/co\/blog\/lugares\/para-vivir\/pereira\/#respond\"]}]},{\"@type\":\"WebPage\",\"@id\":\"https:\/\/arriendo.com\/co\/blog\/lugares\/para-vivir\/pereira\/\",\"url\":\"https:\/\/arriendo.com\/co\/blog\/lugares\/para-vivir\/pereira\/\",\"name\":\"Razones para vivir en Pereira\",\"isPartOf\":{\"@id\":\"https:\/\/arriendo.com\/co\/blog\/#website\"},\"primaryImageOfPage\":{\"@id\":\"https:\/\/arriendo.com\/co\/blog\/lugares\/para-vivir\/pereira\/#primaryimage\"},\"image\":{\"@id\":\"https:\/\/arriendo.com\/co\/blog\/lugares\/para-vivir\/pereira\/#primaryimage\"},\"thumbnailUrl\":\"https:\/\/cdn-blog.arriendo.com\/co\/blog\/wp-content\/uploads\/2021\/11\/vivir-en-pereira-scaled.jpg\",\"datePublished\":\"2021-11-01T15:45:00+00:00\",\"dateModified\":\"2025-05-22T21:17:35+00:00\",\"description\":\"Descubre las razones para vivir en Pereira, una de las 3 mejores ciudades de Colombia. \u00a1Clima ideal y naturaleza en un solo lugar!\",\"breadcrumb\":{\"@id\":\"https:\/\/arriendo.com\/co\/blog\/lugares\/para-vivir\/pereira\/#breadcrumb\"},\"inLanguage\":\"es\",\"potentialAction\":[{\"@type\":\"ReadAction\",\"target\":[\"https:\/\/arriendo.com\/co\/blog\/lugares\/para-vivir\/pereira\/\"]}]},{\"@type\":\"ImageObject\",\"inLanguage\":\"es\",\"@id\":\"https:\/\/arriendo.com\/co\/blog\/lugares\/para-vivir\/pereira\/#primaryimage\",\"url\":\"https:\/\/cdn-blog.arriendo.com\/co\/blog\/wp-content\/uploads\/2021\/11\/vivir-en-pereira-scaled.jpg\",\"contentUrl\":\"https:\/\/cdn-blog.arriendo.com\/co\/blog\/wp-content\/uploads\/2021\/11\/vivir-en-pereira-scaled.jpg\",\"width\":2048,\"height\":1365,\"caption\":\"vivir-en-pereira\"},{\"@type\":\"BreadcrumbList\",\"@id\":\"https:\/\/arriendo.com\/co\/blog\/lugares\/para-vivir\/pereira\/#breadcrumb\",\"itemListElement\":[{\"@type\":\"ListItem\",\"position\":1,\"name\":\"Inicio\",\"item\":\"https:\/\/arriendo.com\/co\/blog\/\"},{\"@type\":\"ListItem\",\"position\":2,\"name\":\"Lugares\",\"item\":\"https:\/\/arriendo.com\/co\/blog\/lugares\/\"},{\"@type\":\"ListItem\",\"position\":3,\"name\":\"Lugares para Vivir\",\"item\":\"https:\/\/arriendo.com\/co\/blog\/lugares\/para-vivir\/\"},{\"@type\":\"ListItem\",\"position\":4,\"name\":\"Razones para vivir en Pereira\"}]},{\"@type\":\"WebSite\",\"@id\":\"https:\/\/arriendo.com\/co\/blog\/#website\",\"url\":\"https:\/\/arriendo.com\/co\/blog\/\",\"name\":\"Blog arriendo.com\",\"description\":\"Abre la puerta de tu pr\u00f3ximo hogar\",\"publisher\":{\"@id\":\"https:\/\/arriendo.com\/co\/blog\/#organization\"},\"alternateName\":\"Blog Arriendo\",\"potentialAction\":[{\"@type\":\"SearchAction\",\"target\":{\"@type\":\"EntryPoint\",\"urlTemplate\":\"https:\/\/arriendo.com\/co\/blog\/?s={search_term_string}\"},\"query-input\":{\"@type\":\"PropertyValueSpecification\",\"valueRequired\":true,\"valueName\":\"search_term_string\"}}],\"inLanguage\":\"es\"},{\"@type\":\"Organization\",\"@id\":\"https:\/\/arriendo.com\/co\/blog\/#organization\",\"name\":\"Blog arriendo.com\",\"alternateName\":\"Arriendo.com\",\"url\":\"https:\/\/arriendo.com\/co\/blog\/\",\"logo\":{\"@type\":\"ImageObject\",\"inLanguage\":\"es\",\"@id\":\"https:\/\/arriendo.com\/co\/blog\/#\/schema\/logo\/image\/\",\"url\":\"https:\/\/arriendo.com\/co\/blog\/wp-content\/uploads\/2020\/02\/logo-arriendo-perfil-rojo-1080x1080-ok-v1.png\",\"contentUrl\":\"https:\/\/arriendo.com\/co\/blog\/wp-content\/uploads\/2020\/02\/logo-arriendo-perfil-rojo-1080x1080-ok-v1.png\",\"width\":1080,\"height\":1080,\"caption\":\"Blog arriendo.com\"},\"image\":{\"@id\":\"https:\/\/arriendo.com\/co\/blog\/#\/schema\/logo\/image\/\"},\"sameAs\":[\"https:\/\/www.facebook.com\/arriendocom\"]},{\"@type\":\"Person\",\"@id\":\"https:\/\/arriendo.com\/co\/blog\/#\/schema\/person\/34a76bc9ff64a30e83b6857cf580f042\",\"name\":\"Mar\u00eda Camila Mart\u00ednez Reyes\",\"image\":{\"@type\":\"ImageObject\",\"inLanguage\":\"es\",\"@id\":\"https:\/\/arriendo.com\/co\/blog\/#\/schema\/person\/image\/\",\"url\":\"https:\/\/secure.gravatar.com\/avatar\/9f515c1e75c1130dca553e094da21a63029157671bdc62e6e1d566fec39ccd35?s=96&r=g\",\"contentUrl\":\"https:\/\/secure.gravatar.com\/avatar\/9f515c1e75c1130dca553e094da21a63029157671bdc62e6e1d566fec39ccd35?s=96&r=g\",\"caption\":\"Mar\u00eda Camila Mart\u00ednez Reyes\"}}]}<\/script>\n<!-- \/ Yoast SEO plugin. -->","yoast_head_json":{"title":"Razones para vivir en Pereira","description":"Descubre las razones para vivir en Pereira, una de las 3 mejores ciudades de Colombia. \u00a1Clima ideal y naturaleza en un solo lugar!","robots":{"index":"index","follow":"follow","max-snippet":"max-snippet:-1","max-image-preview":"max-image-preview:large","max-video-preview":"max-video-preview:-1"},"canonical":"https:\/\/arriendo.com\/co\/blog\/lugares\/para-vivir\/pereira\/","og_locale":"es_ES","og_type":"article","og_title":"Razones para vivir en Pereira","og_description":"Descubre las razones para vivir en Pereira, una de las 3 mejores ciudades de Colombia. \u00a1Clima ideal y naturaleza en un solo lugar!","og_url":"https:\/\/arriendo.com\/co\/blog\/lugares\/para-vivir\/pereira\/","og_site_name":"Blog Arriendo.com","article_publisher":"https:\/\/www.facebook.com\/arriendocom","article_published_time":"2021-11-01T15:45:00+00:00","article_modified_time":"2025-05-22T21:17:35+00:00","og_image":[{"width":2048,"height":1365,"url":"https:\/\/arriendo.com\/co\/blog\/wp-content\/uploads\/2021\/11\/vivir-en-pereira-scaled.jpg","type":"image\/jpeg"}],"author":"Mar\u00eda Camila Mart\u00ednez Reyes","twitter_card":"summary_large_image","twitter_misc":{"Escrito por":"Mar\u00eda Camila Mart\u00ednez Reyes","Tiempo de lectura":"3 minutos"},"schema":{"@context":"https:\/\/schema.org","@graph":[{"@type":["Article","BlogPosting"],"@id":"https:\/\/arriendo.com\/co\/blog\/lugares\/para-vivir\/pereira\/#article","isPartOf":{"@id":"https:\/\/arriendo.com\/co\/blog\/lugares\/para-vivir\/pereira\/"},"author":{"name":"Mar\u00eda Camila Mart\u00ednez Reyes","@id":"https:\/\/arriendo.com\/co\/blog\/#\/schema\/person\/34a76bc9ff64a30e83b6857cf580f042"},"headline":"Razones para vivir en Pereira","datePublished":"2021-11-01T15:45:00+00:00","dateModified":"2025-05-22T21:17:35+00:00","mainEntityOfPage":{"@id":"https:\/\/arriendo.com\/co\/blog\/lugares\/para-vivir\/pereira\/"},"wordCount":1232,"commentCount":0,"publisher":{"@id":"https:\/\/arriendo.com\/co\/blog\/#organization"},"image":{"@id":"https:\/\/arriendo.com\/co\/blog\/lugares\/para-vivir\/pereira\/#primaryimage"},"thumbnailUrl":"https:\/\/cdn-blog.arriendo.com\/co\/blog\/wp-content\/uploads\/2021\/11\/vivir-en-pereira-scaled.jpg","articleSection":["Lugares para Vivir"],"inLanguage":"es","potentialAction":[{"@type":"CommentAction","name":"Comment","target":["https:\/\/arriendo.com\/co\/blog\/lugares\/para-vivir\/pereira\/#respond"]}]},{"@type":"WebPage","@id":"https:\/\/arriendo.com\/co\/blog\/lugares\/para-vivir\/pereira\/","url":"https:\/\/arriendo.com\/co\/blog\/lugares\/para-vivir\/pereira\/","name":"Razones para vivir en Pereira","isPartOf":{"@id":"https:\/\/arriendo.com\/co\/blog\/#website"},"primaryImageOfPage":{"@id":"https:\/\/arriendo.com\/co\/blog\/lugares\/para-vivir\/pereira\/#primaryimage"},"image":{"@id":"https:\/\/arriendo.com\/co\/blog\/lugares\/para-vivir\/pereira\/#primaryimage"},"thumbnailUrl":"https:\/\/cdn-blog.arriendo.com\/co\/blog\/wp-content\/uploads\/2021\/11\/vivir-en-pereira-scaled.jpg","datePublished":"2021-11-01T15:45:00+00:00","dateModified":"2025-05-22T21:17:35+00:00","description":"Descubre las razones para vivir en Pereira, una de las 3 mejores ciudades de Colombia. \u00a1Clima ideal y naturaleza en un solo lugar!","breadcrumb":{"@id":"https:\/\/arriendo.com\/co\/blog\/lugares\/para-vivir\/pereira\/#breadcrumb"},"inLanguage":"es","potentialAction":[{"@type":"ReadAction","target":["https:\/\/arriendo.com\/co\/blog\/lugares\/para-vivir\/pereira\/"]}]},{"@type":"ImageObject","inLanguage":"es","@id":"https:\/\/arriendo.com\/co\/blog\/lugares\/para-vivir\/pereira\/#primaryimage","url":"https:\/\/cdn-blog.arriendo.com\/co\/blog\/wp-content\/uploads\/2021\/11\/vivir-en-pereira-scaled.jpg","contentUrl":"https:\/\/cdn-blog.arriendo.com\/co\/blog\/wp-content\/uploads\/2021\/11\/vivir-en-pereira-scaled.jpg","width":2048,"height":1365,"caption":"vivir-en-pereira"},{"@type":"BreadcrumbList","@id":"https:\/\/arriendo.com\/co\/blog\/lugares\/para-vivir\/pereira\/#breadcrumb","itemListElement":[{"@type":"ListItem","position":1,"name":"Inicio","item":"https:\/\/arriendo.com\/co\/blog\/"},{"@type":"ListItem","position":2,"name":"Lugares","item":"https:\/\/arriendo.com\/co\/blog\/lugares\/"},{"@type":"ListItem","position":3,"name":"Lugares para Vivir","item":"https:\/\/arriendo.com\/co\/blog\/lugares\/para-vivir\/"},{"@type":"ListItem","position":4,"name":"Razones para vivir en Pereira"}]},{"@type":"WebSite","@id":"https:\/\/arriendo.com\/co\/blog\/#website","url":"https:\/\/arriendo.com\/co\/blog\/","name":"Blog arriendo.com","description":"Abre la puerta de tu pr\u00f3ximo hogar","publisher":{"@id":"https:\/\/arriendo.com\/co\/blog\/#organization"},"alternateName":"Blog Arriendo","potentialAction":[{"@type":"SearchAction","target":{"@type":"EntryPoint","urlTemplate":"https:\/\/arriendo.com\/co\/blog\/?s={search_term_string}"},"query-input":{"@type":"PropertyValueSpecification","valueRequired":true,"valueName":"search_term_string"}}],"inLanguage":"es"},{"@type":"Organization","@id":"https:\/\/arriendo.com\/co\/blog\/#organization","name":"Blog arriendo.com","alternateName":"Arriendo.com","url":"https:\/\/arriendo.com\/co\/blog\/","logo":{"@type":"ImageObject","inLanguage":"es","@id":"https:\/\/arriendo.com\/co\/blog\/#\/schema\/logo\/image\/","url":"https:\/\/arriendo.com\/co\/blog\/wp-content\/uploads\/2020\/02\/logo-arriendo-perfil-rojo-1080x1080-ok-v1.png","contentUrl":"https:\/\/arriendo.com\/co\/blog\/wp-content\/uploads\/2020\/02\/logo-arriendo-perfil-rojo-1080x1080-ok-v1.png","width":1080,"height":1080,"caption":"Blog arriendo.com"},"image":{"@id":"https:\/\/arriendo.com\/co\/blog\/#\/schema\/logo\/image\/"},"sameAs":["https:\/\/www.facebook.com\/arriendocom"]},{"@type":"Person","@id":"https:\/\/arriendo.com\/co\/blog\/#\/schema\/person\/34a76bc9ff64a30e83b6857cf580f042","name":"Mar\u00eda Camila Mart\u00ednez Reyes","image":{"@type":"ImageObject","inLanguage":"es","@id":"https:\/\/arriendo.com\/co\/blog\/#\/schema\/person\/image\/","url":"https:\/\/secure.gravatar.com\/avatar\/9f515c1e75c1130dca553e094da21a63029157671bdc62e6e1d566fec39ccd35?s=96&r=g","contentUrl":"https:\/\/secure.gravatar.com\/avatar\/9f515c1e75c1130dca553e094da21a63029157671bdc62e6e1d566fec39ccd35?s=96&r=g","caption":"Mar\u00eda Camila Mart\u00ednez Reyes"}}]}},"amp_enabled":true,"_links":{"self":[{"href":"https:\/\/arriendo.com\/co\/blog\/wp-json\/wp\/v2\/posts\/6378","targetHints":{"allow":["GET"]}}],"collection":[{"href":"https:\/\/arriendo.com\/co\/blog\/wp-json\/wp\/v2\/posts"}],"about":[{"href":"https:\/\/arriendo.com\/co\/blog\/wp-json\/wp\/v2\/types\/post"}],"author":[{"embeddable":true,"href":"https:\/\/arriendo.com\/co\/blog\/wp-json\/wp\/v2\/users\/19"}],"replies":[{"embeddable":true,"href":"https:\/\/arriendo.com\/co\/blog\/wp-json\/wp\/v2\/comments?post=6378"}],"version-history":[{"count":86,"href":"https:\/\/arriendo.com\/co\/blog\/wp-json\/wp\/v2\/posts\/6378\/revisions"}],"predecessor-version":[{"id":20770,"href":"https:\/\/arriendo.com\/co\/blog\/wp-json\/wp\/v2\/posts\/6378\/revisions\/20770"}],"wp:featuredmedia":[{"embeddable":true,"href":"https:\/\/arriendo.com\/co\/blog\/wp-json\/wp\/v2\/media\/6395"}],"wp:attachment":[{"href":"https:\/\/arriendo.com\/co\/blog\/wp-json\/wp\/v2\/media?parent=6378"}],"wp:term":[{"taxonomy":"category","embeddable":true,"href":"https:\/\/arriendo.com\/co\/blog\/wp-json\/wp\/v2\/categories?post=6378"},{"taxonomy":"post_tag","embeddable":true,"href":"https:\/\/arriendo.com\/co\/blog\/wp-json\/wp\/v2\/tags?post=6378"}],"curies":[{"name":"wp","href":"https:\/\/api.w.org\/{rel}","templated":true}]}}