{"id":6228,"date":"2021-10-14T11:00:00","date_gmt":"2021-10-14T16:00:00","guid":{"rendered":"https:\/\/arriendo.com\/co\/blog\/?p=6228"},"modified":"2025-12-12T08:31:03","modified_gmt":"2025-12-12T13:31:03","slug":"1-mes-por-aniversario-de-que-trata-este-metodo-es-gratis","status":"publish","type":"post","link":"https:\/\/arriendo.com\/co\/blog\/consejos\/para-arrendar\/1-mes-por-aniversario-de-que-trata-este-metodo-es-gratis\/","title":{"rendered":"1 mes por a\u00f1o: \u00bfEl inquilino tiene derecho a estar un mes gratis por un a\u00f1o de estad\u00eda?"},"content":{"rendered":"\n<p>Cuando se trata de alquilar propiedades, existen muchas creencias a las que normalmente las personas le dan veracidad. Estas situaciones suelen causar graves problemas al arrendador y al arrendatario cuando son aplicadas. Por consiguiente, se recomienda a las personas que desean alquilar un inmueble que investiguen, analicen y lean todo sobre la <strong>Ley 820 de 2003 de arriendos y vivienda urbana<\/strong>; el C\u00f3digo Civil y el C\u00f3digo de Comercio de Colombia, para evitar futuros inconvenientes entre ambas partes al momento de arrendar.<\/p>\n\n\n\n<p>El imaginario social que se tiene en cuanto al proceso de arrendamiento s\u00f3lo aporta confusiones y malos entendidos, ya que, al no tener en cuenta lo que la Ley de arriendos y vivienda urbana avala, se puede caer en un mal procedimiento que puede conllevar a resultados inesperados.<\/p>\n\n\n\n<h2 class=\"wp-block-heading\">\u00bfEs cierto que el inquilino tiene un mes gratis por a\u00f1o de arriendo?<\/h2>\n\n\n\n<p>Seg\u00fan la poblaci\u00f3n que reparte este tipo de informaci\u00f3n indica que, el arrendador debe omitir el pago del mes siguiente, a partir del  momento en que decide que el inquilino ya no puede habitar el inmueble. <\/p>\n\n\n\n<p>Conforme la Ley 820 de 2003, en su art\u00edculo 21, cuando se quiere dar por terminado un contrato de arrendamiento, el arrendatario debe informar al arrendador con antelaci\u00f3n no menor a 3 meses a  la fecha de finalizaci\u00f3n del contrato. <\/p>\n\n\n\n<p>Esto quiere decir que, para los creyentes de la convicci\u00f3n popular \u201cun mes por a\u00f1o\u201d, la cual indica que el inquilino puede vivir gratis en la propiedad acorde a los a\u00f1os que lo ha habitado, por ejemplo: si vivi\u00f3 tres a\u00f1os, entonces son tres meses gratis de habitabilidad en el inmueble, esta informaci\u00f3n es completamente err\u00f3nea. <\/p>\n\n\n\n<p>Este hecho es un delito para las leyes colombianas, es decir, que es ilegal realizar este tipo de acciones, ya que, el arrendador no posee la obligaci\u00f3n de dar ni un solo mes gratis al arrendatario. Por eso, es una creencia popular que s\u00f3lo causa malos entendidos y confusiones.<\/p>\n\n\n\n<p>El contrato de arriendo firmado por el propietario y el arrendatario debe ser cumplido y respetado hasta el \u00faltimo d\u00eda de vivencia en el inmueble.<\/p>\n\n\n\n<h2 class=\"wp-block-heading\">Indemnizaci\u00f3n para el inquilino<\/h2>\n\n\n\n<p>Durante el tiempo de aviso para desalojar al inquilino, se debe tener en cuenta que no se debe dejar a un lado el pago correspondiente mensual al arrendatario. Si bien es cierto, la Ley 820 de 2003 de Arriendos y Vivienda Urbana, postula que el tiempo m\u00ednimo para desalojar la vivienda es de tres meses, y en medida que, tanto el arrendador como el arrendatario, est\u00e9n al tanto de la situaci\u00f3n, y que, est\u00e9 aclarado que no habr\u00e1 renovaci\u00f3n del contrato, entonces el inmueble ser\u00e1 entregado sin plazo adicional. <\/p>\n\n\n\n<p>Tambi\u00e9n es cierto que la <strong>notificaci\u00f3n con tres meses de anticipaci\u00f3n<\/strong> s\u00f3lo aplica para aquellos arrendadores que terminan el contrato de arrendamiento de manera unilateral, es decir, donde no exista ning\u00fan incumplimiento por parte del inquilino.  <\/p>\n\n\n\n<p>Esto est\u00e1 descrito en el art\u00edculo 22 de la Ley 820 de 2003 de Arriendos y Vivienda Urbana, donde se expresa que el arrendador s\u00f3lo podr\u00e1 terminar el contrato unilateralmente y se ejecutar\u00e1 un aviso por escrito y formal dirigido al inquilino. De esta manera, el mismo, no tendr\u00e1 un tiempo de menos de tres meses y se debe hacer cargo del pago de una indemnizaci\u00f3n equivalente a los tres meses de arrendamiento. <\/p>\n\n\n\n<h2 class=\"wp-block-heading\">En resumen<\/h2>\n\n\n\n<ul class=\"wp-block-list\">\n<li>Se debe anticipar la devoluci\u00f3n del inmueble, como m\u00ednimo con tres meses de participaci\u00f3n.<\/li>\n\n\n\n<li>El arrendatario debe pagar una indemnizaci\u00f3n o penalizaci\u00f3n al arrendador que abarque el tiempo de incumplimiento de contrato.<\/li>\n\n\n\n<li>El m\u00e9todo \u201cun mes por a\u00f1o\u201d es ilegal y no existe en las leyes de arriendo colombianas.<\/li>\n<\/ul>\n\n\n\n<p><strong>Le puede interesar:<\/strong> <a href=\"https:\/\/arriendo.com\/co\/blog\/arriendo\/ley-820-de-2003-en-colombia\/\">Elementos esenciales a conocer sobre la ley de arrendamiento<\/a><\/p>\n","protected":false},"excerpt":{"rendered":"<p>En los alquileres de propiedades existen muchas creencias que normalmente las personas le dan veracidad. Estas situaciones suelen causar graves problemas al arrendador y al arrendatario cuando son aplicadas<\/p>\n","protected":false},"author":23,"featured_media":6236,"comment_status":"open","ping_status":"closed","sticky":false,"template":"","format":"standard","meta":{"_acf_changed":false,"footnotes":""},"categories":[112],"tags":[],"class_list":["post-6228","post","type-post","status-publish","format-standard","has-post-thumbnail","hentry","category-para-arrendar"],"acf":[],"nelio_content":{"isAutoShareEnabled":true,"autoShareEndMode":"never","automationSources":{"useCustomSentences":false,"customSentences":[]},"followers":[23],"suggestedReferences":[],"efiUrl":"","efiAlt":"","highlights":[],"permalinkQueryArgs":[],"series":[]},"yoast_head":"<!-- This site is optimized with the Yoast SEO plugin v25.4 - https:\/\/yoast.com\/wordpress\/plugins\/seo\/ -->\n<title>1 mes gratis por 1 a\u00f1o de arriendo \u00bfes cierta esta afirmaci\u00f3n?<\/title>\n<meta name=\"description\" content=\"Conozca si es correcta la afirmaci\u00f3n de 1 mes gratis por cada a\u00f1o de arrendamiento en Colombia \u00bfEs legal o ilegal esta situaci\u00f3n?\" \/>\n<meta name=\"robots\" content=\"index, follow, max-snippet:-1, max-image-preview:large, max-video-preview:-1\" \/>\n<link rel=\"canonical\" href=\"https:\/\/arriendo.com\/co\/blog\/consejos\/para-arrendar\/1-mes-por-aniversario-de-que-trata-este-metodo-es-gratis\/\" \/>\n<meta property=\"og:locale\" content=\"es_ES\" \/>\n<meta property=\"og:type\" content=\"article\" \/>\n<meta property=\"og:title\" content=\"1 mes gratis por 1 a\u00f1o de arriendo \u00bfes cierta esta afirmaci\u00f3n?\" \/>\n<meta property=\"og:description\" content=\"Conozca si es correcta la afirmaci\u00f3n de 1 mes gratis por cada a\u00f1o de arrendamiento en Colombia \u00bfEs legal o ilegal esta situaci\u00f3n?\" \/>\n<meta property=\"og:url\" content=\"https:\/\/arriendo.com\/co\/blog\/consejos\/para-arrendar\/1-mes-por-aniversario-de-que-trata-este-metodo-es-gratis\/\" \/>\n<meta property=\"og:site_name\" content=\"Blog Arriendo.com\" \/>\n<meta property=\"article:publisher\" content=\"https:\/\/www.facebook.com\/arriendocom\" \/>\n<meta property=\"article:published_time\" content=\"2021-10-14T16:00:00+00:00\" \/>\n<meta property=\"article:modified_time\" content=\"2025-12-12T13:31:03+00:00\" \/>\n<meta property=\"og:image\" content=\"https:\/\/cdn-blog.arriendo.com\/co\/blog\/wp-content\/uploads\/2021\/10\/mes-gratis-de-arriendo-scaled.jpg\" \/>\n\t<meta property=\"og:image:width\" content=\"2048\" \/>\n\t<meta property=\"og:image:height\" content=\"1365\" \/>\n\t<meta property=\"og:image:type\" content=\"image\/jpeg\" \/>\n<meta name=\"author\" content=\"Hernando Abdu salame\" \/>\n<meta name=\"twitter:card\" content=\"summary_large_image\" \/>\n<meta name=\"twitter:label1\" content=\"Escrito por\" \/>\n\t<meta name=\"twitter:data1\" content=\"Hernando Abdu salame\" \/>\n\t<meta name=\"twitter:label2\" content=\"Tiempo de lectura\" \/>\n\t<meta name=\"twitter:data2\" content=\"3 minutos\" \/>\n<script type=\"application\/ld+json\" class=\"yoast-schema-graph\">{\"@context\":\"https:\/\/schema.org\",\"@graph\":[{\"@type\":[\"Article\",\"BlogPosting\"],\"@id\":\"https:\/\/arriendo.com\/co\/blog\/consejos\/para-arrendar\/1-mes-por-aniversario-de-que-trata-este-metodo-es-gratis\/#article\",\"isPartOf\":{\"@id\":\"https:\/\/arriendo.com\/co\/blog\/consejos\/para-arrendar\/1-mes-por-aniversario-de-que-trata-este-metodo-es-gratis\/\"},\"author\":{\"name\":\"Hernando Abdu salame\",\"@id\":\"https:\/\/arriendo.com\/co\/blog\/#\/schema\/person\/2f01f3967f9bc1385cf08b3d1fe3883d\"},\"headline\":\"1 mes por a\u00f1o: \u00bfEl inquilino tiene derecho a estar un mes gratis por un a\u00f1o de estad\u00eda?\",\"datePublished\":\"2021-10-14T16:00:00+00:00\",\"dateModified\":\"2025-12-12T13:31:03+00:00\",\"mainEntityOfPage\":{\"@id\":\"https:\/\/arriendo.com\/co\/blog\/consejos\/para-arrendar\/1-mes-por-aniversario-de-que-trata-este-metodo-es-gratis\/\"},\"wordCount\":662,\"commentCount\":0,\"publisher\":{\"@id\":\"https:\/\/arriendo.com\/co\/blog\/#organization\"},\"image\":{\"@id\":\"https:\/\/arriendo.com\/co\/blog\/consejos\/para-arrendar\/1-mes-por-aniversario-de-que-trata-este-metodo-es-gratis\/#primaryimage\"},\"thumbnailUrl\":\"https:\/\/cdn-blog.arriendo.com\/co\/blog\/wp-content\/uploads\/2021\/10\/mes-gratis-de-arriendo-scaled.jpg\",\"articleSection\":[\"Consejos para arrendar\"],\"inLanguage\":\"es\",\"potentialAction\":[{\"@type\":\"CommentAction\",\"name\":\"Comment\",\"target\":[\"https:\/\/arriendo.com\/co\/blog\/consejos\/para-arrendar\/1-mes-por-aniversario-de-que-trata-este-metodo-es-gratis\/#respond\"]}]},{\"@type\":\"WebPage\",\"@id\":\"https:\/\/arriendo.com\/co\/blog\/consejos\/para-arrendar\/1-mes-por-aniversario-de-que-trata-este-metodo-es-gratis\/\",\"url\":\"https:\/\/arriendo.com\/co\/blog\/consejos\/para-arrendar\/1-mes-por-aniversario-de-que-trata-este-metodo-es-gratis\/\",\"name\":\"1 mes gratis por 1 a\u00f1o de arriendo \u00bfes cierta esta afirmaci\u00f3n?\",\"isPartOf\":{\"@id\":\"https:\/\/arriendo.com\/co\/blog\/#website\"},\"primaryImageOfPage\":{\"@id\":\"https:\/\/arriendo.com\/co\/blog\/consejos\/para-arrendar\/1-mes-por-aniversario-de-que-trata-este-metodo-es-gratis\/#primaryimage\"},\"image\":{\"@id\":\"https:\/\/arriendo.com\/co\/blog\/consejos\/para-arrendar\/1-mes-por-aniversario-de-que-trata-este-metodo-es-gratis\/#primaryimage\"},\"thumbnailUrl\":\"https:\/\/cdn-blog.arriendo.com\/co\/blog\/wp-content\/uploads\/2021\/10\/mes-gratis-de-arriendo-scaled.jpg\",\"datePublished\":\"2021-10-14T16:00:00+00:00\",\"dateModified\":\"2025-12-12T13:31:03+00:00\",\"description\":\"Conozca si es correcta la afirmaci\u00f3n de 1 mes gratis por cada a\u00f1o de arrendamiento en Colombia \u00bfEs legal o ilegal esta situaci\u00f3n?\",\"breadcrumb\":{\"@id\":\"https:\/\/arriendo.com\/co\/blog\/consejos\/para-arrendar\/1-mes-por-aniversario-de-que-trata-este-metodo-es-gratis\/#breadcrumb\"},\"inLanguage\":\"es\",\"potentialAction\":[{\"@type\":\"ReadAction\",\"target\":[\"https:\/\/arriendo.com\/co\/blog\/consejos\/para-arrendar\/1-mes-por-aniversario-de-que-trata-este-metodo-es-gratis\/\"]}]},{\"@type\":\"ImageObject\",\"inLanguage\":\"es\",\"@id\":\"https:\/\/arriendo.com\/co\/blog\/consejos\/para-arrendar\/1-mes-por-aniversario-de-que-trata-este-metodo-es-gratis\/#primaryimage\",\"url\":\"https:\/\/cdn-blog.arriendo.com\/co\/blog\/wp-content\/uploads\/2021\/10\/mes-gratis-de-arriendo-scaled.jpg\",\"contentUrl\":\"https:\/\/cdn-blog.arriendo.com\/co\/blog\/wp-content\/uploads\/2021\/10\/mes-gratis-de-arriendo-scaled.jpg\",\"width\":2048,\"height\":1365,\"caption\":\"mes-gratis-de-arriendo\"},{\"@type\":\"BreadcrumbList\",\"@id\":\"https:\/\/arriendo.com\/co\/blog\/consejos\/para-arrendar\/1-mes-por-aniversario-de-que-trata-este-metodo-es-gratis\/#breadcrumb\",\"itemListElement\":[{\"@type\":\"ListItem\",\"position\":1,\"name\":\"Inicio\",\"item\":\"https:\/\/arriendo.com\/co\/blog\/\"},{\"@type\":\"ListItem\",\"position\":2,\"name\":\"Consejos\",\"item\":\"https:\/\/arriendo.com\/co\/blog\/consejos\/\"},{\"@type\":\"ListItem\",\"position\":3,\"name\":\"Consejos para arrendar\",\"item\":\"https:\/\/arriendo.com\/co\/blog\/consejos\/para-arrendar\/\"},{\"@type\":\"ListItem\",\"position\":4,\"name\":\"1 mes por a\u00f1o: \u00bfEl inquilino tiene derecho a estar un mes gratis por un a\u00f1o de estad\u00eda?\"}]},{\"@type\":\"WebSite\",\"@id\":\"https:\/\/arriendo.com\/co\/blog\/#website\",\"url\":\"https:\/\/arriendo.com\/co\/blog\/\",\"name\":\"Blog arriendo.com\",\"description\":\"Abre la puerta de tu pr\u00f3ximo hogar\",\"publisher\":{\"@id\":\"https:\/\/arriendo.com\/co\/blog\/#organization\"},\"alternateName\":\"Blog Arriendo\",\"potentialAction\":[{\"@type\":\"SearchAction\",\"target\":{\"@type\":\"EntryPoint\",\"urlTemplate\":\"https:\/\/arriendo.com\/co\/blog\/?s={search_term_string}\"},\"query-input\":{\"@type\":\"PropertyValueSpecification\",\"valueRequired\":true,\"valueName\":\"search_term_string\"}}],\"inLanguage\":\"es\"},{\"@type\":\"Organization\",\"@id\":\"https:\/\/arriendo.com\/co\/blog\/#organization\",\"name\":\"Blog arriendo.com\",\"alternateName\":\"Arriendo.com\",\"url\":\"https:\/\/arriendo.com\/co\/blog\/\",\"logo\":{\"@type\":\"ImageObject\",\"inLanguage\":\"es\",\"@id\":\"https:\/\/arriendo.com\/co\/blog\/#\/schema\/logo\/image\/\",\"url\":\"https:\/\/arriendo.com\/co\/blog\/wp-content\/uploads\/2020\/02\/logo-arriendo-perfil-rojo-1080x1080-ok-v1.png\",\"contentUrl\":\"https:\/\/arriendo.com\/co\/blog\/wp-content\/uploads\/2020\/02\/logo-arriendo-perfil-rojo-1080x1080-ok-v1.png\",\"width\":1080,\"height\":1080,\"caption\":\"Blog arriendo.com\"},\"image\":{\"@id\":\"https:\/\/arriendo.com\/co\/blog\/#\/schema\/logo\/image\/\"},\"sameAs\":[\"https:\/\/www.facebook.com\/arriendocom\"]},{\"@type\":\"Person\",\"@id\":\"https:\/\/arriendo.com\/co\/blog\/#\/schema\/person\/2f01f3967f9bc1385cf08b3d1fe3883d\",\"name\":\"Hernando Abdu salame\",\"image\":{\"@type\":\"ImageObject\",\"inLanguage\":\"es\",\"@id\":\"https:\/\/arriendo.com\/co\/blog\/#\/schema\/person\/image\/\",\"url\":\"https:\/\/secure.gravatar.com\/avatar\/4c6fe0b8b5682ae940351be6ff4f4e5ec65d05b273ab650e6763c04848d63357?s=96&r=g\",\"contentUrl\":\"https:\/\/secure.gravatar.com\/avatar\/4c6fe0b8b5682ae940351be6ff4f4e5ec65d05b273ab650e6763c04848d63357?s=96&r=g\",\"caption\":\"Hernando Abdu salame\"}}]}<\/script>\n<!-- \/ Yoast SEO plugin. -->","yoast_head_json":{"title":"1 mes gratis por 1 a\u00f1o de arriendo \u00bfes cierta esta afirmaci\u00f3n?","description":"Conozca si es correcta la afirmaci\u00f3n de 1 mes gratis por cada a\u00f1o de arrendamiento en Colombia \u00bfEs legal o ilegal esta situaci\u00f3n?","robots":{"index":"index","follow":"follow","max-snippet":"max-snippet:-1","max-image-preview":"max-image-preview:large","max-video-preview":"max-video-preview:-1"},"canonical":"https:\/\/arriendo.com\/co\/blog\/consejos\/para-arrendar\/1-mes-por-aniversario-de-que-trata-este-metodo-es-gratis\/","og_locale":"es_ES","og_type":"article","og_title":"1 mes gratis por 1 a\u00f1o de arriendo \u00bfes cierta esta afirmaci\u00f3n?","og_description":"Conozca si es correcta la afirmaci\u00f3n de 1 mes gratis por cada a\u00f1o de arrendamiento en Colombia \u00bfEs legal o ilegal esta situaci\u00f3n?","og_url":"https:\/\/arriendo.com\/co\/blog\/consejos\/para-arrendar\/1-mes-por-aniversario-de-que-trata-este-metodo-es-gratis\/","og_site_name":"Blog Arriendo.com","article_publisher":"https:\/\/www.facebook.com\/arriendocom","article_published_time":"2021-10-14T16:00:00+00:00","article_modified_time":"2025-12-12T13:31:03+00:00","og_image":[{"width":2048,"height":1365,"url":"https:\/\/cdn-blog.arriendo.com\/co\/blog\/wp-content\/uploads\/2021\/10\/mes-gratis-de-arriendo-scaled.jpg","type":"image\/jpeg"}],"author":"Hernando Abdu salame","twitter_card":"summary_large_image","twitter_misc":{"Escrito por":"Hernando Abdu salame","Tiempo de lectura":"3 minutos"},"schema":{"@context":"https:\/\/schema.org","@graph":[{"@type":["Article","BlogPosting"],"@id":"https:\/\/arriendo.com\/co\/blog\/consejos\/para-arrendar\/1-mes-por-aniversario-de-que-trata-este-metodo-es-gratis\/#article","isPartOf":{"@id":"https:\/\/arriendo.com\/co\/blog\/consejos\/para-arrendar\/1-mes-por-aniversario-de-que-trata-este-metodo-es-gratis\/"},"author":{"name":"Hernando Abdu salame","@id":"https:\/\/arriendo.com\/co\/blog\/#\/schema\/person\/2f01f3967f9bc1385cf08b3d1fe3883d"},"headline":"1 mes por a\u00f1o: \u00bfEl inquilino tiene derecho a estar un mes gratis por un a\u00f1o de estad\u00eda?","datePublished":"2021-10-14T16:00:00+00:00","dateModified":"2025-12-12T13:31:03+00:00","mainEntityOfPage":{"@id":"https:\/\/arriendo.com\/co\/blog\/consejos\/para-arrendar\/1-mes-por-aniversario-de-que-trata-este-metodo-es-gratis\/"},"wordCount":662,"commentCount":0,"publisher":{"@id":"https:\/\/arriendo.com\/co\/blog\/#organization"},"image":{"@id":"https:\/\/arriendo.com\/co\/blog\/consejos\/para-arrendar\/1-mes-por-aniversario-de-que-trata-este-metodo-es-gratis\/#primaryimage"},"thumbnailUrl":"https:\/\/cdn-blog.arriendo.com\/co\/blog\/wp-content\/uploads\/2021\/10\/mes-gratis-de-arriendo-scaled.jpg","articleSection":["Consejos para arrendar"],"inLanguage":"es","potentialAction":[{"@type":"CommentAction","name":"Comment","target":["https:\/\/arriendo.com\/co\/blog\/consejos\/para-arrendar\/1-mes-por-aniversario-de-que-trata-este-metodo-es-gratis\/#respond"]}]},{"@type":"WebPage","@id":"https:\/\/arriendo.com\/co\/blog\/consejos\/para-arrendar\/1-mes-por-aniversario-de-que-trata-este-metodo-es-gratis\/","url":"https:\/\/arriendo.com\/co\/blog\/consejos\/para-arrendar\/1-mes-por-aniversario-de-que-trata-este-metodo-es-gratis\/","name":"1 mes gratis por 1 a\u00f1o de arriendo \u00bfes cierta esta afirmaci\u00f3n?","isPartOf":{"@id":"https:\/\/arriendo.com\/co\/blog\/#website"},"primaryImageOfPage":{"@id":"https:\/\/arriendo.com\/co\/blog\/consejos\/para-arrendar\/1-mes-por-aniversario-de-que-trata-este-metodo-es-gratis\/#primaryimage"},"image":{"@id":"https:\/\/arriendo.com\/co\/blog\/consejos\/para-arrendar\/1-mes-por-aniversario-de-que-trata-este-metodo-es-gratis\/#primaryimage"},"thumbnailUrl":"https:\/\/cdn-blog.arriendo.com\/co\/blog\/wp-content\/uploads\/2021\/10\/mes-gratis-de-arriendo-scaled.jpg","datePublished":"2021-10-14T16:00:00+00:00","dateModified":"2025-12-12T13:31:03+00:00","description":"Conozca si es correcta la afirmaci\u00f3n de 1 mes gratis por cada a\u00f1o de arrendamiento en Colombia \u00bfEs legal o ilegal esta situaci\u00f3n?","breadcrumb":{"@id":"https:\/\/arriendo.com\/co\/blog\/consejos\/para-arrendar\/1-mes-por-aniversario-de-que-trata-este-metodo-es-gratis\/#breadcrumb"},"inLanguage":"es","potentialAction":[{"@type":"ReadAction","target":["https:\/\/arriendo.com\/co\/blog\/consejos\/para-arrendar\/1-mes-por-aniversario-de-que-trata-este-metodo-es-gratis\/"]}]},{"@type":"ImageObject","inLanguage":"es","@id":"https:\/\/arriendo.com\/co\/blog\/consejos\/para-arrendar\/1-mes-por-aniversario-de-que-trata-este-metodo-es-gratis\/#primaryimage","url":"https:\/\/cdn-blog.arriendo.com\/co\/blog\/wp-content\/uploads\/2021\/10\/mes-gratis-de-arriendo-scaled.jpg","contentUrl":"https:\/\/cdn-blog.arriendo.com\/co\/blog\/wp-content\/uploads\/2021\/10\/mes-gratis-de-arriendo-scaled.jpg","width":2048,"height":1365,"caption":"mes-gratis-de-arriendo"},{"@type":"BreadcrumbList","@id":"https:\/\/arriendo.com\/co\/blog\/consejos\/para-arrendar\/1-mes-por-aniversario-de-que-trata-este-metodo-es-gratis\/#breadcrumb","itemListElement":[{"@type":"ListItem","position":1,"name":"Inicio","item":"https:\/\/arriendo.com\/co\/blog\/"},{"@type":"ListItem","position":2,"name":"Consejos","item":"https:\/\/arriendo.com\/co\/blog\/consejos\/"},{"@type":"ListItem","position":3,"name":"Consejos para arrendar","item":"https:\/\/arriendo.com\/co\/blog\/consejos\/para-arrendar\/"},{"@type":"ListItem","position":4,"name":"1 mes por a\u00f1o: \u00bfEl inquilino tiene derecho a estar un mes gratis por un a\u00f1o de estad\u00eda?"}]},{"@type":"WebSite","@id":"https:\/\/arriendo.com\/co\/blog\/#website","url":"https:\/\/arriendo.com\/co\/blog\/","name":"Blog arriendo.com","description":"Abre la puerta de tu pr\u00f3ximo hogar","publisher":{"@id":"https:\/\/arriendo.com\/co\/blog\/#organization"},"alternateName":"Blog Arriendo","potentialAction":[{"@type":"SearchAction","target":{"@type":"EntryPoint","urlTemplate":"https:\/\/arriendo.com\/co\/blog\/?s={search_term_string}"},"query-input":{"@type":"PropertyValueSpecification","valueRequired":true,"valueName":"search_term_string"}}],"inLanguage":"es"},{"@type":"Organization","@id":"https:\/\/arriendo.com\/co\/blog\/#organization","name":"Blog arriendo.com","alternateName":"Arriendo.com","url":"https:\/\/arriendo.com\/co\/blog\/","logo":{"@type":"ImageObject","inLanguage":"es","@id":"https:\/\/arriendo.com\/co\/blog\/#\/schema\/logo\/image\/","url":"https:\/\/arriendo.com\/co\/blog\/wp-content\/uploads\/2020\/02\/logo-arriendo-perfil-rojo-1080x1080-ok-v1.png","contentUrl":"https:\/\/arriendo.com\/co\/blog\/wp-content\/uploads\/2020\/02\/logo-arriendo-perfil-rojo-1080x1080-ok-v1.png","width":1080,"height":1080,"caption":"Blog arriendo.com"},"image":{"@id":"https:\/\/arriendo.com\/co\/blog\/#\/schema\/logo\/image\/"},"sameAs":["https:\/\/www.facebook.com\/arriendocom"]},{"@type":"Person","@id":"https:\/\/arriendo.com\/co\/blog\/#\/schema\/person\/2f01f3967f9bc1385cf08b3d1fe3883d","name":"Hernando Abdu salame","image":{"@type":"ImageObject","inLanguage":"es","@id":"https:\/\/arriendo.com\/co\/blog\/#\/schema\/person\/image\/","url":"https:\/\/secure.gravatar.com\/avatar\/4c6fe0b8b5682ae940351be6ff4f4e5ec65d05b273ab650e6763c04848d63357?s=96&r=g","contentUrl":"https:\/\/secure.gravatar.com\/avatar\/4c6fe0b8b5682ae940351be6ff4f4e5ec65d05b273ab650e6763c04848d63357?s=96&r=g","caption":"Hernando Abdu salame"}}]}},"amp_enabled":true,"_links":{"self":[{"href":"https:\/\/arriendo.com\/co\/blog\/wp-json\/wp\/v2\/posts\/6228","targetHints":{"allow":["GET"]}}],"collection":[{"href":"https:\/\/arriendo.com\/co\/blog\/wp-json\/wp\/v2\/posts"}],"about":[{"href":"https:\/\/arriendo.com\/co\/blog\/wp-json\/wp\/v2\/types\/post"}],"author":[{"embeddable":true,"href":"https:\/\/arriendo.com\/co\/blog\/wp-json\/wp\/v2\/users\/23"}],"replies":[{"embeddable":true,"href":"https:\/\/arriendo.com\/co\/blog\/wp-json\/wp\/v2\/comments?post=6228"}],"version-history":[{"count":3,"href":"https:\/\/arriendo.com\/co\/blog\/wp-json\/wp\/v2\/posts\/6228\/revisions"}],"predecessor-version":[{"id":17966,"href":"https:\/\/arriendo.com\/co\/blog\/wp-json\/wp\/v2\/posts\/6228\/revisions\/17966"}],"wp:featuredmedia":[{"embeddable":true,"href":"https:\/\/arriendo.com\/co\/blog\/wp-json\/wp\/v2\/media\/6236"}],"wp:attachment":[{"href":"https:\/\/arriendo.com\/co\/blog\/wp-json\/wp\/v2\/media?parent=6228"}],"wp:term":[{"taxonomy":"category","embeddable":true,"href":"https:\/\/arriendo.com\/co\/blog\/wp-json\/wp\/v2\/categories?post=6228"},{"taxonomy":"post_tag","embeddable":true,"href":"https:\/\/arriendo.com\/co\/blog\/wp-json\/wp\/v2\/tags?post=6228"}],"curies":[{"name":"wp","href":"https:\/\/api.w.org\/{rel}","templated":true}]}}