{"id":6216,"date":"2021-10-10T10:30:00","date_gmt":"2021-10-10T15:30:00","guid":{"rendered":"https:\/\/arriendo.com\/co\/blog\/?p=6216"},"modified":"2024-10-28T11:46:23","modified_gmt":"2024-10-28T16:46:23","slug":"diferencias-de-viviendas-vis-y-no-vis","status":"publish","type":"post","link":"https:\/\/arriendo.com\/co\/blog\/finca-raiz\/diferencias-de-viviendas-vis-y-no-vis\/","title":{"rendered":"Diferencias de viviendas: VIS y no VIS"},"content":{"rendered":"\n<p>Los diferentes tipos de vivienda est\u00e1n emergidos en cualquier clase, distinci\u00f3n o estratificaci\u00f3n social. Puesto que cada familia se acopla a la diversidad de hogares acorde a las caracter\u00edsticas, gustos y estrato al que pertenece. Por eso, se debe conocer cu\u00e1les son las caracter\u00edsticas y diferencias de las viviendas para conseguir la ideal.<\/p>\n\n\n\n<p>La estratificaci\u00f3n social en Colombia es una de las formas m\u00e1s sencillas en clasificar el nivel econ\u00f3mico de una sociedad, donde juegan un sinf\u00edn de factores que categorizan el estatus de un individuo o familia. Estos aspectos que jerarquizan a las familias colombianas hacen que sean divididos por estratos acorde a la zona donde la familia pueda habitar. Es por ello, que existen estratos desde el nivel 1 hasta el 6, donde el primero es el m\u00e1s bajo y el \u00faltimo el m\u00e1s alto.<\/p>\n\n\n\n<p>Pero, \u00bfQu\u00e9 tiene que ver la estratificaci\u00f3n con el tipo de vivienda? Pues casi todo. Ya que, los tipos de vivienda dependen efectivamente de la zona, el ingreso familiar, caracter\u00edsticas de la propiedad, entre otras cosas. Y a partir de all\u00ed, se puede determinar la diferencia entre las viviendas VIS y no VIS.<\/p>\n\n\n\n<h2 class=\"wp-block-heading\">\u00bfDe qu\u00e9 trata el tipo de vivienda VIS?<\/h2>\n\n\n\n<p>Las Viviendas de Inter\u00e9s Social (VIS) son aquellas que poseen un valor adquisitivo m\u00e1ximo de 135 o 150 al salario m\u00ednimo mensual legal vigente de Colombia. Lo que depende del lugar donde se construya la vivienda, es decir, si es un ambiente urbano o rural, a partir de este aspecto la cuota podr\u00eda variar f\u00e1cilmente.<\/p>\n\n\n\n<h2 class=\"wp-block-heading\">\u00bfDe qu\u00e9 trata el tipo de vivienda no VIS?<\/h2>\n\n\n\n<p>Son aquellas Viviendas de Inter\u00e9s Social que sobrepasan la cantidad de las VIS, donde la cantidad puede variar a partir de 135 o 150 al salario m\u00ednimo mensual legal vigente de Colombia. Igualmente, acorde a la zona donde se construya puede variar el precio.<\/p>\n\n\n\n<h2 class=\"wp-block-heading\">\u00bfA qu\u00e9 se debe la diferenciaci\u00f3n de viviendas en Colombia?<\/h2>\n\n\n\n<p>Si bien, las viviendas de Inter\u00e9s Social se construyen para aquellas personas o familias j\u00f3venes profesionales que deseen adquirir f\u00e1cilmente un hogar, puesto que los precios son sumamente accesibles y adem\u00e1s, <a href=\"https:\/\/arriendo.com\/co\/blog\/estudio-de-vivienda\/a-que-tipo-de-subsidios-puedes-optar-para-comprar-vivienda-en-colombia\/\">el gobierno habilita diferentes tipos de ayudas e incentivos financieros<\/a> para agilizar y motivar el proceso de compra.<\/p>\n\n\n\n<p>Mientras que las viviendas de Inter\u00e9s Social no VIS est\u00e1n totalmente dise\u00f1adas para aquellas personas que poseen un ingreso mayor al del salario m\u00ednimo mensual legal vigente de Colombia. Adem\u00e1s que cuenta con servicios adicionales que hace que se le agregue valor, por ejemplo, estacionamiento, piscina, altura, cuarto \u00fatil, \u00e1reas comunes entre otras cosas.<\/p>\n\n\n\n<h3 class=\"wp-block-heading\">\u00bfCu\u00e1les son las ventajas de adquirir una vivienda de inter\u00e9s social?<\/h3>\n\n\n\n<ul class=\"wp-block-list\">\n<li>Econom\u00eda garantizada: puesto que los servicios p\u00fablicos pueden ser muy accesibles y se encuentran entre los estratos 2 y 3.<\/li>\n\n\n\n<li>Cuentan con ayudas gubernamentales: este m\u00e9todo estatal hace m\u00e1s f\u00e1cil la adquisici\u00f3n de la vivienda.<\/li>\n\n\n\n<li>Su valorizaci\u00f3n no es constante.<\/li>\n\n\n\n<li>La tasa de inter\u00e9s suele ser menor.<\/li>\n<\/ul>\n\n\n\n<h3 class=\"wp-block-heading\">\u00bfVentajas de adquirir una vivienda de inter\u00e9s social No VIS?<\/h3>\n\n\n\n<ul class=\"wp-block-list\">\n<li>Su rango es m\u00e1s amplio: este beneficio se relaciona con la gama de posibilidades de adquisici\u00f3n acorde a la cuota y el valor econ\u00f3mico de la persona.<\/li>\n\n\n\n<li>Facilidad de acoplamiento: existe una cantidad de apartamentos que pueden cubrir las carencias prioritarias de una persona.<\/li>\n\n\n\n<li>Personalizaci\u00f3n de la vivienda.<\/li>\n<\/ul>\n\n\n\n<p><strong>Le puede interesar<\/strong>: <a href=\"https:\/\/arriendo.com\/co\/blog\/noticias-y-tendencias\/nuevo-sistema-para-acceder-a-subsidios-de-vivienda-en-colombia\/\">Nuevo sistema para acceder a subsidios de vivienda en Colombia<\/a><\/p>\n","protected":false},"excerpt":{"rendered":"<p>Los diferentes tipos de vivienda est\u00e1n emergidos en cualquier clase, distinci\u00f3n o estratificaci\u00f3n social. Puesto que cada familia se acopla a la diversidad de hogares acorde a las caracter\u00edsticas, gustos y estrato al que pertenec<\/p>\n","protected":false},"author":23,"featured_media":6232,"comment_status":"open","ping_status":"closed","sticky":false,"template":"","format":"standard","meta":{"_acf_changed":false,"footnotes":""},"categories":[127],"tags":[],"class_list":["post-6216","post","type-post","status-publish","format-standard","has-post-thumbnail","hentry","category-finca-raiz"],"acf":[],"nelio_content":{"isAutoShareEnabled":true,"autoShareEndMode":"never","automationSources":{"useCustomSentences":false,"customSentences":[]},"followers":[],"suggestedReferences":[],"efiUrl":"","efiAlt":"","highlights":[],"permalinkQueryArgs":[],"series":[]},"yoast_head":"<!-- This site is optimized with the Yoast SEO plugin v25.4 - https:\/\/yoast.com\/wordpress\/plugins\/seo\/ -->\n<title>Diferencias de viviendas: \u00bfcu\u00e1les son? \u00bfVIS y no VIS?<\/title>\n<meta name=\"description\" content=\"\u00bfQuiere conocer cu\u00e1les son las diferencias de viviendas VIS y no VIS? Y descubra qu\u00e9 tipo se relaciona con usted\" \/>\n<meta name=\"robots\" content=\"index, follow, max-snippet:-1, max-image-preview:large, max-video-preview:-1\" \/>\n<link rel=\"canonical\" href=\"https:\/\/arriendo.com\/co\/blog\/finca-raiz\/diferencias-de-viviendas-vis-y-no-vis\/\" \/>\n<meta property=\"og:locale\" content=\"es_ES\" \/>\n<meta property=\"og:type\" content=\"article\" \/>\n<meta property=\"og:title\" content=\"Diferencias de viviendas: \u00bfcu\u00e1les son? \u00bfVIS y no VIS?\" \/>\n<meta property=\"og:description\" content=\"\u00bfQuiere conocer cu\u00e1les son las diferencias de viviendas VIS y no VIS? Y descubra qu\u00e9 tipo se relaciona con usted\" \/>\n<meta property=\"og:url\" content=\"https:\/\/arriendo.com\/co\/blog\/finca-raiz\/diferencias-de-viviendas-vis-y-no-vis\/\" \/>\n<meta property=\"og:site_name\" content=\"Blog Arriendo.com\" \/>\n<meta property=\"article:publisher\" content=\"https:\/\/www.facebook.com\/arriendocom\" \/>\n<meta property=\"article:published_time\" content=\"2021-10-10T15:30:00+00:00\" \/>\n<meta property=\"article:modified_time\" content=\"2024-10-28T16:46:23+00:00\" \/>\n<meta property=\"og:image\" content=\"https:\/\/arriendo.com\/co\/blog\/wp-content\/uploads\/2021\/10\/diferencias-de-viviendas-scaled.jpg\" \/>\n\t<meta property=\"og:image:width\" content=\"2048\" \/>\n\t<meta property=\"og:image:height\" content=\"1365\" \/>\n\t<meta property=\"og:image:type\" content=\"image\/jpeg\" \/>\n<meta name=\"author\" content=\"Hernando Abdu salame\" \/>\n<meta name=\"twitter:card\" content=\"summary_large_image\" \/>\n<meta name=\"twitter:label1\" content=\"Escrito por\" \/>\n\t<meta name=\"twitter:data1\" content=\"Hernando Abdu salame\" \/>\n\t<meta name=\"twitter:label2\" content=\"Tiempo de lectura\" \/>\n\t<meta name=\"twitter:data2\" content=\"3 minutos\" \/>\n<script type=\"application\/ld+json\" class=\"yoast-schema-graph\">{\"@context\":\"https:\/\/schema.org\",\"@graph\":[{\"@type\":[\"Article\",\"BlogPosting\"],\"@id\":\"https:\/\/arriendo.com\/co\/blog\/finca-raiz\/diferencias-de-viviendas-vis-y-no-vis\/#article\",\"isPartOf\":{\"@id\":\"https:\/\/arriendo.com\/co\/blog\/finca-raiz\/diferencias-de-viviendas-vis-y-no-vis\/\"},\"author\":{\"name\":\"Hernando Abdu salame\",\"@id\":\"https:\/\/arriendo.com\/co\/blog\/#\/schema\/person\/2f01f3967f9bc1385cf08b3d1fe3883d\"},\"headline\":\"Diferencias de viviendas: VIS y no VIS\",\"datePublished\":\"2021-10-10T15:30:00+00:00\",\"dateModified\":\"2024-10-28T16:46:23+00:00\",\"mainEntityOfPage\":{\"@id\":\"https:\/\/arriendo.com\/co\/blog\/finca-raiz\/diferencias-de-viviendas-vis-y-no-vis\/\"},\"wordCount\":593,\"commentCount\":0,\"publisher\":{\"@id\":\"https:\/\/arriendo.com\/co\/blog\/#organization\"},\"image\":{\"@id\":\"https:\/\/arriendo.com\/co\/blog\/finca-raiz\/diferencias-de-viviendas-vis-y-no-vis\/#primaryimage\"},\"thumbnailUrl\":\"https:\/\/cdn-blog.arriendo.com\/co\/blog\/wp-content\/uploads\/2021\/10\/diferencias-de-viviendas-scaled.jpg\",\"articleSection\":[\"Finca Ra\u00edz\"],\"inLanguage\":\"es\",\"potentialAction\":[{\"@type\":\"CommentAction\",\"name\":\"Comment\",\"target\":[\"https:\/\/arriendo.com\/co\/blog\/finca-raiz\/diferencias-de-viviendas-vis-y-no-vis\/#respond\"]}]},{\"@type\":\"WebPage\",\"@id\":\"https:\/\/arriendo.com\/co\/blog\/finca-raiz\/diferencias-de-viviendas-vis-y-no-vis\/\",\"url\":\"https:\/\/arriendo.com\/co\/blog\/finca-raiz\/diferencias-de-viviendas-vis-y-no-vis\/\",\"name\":\"Diferencias de viviendas: \u00bfcu\u00e1les son? \u00bfVIS y no VIS?\",\"isPartOf\":{\"@id\":\"https:\/\/arriendo.com\/co\/blog\/#website\"},\"primaryImageOfPage\":{\"@id\":\"https:\/\/arriendo.com\/co\/blog\/finca-raiz\/diferencias-de-viviendas-vis-y-no-vis\/#primaryimage\"},\"image\":{\"@id\":\"https:\/\/arriendo.com\/co\/blog\/finca-raiz\/diferencias-de-viviendas-vis-y-no-vis\/#primaryimage\"},\"thumbnailUrl\":\"https:\/\/cdn-blog.arriendo.com\/co\/blog\/wp-content\/uploads\/2021\/10\/diferencias-de-viviendas-scaled.jpg\",\"datePublished\":\"2021-10-10T15:30:00+00:00\",\"dateModified\":\"2024-10-28T16:46:23+00:00\",\"description\":\"\u00bfQuiere conocer cu\u00e1les son las diferencias de viviendas VIS y no VIS? Y descubra qu\u00e9 tipo se relaciona con usted\",\"breadcrumb\":{\"@id\":\"https:\/\/arriendo.com\/co\/blog\/finca-raiz\/diferencias-de-viviendas-vis-y-no-vis\/#breadcrumb\"},\"inLanguage\":\"es\",\"potentialAction\":[{\"@type\":\"ReadAction\",\"target\":[\"https:\/\/arriendo.com\/co\/blog\/finca-raiz\/diferencias-de-viviendas-vis-y-no-vis\/\"]}]},{\"@type\":\"ImageObject\",\"inLanguage\":\"es\",\"@id\":\"https:\/\/arriendo.com\/co\/blog\/finca-raiz\/diferencias-de-viviendas-vis-y-no-vis\/#primaryimage\",\"url\":\"https:\/\/cdn-blog.arriendo.com\/co\/blog\/wp-content\/uploads\/2021\/10\/diferencias-de-viviendas-scaled.jpg\",\"contentUrl\":\"https:\/\/cdn-blog.arriendo.com\/co\/blog\/wp-content\/uploads\/2021\/10\/diferencias-de-viviendas-scaled.jpg\",\"width\":2048,\"height\":1365,\"caption\":\"diferencias-de-viviendas\"},{\"@type\":\"BreadcrumbList\",\"@id\":\"https:\/\/arriendo.com\/co\/blog\/finca-raiz\/diferencias-de-viviendas-vis-y-no-vis\/#breadcrumb\",\"itemListElement\":[{\"@type\":\"ListItem\",\"position\":1,\"name\":\"Inicio\",\"item\":\"https:\/\/arriendo.com\/co\/blog\/\"},{\"@type\":\"ListItem\",\"position\":2,\"name\":\"Finca Ra\u00edz\",\"item\":\"https:\/\/arriendo.com\/co\/blog\/finca-raiz\/\"},{\"@type\":\"ListItem\",\"position\":3,\"name\":\"Diferencias de viviendas: VIS y no VIS\"}]},{\"@type\":\"WebSite\",\"@id\":\"https:\/\/arriendo.com\/co\/blog\/#website\",\"url\":\"https:\/\/arriendo.com\/co\/blog\/\",\"name\":\"Blog arriendo.com\",\"description\":\"Abre la puerta de tu pr\u00f3ximo hogar\",\"publisher\":{\"@id\":\"https:\/\/arriendo.com\/co\/blog\/#organization\"},\"alternateName\":\"Blog Arriendo\",\"potentialAction\":[{\"@type\":\"SearchAction\",\"target\":{\"@type\":\"EntryPoint\",\"urlTemplate\":\"https:\/\/arriendo.com\/co\/blog\/?s={search_term_string}\"},\"query-input\":{\"@type\":\"PropertyValueSpecification\",\"valueRequired\":true,\"valueName\":\"search_term_string\"}}],\"inLanguage\":\"es\"},{\"@type\":\"Organization\",\"@id\":\"https:\/\/arriendo.com\/co\/blog\/#organization\",\"name\":\"Blog arriendo.com\",\"alternateName\":\"Arriendo.com\",\"url\":\"https:\/\/arriendo.com\/co\/blog\/\",\"logo\":{\"@type\":\"ImageObject\",\"inLanguage\":\"es\",\"@id\":\"https:\/\/arriendo.com\/co\/blog\/#\/schema\/logo\/image\/\",\"url\":\"https:\/\/arriendo.com\/co\/blog\/wp-content\/uploads\/2020\/02\/logo-arriendo-perfil-rojo-1080x1080-ok-v1.png\",\"contentUrl\":\"https:\/\/arriendo.com\/co\/blog\/wp-content\/uploads\/2020\/02\/logo-arriendo-perfil-rojo-1080x1080-ok-v1.png\",\"width\":1080,\"height\":1080,\"caption\":\"Blog arriendo.com\"},\"image\":{\"@id\":\"https:\/\/arriendo.com\/co\/blog\/#\/schema\/logo\/image\/\"},\"sameAs\":[\"https:\/\/www.facebook.com\/arriendocom\"]},{\"@type\":\"Person\",\"@id\":\"https:\/\/arriendo.com\/co\/blog\/#\/schema\/person\/2f01f3967f9bc1385cf08b3d1fe3883d\",\"name\":\"Hernando Abdu salame\",\"image\":{\"@type\":\"ImageObject\",\"inLanguage\":\"es\",\"@id\":\"https:\/\/arriendo.com\/co\/blog\/#\/schema\/person\/image\/\",\"url\":\"https:\/\/secure.gravatar.com\/avatar\/4c6fe0b8b5682ae940351be6ff4f4e5ec65d05b273ab650e6763c04848d63357?s=96&r=g\",\"contentUrl\":\"https:\/\/secure.gravatar.com\/avatar\/4c6fe0b8b5682ae940351be6ff4f4e5ec65d05b273ab650e6763c04848d63357?s=96&r=g\",\"caption\":\"Hernando Abdu salame\"}}]}<\/script>\n<!-- \/ Yoast SEO plugin. -->","yoast_head_json":{"title":"Diferencias de viviendas: \u00bfcu\u00e1les son? \u00bfVIS y no VIS?","description":"\u00bfQuiere conocer cu\u00e1les son las diferencias de viviendas VIS y no VIS? Y descubra qu\u00e9 tipo se relaciona con usted","robots":{"index":"index","follow":"follow","max-snippet":"max-snippet:-1","max-image-preview":"max-image-preview:large","max-video-preview":"max-video-preview:-1"},"canonical":"https:\/\/arriendo.com\/co\/blog\/finca-raiz\/diferencias-de-viviendas-vis-y-no-vis\/","og_locale":"es_ES","og_type":"article","og_title":"Diferencias de viviendas: \u00bfcu\u00e1les son? \u00bfVIS y no VIS?","og_description":"\u00bfQuiere conocer cu\u00e1les son las diferencias de viviendas VIS y no VIS? Y descubra qu\u00e9 tipo se relaciona con usted","og_url":"https:\/\/arriendo.com\/co\/blog\/finca-raiz\/diferencias-de-viviendas-vis-y-no-vis\/","og_site_name":"Blog Arriendo.com","article_publisher":"https:\/\/www.facebook.com\/arriendocom","article_published_time":"2021-10-10T15:30:00+00:00","article_modified_time":"2024-10-28T16:46:23+00:00","og_image":[{"width":2048,"height":1365,"url":"https:\/\/arriendo.com\/co\/blog\/wp-content\/uploads\/2021\/10\/diferencias-de-viviendas-scaled.jpg","type":"image\/jpeg"}],"author":"Hernando Abdu salame","twitter_card":"summary_large_image","twitter_misc":{"Escrito por":"Hernando Abdu salame","Tiempo de lectura":"3 minutos"},"schema":{"@context":"https:\/\/schema.org","@graph":[{"@type":["Article","BlogPosting"],"@id":"https:\/\/arriendo.com\/co\/blog\/finca-raiz\/diferencias-de-viviendas-vis-y-no-vis\/#article","isPartOf":{"@id":"https:\/\/arriendo.com\/co\/blog\/finca-raiz\/diferencias-de-viviendas-vis-y-no-vis\/"},"author":{"name":"Hernando Abdu salame","@id":"https:\/\/arriendo.com\/co\/blog\/#\/schema\/person\/2f01f3967f9bc1385cf08b3d1fe3883d"},"headline":"Diferencias de viviendas: VIS y no VIS","datePublished":"2021-10-10T15:30:00+00:00","dateModified":"2024-10-28T16:46:23+00:00","mainEntityOfPage":{"@id":"https:\/\/arriendo.com\/co\/blog\/finca-raiz\/diferencias-de-viviendas-vis-y-no-vis\/"},"wordCount":593,"commentCount":0,"publisher":{"@id":"https:\/\/arriendo.com\/co\/blog\/#organization"},"image":{"@id":"https:\/\/arriendo.com\/co\/blog\/finca-raiz\/diferencias-de-viviendas-vis-y-no-vis\/#primaryimage"},"thumbnailUrl":"https:\/\/cdn-blog.arriendo.com\/co\/blog\/wp-content\/uploads\/2021\/10\/diferencias-de-viviendas-scaled.jpg","articleSection":["Finca Ra\u00edz"],"inLanguage":"es","potentialAction":[{"@type":"CommentAction","name":"Comment","target":["https:\/\/arriendo.com\/co\/blog\/finca-raiz\/diferencias-de-viviendas-vis-y-no-vis\/#respond"]}]},{"@type":"WebPage","@id":"https:\/\/arriendo.com\/co\/blog\/finca-raiz\/diferencias-de-viviendas-vis-y-no-vis\/","url":"https:\/\/arriendo.com\/co\/blog\/finca-raiz\/diferencias-de-viviendas-vis-y-no-vis\/","name":"Diferencias de viviendas: \u00bfcu\u00e1les son? \u00bfVIS y no VIS?","isPartOf":{"@id":"https:\/\/arriendo.com\/co\/blog\/#website"},"primaryImageOfPage":{"@id":"https:\/\/arriendo.com\/co\/blog\/finca-raiz\/diferencias-de-viviendas-vis-y-no-vis\/#primaryimage"},"image":{"@id":"https:\/\/arriendo.com\/co\/blog\/finca-raiz\/diferencias-de-viviendas-vis-y-no-vis\/#primaryimage"},"thumbnailUrl":"https:\/\/cdn-blog.arriendo.com\/co\/blog\/wp-content\/uploads\/2021\/10\/diferencias-de-viviendas-scaled.jpg","datePublished":"2021-10-10T15:30:00+00:00","dateModified":"2024-10-28T16:46:23+00:00","description":"\u00bfQuiere conocer cu\u00e1les son las diferencias de viviendas VIS y no VIS? Y descubra qu\u00e9 tipo se relaciona con usted","breadcrumb":{"@id":"https:\/\/arriendo.com\/co\/blog\/finca-raiz\/diferencias-de-viviendas-vis-y-no-vis\/#breadcrumb"},"inLanguage":"es","potentialAction":[{"@type":"ReadAction","target":["https:\/\/arriendo.com\/co\/blog\/finca-raiz\/diferencias-de-viviendas-vis-y-no-vis\/"]}]},{"@type":"ImageObject","inLanguage":"es","@id":"https:\/\/arriendo.com\/co\/blog\/finca-raiz\/diferencias-de-viviendas-vis-y-no-vis\/#primaryimage","url":"https:\/\/cdn-blog.arriendo.com\/co\/blog\/wp-content\/uploads\/2021\/10\/diferencias-de-viviendas-scaled.jpg","contentUrl":"https:\/\/cdn-blog.arriendo.com\/co\/blog\/wp-content\/uploads\/2021\/10\/diferencias-de-viviendas-scaled.jpg","width":2048,"height":1365,"caption":"diferencias-de-viviendas"},{"@type":"BreadcrumbList","@id":"https:\/\/arriendo.com\/co\/blog\/finca-raiz\/diferencias-de-viviendas-vis-y-no-vis\/#breadcrumb","itemListElement":[{"@type":"ListItem","position":1,"name":"Inicio","item":"https:\/\/arriendo.com\/co\/blog\/"},{"@type":"ListItem","position":2,"name":"Finca Ra\u00edz","item":"https:\/\/arriendo.com\/co\/blog\/finca-raiz\/"},{"@type":"ListItem","position":3,"name":"Diferencias de viviendas: VIS y no VIS"}]},{"@type":"WebSite","@id":"https:\/\/arriendo.com\/co\/blog\/#website","url":"https:\/\/arriendo.com\/co\/blog\/","name":"Blog arriendo.com","description":"Abre la puerta de tu pr\u00f3ximo hogar","publisher":{"@id":"https:\/\/arriendo.com\/co\/blog\/#organization"},"alternateName":"Blog Arriendo","potentialAction":[{"@type":"SearchAction","target":{"@type":"EntryPoint","urlTemplate":"https:\/\/arriendo.com\/co\/blog\/?s={search_term_string}"},"query-input":{"@type":"PropertyValueSpecification","valueRequired":true,"valueName":"search_term_string"}}],"inLanguage":"es"},{"@type":"Organization","@id":"https:\/\/arriendo.com\/co\/blog\/#organization","name":"Blog arriendo.com","alternateName":"Arriendo.com","url":"https:\/\/arriendo.com\/co\/blog\/","logo":{"@type":"ImageObject","inLanguage":"es","@id":"https:\/\/arriendo.com\/co\/blog\/#\/schema\/logo\/image\/","url":"https:\/\/arriendo.com\/co\/blog\/wp-content\/uploads\/2020\/02\/logo-arriendo-perfil-rojo-1080x1080-ok-v1.png","contentUrl":"https:\/\/arriendo.com\/co\/blog\/wp-content\/uploads\/2020\/02\/logo-arriendo-perfil-rojo-1080x1080-ok-v1.png","width":1080,"height":1080,"caption":"Blog arriendo.com"},"image":{"@id":"https:\/\/arriendo.com\/co\/blog\/#\/schema\/logo\/image\/"},"sameAs":["https:\/\/www.facebook.com\/arriendocom"]},{"@type":"Person","@id":"https:\/\/arriendo.com\/co\/blog\/#\/schema\/person\/2f01f3967f9bc1385cf08b3d1fe3883d","name":"Hernando Abdu salame","image":{"@type":"ImageObject","inLanguage":"es","@id":"https:\/\/arriendo.com\/co\/blog\/#\/schema\/person\/image\/","url":"https:\/\/secure.gravatar.com\/avatar\/4c6fe0b8b5682ae940351be6ff4f4e5ec65d05b273ab650e6763c04848d63357?s=96&r=g","contentUrl":"https:\/\/secure.gravatar.com\/avatar\/4c6fe0b8b5682ae940351be6ff4f4e5ec65d05b273ab650e6763c04848d63357?s=96&r=g","caption":"Hernando Abdu salame"}}]}},"amp_enabled":true,"_links":{"self":[{"href":"https:\/\/arriendo.com\/co\/blog\/wp-json\/wp\/v2\/posts\/6216","targetHints":{"allow":["GET"]}}],"collection":[{"href":"https:\/\/arriendo.com\/co\/blog\/wp-json\/wp\/v2\/posts"}],"about":[{"href":"https:\/\/arriendo.com\/co\/blog\/wp-json\/wp\/v2\/types\/post"}],"author":[{"embeddable":true,"href":"https:\/\/arriendo.com\/co\/blog\/wp-json\/wp\/v2\/users\/23"}],"replies":[{"embeddable":true,"href":"https:\/\/arriendo.com\/co\/blog\/wp-json\/wp\/v2\/comments?post=6216"}],"version-history":[{"count":2,"href":"https:\/\/arriendo.com\/co\/blog\/wp-json\/wp\/v2\/posts\/6216\/revisions"}],"predecessor-version":[{"id":16674,"href":"https:\/\/arriendo.com\/co\/blog\/wp-json\/wp\/v2\/posts\/6216\/revisions\/16674"}],"wp:featuredmedia":[{"embeddable":true,"href":"https:\/\/arriendo.com\/co\/blog\/wp-json\/wp\/v2\/media\/6232"}],"wp:attachment":[{"href":"https:\/\/arriendo.com\/co\/blog\/wp-json\/wp\/v2\/media?parent=6216"}],"wp:term":[{"taxonomy":"category","embeddable":true,"href":"https:\/\/arriendo.com\/co\/blog\/wp-json\/wp\/v2\/categories?post=6216"},{"taxonomy":"post_tag","embeddable":true,"href":"https:\/\/arriendo.com\/co\/blog\/wp-json\/wp\/v2\/tags?post=6216"}],"curies":[{"name":"wp","href":"https:\/\/api.w.org\/{rel}","templated":true}]}}