{"id":5800,"date":"2021-09-20T11:00:00","date_gmt":"2021-09-20T16:00:00","guid":{"rendered":"https:\/\/arriendo.com\/co\/blog\/?p=5800"},"modified":"2024-10-24T15:44:22","modified_gmt":"2024-10-24T20:44:22","slug":"que-hacer-si-no-puede-pagar-el-alquiler","status":"publish","type":"post","link":"https:\/\/arriendo.com\/co\/blog\/arriendo\/que-hacer-si-no-puede-pagar-el-alquiler\/","title":{"rendered":"Qu\u00e9 hacer si no puede pagar el alquiler"},"content":{"rendered":"\n<p>El alquiler para muchas de las personas en estos momentos se hace complicado pagarlo. Son unos de los problemas que padecen muchos en la actualidad, esto se debe a la pandemia COVID-19., la cual ha causado estragos en la econom\u00eda y el aumento de la tasa desempleo a nivel mundial, donde la gran mayor\u00eda busca una soluci\u00f3n de c\u00f3mo pagar el alquiler.<\/p>\n\n\n\n<p>Debido a la falta de pago del alquiler, muchos de los pa\u00edses han ordenado reducir el pago de la renta y la protecci\u00f3n contra todos los desalojos. Pero muchos no lo han hecho, pero esta vez aprender\u00e1n c\u00f3mo poder abordar la conversaci\u00f3n con los propietarios si no piensan pagar la renta este mes.<\/p>\n\n\n\n<h2 class=\"wp-block-heading\">Hablar lo antes posible<\/h2>\n\n\n\n<p>En estos momentos muchas de las ciudades del mundo han ordenado moratorias de desalojos. Esto es debido a la falta de pagos de los alquileres de muchos tipos de apartamentos y casas de alquiler. Es muy probable que no tenga que preocuparse por los desalojos por las diferentes \u00f3rdenes de los diferentes gobiernos locales y estatales de las diferentes ciudades.<\/p>\n\n\n\n<p>Las personas que alquilan deben hablar lo m\u00e1s pronto posible con el propietario del lugar. Si ya tienen conocimiento que no podr\u00e1n pagar el alquiler unos d\u00edas antes de la fecha de vencimiento de la renta, la persona debe de comunicarse con el propietario. Cuando es con algunas semanas de anticipaci\u00f3n es mucho mejor, cuando m\u00e1s tiempo tenga el arrendador, m\u00e1s tiempo tendr\u00e1n para buscar una soluci\u00f3n.<\/p>\n\n\n\n<h2 class=\"wp-block-heading\">Sugerir un plan<\/h2>\n\n\n\n<p>Es una opci\u00f3n para buscar la soluci\u00f3n o sugerir una manera de c\u00f3mo pagar el alquiler, algunos de los propietarios son adem\u00e1s m\u00e1s comprensivos de los que se imaginan. Se debe de trabajar junto con el arrendador o administrador de la propiedad, de esta manera se podr\u00e1 buscar una soluci\u00f3n que beneficien ambas partes. Sugiera un plan de cuotas en la que puedan realizar los pagos m\u00e1s peque\u00f1os en el transcurso de los meses.<\/p>\n\n\n\n<p>Si la persona se siente c\u00f3modo en el lugar, solo comparta la situaci\u00f3n financiera por la que est\u00e1 pasando con el propietario. De esta manera podr\u00e1 entender mejor la situaci\u00f3n y as\u00ed buscar una soluci\u00f3n para ambas partes. Siempre con la honestidad por delante y sobre todo explicar sobre la situaci\u00f3n para que ambos puedan planificar los pr\u00f3ximos meses.<\/p>\n\n\n\n<h2 class=\"wp-block-heading\">Negociar un pago m\u00e1s bajo<\/h2>\n\n\n\n<p>La persona que alquila debe de sugerir un alquiler m\u00e1s reducido para los pr\u00f3ximos meses y un plan de pago para los montos restantes. Los pagos m\u00e1s bajos y el plan de cuotas ayudar\u00e1n al arrendador a ver que la persona estar\u00e1 comprometida a pagar lo mejor que pueda.<\/p>\n\n\n\n<p>Adem\u00e1s de la planificaci\u00f3n de los pagos a plazos, es una buena opci\u00f3n negociar los pagos del alquiler m\u00e1s econ\u00f3micos durante los pr\u00f3ximos meses. La persona solo deber\u00e1 de redactar una carta al arrendador haciendo referencia a la situaci\u00f3n financiera por la que est\u00e1 pasando. En esta debe explicar por qu\u00e9 sugiere el pago del alquiler m\u00e1s bajo, ya que ser\u00e1 m\u00e1s factible para ambos.<\/p>\n","protected":false},"excerpt":{"rendered":"<p>El alquiler para muchas de las personas en estos momentos se hace complicado pagarlo. Son unos de los problemas que padecen muchos en la actualidad, esto se debe a la pandemia COVID-19<\/p>\n","protected":false},"author":23,"featured_media":5813,"comment_status":"open","ping_status":"closed","sticky":false,"template":"","format":"standard","meta":{"_acf_changed":false,"footnotes":""},"categories":[118],"tags":[],"class_list":["post-5800","post","type-post","status-publish","format-standard","has-post-thumbnail","hentry","category-arriendo"],"acf":[],"nelio_content":{"isAutoShareEnabled":true,"autoShareEndMode":"never","automationSources":{"useCustomSentences":false,"customSentences":[]},"followers":[],"suggestedReferences":[],"efiUrl":"","efiAlt":"","highlights":[],"permalinkQueryArgs":[],"series":[]},"yoast_head":"<!-- This site is optimized with the Yoast SEO plugin v25.4 - https:\/\/yoast.com\/wordpress\/plugins\/seo\/ -->\n<title>Qu\u00e9 hacer si no puede pagar el alquiler<\/title>\n<meta name=\"description\" content=\"Aprender c\u00f3mo hablar con el arrendador cuando no se puede pagar el alquiler.\" \/>\n<meta name=\"robots\" content=\"index, follow, max-snippet:-1, max-image-preview:large, max-video-preview:-1\" \/>\n<link rel=\"canonical\" href=\"https:\/\/arriendo.com\/co\/blog\/arriendo\/que-hacer-si-no-puede-pagar-el-alquiler\/\" \/>\n<meta property=\"og:locale\" content=\"es_ES\" \/>\n<meta property=\"og:type\" content=\"article\" \/>\n<meta property=\"og:title\" content=\"Qu\u00e9 hacer si no puede pagar el alquiler\" \/>\n<meta property=\"og:description\" content=\"Aprender c\u00f3mo hablar con el arrendador cuando no se puede pagar el alquiler.\" \/>\n<meta property=\"og:url\" content=\"https:\/\/arriendo.com\/co\/blog\/arriendo\/que-hacer-si-no-puede-pagar-el-alquiler\/\" \/>\n<meta property=\"og:site_name\" content=\"Blog Arriendo.com\" \/>\n<meta property=\"article:publisher\" content=\"https:\/\/www.facebook.com\/arriendocom\" \/>\n<meta property=\"article:published_time\" content=\"2021-09-20T16:00:00+00:00\" \/>\n<meta property=\"article:modified_time\" content=\"2024-10-24T20:44:22+00:00\" \/>\n<meta property=\"og:image\" content=\"https:\/\/arriendo.com\/co\/blog\/wp-content\/uploads\/2021\/09\/no-pago-del-alquiler-scaled.jpg\" \/>\n\t<meta property=\"og:image:width\" content=\"2048\" \/>\n\t<meta property=\"og:image:height\" content=\"1365\" \/>\n\t<meta property=\"og:image:type\" content=\"image\/jpeg\" \/>\n<meta name=\"author\" content=\"Hernando Abdu salame\" \/>\n<meta name=\"twitter:card\" content=\"summary_large_image\" \/>\n<meta name=\"twitter:label1\" content=\"Escrito por\" \/>\n\t<meta name=\"twitter:data1\" content=\"Hernando Abdu salame\" \/>\n\t<meta name=\"twitter:label2\" content=\"Tiempo de lectura\" \/>\n\t<meta name=\"twitter:data2\" content=\"3 minutos\" \/>\n<script type=\"application\/ld+json\" class=\"yoast-schema-graph\">{\"@context\":\"https:\/\/schema.org\",\"@graph\":[{\"@type\":[\"Article\",\"BlogPosting\"],\"@id\":\"https:\/\/arriendo.com\/co\/blog\/arriendo\/que-hacer-si-no-puede-pagar-el-alquiler\/#article\",\"isPartOf\":{\"@id\":\"https:\/\/arriendo.com\/co\/blog\/arriendo\/que-hacer-si-no-puede-pagar-el-alquiler\/\"},\"author\":{\"name\":\"Hernando Abdu salame\",\"@id\":\"https:\/\/arriendo.com\/co\/blog\/#\/schema\/person\/2f01f3967f9bc1385cf08b3d1fe3883d\"},\"headline\":\"Qu\u00e9 hacer si no puede pagar el alquiler\",\"datePublished\":\"2021-09-20T16:00:00+00:00\",\"dateModified\":\"2024-10-24T20:44:22+00:00\",\"mainEntityOfPage\":{\"@id\":\"https:\/\/arriendo.com\/co\/blog\/arriendo\/que-hacer-si-no-puede-pagar-el-alquiler\/\"},\"wordCount\":554,\"commentCount\":0,\"publisher\":{\"@id\":\"https:\/\/arriendo.com\/co\/blog\/#organization\"},\"image\":{\"@id\":\"https:\/\/arriendo.com\/co\/blog\/arriendo\/que-hacer-si-no-puede-pagar-el-alquiler\/#primaryimage\"},\"thumbnailUrl\":\"https:\/\/cdn-blog.arriendo.com\/co\/blog\/wp-content\/uploads\/2021\/09\/no-pago-del-alquiler-scaled.jpg\",\"articleSection\":[\"Arriendo\"],\"inLanguage\":\"es\",\"potentialAction\":[{\"@type\":\"CommentAction\",\"name\":\"Comment\",\"target\":[\"https:\/\/arriendo.com\/co\/blog\/arriendo\/que-hacer-si-no-puede-pagar-el-alquiler\/#respond\"]}]},{\"@type\":\"WebPage\",\"@id\":\"https:\/\/arriendo.com\/co\/blog\/arriendo\/que-hacer-si-no-puede-pagar-el-alquiler\/\",\"url\":\"https:\/\/arriendo.com\/co\/blog\/arriendo\/que-hacer-si-no-puede-pagar-el-alquiler\/\",\"name\":\"Qu\u00e9 hacer si no puede pagar el alquiler\",\"isPartOf\":{\"@id\":\"https:\/\/arriendo.com\/co\/blog\/#website\"},\"primaryImageOfPage\":{\"@id\":\"https:\/\/arriendo.com\/co\/blog\/arriendo\/que-hacer-si-no-puede-pagar-el-alquiler\/#primaryimage\"},\"image\":{\"@id\":\"https:\/\/arriendo.com\/co\/blog\/arriendo\/que-hacer-si-no-puede-pagar-el-alquiler\/#primaryimage\"},\"thumbnailUrl\":\"https:\/\/cdn-blog.arriendo.com\/co\/blog\/wp-content\/uploads\/2021\/09\/no-pago-del-alquiler-scaled.jpg\",\"datePublished\":\"2021-09-20T16:00:00+00:00\",\"dateModified\":\"2024-10-24T20:44:22+00:00\",\"description\":\"Aprender c\u00f3mo hablar con el arrendador cuando no se puede pagar el alquiler.\",\"breadcrumb\":{\"@id\":\"https:\/\/arriendo.com\/co\/blog\/arriendo\/que-hacer-si-no-puede-pagar-el-alquiler\/#breadcrumb\"},\"inLanguage\":\"es\",\"potentialAction\":[{\"@type\":\"ReadAction\",\"target\":[\"https:\/\/arriendo.com\/co\/blog\/arriendo\/que-hacer-si-no-puede-pagar-el-alquiler\/\"]}]},{\"@type\":\"ImageObject\",\"inLanguage\":\"es\",\"@id\":\"https:\/\/arriendo.com\/co\/blog\/arriendo\/que-hacer-si-no-puede-pagar-el-alquiler\/#primaryimage\",\"url\":\"https:\/\/cdn-blog.arriendo.com\/co\/blog\/wp-content\/uploads\/2021\/09\/no-pago-del-alquiler-scaled.jpg\",\"contentUrl\":\"https:\/\/cdn-blog.arriendo.com\/co\/blog\/wp-content\/uploads\/2021\/09\/no-pago-del-alquiler-scaled.jpg\",\"width\":2048,\"height\":1365,\"caption\":\"no-pago-del-alquiler\"},{\"@type\":\"BreadcrumbList\",\"@id\":\"https:\/\/arriendo.com\/co\/blog\/arriendo\/que-hacer-si-no-puede-pagar-el-alquiler\/#breadcrumb\",\"itemListElement\":[{\"@type\":\"ListItem\",\"position\":1,\"name\":\"Inicio\",\"item\":\"https:\/\/arriendo.com\/co\/blog\/\"},{\"@type\":\"ListItem\",\"position\":2,\"name\":\"Arriendo\",\"item\":\"https:\/\/arriendo.com\/co\/blog\/arriendo\/\"},{\"@type\":\"ListItem\",\"position\":3,\"name\":\"Qu\u00e9 hacer si no puede pagar el alquiler\"}]},{\"@type\":\"WebSite\",\"@id\":\"https:\/\/arriendo.com\/co\/blog\/#website\",\"url\":\"https:\/\/arriendo.com\/co\/blog\/\",\"name\":\"Blog arriendo.com\",\"description\":\"Abre la puerta de tu pr\u00f3ximo hogar\",\"publisher\":{\"@id\":\"https:\/\/arriendo.com\/co\/blog\/#organization\"},\"alternateName\":\"Blog Arriendo\",\"potentialAction\":[{\"@type\":\"SearchAction\",\"target\":{\"@type\":\"EntryPoint\",\"urlTemplate\":\"https:\/\/arriendo.com\/co\/blog\/?s={search_term_string}\"},\"query-input\":{\"@type\":\"PropertyValueSpecification\",\"valueRequired\":true,\"valueName\":\"search_term_string\"}}],\"inLanguage\":\"es\"},{\"@type\":\"Organization\",\"@id\":\"https:\/\/arriendo.com\/co\/blog\/#organization\",\"name\":\"Blog arriendo.com\",\"alternateName\":\"Arriendo.com\",\"url\":\"https:\/\/arriendo.com\/co\/blog\/\",\"logo\":{\"@type\":\"ImageObject\",\"inLanguage\":\"es\",\"@id\":\"https:\/\/arriendo.com\/co\/blog\/#\/schema\/logo\/image\/\",\"url\":\"https:\/\/arriendo.com\/co\/blog\/wp-content\/uploads\/2020\/02\/logo-arriendo-perfil-rojo-1080x1080-ok-v1.png\",\"contentUrl\":\"https:\/\/arriendo.com\/co\/blog\/wp-content\/uploads\/2020\/02\/logo-arriendo-perfil-rojo-1080x1080-ok-v1.png\",\"width\":1080,\"height\":1080,\"caption\":\"Blog arriendo.com\"},\"image\":{\"@id\":\"https:\/\/arriendo.com\/co\/blog\/#\/schema\/logo\/image\/\"},\"sameAs\":[\"https:\/\/www.facebook.com\/arriendocom\"]},{\"@type\":\"Person\",\"@id\":\"https:\/\/arriendo.com\/co\/blog\/#\/schema\/person\/2f01f3967f9bc1385cf08b3d1fe3883d\",\"name\":\"Hernando Abdu salame\",\"image\":{\"@type\":\"ImageObject\",\"inLanguage\":\"es\",\"@id\":\"https:\/\/arriendo.com\/co\/blog\/#\/schema\/person\/image\/\",\"url\":\"https:\/\/secure.gravatar.com\/avatar\/4c6fe0b8b5682ae940351be6ff4f4e5ec65d05b273ab650e6763c04848d63357?s=96&r=g\",\"contentUrl\":\"https:\/\/secure.gravatar.com\/avatar\/4c6fe0b8b5682ae940351be6ff4f4e5ec65d05b273ab650e6763c04848d63357?s=96&r=g\",\"caption\":\"Hernando Abdu salame\"}}]}<\/script>\n<!-- \/ Yoast SEO plugin. -->","yoast_head_json":{"title":"Qu\u00e9 hacer si no puede pagar el alquiler","description":"Aprender c\u00f3mo hablar con el arrendador cuando no se puede pagar el alquiler.","robots":{"index":"index","follow":"follow","max-snippet":"max-snippet:-1","max-image-preview":"max-image-preview:large","max-video-preview":"max-video-preview:-1"},"canonical":"https:\/\/arriendo.com\/co\/blog\/arriendo\/que-hacer-si-no-puede-pagar-el-alquiler\/","og_locale":"es_ES","og_type":"article","og_title":"Qu\u00e9 hacer si no puede pagar el alquiler","og_description":"Aprender c\u00f3mo hablar con el arrendador cuando no se puede pagar el alquiler.","og_url":"https:\/\/arriendo.com\/co\/blog\/arriendo\/que-hacer-si-no-puede-pagar-el-alquiler\/","og_site_name":"Blog Arriendo.com","article_publisher":"https:\/\/www.facebook.com\/arriendocom","article_published_time":"2021-09-20T16:00:00+00:00","article_modified_time":"2024-10-24T20:44:22+00:00","og_image":[{"width":2048,"height":1365,"url":"https:\/\/arriendo.com\/co\/blog\/wp-content\/uploads\/2021\/09\/no-pago-del-alquiler-scaled.jpg","type":"image\/jpeg"}],"author":"Hernando Abdu salame","twitter_card":"summary_large_image","twitter_misc":{"Escrito por":"Hernando Abdu salame","Tiempo de lectura":"3 minutos"},"schema":{"@context":"https:\/\/schema.org","@graph":[{"@type":["Article","BlogPosting"],"@id":"https:\/\/arriendo.com\/co\/blog\/arriendo\/que-hacer-si-no-puede-pagar-el-alquiler\/#article","isPartOf":{"@id":"https:\/\/arriendo.com\/co\/blog\/arriendo\/que-hacer-si-no-puede-pagar-el-alquiler\/"},"author":{"name":"Hernando Abdu salame","@id":"https:\/\/arriendo.com\/co\/blog\/#\/schema\/person\/2f01f3967f9bc1385cf08b3d1fe3883d"},"headline":"Qu\u00e9 hacer si no puede pagar el alquiler","datePublished":"2021-09-20T16:00:00+00:00","dateModified":"2024-10-24T20:44:22+00:00","mainEntityOfPage":{"@id":"https:\/\/arriendo.com\/co\/blog\/arriendo\/que-hacer-si-no-puede-pagar-el-alquiler\/"},"wordCount":554,"commentCount":0,"publisher":{"@id":"https:\/\/arriendo.com\/co\/blog\/#organization"},"image":{"@id":"https:\/\/arriendo.com\/co\/blog\/arriendo\/que-hacer-si-no-puede-pagar-el-alquiler\/#primaryimage"},"thumbnailUrl":"https:\/\/cdn-blog.arriendo.com\/co\/blog\/wp-content\/uploads\/2021\/09\/no-pago-del-alquiler-scaled.jpg","articleSection":["Arriendo"],"inLanguage":"es","potentialAction":[{"@type":"CommentAction","name":"Comment","target":["https:\/\/arriendo.com\/co\/blog\/arriendo\/que-hacer-si-no-puede-pagar-el-alquiler\/#respond"]}]},{"@type":"WebPage","@id":"https:\/\/arriendo.com\/co\/blog\/arriendo\/que-hacer-si-no-puede-pagar-el-alquiler\/","url":"https:\/\/arriendo.com\/co\/blog\/arriendo\/que-hacer-si-no-puede-pagar-el-alquiler\/","name":"Qu\u00e9 hacer si no puede pagar el alquiler","isPartOf":{"@id":"https:\/\/arriendo.com\/co\/blog\/#website"},"primaryImageOfPage":{"@id":"https:\/\/arriendo.com\/co\/blog\/arriendo\/que-hacer-si-no-puede-pagar-el-alquiler\/#primaryimage"},"image":{"@id":"https:\/\/arriendo.com\/co\/blog\/arriendo\/que-hacer-si-no-puede-pagar-el-alquiler\/#primaryimage"},"thumbnailUrl":"https:\/\/cdn-blog.arriendo.com\/co\/blog\/wp-content\/uploads\/2021\/09\/no-pago-del-alquiler-scaled.jpg","datePublished":"2021-09-20T16:00:00+00:00","dateModified":"2024-10-24T20:44:22+00:00","description":"Aprender c\u00f3mo hablar con el arrendador cuando no se puede pagar el alquiler.","breadcrumb":{"@id":"https:\/\/arriendo.com\/co\/blog\/arriendo\/que-hacer-si-no-puede-pagar-el-alquiler\/#breadcrumb"},"inLanguage":"es","potentialAction":[{"@type":"ReadAction","target":["https:\/\/arriendo.com\/co\/blog\/arriendo\/que-hacer-si-no-puede-pagar-el-alquiler\/"]}]},{"@type":"ImageObject","inLanguage":"es","@id":"https:\/\/arriendo.com\/co\/blog\/arriendo\/que-hacer-si-no-puede-pagar-el-alquiler\/#primaryimage","url":"https:\/\/cdn-blog.arriendo.com\/co\/blog\/wp-content\/uploads\/2021\/09\/no-pago-del-alquiler-scaled.jpg","contentUrl":"https:\/\/cdn-blog.arriendo.com\/co\/blog\/wp-content\/uploads\/2021\/09\/no-pago-del-alquiler-scaled.jpg","width":2048,"height":1365,"caption":"no-pago-del-alquiler"},{"@type":"BreadcrumbList","@id":"https:\/\/arriendo.com\/co\/blog\/arriendo\/que-hacer-si-no-puede-pagar-el-alquiler\/#breadcrumb","itemListElement":[{"@type":"ListItem","position":1,"name":"Inicio","item":"https:\/\/arriendo.com\/co\/blog\/"},{"@type":"ListItem","position":2,"name":"Arriendo","item":"https:\/\/arriendo.com\/co\/blog\/arriendo\/"},{"@type":"ListItem","position":3,"name":"Qu\u00e9 hacer si no puede pagar el alquiler"}]},{"@type":"WebSite","@id":"https:\/\/arriendo.com\/co\/blog\/#website","url":"https:\/\/arriendo.com\/co\/blog\/","name":"Blog arriendo.com","description":"Abre la puerta de tu pr\u00f3ximo hogar","publisher":{"@id":"https:\/\/arriendo.com\/co\/blog\/#organization"},"alternateName":"Blog Arriendo","potentialAction":[{"@type":"SearchAction","target":{"@type":"EntryPoint","urlTemplate":"https:\/\/arriendo.com\/co\/blog\/?s={search_term_string}"},"query-input":{"@type":"PropertyValueSpecification","valueRequired":true,"valueName":"search_term_string"}}],"inLanguage":"es"},{"@type":"Organization","@id":"https:\/\/arriendo.com\/co\/blog\/#organization","name":"Blog arriendo.com","alternateName":"Arriendo.com","url":"https:\/\/arriendo.com\/co\/blog\/","logo":{"@type":"ImageObject","inLanguage":"es","@id":"https:\/\/arriendo.com\/co\/blog\/#\/schema\/logo\/image\/","url":"https:\/\/arriendo.com\/co\/blog\/wp-content\/uploads\/2020\/02\/logo-arriendo-perfil-rojo-1080x1080-ok-v1.png","contentUrl":"https:\/\/arriendo.com\/co\/blog\/wp-content\/uploads\/2020\/02\/logo-arriendo-perfil-rojo-1080x1080-ok-v1.png","width":1080,"height":1080,"caption":"Blog arriendo.com"},"image":{"@id":"https:\/\/arriendo.com\/co\/blog\/#\/schema\/logo\/image\/"},"sameAs":["https:\/\/www.facebook.com\/arriendocom"]},{"@type":"Person","@id":"https:\/\/arriendo.com\/co\/blog\/#\/schema\/person\/2f01f3967f9bc1385cf08b3d1fe3883d","name":"Hernando Abdu salame","image":{"@type":"ImageObject","inLanguage":"es","@id":"https:\/\/arriendo.com\/co\/blog\/#\/schema\/person\/image\/","url":"https:\/\/secure.gravatar.com\/avatar\/4c6fe0b8b5682ae940351be6ff4f4e5ec65d05b273ab650e6763c04848d63357?s=96&r=g","contentUrl":"https:\/\/secure.gravatar.com\/avatar\/4c6fe0b8b5682ae940351be6ff4f4e5ec65d05b273ab650e6763c04848d63357?s=96&r=g","caption":"Hernando Abdu salame"}}]}},"amp_enabled":true,"_links":{"self":[{"href":"https:\/\/arriendo.com\/co\/blog\/wp-json\/wp\/v2\/posts\/5800","targetHints":{"allow":["GET"]}}],"collection":[{"href":"https:\/\/arriendo.com\/co\/blog\/wp-json\/wp\/v2\/posts"}],"about":[{"href":"https:\/\/arriendo.com\/co\/blog\/wp-json\/wp\/v2\/types\/post"}],"author":[{"embeddable":true,"href":"https:\/\/arriendo.com\/co\/blog\/wp-json\/wp\/v2\/users\/23"}],"replies":[{"embeddable":true,"href":"https:\/\/arriendo.com\/co\/blog\/wp-json\/wp\/v2\/comments?post=5800"}],"version-history":[{"count":1,"href":"https:\/\/arriendo.com\/co\/blog\/wp-json\/wp\/v2\/posts\/5800\/revisions"}],"predecessor-version":[{"id":12113,"href":"https:\/\/arriendo.com\/co\/blog\/wp-json\/wp\/v2\/posts\/5800\/revisions\/12113"}],"wp:featuredmedia":[{"embeddable":true,"href":"https:\/\/arriendo.com\/co\/blog\/wp-json\/wp\/v2\/media\/5813"}],"wp:attachment":[{"href":"https:\/\/arriendo.com\/co\/blog\/wp-json\/wp\/v2\/media?parent=5800"}],"wp:term":[{"taxonomy":"category","embeddable":true,"href":"https:\/\/arriendo.com\/co\/blog\/wp-json\/wp\/v2\/categories?post=5800"},{"taxonomy":"post_tag","embeddable":true,"href":"https:\/\/arriendo.com\/co\/blog\/wp-json\/wp\/v2\/tags?post=5800"}],"curies":[{"name":"wp","href":"https:\/\/api.w.org\/{rel}","templated":true}]}}