{"id":5630,"date":"2024-09-05T10:00:00","date_gmt":"2024-09-05T15:00:00","guid":{"rendered":"https:\/\/arriendo.com\/co\/blog\/?p=5630"},"modified":"2024-09-06T13:46:42","modified_gmt":"2024-09-06T18:46:42","slug":"decora-el-interior-de-tu-casa-con-un-jardin-vertical","status":"publish","type":"post","link":"https:\/\/arriendo.com\/co\/blog\/decoracion\/de-interiores\/decora-el-interior-de-tu-casa-con-un-jardin-vertical\/","title":{"rendered":"Decora el Interior de tu Casa con un Jard\u00edn Vertical"},"content":{"rendered":"\n<p>Un muro viviente es una suerte de jard\u00edn vertical, el cual fue inicialmente pensado para exteriores, llenando de verdor las fachadas de diversas \u00e1reas urbanas. Dichos jardines de pared pueden tanto cubrir una peque\u00f1a pared como una gran extensi\u00f3n, dependiendo de sus necesidades est\u00e9ticas.<\/p>\n\n\n\n<p>Y en la actualidad, son muy comunes en el interior de muchas casas o apartamentos ya que otorgan peque\u00f1os destellos de naturaleza dentro del hogar. Por ello, le indicamos c\u00f3mo elaborar un muro viviente en su hogar arrendado. Sin embargo, lo primero que tiene que hacer, es contar con el aval del propietario<\/p>\n\n\n\n<h2 class=\"wp-block-heading\">Consiga soportes apropiados<\/h2>\n\n\n\n<p>Para tener un muro viviente en su hogar, es necesario tener los soportes apropiados que puedan sostenerlo. Ya sea en sala de estar o en cualquier otra habitaci\u00f3n, debe asegurarse de que el sitio en donde ir\u00e1 ubicado su muro, sea resistente y que al instalarlo no da\u00f1e permanentemente las paredes; las vigas de una pared son un excelente lugar para su muro viviente ya que otorgan una gran resistencia.<\/p>\n\n\n\n<h2 class=\"wp-block-heading\">Bosqueje sus ideas<\/h2>\n\n\n\n<p>Una vez tiene ubicado el lugar de montaje, puede bosquejar sus ideas, trazar un boceto de c\u00f3mo ser\u00e1 su muro viviente. Como se trata de la primera vez que realiza este tipo de montaje, lo mejor es mantener el dise\u00f1o simple, no sobrecargar con mucho peso o exceso de ideas y hacerlo accesible en todo momento para usted.<\/p>\n\n\n\n<p>Recuerde que deber\u00e1 regar y podar su muro viviente peri\u00f3dicamente. Al bosquejar empiece dibujando c\u00f3mo quiere que sean las macetas y su posici\u00f3n en el muro. Seguidamente, a\u00f1ada marcas en la pared que le ayuden a trazar la disposici\u00f3n.<\/p>\n\n\n\n<h2 class=\"wp-block-heading\">Soportes est\u00e9ticos<\/h2>\n\n\n\n<p>Una forma de no alterar el estilo o decoraci\u00f3n de su hogar, es utilizando soportes negros o si prefiere, puede aprovechar este momento para renovar su est\u00e9tica en relaci\u00f3n al muro viviente. Y para ello, puede seleccionar soportes de colores intensos o met\u00e1licos.<\/p>\n\n\n\n<h2 class=\"wp-block-heading\">Resguarde sus paredes<\/h2>\n\n\n\n<p>Si realiza de manera adecuada la instalaci\u00f3n del muro viviente, no habr\u00e1 da\u00f1o alguno a sus paredes. Y algunos elementos que puede usar para resguardar su pared son: madera contrachapada, tablas verdes y tablas de cemento.<\/p>\n\n\n\n<p>As\u00ed crea una barrera entre sus paredes y el muro viviente, evitando que el montaje se haga directamente sobre las paredes del inmueble. Procure evitar que el agua del riego o las ra\u00edces de las plantas se dirijan a sus paredes.<\/p>\n\n\n\n<h2 class=\"wp-block-heading\">Mantenga hidratado su muro<\/h2>\n\n\n\n<p>Para que su jard\u00edn vertical pueda verse y crecer de manera saludable, es necesario un riego constante y, hay dos maneras de hacerlo. La primera, es utilizando una regadera para hacerlo de forma manual. La segunda forma, es instalando un sistema de agua por goteo que recoja el agua en la parte inferior.<\/p>\n\n\n\n<h2 class=\"wp-block-heading\">Otorgue espacio a sus plantas<\/h2>\n\n\n\n<p>En su muro viviente, como bien el nombre lo indica, tendr\u00e1 plantas vivas que no dejar\u00e1n de crecer, as\u00ed que lo mejor es evitar colocarlas muy cerca de las otras. Ot\u00f3rgueles espacio suficiente para poder crecer y sin generar enredaderas en sus ra\u00edces.<\/p>\n","protected":false},"excerpt":{"rendered":"<p>Un muro viviente es una suerte de jard\u00edn vertical, el cual fue inicialmente pensado para exteriores, llenando de verdor las fachadas de diversas \u00e1reas urbanas<\/p>\n","protected":false},"author":23,"featured_media":5644,"comment_status":"open","ping_status":"closed","sticky":false,"template":"","format":"standard","meta":{"_acf_changed":false,"footnotes":""},"categories":[108,113],"tags":[],"class_list":["post-5630","post","type-post","status-publish","format-standard","has-post-thumbnail","hentry","category-decoracion","category-de-interiores"],"acf":[],"nelio_content":{"isAutoShareEnabled":true,"autoShareEndMode":"never","automationSources":{"useCustomSentences":false,"customSentences":[]},"followers":[],"suggestedReferences":[],"efiUrl":"","efiAlt":"","highlights":[],"permalinkQueryArgs":[],"series":[]},"yoast_head":"<!-- This site is optimized with the Yoast SEO plugin v25.4 - https:\/\/yoast.com\/wordpress\/plugins\/seo\/ -->\n<title>Decora el Interior de tu Casa con un Jard\u00edn Vertical<\/title>\n<meta name=\"description\" content=\"Un muro viviente es una suerte de jard\u00edn vertical, el cual fue inicialmente pensado para exteriores, llenando de verdor las fachadas de diversas \u00e1reas urbanas\" \/>\n<meta name=\"robots\" content=\"index, follow, max-snippet:-1, max-image-preview:large, max-video-preview:-1\" \/>\n<link rel=\"canonical\" href=\"https:\/\/arriendo.com\/co\/blog\/decoracion\/de-interiores\/decora-el-interior-de-tu-casa-con-un-jardin-vertical\/\" \/>\n<meta property=\"og:locale\" content=\"es_ES\" \/>\n<meta property=\"og:type\" content=\"article\" \/>\n<meta property=\"og:title\" content=\"Decora el Interior de tu Casa con un Jard\u00edn Vertical\" \/>\n<meta property=\"og:description\" content=\"Un muro viviente es una suerte de jard\u00edn vertical, el cual fue inicialmente pensado para exteriores, llenando de verdor las fachadas de diversas \u00e1reas urbanas\" \/>\n<meta property=\"og:url\" content=\"https:\/\/arriendo.com\/co\/blog\/decoracion\/de-interiores\/decora-el-interior-de-tu-casa-con-un-jardin-vertical\/\" \/>\n<meta property=\"og:site_name\" content=\"Blog Arriendo.com\" \/>\n<meta property=\"article:publisher\" content=\"https:\/\/www.facebook.com\/arriendocom\" \/>\n<meta property=\"article:published_time\" content=\"2024-09-05T15:00:00+00:00\" \/>\n<meta property=\"article:modified_time\" content=\"2024-09-06T18:46:42+00:00\" \/>\n<meta property=\"og:image\" content=\"https:\/\/arriendo.com\/co\/blog\/wp-content\/uploads\/2021\/08\/muro-viviente-para-decorar-scaled.jpg\" \/>\n\t<meta property=\"og:image:width\" content=\"2048\" \/>\n\t<meta property=\"og:image:height\" content=\"1365\" \/>\n\t<meta property=\"og:image:type\" content=\"image\/jpeg\" \/>\n<meta name=\"author\" content=\"Hernando Abdu salame\" \/>\n<meta name=\"twitter:card\" content=\"summary_large_image\" \/>\n<meta name=\"twitter:label1\" content=\"Escrito por\" \/>\n\t<meta name=\"twitter:data1\" content=\"Hernando Abdu salame\" \/>\n\t<meta name=\"twitter:label2\" content=\"Tiempo de lectura\" \/>\n\t<meta name=\"twitter:data2\" content=\"3 minutos\" \/>\n<script type=\"application\/ld+json\" class=\"yoast-schema-graph\">{\"@context\":\"https:\/\/schema.org\",\"@graph\":[{\"@type\":[\"Article\",\"BlogPosting\"],\"@id\":\"https:\/\/arriendo.com\/co\/blog\/decoracion\/de-interiores\/decora-el-interior-de-tu-casa-con-un-jardin-vertical\/#article\",\"isPartOf\":{\"@id\":\"https:\/\/arriendo.com\/co\/blog\/decoracion\/de-interiores\/decora-el-interior-de-tu-casa-con-un-jardin-vertical\/\"},\"author\":{\"name\":\"Hernando Abdu salame\",\"@id\":\"https:\/\/arriendo.com\/co\/blog\/#\/schema\/person\/2f01f3967f9bc1385cf08b3d1fe3883d\"},\"headline\":\"Decora el Interior de tu Casa con un Jard\u00edn Vertical\",\"datePublished\":\"2024-09-05T15:00:00+00:00\",\"dateModified\":\"2024-09-06T18:46:42+00:00\",\"mainEntityOfPage\":{\"@id\":\"https:\/\/arriendo.com\/co\/blog\/decoracion\/de-interiores\/decora-el-interior-de-tu-casa-con-un-jardin-vertical\/\"},\"wordCount\":538,\"commentCount\":0,\"publisher\":{\"@id\":\"https:\/\/arriendo.com\/co\/blog\/#organization\"},\"image\":{\"@id\":\"https:\/\/arriendo.com\/co\/blog\/decoracion\/de-interiores\/decora-el-interior-de-tu-casa-con-un-jardin-vertical\/#primaryimage\"},\"thumbnailUrl\":\"https:\/\/cdn-blog.arriendo.com\/co\/blog\/wp-content\/uploads\/2021\/08\/muro-viviente-para-decorar-scaled.jpg\",\"articleSection\":[\"Decoraci\u00f3n\",\"Decoraci\u00f3n de Interiores\"],\"inLanguage\":\"es\",\"potentialAction\":[{\"@type\":\"CommentAction\",\"name\":\"Comment\",\"target\":[\"https:\/\/arriendo.com\/co\/blog\/decoracion\/de-interiores\/decora-el-interior-de-tu-casa-con-un-jardin-vertical\/#respond\"]}]},{\"@type\":\"WebPage\",\"@id\":\"https:\/\/arriendo.com\/co\/blog\/decoracion\/de-interiores\/decora-el-interior-de-tu-casa-con-un-jardin-vertical\/\",\"url\":\"https:\/\/arriendo.com\/co\/blog\/decoracion\/de-interiores\/decora-el-interior-de-tu-casa-con-un-jardin-vertical\/\",\"name\":\"Decora el Interior de tu Casa con un Jard\u00edn Vertical\",\"isPartOf\":{\"@id\":\"https:\/\/arriendo.com\/co\/blog\/#website\"},\"primaryImageOfPage\":{\"@id\":\"https:\/\/arriendo.com\/co\/blog\/decoracion\/de-interiores\/decora-el-interior-de-tu-casa-con-un-jardin-vertical\/#primaryimage\"},\"image\":{\"@id\":\"https:\/\/arriendo.com\/co\/blog\/decoracion\/de-interiores\/decora-el-interior-de-tu-casa-con-un-jardin-vertical\/#primaryimage\"},\"thumbnailUrl\":\"https:\/\/cdn-blog.arriendo.com\/co\/blog\/wp-content\/uploads\/2021\/08\/muro-viviente-para-decorar-scaled.jpg\",\"datePublished\":\"2024-09-05T15:00:00+00:00\",\"dateModified\":\"2024-09-06T18:46:42+00:00\",\"description\":\"Un muro viviente es una suerte de jard\u00edn vertical, el cual fue inicialmente pensado para exteriores, llenando de verdor las fachadas de diversas \u00e1reas urbanas\",\"breadcrumb\":{\"@id\":\"https:\/\/arriendo.com\/co\/blog\/decoracion\/de-interiores\/decora-el-interior-de-tu-casa-con-un-jardin-vertical\/#breadcrumb\"},\"inLanguage\":\"es\",\"potentialAction\":[{\"@type\":\"ReadAction\",\"target\":[\"https:\/\/arriendo.com\/co\/blog\/decoracion\/de-interiores\/decora-el-interior-de-tu-casa-con-un-jardin-vertical\/\"]}]},{\"@type\":\"ImageObject\",\"inLanguage\":\"es\",\"@id\":\"https:\/\/arriendo.com\/co\/blog\/decoracion\/de-interiores\/decora-el-interior-de-tu-casa-con-un-jardin-vertical\/#primaryimage\",\"url\":\"https:\/\/cdn-blog.arriendo.com\/co\/blog\/wp-content\/uploads\/2021\/08\/muro-viviente-para-decorar-scaled.jpg\",\"contentUrl\":\"https:\/\/cdn-blog.arriendo.com\/co\/blog\/wp-content\/uploads\/2021\/08\/muro-viviente-para-decorar-scaled.jpg\",\"width\":2048,\"height\":1365,\"caption\":\"muro-viviente-para-decorar\"},{\"@type\":\"BreadcrumbList\",\"@id\":\"https:\/\/arriendo.com\/co\/blog\/decoracion\/de-interiores\/decora-el-interior-de-tu-casa-con-un-jardin-vertical\/#breadcrumb\",\"itemListElement\":[{\"@type\":\"ListItem\",\"position\":1,\"name\":\"Inicio\",\"item\":\"https:\/\/arriendo.com\/co\/blog\/\"},{\"@type\":\"ListItem\",\"position\":2,\"name\":\"Decoraci\u00f3n\",\"item\":\"https:\/\/arriendo.com\/co\/blog\/decoracion\/\"},{\"@type\":\"ListItem\",\"position\":3,\"name\":\"Decoraci\u00f3n de Interiores\",\"item\":\"https:\/\/arriendo.com\/co\/blog\/decoracion\/de-interiores\/\"},{\"@type\":\"ListItem\",\"position\":4,\"name\":\"Decora el Interior de tu Casa con un Jard\u00edn Vertical\"}]},{\"@type\":\"WebSite\",\"@id\":\"https:\/\/arriendo.com\/co\/blog\/#website\",\"url\":\"https:\/\/arriendo.com\/co\/blog\/\",\"name\":\"Blog arriendo.com\",\"description\":\"Abre la puerta de tu pr\u00f3ximo hogar\",\"publisher\":{\"@id\":\"https:\/\/arriendo.com\/co\/blog\/#organization\"},\"alternateName\":\"Blog Arriendo\",\"potentialAction\":[{\"@type\":\"SearchAction\",\"target\":{\"@type\":\"EntryPoint\",\"urlTemplate\":\"https:\/\/arriendo.com\/co\/blog\/?s={search_term_string}\"},\"query-input\":{\"@type\":\"PropertyValueSpecification\",\"valueRequired\":true,\"valueName\":\"search_term_string\"}}],\"inLanguage\":\"es\"},{\"@type\":\"Organization\",\"@id\":\"https:\/\/arriendo.com\/co\/blog\/#organization\",\"name\":\"Blog arriendo.com\",\"alternateName\":\"Arriendo.com\",\"url\":\"https:\/\/arriendo.com\/co\/blog\/\",\"logo\":{\"@type\":\"ImageObject\",\"inLanguage\":\"es\",\"@id\":\"https:\/\/arriendo.com\/co\/blog\/#\/schema\/logo\/image\/\",\"url\":\"https:\/\/arriendo.com\/co\/blog\/wp-content\/uploads\/2020\/02\/logo-arriendo-perfil-rojo-1080x1080-ok-v1.png\",\"contentUrl\":\"https:\/\/arriendo.com\/co\/blog\/wp-content\/uploads\/2020\/02\/logo-arriendo-perfil-rojo-1080x1080-ok-v1.png\",\"width\":1080,\"height\":1080,\"caption\":\"Blog arriendo.com\"},\"image\":{\"@id\":\"https:\/\/arriendo.com\/co\/blog\/#\/schema\/logo\/image\/\"},\"sameAs\":[\"https:\/\/www.facebook.com\/arriendocom\"]},{\"@type\":\"Person\",\"@id\":\"https:\/\/arriendo.com\/co\/blog\/#\/schema\/person\/2f01f3967f9bc1385cf08b3d1fe3883d\",\"name\":\"Hernando Abdu salame\",\"image\":{\"@type\":\"ImageObject\",\"inLanguage\":\"es\",\"@id\":\"https:\/\/arriendo.com\/co\/blog\/#\/schema\/person\/image\/\",\"url\":\"https:\/\/secure.gravatar.com\/avatar\/4c6fe0b8b5682ae940351be6ff4f4e5ec65d05b273ab650e6763c04848d63357?s=96&r=g\",\"contentUrl\":\"https:\/\/secure.gravatar.com\/avatar\/4c6fe0b8b5682ae940351be6ff4f4e5ec65d05b273ab650e6763c04848d63357?s=96&r=g\",\"caption\":\"Hernando Abdu salame\"}}]}<\/script>\n<!-- \/ Yoast SEO plugin. -->","yoast_head_json":{"title":"Decora el Interior de tu Casa con un Jard\u00edn Vertical","description":"Un muro viviente es una suerte de jard\u00edn vertical, el cual fue inicialmente pensado para exteriores, llenando de verdor las fachadas de diversas \u00e1reas urbanas","robots":{"index":"index","follow":"follow","max-snippet":"max-snippet:-1","max-image-preview":"max-image-preview:large","max-video-preview":"max-video-preview:-1"},"canonical":"https:\/\/arriendo.com\/co\/blog\/decoracion\/de-interiores\/decora-el-interior-de-tu-casa-con-un-jardin-vertical\/","og_locale":"es_ES","og_type":"article","og_title":"Decora el Interior de tu Casa con un Jard\u00edn Vertical","og_description":"Un muro viviente es una suerte de jard\u00edn vertical, el cual fue inicialmente pensado para exteriores, llenando de verdor las fachadas de diversas \u00e1reas urbanas","og_url":"https:\/\/arriendo.com\/co\/blog\/decoracion\/de-interiores\/decora-el-interior-de-tu-casa-con-un-jardin-vertical\/","og_site_name":"Blog Arriendo.com","article_publisher":"https:\/\/www.facebook.com\/arriendocom","article_published_time":"2024-09-05T15:00:00+00:00","article_modified_time":"2024-09-06T18:46:42+00:00","og_image":[{"width":2048,"height":1365,"url":"https:\/\/arriendo.com\/co\/blog\/wp-content\/uploads\/2021\/08\/muro-viviente-para-decorar-scaled.jpg","type":"image\/jpeg"}],"author":"Hernando Abdu salame","twitter_card":"summary_large_image","twitter_misc":{"Escrito por":"Hernando Abdu salame","Tiempo de lectura":"3 minutos"},"schema":{"@context":"https:\/\/schema.org","@graph":[{"@type":["Article","BlogPosting"],"@id":"https:\/\/arriendo.com\/co\/blog\/decoracion\/de-interiores\/decora-el-interior-de-tu-casa-con-un-jardin-vertical\/#article","isPartOf":{"@id":"https:\/\/arriendo.com\/co\/blog\/decoracion\/de-interiores\/decora-el-interior-de-tu-casa-con-un-jardin-vertical\/"},"author":{"name":"Hernando Abdu salame","@id":"https:\/\/arriendo.com\/co\/blog\/#\/schema\/person\/2f01f3967f9bc1385cf08b3d1fe3883d"},"headline":"Decora el Interior de tu Casa con un Jard\u00edn Vertical","datePublished":"2024-09-05T15:00:00+00:00","dateModified":"2024-09-06T18:46:42+00:00","mainEntityOfPage":{"@id":"https:\/\/arriendo.com\/co\/blog\/decoracion\/de-interiores\/decora-el-interior-de-tu-casa-con-un-jardin-vertical\/"},"wordCount":538,"commentCount":0,"publisher":{"@id":"https:\/\/arriendo.com\/co\/blog\/#organization"},"image":{"@id":"https:\/\/arriendo.com\/co\/blog\/decoracion\/de-interiores\/decora-el-interior-de-tu-casa-con-un-jardin-vertical\/#primaryimage"},"thumbnailUrl":"https:\/\/cdn-blog.arriendo.com\/co\/blog\/wp-content\/uploads\/2021\/08\/muro-viviente-para-decorar-scaled.jpg","articleSection":["Decoraci\u00f3n","Decoraci\u00f3n de Interiores"],"inLanguage":"es","potentialAction":[{"@type":"CommentAction","name":"Comment","target":["https:\/\/arriendo.com\/co\/blog\/decoracion\/de-interiores\/decora-el-interior-de-tu-casa-con-un-jardin-vertical\/#respond"]}]},{"@type":"WebPage","@id":"https:\/\/arriendo.com\/co\/blog\/decoracion\/de-interiores\/decora-el-interior-de-tu-casa-con-un-jardin-vertical\/","url":"https:\/\/arriendo.com\/co\/blog\/decoracion\/de-interiores\/decora-el-interior-de-tu-casa-con-un-jardin-vertical\/","name":"Decora el Interior de tu Casa con un Jard\u00edn Vertical","isPartOf":{"@id":"https:\/\/arriendo.com\/co\/blog\/#website"},"primaryImageOfPage":{"@id":"https:\/\/arriendo.com\/co\/blog\/decoracion\/de-interiores\/decora-el-interior-de-tu-casa-con-un-jardin-vertical\/#primaryimage"},"image":{"@id":"https:\/\/arriendo.com\/co\/blog\/decoracion\/de-interiores\/decora-el-interior-de-tu-casa-con-un-jardin-vertical\/#primaryimage"},"thumbnailUrl":"https:\/\/cdn-blog.arriendo.com\/co\/blog\/wp-content\/uploads\/2021\/08\/muro-viviente-para-decorar-scaled.jpg","datePublished":"2024-09-05T15:00:00+00:00","dateModified":"2024-09-06T18:46:42+00:00","description":"Un muro viviente es una suerte de jard\u00edn vertical, el cual fue inicialmente pensado para exteriores, llenando de verdor las fachadas de diversas \u00e1reas urbanas","breadcrumb":{"@id":"https:\/\/arriendo.com\/co\/blog\/decoracion\/de-interiores\/decora-el-interior-de-tu-casa-con-un-jardin-vertical\/#breadcrumb"},"inLanguage":"es","potentialAction":[{"@type":"ReadAction","target":["https:\/\/arriendo.com\/co\/blog\/decoracion\/de-interiores\/decora-el-interior-de-tu-casa-con-un-jardin-vertical\/"]}]},{"@type":"ImageObject","inLanguage":"es","@id":"https:\/\/arriendo.com\/co\/blog\/decoracion\/de-interiores\/decora-el-interior-de-tu-casa-con-un-jardin-vertical\/#primaryimage","url":"https:\/\/cdn-blog.arriendo.com\/co\/blog\/wp-content\/uploads\/2021\/08\/muro-viviente-para-decorar-scaled.jpg","contentUrl":"https:\/\/cdn-blog.arriendo.com\/co\/blog\/wp-content\/uploads\/2021\/08\/muro-viviente-para-decorar-scaled.jpg","width":2048,"height":1365,"caption":"muro-viviente-para-decorar"},{"@type":"BreadcrumbList","@id":"https:\/\/arriendo.com\/co\/blog\/decoracion\/de-interiores\/decora-el-interior-de-tu-casa-con-un-jardin-vertical\/#breadcrumb","itemListElement":[{"@type":"ListItem","position":1,"name":"Inicio","item":"https:\/\/arriendo.com\/co\/blog\/"},{"@type":"ListItem","position":2,"name":"Decoraci\u00f3n","item":"https:\/\/arriendo.com\/co\/blog\/decoracion\/"},{"@type":"ListItem","position":3,"name":"Decoraci\u00f3n de Interiores","item":"https:\/\/arriendo.com\/co\/blog\/decoracion\/de-interiores\/"},{"@type":"ListItem","position":4,"name":"Decora el Interior de tu Casa con un Jard\u00edn Vertical"}]},{"@type":"WebSite","@id":"https:\/\/arriendo.com\/co\/blog\/#website","url":"https:\/\/arriendo.com\/co\/blog\/","name":"Blog arriendo.com","description":"Abre la puerta de tu pr\u00f3ximo hogar","publisher":{"@id":"https:\/\/arriendo.com\/co\/blog\/#organization"},"alternateName":"Blog Arriendo","potentialAction":[{"@type":"SearchAction","target":{"@type":"EntryPoint","urlTemplate":"https:\/\/arriendo.com\/co\/blog\/?s={search_term_string}"},"query-input":{"@type":"PropertyValueSpecification","valueRequired":true,"valueName":"search_term_string"}}],"inLanguage":"es"},{"@type":"Organization","@id":"https:\/\/arriendo.com\/co\/blog\/#organization","name":"Blog arriendo.com","alternateName":"Arriendo.com","url":"https:\/\/arriendo.com\/co\/blog\/","logo":{"@type":"ImageObject","inLanguage":"es","@id":"https:\/\/arriendo.com\/co\/blog\/#\/schema\/logo\/image\/","url":"https:\/\/arriendo.com\/co\/blog\/wp-content\/uploads\/2020\/02\/logo-arriendo-perfil-rojo-1080x1080-ok-v1.png","contentUrl":"https:\/\/arriendo.com\/co\/blog\/wp-content\/uploads\/2020\/02\/logo-arriendo-perfil-rojo-1080x1080-ok-v1.png","width":1080,"height":1080,"caption":"Blog arriendo.com"},"image":{"@id":"https:\/\/arriendo.com\/co\/blog\/#\/schema\/logo\/image\/"},"sameAs":["https:\/\/www.facebook.com\/arriendocom"]},{"@type":"Person","@id":"https:\/\/arriendo.com\/co\/blog\/#\/schema\/person\/2f01f3967f9bc1385cf08b3d1fe3883d","name":"Hernando Abdu salame","image":{"@type":"ImageObject","inLanguage":"es","@id":"https:\/\/arriendo.com\/co\/blog\/#\/schema\/person\/image\/","url":"https:\/\/secure.gravatar.com\/avatar\/4c6fe0b8b5682ae940351be6ff4f4e5ec65d05b273ab650e6763c04848d63357?s=96&r=g","contentUrl":"https:\/\/secure.gravatar.com\/avatar\/4c6fe0b8b5682ae940351be6ff4f4e5ec65d05b273ab650e6763c04848d63357?s=96&r=g","caption":"Hernando Abdu salame"}}]}},"amp_enabled":true,"_links":{"self":[{"href":"https:\/\/arriendo.com\/co\/blog\/wp-json\/wp\/v2\/posts\/5630","targetHints":{"allow":["GET"]}}],"collection":[{"href":"https:\/\/arriendo.com\/co\/blog\/wp-json\/wp\/v2\/posts"}],"about":[{"href":"https:\/\/arriendo.com\/co\/blog\/wp-json\/wp\/v2\/types\/post"}],"author":[{"embeddable":true,"href":"https:\/\/arriendo.com\/co\/blog\/wp-json\/wp\/v2\/users\/23"}],"replies":[{"embeddable":true,"href":"https:\/\/arriendo.com\/co\/blog\/wp-json\/wp\/v2\/comments?post=5630"}],"version-history":[{"count":2,"href":"https:\/\/arriendo.com\/co\/blog\/wp-json\/wp\/v2\/posts\/5630\/revisions"}],"predecessor-version":[{"id":14631,"href":"https:\/\/arriendo.com\/co\/blog\/wp-json\/wp\/v2\/posts\/5630\/revisions\/14631"}],"wp:featuredmedia":[{"embeddable":true,"href":"https:\/\/arriendo.com\/co\/blog\/wp-json\/wp\/v2\/media\/5644"}],"wp:attachment":[{"href":"https:\/\/arriendo.com\/co\/blog\/wp-json\/wp\/v2\/media?parent=5630"}],"wp:term":[{"taxonomy":"category","embeddable":true,"href":"https:\/\/arriendo.com\/co\/blog\/wp-json\/wp\/v2\/categories?post=5630"},{"taxonomy":"post_tag","embeddable":true,"href":"https:\/\/arriendo.com\/co\/blog\/wp-json\/wp\/v2\/tags?post=5630"}],"curies":[{"name":"wp","href":"https:\/\/api.w.org\/{rel}","templated":true}]}}