{"id":5216,"date":"2021-05-21T13:30:00","date_gmt":"2021-05-21T18:30:00","guid":{"rendered":"https:\/\/arriendo.com\/co\/blog\/?p=5216"},"modified":"2024-11-27T11:41:11","modified_gmt":"2024-11-27T16:41:11","slug":"consejos-para-empaquetar-articulos-fragiles","status":"publish","type":"post","link":"https:\/\/arriendo.com\/co\/blog\/consejos\/consejos-para-empaquetar-articulos-fragiles\/","title":{"rendered":"Consejos para empaquetar art\u00edculos fr\u00e1giles"},"content":{"rendered":"\n<p>Cuando se realiza una mudanza un punto muy importante a tener en cuenta los objetos fr\u00e1giles. Estos tienen que tener una seguridad y cuidado especial, puesto que, normalmente estos objetos son de un valor muy alto. <br><strong><br>En este art\u00edculo se mostraran algunos consejos para empaquetar tus pertenencias delicadas.<\/strong><\/p>\n\n\n\n<h2 class=\"wp-block-heading\">Agrupe los objetos fr\u00e1giles<\/h2>\n\n\n\n<p>Cuando se trata de objetos delicados, una muy buena soluci\u00f3n es colocar todas las pertenencias juntas. Esto con la finalidad de tener todos los objetos fr\u00e1giles en una sola secci\u00f3n y no colocarlas junto a otras cosas que puedan romperse o fracturarse. Siempre es \u00fatil tener una estrategia para empaquetar las pertenencias por tal raz\u00f3n t\u00f3mese el tiempo que requiera para hacerlo de la mejor manera.<\/p>\n\n\n\n<p>Aunque coloque varios objetos fr\u00e1giles en una caja, es recomendable no sobrecargarla. Sin embargo, cuando acomode las cajas es&nbsp;recomendable que no haya mucha separaci\u00f3n entre ellas debido a que se pueden mover y romper. En este caso es recomendable rellenar la caja con cinta de embalaje o papel peri\u00f3dico.<\/p>\n\n\n\n<h2 class=\"wp-block-heading\">Use pl\u00e1stico de burbujas<\/h2>\n\n\n\n<p>Esta es una soluci\u00f3n muy antigua y \u00fatil, normalmente cuando se traslada un art\u00edculo fr\u00e1gil este viene cubierto de un pl\u00e1stico de burbuja. Util\u00edcelo o en su defecto papel de embalaje, este funcionara como un escudo en caso de que el art\u00edculo se golpee con algo.<\/p>\n\n\n\n<p>Cubra las pertenencias con abundante pl\u00e1stico de burbujas para garantizar su protecci\u00f3n. Muchos de estos art\u00edculos suelen ser fr\u00e1giles y se rompen f\u00e1cilmente. En el caso que desee darle un toque extra de protecci\u00f3n, haga una capa m\u00e1s gruesa en este art\u00edculo.<\/p>\n\n\n\n<h2 class=\"wp-block-heading\">Seleccione una caja especial<\/h2>\n\n\n\n<p>SI hay algo que es necesario a la hora de trasladar cosas fr\u00e1giles a otro lugar es saber diferenciarlas. Debido al estr\u00e9s de la mudanza puede ocurrir que se confunda, y se coloquen debajo de un objeto pesado, que puede ocasionar da\u00f1os.<\/p>\n\n\n\n<p>En este caso lo mejor es utilizar cajas m\u00e1s peque\u00f1as que puedan diferenciarse f\u00e1cilmente. Adem\u00e1s es bueno que no ocupen mucho espacio para poder acomodarlas en un sitio seguro, en el caso de tener muchas cajas.<\/p>\n\n\n\n<h2 class=\"wp-block-heading\">Identifique los objetos m\u00e1s fr\u00e1giles<\/h2>\n\n\n\n<p>Como se mencion\u00f3 anteriormente siempre es bueno identificar claramente cu\u00e1les son los art\u00edculos fr\u00e1giles. Adem\u00e1s que hay art\u00edculos que son m\u00e1s delicados que otros debido a eso siempre es bueno saber en d\u00f3nde quedaron los objetos fr\u00e1giles, para que al desmontarlas, se tenga un extremo cuidado.<\/p>\n\n\n\n<p>Con los art\u00edculos fr\u00e1giles siempre hay que tener m\u00e1s cuidado que con los dem\u00e1s por su delicadeza.&nbsp;Estos pueden llegar a romperse o a fracturarse sino se tratan con cuidado. Para evitar eso siguiendo estos peque\u00f1os consejos ser\u00e1 posible trasladar las pertenencias sin ning\u00fan problema<\/p>\n","protected":false},"excerpt":{"rendered":"<p>Cuando se realiza una mudanza un punto muy importante a tener en cuenta los objetos fr\u00e1giles. <\/p>\n","protected":false},"author":23,"featured_media":5211,"comment_status":"open","ping_status":"closed","sticky":false,"template":"","format":"standard","meta":{"_acf_changed":false,"footnotes":""},"categories":[107],"tags":[],"class_list":["post-5216","post","type-post","status-publish","format-standard","has-post-thumbnail","hentry","category-consejos"],"acf":[],"nelio_content":{"isAutoShareEnabled":true,"autoShareEndMode":"never","automationSources":{"useCustomSentences":false,"customSentences":[]},"followers":[],"suggestedReferences":[],"efiUrl":"","efiAlt":"","highlights":[],"permalinkQueryArgs":[],"series":[]},"yoast_head":"<!-- This site is optimized with the Yoast SEO plugin v25.4 - https:\/\/yoast.com\/wordpress\/plugins\/seo\/ -->\n<title>Consejos para empaquetar art\u00edculos fr\u00e1giles<\/title>\n<meta name=\"description\" content=\"Cuando se realiza una mudanza un punto muy importante a tener en cuenta son los objetos fr\u00e1giles. Estos tienen que tener una seguridad y cuidado especial.\" \/>\n<meta name=\"robots\" content=\"index, follow, max-snippet:-1, max-image-preview:large, max-video-preview:-1\" \/>\n<link rel=\"canonical\" href=\"https:\/\/arriendo.com\/co\/blog\/consejos\/consejos-para-empaquetar-articulos-fragiles\/\" \/>\n<meta property=\"og:locale\" content=\"es_ES\" \/>\n<meta property=\"og:type\" content=\"article\" \/>\n<meta property=\"og:title\" content=\"Consejos para empaquetar art\u00edculos fr\u00e1giles\" \/>\n<meta property=\"og:description\" content=\"Cuando se realiza una mudanza un punto muy importante a tener en cuenta son los objetos fr\u00e1giles. Estos tienen que tener una seguridad y cuidado especial.\" \/>\n<meta property=\"og:url\" content=\"https:\/\/arriendo.com\/co\/blog\/consejos\/consejos-para-empaquetar-articulos-fragiles\/\" \/>\n<meta property=\"og:site_name\" content=\"Blog Arriendo.com\" \/>\n<meta property=\"article:publisher\" content=\"https:\/\/www.facebook.com\/arriendocom\" \/>\n<meta property=\"article:published_time\" content=\"2021-05-21T18:30:00+00:00\" \/>\n<meta property=\"article:modified_time\" content=\"2024-11-27T16:41:11+00:00\" \/>\n<meta property=\"og:image\" content=\"https:\/\/arriendo.com\/co\/blog\/wp-content\/uploads\/2021\/05\/empaquetar-articulos-fragiles-scaled.jpeg\" \/>\n\t<meta property=\"og:image:width\" content=\"2048\" \/>\n\t<meta property=\"og:image:height\" content=\"1365\" \/>\n\t<meta property=\"og:image:type\" content=\"image\/jpeg\" \/>\n<meta name=\"author\" content=\"Hernando Abdu salame\" \/>\n<meta name=\"twitter:card\" content=\"summary_large_image\" \/>\n<meta name=\"twitter:label1\" content=\"Escrito por\" \/>\n\t<meta name=\"twitter:data1\" content=\"Hernando Abdu salame\" \/>\n\t<meta name=\"twitter:label2\" content=\"Tiempo de lectura\" \/>\n\t<meta name=\"twitter:data2\" content=\"2 minutos\" \/>\n<script type=\"application\/ld+json\" class=\"yoast-schema-graph\">{\"@context\":\"https:\/\/schema.org\",\"@graph\":[{\"@type\":[\"Article\",\"BlogPosting\"],\"@id\":\"https:\/\/arriendo.com\/co\/blog\/consejos\/consejos-para-empaquetar-articulos-fragiles\/#article\",\"isPartOf\":{\"@id\":\"https:\/\/arriendo.com\/co\/blog\/consejos\/consejos-para-empaquetar-articulos-fragiles\/\"},\"author\":{\"name\":\"Hernando Abdu salame\",\"@id\":\"https:\/\/arriendo.com\/co\/blog\/#\/schema\/person\/2f01f3967f9bc1385cf08b3d1fe3883d\"},\"headline\":\"Consejos para empaquetar art\u00edculos fr\u00e1giles\",\"datePublished\":\"2021-05-21T18:30:00+00:00\",\"dateModified\":\"2024-11-27T16:41:11+00:00\",\"mainEntityOfPage\":{\"@id\":\"https:\/\/arriendo.com\/co\/blog\/consejos\/consejos-para-empaquetar-articulos-fragiles\/\"},\"wordCount\":496,\"commentCount\":0,\"publisher\":{\"@id\":\"https:\/\/arriendo.com\/co\/blog\/#organization\"},\"image\":{\"@id\":\"https:\/\/arriendo.com\/co\/blog\/consejos\/consejos-para-empaquetar-articulos-fragiles\/#primaryimage\"},\"thumbnailUrl\":\"https:\/\/cdn-blog.arriendo.com\/co\/blog\/wp-content\/uploads\/2021\/05\/empaquetar-articulos-fragiles-scaled.jpeg\",\"articleSection\":[\"Consejos\"],\"inLanguage\":\"es\",\"potentialAction\":[{\"@type\":\"CommentAction\",\"name\":\"Comment\",\"target\":[\"https:\/\/arriendo.com\/co\/blog\/consejos\/consejos-para-empaquetar-articulos-fragiles\/#respond\"]}]},{\"@type\":\"WebPage\",\"@id\":\"https:\/\/arriendo.com\/co\/blog\/consejos\/consejos-para-empaquetar-articulos-fragiles\/\",\"url\":\"https:\/\/arriendo.com\/co\/blog\/consejos\/consejos-para-empaquetar-articulos-fragiles\/\",\"name\":\"Consejos para empaquetar art\u00edculos fr\u00e1giles\",\"isPartOf\":{\"@id\":\"https:\/\/arriendo.com\/co\/blog\/#website\"},\"primaryImageOfPage\":{\"@id\":\"https:\/\/arriendo.com\/co\/blog\/consejos\/consejos-para-empaquetar-articulos-fragiles\/#primaryimage\"},\"image\":{\"@id\":\"https:\/\/arriendo.com\/co\/blog\/consejos\/consejos-para-empaquetar-articulos-fragiles\/#primaryimage\"},\"thumbnailUrl\":\"https:\/\/cdn-blog.arriendo.com\/co\/blog\/wp-content\/uploads\/2021\/05\/empaquetar-articulos-fragiles-scaled.jpeg\",\"datePublished\":\"2021-05-21T18:30:00+00:00\",\"dateModified\":\"2024-11-27T16:41:11+00:00\",\"description\":\"Cuando se realiza una mudanza un punto muy importante a tener en cuenta son los objetos fr\u00e1giles. Estos tienen que tener una seguridad y cuidado especial.\",\"breadcrumb\":{\"@id\":\"https:\/\/arriendo.com\/co\/blog\/consejos\/consejos-para-empaquetar-articulos-fragiles\/#breadcrumb\"},\"inLanguage\":\"es\",\"potentialAction\":[{\"@type\":\"ReadAction\",\"target\":[\"https:\/\/arriendo.com\/co\/blog\/consejos\/consejos-para-empaquetar-articulos-fragiles\/\"]}]},{\"@type\":\"ImageObject\",\"inLanguage\":\"es\",\"@id\":\"https:\/\/arriendo.com\/co\/blog\/consejos\/consejos-para-empaquetar-articulos-fragiles\/#primaryimage\",\"url\":\"https:\/\/cdn-blog.arriendo.com\/co\/blog\/wp-content\/uploads\/2021\/05\/empaquetar-articulos-fragiles-scaled.jpeg\",\"contentUrl\":\"https:\/\/cdn-blog.arriendo.com\/co\/blog\/wp-content\/uploads\/2021\/05\/empaquetar-articulos-fragiles-scaled.jpeg\",\"width\":2048,\"height\":1365,\"caption\":\"empaquetar-articulos-fragiles\"},{\"@type\":\"BreadcrumbList\",\"@id\":\"https:\/\/arriendo.com\/co\/blog\/consejos\/consejos-para-empaquetar-articulos-fragiles\/#breadcrumb\",\"itemListElement\":[{\"@type\":\"ListItem\",\"position\":1,\"name\":\"Inicio\",\"item\":\"https:\/\/arriendo.com\/co\/blog\/\"},{\"@type\":\"ListItem\",\"position\":2,\"name\":\"Consejos\",\"item\":\"https:\/\/arriendo.com\/co\/blog\/consejos\/\"},{\"@type\":\"ListItem\",\"position\":3,\"name\":\"Consejos para empaquetar art\u00edculos fr\u00e1giles\"}]},{\"@type\":\"WebSite\",\"@id\":\"https:\/\/arriendo.com\/co\/blog\/#website\",\"url\":\"https:\/\/arriendo.com\/co\/blog\/\",\"name\":\"Blog arriendo.com\",\"description\":\"Abre la puerta de tu pr\u00f3ximo hogar\",\"publisher\":{\"@id\":\"https:\/\/arriendo.com\/co\/blog\/#organization\"},\"alternateName\":\"Blog Arriendo\",\"potentialAction\":[{\"@type\":\"SearchAction\",\"target\":{\"@type\":\"EntryPoint\",\"urlTemplate\":\"https:\/\/arriendo.com\/co\/blog\/?s={search_term_string}\"},\"query-input\":{\"@type\":\"PropertyValueSpecification\",\"valueRequired\":true,\"valueName\":\"search_term_string\"}}],\"inLanguage\":\"es\"},{\"@type\":\"Organization\",\"@id\":\"https:\/\/arriendo.com\/co\/blog\/#organization\",\"name\":\"Blog arriendo.com\",\"alternateName\":\"Arriendo.com\",\"url\":\"https:\/\/arriendo.com\/co\/blog\/\",\"logo\":{\"@type\":\"ImageObject\",\"inLanguage\":\"es\",\"@id\":\"https:\/\/arriendo.com\/co\/blog\/#\/schema\/logo\/image\/\",\"url\":\"https:\/\/arriendo.com\/co\/blog\/wp-content\/uploads\/2020\/02\/logo-arriendo-perfil-rojo-1080x1080-ok-v1.png\",\"contentUrl\":\"https:\/\/arriendo.com\/co\/blog\/wp-content\/uploads\/2020\/02\/logo-arriendo-perfil-rojo-1080x1080-ok-v1.png\",\"width\":1080,\"height\":1080,\"caption\":\"Blog arriendo.com\"},\"image\":{\"@id\":\"https:\/\/arriendo.com\/co\/blog\/#\/schema\/logo\/image\/\"},\"sameAs\":[\"https:\/\/www.facebook.com\/arriendocom\"]},{\"@type\":\"Person\",\"@id\":\"https:\/\/arriendo.com\/co\/blog\/#\/schema\/person\/2f01f3967f9bc1385cf08b3d1fe3883d\",\"name\":\"Hernando Abdu salame\",\"image\":{\"@type\":\"ImageObject\",\"inLanguage\":\"es\",\"@id\":\"https:\/\/arriendo.com\/co\/blog\/#\/schema\/person\/image\/\",\"url\":\"https:\/\/secure.gravatar.com\/avatar\/4c6fe0b8b5682ae940351be6ff4f4e5ec65d05b273ab650e6763c04848d63357?s=96&r=g\",\"contentUrl\":\"https:\/\/secure.gravatar.com\/avatar\/4c6fe0b8b5682ae940351be6ff4f4e5ec65d05b273ab650e6763c04848d63357?s=96&r=g\",\"caption\":\"Hernando Abdu salame\"}}]}<\/script>\n<!-- \/ Yoast SEO plugin. -->","yoast_head_json":{"title":"Consejos para empaquetar art\u00edculos fr\u00e1giles","description":"Cuando se realiza una mudanza un punto muy importante a tener en cuenta son los objetos fr\u00e1giles. Estos tienen que tener una seguridad y cuidado especial.","robots":{"index":"index","follow":"follow","max-snippet":"max-snippet:-1","max-image-preview":"max-image-preview:large","max-video-preview":"max-video-preview:-1"},"canonical":"https:\/\/arriendo.com\/co\/blog\/consejos\/consejos-para-empaquetar-articulos-fragiles\/","og_locale":"es_ES","og_type":"article","og_title":"Consejos para empaquetar art\u00edculos fr\u00e1giles","og_description":"Cuando se realiza una mudanza un punto muy importante a tener en cuenta son los objetos fr\u00e1giles. Estos tienen que tener una seguridad y cuidado especial.","og_url":"https:\/\/arriendo.com\/co\/blog\/consejos\/consejos-para-empaquetar-articulos-fragiles\/","og_site_name":"Blog Arriendo.com","article_publisher":"https:\/\/www.facebook.com\/arriendocom","article_published_time":"2021-05-21T18:30:00+00:00","article_modified_time":"2024-11-27T16:41:11+00:00","og_image":[{"width":2048,"height":1365,"url":"https:\/\/arriendo.com\/co\/blog\/wp-content\/uploads\/2021\/05\/empaquetar-articulos-fragiles-scaled.jpeg","type":"image\/jpeg"}],"author":"Hernando Abdu salame","twitter_card":"summary_large_image","twitter_misc":{"Escrito por":"Hernando Abdu salame","Tiempo de lectura":"2 minutos"},"schema":{"@context":"https:\/\/schema.org","@graph":[{"@type":["Article","BlogPosting"],"@id":"https:\/\/arriendo.com\/co\/blog\/consejos\/consejos-para-empaquetar-articulos-fragiles\/#article","isPartOf":{"@id":"https:\/\/arriendo.com\/co\/blog\/consejos\/consejos-para-empaquetar-articulos-fragiles\/"},"author":{"name":"Hernando Abdu salame","@id":"https:\/\/arriendo.com\/co\/blog\/#\/schema\/person\/2f01f3967f9bc1385cf08b3d1fe3883d"},"headline":"Consejos para empaquetar art\u00edculos fr\u00e1giles","datePublished":"2021-05-21T18:30:00+00:00","dateModified":"2024-11-27T16:41:11+00:00","mainEntityOfPage":{"@id":"https:\/\/arriendo.com\/co\/blog\/consejos\/consejos-para-empaquetar-articulos-fragiles\/"},"wordCount":496,"commentCount":0,"publisher":{"@id":"https:\/\/arriendo.com\/co\/blog\/#organization"},"image":{"@id":"https:\/\/arriendo.com\/co\/blog\/consejos\/consejos-para-empaquetar-articulos-fragiles\/#primaryimage"},"thumbnailUrl":"https:\/\/cdn-blog.arriendo.com\/co\/blog\/wp-content\/uploads\/2021\/05\/empaquetar-articulos-fragiles-scaled.jpeg","articleSection":["Consejos"],"inLanguage":"es","potentialAction":[{"@type":"CommentAction","name":"Comment","target":["https:\/\/arriendo.com\/co\/blog\/consejos\/consejos-para-empaquetar-articulos-fragiles\/#respond"]}]},{"@type":"WebPage","@id":"https:\/\/arriendo.com\/co\/blog\/consejos\/consejos-para-empaquetar-articulos-fragiles\/","url":"https:\/\/arriendo.com\/co\/blog\/consejos\/consejos-para-empaquetar-articulos-fragiles\/","name":"Consejos para empaquetar art\u00edculos fr\u00e1giles","isPartOf":{"@id":"https:\/\/arriendo.com\/co\/blog\/#website"},"primaryImageOfPage":{"@id":"https:\/\/arriendo.com\/co\/blog\/consejos\/consejos-para-empaquetar-articulos-fragiles\/#primaryimage"},"image":{"@id":"https:\/\/arriendo.com\/co\/blog\/consejos\/consejos-para-empaquetar-articulos-fragiles\/#primaryimage"},"thumbnailUrl":"https:\/\/cdn-blog.arriendo.com\/co\/blog\/wp-content\/uploads\/2021\/05\/empaquetar-articulos-fragiles-scaled.jpeg","datePublished":"2021-05-21T18:30:00+00:00","dateModified":"2024-11-27T16:41:11+00:00","description":"Cuando se realiza una mudanza un punto muy importante a tener en cuenta son los objetos fr\u00e1giles. Estos tienen que tener una seguridad y cuidado especial.","breadcrumb":{"@id":"https:\/\/arriendo.com\/co\/blog\/consejos\/consejos-para-empaquetar-articulos-fragiles\/#breadcrumb"},"inLanguage":"es","potentialAction":[{"@type":"ReadAction","target":["https:\/\/arriendo.com\/co\/blog\/consejos\/consejos-para-empaquetar-articulos-fragiles\/"]}]},{"@type":"ImageObject","inLanguage":"es","@id":"https:\/\/arriendo.com\/co\/blog\/consejos\/consejos-para-empaquetar-articulos-fragiles\/#primaryimage","url":"https:\/\/cdn-blog.arriendo.com\/co\/blog\/wp-content\/uploads\/2021\/05\/empaquetar-articulos-fragiles-scaled.jpeg","contentUrl":"https:\/\/cdn-blog.arriendo.com\/co\/blog\/wp-content\/uploads\/2021\/05\/empaquetar-articulos-fragiles-scaled.jpeg","width":2048,"height":1365,"caption":"empaquetar-articulos-fragiles"},{"@type":"BreadcrumbList","@id":"https:\/\/arriendo.com\/co\/blog\/consejos\/consejos-para-empaquetar-articulos-fragiles\/#breadcrumb","itemListElement":[{"@type":"ListItem","position":1,"name":"Inicio","item":"https:\/\/arriendo.com\/co\/blog\/"},{"@type":"ListItem","position":2,"name":"Consejos","item":"https:\/\/arriendo.com\/co\/blog\/consejos\/"},{"@type":"ListItem","position":3,"name":"Consejos para empaquetar art\u00edculos fr\u00e1giles"}]},{"@type":"WebSite","@id":"https:\/\/arriendo.com\/co\/blog\/#website","url":"https:\/\/arriendo.com\/co\/blog\/","name":"Blog arriendo.com","description":"Abre la puerta de tu pr\u00f3ximo hogar","publisher":{"@id":"https:\/\/arriendo.com\/co\/blog\/#organization"},"alternateName":"Blog Arriendo","potentialAction":[{"@type":"SearchAction","target":{"@type":"EntryPoint","urlTemplate":"https:\/\/arriendo.com\/co\/blog\/?s={search_term_string}"},"query-input":{"@type":"PropertyValueSpecification","valueRequired":true,"valueName":"search_term_string"}}],"inLanguage":"es"},{"@type":"Organization","@id":"https:\/\/arriendo.com\/co\/blog\/#organization","name":"Blog arriendo.com","alternateName":"Arriendo.com","url":"https:\/\/arriendo.com\/co\/blog\/","logo":{"@type":"ImageObject","inLanguage":"es","@id":"https:\/\/arriendo.com\/co\/blog\/#\/schema\/logo\/image\/","url":"https:\/\/arriendo.com\/co\/blog\/wp-content\/uploads\/2020\/02\/logo-arriendo-perfil-rojo-1080x1080-ok-v1.png","contentUrl":"https:\/\/arriendo.com\/co\/blog\/wp-content\/uploads\/2020\/02\/logo-arriendo-perfil-rojo-1080x1080-ok-v1.png","width":1080,"height":1080,"caption":"Blog arriendo.com"},"image":{"@id":"https:\/\/arriendo.com\/co\/blog\/#\/schema\/logo\/image\/"},"sameAs":["https:\/\/www.facebook.com\/arriendocom"]},{"@type":"Person","@id":"https:\/\/arriendo.com\/co\/blog\/#\/schema\/person\/2f01f3967f9bc1385cf08b3d1fe3883d","name":"Hernando Abdu salame","image":{"@type":"ImageObject","inLanguage":"es","@id":"https:\/\/arriendo.com\/co\/blog\/#\/schema\/person\/image\/","url":"https:\/\/secure.gravatar.com\/avatar\/4c6fe0b8b5682ae940351be6ff4f4e5ec65d05b273ab650e6763c04848d63357?s=96&r=g","contentUrl":"https:\/\/secure.gravatar.com\/avatar\/4c6fe0b8b5682ae940351be6ff4f4e5ec65d05b273ab650e6763c04848d63357?s=96&r=g","caption":"Hernando Abdu salame"}}]}},"amp_enabled":true,"_links":{"self":[{"href":"https:\/\/arriendo.com\/co\/blog\/wp-json\/wp\/v2\/posts\/5216","targetHints":{"allow":["GET"]}}],"collection":[{"href":"https:\/\/arriendo.com\/co\/blog\/wp-json\/wp\/v2\/posts"}],"about":[{"href":"https:\/\/arriendo.com\/co\/blog\/wp-json\/wp\/v2\/types\/post"}],"author":[{"embeddable":true,"href":"https:\/\/arriendo.com\/co\/blog\/wp-json\/wp\/v2\/users\/23"}],"replies":[{"embeddable":true,"href":"https:\/\/arriendo.com\/co\/blog\/wp-json\/wp\/v2\/comments?post=5216"}],"version-history":[{"count":1,"href":"https:\/\/arriendo.com\/co\/blog\/wp-json\/wp\/v2\/posts\/5216\/revisions"}],"predecessor-version":[{"id":12008,"href":"https:\/\/arriendo.com\/co\/blog\/wp-json\/wp\/v2\/posts\/5216\/revisions\/12008"}],"wp:featuredmedia":[{"embeddable":true,"href":"https:\/\/arriendo.com\/co\/blog\/wp-json\/wp\/v2\/media\/5211"}],"wp:attachment":[{"href":"https:\/\/arriendo.com\/co\/blog\/wp-json\/wp\/v2\/media?parent=5216"}],"wp:term":[{"taxonomy":"category","embeddable":true,"href":"https:\/\/arriendo.com\/co\/blog\/wp-json\/wp\/v2\/categories?post=5216"},{"taxonomy":"post_tag","embeddable":true,"href":"https:\/\/arriendo.com\/co\/blog\/wp-json\/wp\/v2\/tags?post=5216"}],"curies":[{"name":"wp","href":"https:\/\/api.w.org\/{rel}","templated":true}]}}