{"id":5143,"date":"2021-05-04T10:30:00","date_gmt":"2021-05-04T15:30:00","guid":{"rendered":"https:\/\/arriendo.com\/co\/blog\/?p=5143"},"modified":"2024-09-06T14:49:23","modified_gmt":"2024-09-06T19:49:23","slug":"decoracion-amigable-con-el-medio-ambiente","status":"publish","type":"post","link":"https:\/\/arriendo.com\/co\/blog\/decoracion\/de-interiores\/decoracion-amigable-con-el-medio-ambiente\/","title":{"rendered":"Decoraci\u00f3n amigable con el medio ambiente"},"content":{"rendered":"\n<p>Bien sea que empiece de cero arrendando un inmueble o si ya tiene tiempo viviendo ah\u00ed y desee darle un cambio, la decoraci\u00f3n eco amigable ser\u00e1 una excelente opci\u00f3n a considerar.<\/p>\n\n\n\n<p>La conciencia por el cuidado del medio ambiente empieza desde casa. Nuestro planeta est\u00e1 lo suficientemente lastimado como para contribuir con el cambio clim\u00e1tico y la contaminaci\u00f3n; por lo tanto, se hace urgente reciclar, reutilizar y reducir. Y no solo har\u00e1 de sus espacios un lugar m\u00e1s ecol\u00f3gico, sino que tambi\u00e9n <strong>ahorrar\u00e1 dinero<\/strong> dise\u00f1ando y creando sus muebles y decoraciones, al tiempo que le dar\u00e1 un estilo \u00fanico y c\u00f3nsono con su personalidad.&nbsp;<\/p>\n\n\n\n<p>La decoraci\u00f3n eco amigable est\u00e1 lejos de ser un recurso para quienes no pueden adquirir nuevos productos; al contrario, es riqueza gracias al gran abanico de posibilidades que ofrece, con la ventaja de que cualquier cosa puede servir para otra. Adem\u00e1s, est\u00e1 muy en tendencia.<\/p>\n\n\n\n<p><strong>Estas son algunas ideas que puede considerar si se decide&nbsp; por esta opci\u00f3n:<\/strong><\/p>\n\n\n\n<h2 class=\"wp-block-heading\">Palets<\/h2>\n\n\n\n<p>Los palets o paletas de montacargas son vers\u00e1tiles gracias a que se pueden adaptar casi en cualquier objeto, desde un sof\u00e1, pasando por una cama hasta una biblioteca. Por lo general est\u00e1n hechos con pino, lo que garantiza su durabilidad.&nbsp;<\/p>\n\n\n\n<h2 class=\"wp-block-heading\">Cojines<\/h2>\n\n\n\n<p>El pachwork nunca pasa de moda y es la oportunidad ideal para aprovechar esa camisa, esos jeans o la colcha que tiene alg\u00fan tiempo guardada. Puede darles un nuevo uso<strong> <\/strong>juntando distintos recuadros de varios tipos de tela, hacer unas puntadas y tener <strong>forros para los cojines <\/strong>de sus muebles.<\/p>\n\n\n\n<h2 class=\"wp-block-heading\">Vasos<\/h2>\n\n\n\n<p>Los <strong>frascos de vidrio<\/strong> donde viene la mayonesa, la mermelada y otros alimentos son muy preciados en grandes franquicias de comida. Las bebidas fr\u00edas quedan perfectas en vasos que vienen con el plus del <strong>estilo<\/strong> y el <strong>vanguardismo<\/strong>, as\u00ed que pi\u00e9nselo bien la pr\u00f3xima vez que vaya a botarlos.<\/p>\n\n\n\n<h2 class=\"wp-block-heading\">Cajas de fruta<\/h2>\n\n\n\n<p>Siempre son necesarias, sobre todo en las salas. Esta \u00e1rea tendr\u00e1 un toque \u00fanico si reutiliza cajas de maderas empleadas para transportar frutas, que son duraderos y pr\u00e1cticos.<\/p>\n\n\n\n<p>Estas cestas tambi\u00e9n pueden funcionar para crear un <strong>peque\u00f1o huerto de hierbas y especias de pared<\/strong>. Puede convertir esos trozos de madera pintada a su gusto en un creativo dise\u00f1o<strong> <\/strong>que contengan envases con tierra y unas semillas.<\/p>\n\n\n\n<p>Es importante destacar que las plantas son un infaltable en una decoraci\u00f3n ecol\u00f3gica. Puede considerar las que son de sol y las de sombra, y si tiene un balc\u00f3n, tenga en cuenta las m\u00e1s ornamentales como las flores. Un hogar con m\u00e1s verde es m\u00e1s <strong>armonioso<\/strong> y en consecuencia, <strong>m\u00e1s feliz<\/strong>.&nbsp;<\/p>\n\n\n\n<h2 class=\"wp-block-heading\">Latas<\/h2>\n\n\n\n<p>Esa lata que pensaba botar al cesto de la basura podr\u00eda funcionar para algo mejor que desperdicio. Con un poco de creatividad podr\u00e1 convertirla en un lindo florero y si le coloca un alambre como asa ser\u00e1 un objeto de revista.<\/p>\n","protected":false},"excerpt":{"rendered":"<p>Bien sea que empiece de cero arrendando un inmueble o si ya tiene tiempo viviendo ah\u00ed y desee darle un cambio, la decoraci\u00f3n eco amigable ser\u00e1 una excelente opci\u00f3n a considerar.<\/p>\n","protected":false},"author":23,"featured_media":5128,"comment_status":"open","ping_status":"closed","sticky":false,"template":"","format":"standard","meta":{"_acf_changed":false,"footnotes":""},"categories":[108,113],"tags":[],"class_list":["post-5143","post","type-post","status-publish","format-standard","has-post-thumbnail","hentry","category-decoracion","category-de-interiores"],"acf":[],"nelio_content":{"isAutoShareEnabled":true,"autoShareEndMode":"never","automationSources":{"useCustomSentences":false,"customSentences":[]},"followers":[],"suggestedReferences":[],"efiUrl":"","efiAlt":"","highlights":[],"permalinkQueryArgs":[],"series":[]},"yoast_head":"<!-- This site is optimized with the Yoast SEO plugin v25.4 - https:\/\/yoast.com\/wordpress\/plugins\/seo\/ -->\n<title>Decoraci\u00f3n amigable con el medio ambiente 2026<\/title>\n<meta name=\"description\" content=\"Bien sea que empiece de cero arrendando un inmueble o si ya tiene tiempo viviendo ah\u00ed y desee darle un cambio, la decoraci\u00f3n eco amigable ser\u00e1 una excelente opci\u00f3n a considerar.\" \/>\n<meta name=\"robots\" content=\"index, follow, max-snippet:-1, max-image-preview:large, max-video-preview:-1\" \/>\n<link rel=\"canonical\" href=\"https:\/\/arriendo.com\/co\/blog\/decoracion\/de-interiores\/decoracion-amigable-con-el-medio-ambiente\/\" \/>\n<meta property=\"og:locale\" content=\"es_ES\" \/>\n<meta property=\"og:type\" content=\"article\" \/>\n<meta property=\"og:title\" content=\"Decoraci\u00f3n amigable con el medio ambiente 2026\" \/>\n<meta property=\"og:description\" content=\"Bien sea que empiece de cero arrendando un inmueble o si ya tiene tiempo viviendo ah\u00ed y desee darle un cambio, la decoraci\u00f3n eco amigable ser\u00e1 una excelente opci\u00f3n a considerar.\" \/>\n<meta property=\"og:url\" content=\"https:\/\/arriendo.com\/co\/blog\/decoracion\/de-interiores\/decoracion-amigable-con-el-medio-ambiente\/\" \/>\n<meta property=\"og:site_name\" content=\"Blog Arriendo.com\" \/>\n<meta property=\"article:publisher\" content=\"https:\/\/www.facebook.com\/arriendocom\" \/>\n<meta property=\"article:published_time\" content=\"2021-05-04T15:30:00+00:00\" \/>\n<meta property=\"article:modified_time\" content=\"2024-09-06T19:49:23+00:00\" \/>\n<meta property=\"og:image\" content=\"https:\/\/arriendo.com\/co\/blog\/wp-content\/uploads\/2021\/04\/decoracion-amigable-scaled.jpeg\" \/>\n\t<meta property=\"og:image:width\" content=\"2048\" \/>\n\t<meta property=\"og:image:height\" content=\"1365\" \/>\n\t<meta property=\"og:image:type\" content=\"image\/jpeg\" \/>\n<meta name=\"author\" content=\"Hernando Abdu salame\" \/>\n<meta name=\"twitter:card\" content=\"summary_large_image\" \/>\n<meta name=\"twitter:label1\" content=\"Escrito por\" \/>\n\t<meta name=\"twitter:data1\" content=\"Hernando Abdu salame\" \/>\n\t<meta name=\"twitter:label2\" content=\"Tiempo de lectura\" \/>\n\t<meta name=\"twitter:data2\" content=\"3 minutos\" \/>\n<script type=\"application\/ld+json\" class=\"yoast-schema-graph\">{\"@context\":\"https:\/\/schema.org\",\"@graph\":[{\"@type\":[\"Article\",\"BlogPosting\"],\"@id\":\"https:\/\/arriendo.com\/co\/blog\/decoracion\/de-interiores\/decoracion-amigable-con-el-medio-ambiente\/#article\",\"isPartOf\":{\"@id\":\"https:\/\/arriendo.com\/co\/blog\/decoracion\/de-interiores\/decoracion-amigable-con-el-medio-ambiente\/\"},\"author\":{\"name\":\"Hernando Abdu salame\",\"@id\":\"https:\/\/arriendo.com\/co\/blog\/#\/schema\/person\/2f01f3967f9bc1385cf08b3d1fe3883d\"},\"headline\":\"Decoraci\u00f3n amigable con el medio ambiente\",\"datePublished\":\"2021-05-04T15:30:00+00:00\",\"dateModified\":\"2024-09-06T19:49:23+00:00\",\"mainEntityOfPage\":{\"@id\":\"https:\/\/arriendo.com\/co\/blog\/decoracion\/de-interiores\/decoracion-amigable-con-el-medio-ambiente\/\"},\"wordCount\":507,\"commentCount\":0,\"publisher\":{\"@id\":\"https:\/\/arriendo.com\/co\/blog\/#organization\"},\"image\":{\"@id\":\"https:\/\/arriendo.com\/co\/blog\/decoracion\/de-interiores\/decoracion-amigable-con-el-medio-ambiente\/#primaryimage\"},\"thumbnailUrl\":\"https:\/\/cdn-blog.arriendo.com\/co\/blog\/wp-content\/uploads\/2021\/04\/decoracion-amigable-scaled.jpeg\",\"articleSection\":[\"Decoraci\u00f3n\",\"Decoraci\u00f3n de Interiores\"],\"inLanguage\":\"es\",\"potentialAction\":[{\"@type\":\"CommentAction\",\"name\":\"Comment\",\"target\":[\"https:\/\/arriendo.com\/co\/blog\/decoracion\/de-interiores\/decoracion-amigable-con-el-medio-ambiente\/#respond\"]}]},{\"@type\":\"WebPage\",\"@id\":\"https:\/\/arriendo.com\/co\/blog\/decoracion\/de-interiores\/decoracion-amigable-con-el-medio-ambiente\/\",\"url\":\"https:\/\/arriendo.com\/co\/blog\/decoracion\/de-interiores\/decoracion-amigable-con-el-medio-ambiente\/\",\"name\":\"Decoraci\u00f3n amigable con el medio ambiente 2026\",\"isPartOf\":{\"@id\":\"https:\/\/arriendo.com\/co\/blog\/#website\"},\"primaryImageOfPage\":{\"@id\":\"https:\/\/arriendo.com\/co\/blog\/decoracion\/de-interiores\/decoracion-amigable-con-el-medio-ambiente\/#primaryimage\"},\"image\":{\"@id\":\"https:\/\/arriendo.com\/co\/blog\/decoracion\/de-interiores\/decoracion-amigable-con-el-medio-ambiente\/#primaryimage\"},\"thumbnailUrl\":\"https:\/\/cdn-blog.arriendo.com\/co\/blog\/wp-content\/uploads\/2021\/04\/decoracion-amigable-scaled.jpeg\",\"datePublished\":\"2021-05-04T15:30:00+00:00\",\"dateModified\":\"2024-09-06T19:49:23+00:00\",\"description\":\"Bien sea que empiece de cero arrendando un inmueble o si ya tiene tiempo viviendo ah\u00ed y desee darle un cambio, la decoraci\u00f3n eco amigable ser\u00e1 una excelente opci\u00f3n a considerar.\",\"breadcrumb\":{\"@id\":\"https:\/\/arriendo.com\/co\/blog\/decoracion\/de-interiores\/decoracion-amigable-con-el-medio-ambiente\/#breadcrumb\"},\"inLanguage\":\"es\",\"potentialAction\":[{\"@type\":\"ReadAction\",\"target\":[\"https:\/\/arriendo.com\/co\/blog\/decoracion\/de-interiores\/decoracion-amigable-con-el-medio-ambiente\/\"]}]},{\"@type\":\"ImageObject\",\"inLanguage\":\"es\",\"@id\":\"https:\/\/arriendo.com\/co\/blog\/decoracion\/de-interiores\/decoracion-amigable-con-el-medio-ambiente\/#primaryimage\",\"url\":\"https:\/\/cdn-blog.arriendo.com\/co\/blog\/wp-content\/uploads\/2021\/04\/decoracion-amigable-scaled.jpeg\",\"contentUrl\":\"https:\/\/cdn-blog.arriendo.com\/co\/blog\/wp-content\/uploads\/2021\/04\/decoracion-amigable-scaled.jpeg\",\"width\":2048,\"height\":1365,\"caption\":\"Decoraci\u00f3n amigable con el medio ambiente\"},{\"@type\":\"BreadcrumbList\",\"@id\":\"https:\/\/arriendo.com\/co\/blog\/decoracion\/de-interiores\/decoracion-amigable-con-el-medio-ambiente\/#breadcrumb\",\"itemListElement\":[{\"@type\":\"ListItem\",\"position\":1,\"name\":\"Inicio\",\"item\":\"https:\/\/arriendo.com\/co\/blog\/\"},{\"@type\":\"ListItem\",\"position\":2,\"name\":\"Decoraci\u00f3n\",\"item\":\"https:\/\/arriendo.com\/co\/blog\/decoracion\/\"},{\"@type\":\"ListItem\",\"position\":3,\"name\":\"Decoraci\u00f3n de Interiores\",\"item\":\"https:\/\/arriendo.com\/co\/blog\/decoracion\/de-interiores\/\"},{\"@type\":\"ListItem\",\"position\":4,\"name\":\"Decoraci\u00f3n amigable con el medio ambiente\"}]},{\"@type\":\"WebSite\",\"@id\":\"https:\/\/arriendo.com\/co\/blog\/#website\",\"url\":\"https:\/\/arriendo.com\/co\/blog\/\",\"name\":\"Blog arriendo.com\",\"description\":\"Abre la puerta de tu pr\u00f3ximo hogar\",\"publisher\":{\"@id\":\"https:\/\/arriendo.com\/co\/blog\/#organization\"},\"alternateName\":\"Blog Arriendo\",\"potentialAction\":[{\"@type\":\"SearchAction\",\"target\":{\"@type\":\"EntryPoint\",\"urlTemplate\":\"https:\/\/arriendo.com\/co\/blog\/?s={search_term_string}\"},\"query-input\":{\"@type\":\"PropertyValueSpecification\",\"valueRequired\":true,\"valueName\":\"search_term_string\"}}],\"inLanguage\":\"es\"},{\"@type\":\"Organization\",\"@id\":\"https:\/\/arriendo.com\/co\/blog\/#organization\",\"name\":\"Blog arriendo.com\",\"alternateName\":\"Arriendo.com\",\"url\":\"https:\/\/arriendo.com\/co\/blog\/\",\"logo\":{\"@type\":\"ImageObject\",\"inLanguage\":\"es\",\"@id\":\"https:\/\/arriendo.com\/co\/blog\/#\/schema\/logo\/image\/\",\"url\":\"https:\/\/arriendo.com\/co\/blog\/wp-content\/uploads\/2020\/02\/logo-arriendo-perfil-rojo-1080x1080-ok-v1.png\",\"contentUrl\":\"https:\/\/arriendo.com\/co\/blog\/wp-content\/uploads\/2020\/02\/logo-arriendo-perfil-rojo-1080x1080-ok-v1.png\",\"width\":1080,\"height\":1080,\"caption\":\"Blog arriendo.com\"},\"image\":{\"@id\":\"https:\/\/arriendo.com\/co\/blog\/#\/schema\/logo\/image\/\"},\"sameAs\":[\"https:\/\/www.facebook.com\/arriendocom\"]},{\"@type\":\"Person\",\"@id\":\"https:\/\/arriendo.com\/co\/blog\/#\/schema\/person\/2f01f3967f9bc1385cf08b3d1fe3883d\",\"name\":\"Hernando Abdu salame\",\"image\":{\"@type\":\"ImageObject\",\"inLanguage\":\"es\",\"@id\":\"https:\/\/arriendo.com\/co\/blog\/#\/schema\/person\/image\/\",\"url\":\"https:\/\/secure.gravatar.com\/avatar\/4c6fe0b8b5682ae940351be6ff4f4e5ec65d05b273ab650e6763c04848d63357?s=96&r=g\",\"contentUrl\":\"https:\/\/secure.gravatar.com\/avatar\/4c6fe0b8b5682ae940351be6ff4f4e5ec65d05b273ab650e6763c04848d63357?s=96&r=g\",\"caption\":\"Hernando Abdu salame\"}}]}<\/script>\n<!-- \/ Yoast SEO plugin. -->","yoast_head_json":{"title":"Decoraci\u00f3n amigable con el medio ambiente 2026","description":"Bien sea que empiece de cero arrendando un inmueble o si ya tiene tiempo viviendo ah\u00ed y desee darle un cambio, la decoraci\u00f3n eco amigable ser\u00e1 una excelente opci\u00f3n a considerar.","robots":{"index":"index","follow":"follow","max-snippet":"max-snippet:-1","max-image-preview":"max-image-preview:large","max-video-preview":"max-video-preview:-1"},"canonical":"https:\/\/arriendo.com\/co\/blog\/decoracion\/de-interiores\/decoracion-amigable-con-el-medio-ambiente\/","og_locale":"es_ES","og_type":"article","og_title":"Decoraci\u00f3n amigable con el medio ambiente 2026","og_description":"Bien sea que empiece de cero arrendando un inmueble o si ya tiene tiempo viviendo ah\u00ed y desee darle un cambio, la decoraci\u00f3n eco amigable ser\u00e1 una excelente opci\u00f3n a considerar.","og_url":"https:\/\/arriendo.com\/co\/blog\/decoracion\/de-interiores\/decoracion-amigable-con-el-medio-ambiente\/","og_site_name":"Blog Arriendo.com","article_publisher":"https:\/\/www.facebook.com\/arriendocom","article_published_time":"2021-05-04T15:30:00+00:00","article_modified_time":"2024-09-06T19:49:23+00:00","og_image":[{"width":2048,"height":1365,"url":"https:\/\/arriendo.com\/co\/blog\/wp-content\/uploads\/2021\/04\/decoracion-amigable-scaled.jpeg","type":"image\/jpeg"}],"author":"Hernando Abdu salame","twitter_card":"summary_large_image","twitter_misc":{"Escrito por":"Hernando Abdu salame","Tiempo de lectura":"3 minutos"},"schema":{"@context":"https:\/\/schema.org","@graph":[{"@type":["Article","BlogPosting"],"@id":"https:\/\/arriendo.com\/co\/blog\/decoracion\/de-interiores\/decoracion-amigable-con-el-medio-ambiente\/#article","isPartOf":{"@id":"https:\/\/arriendo.com\/co\/blog\/decoracion\/de-interiores\/decoracion-amigable-con-el-medio-ambiente\/"},"author":{"name":"Hernando Abdu salame","@id":"https:\/\/arriendo.com\/co\/blog\/#\/schema\/person\/2f01f3967f9bc1385cf08b3d1fe3883d"},"headline":"Decoraci\u00f3n amigable con el medio ambiente","datePublished":"2021-05-04T15:30:00+00:00","dateModified":"2024-09-06T19:49:23+00:00","mainEntityOfPage":{"@id":"https:\/\/arriendo.com\/co\/blog\/decoracion\/de-interiores\/decoracion-amigable-con-el-medio-ambiente\/"},"wordCount":507,"commentCount":0,"publisher":{"@id":"https:\/\/arriendo.com\/co\/blog\/#organization"},"image":{"@id":"https:\/\/arriendo.com\/co\/blog\/decoracion\/de-interiores\/decoracion-amigable-con-el-medio-ambiente\/#primaryimage"},"thumbnailUrl":"https:\/\/cdn-blog.arriendo.com\/co\/blog\/wp-content\/uploads\/2021\/04\/decoracion-amigable-scaled.jpeg","articleSection":["Decoraci\u00f3n","Decoraci\u00f3n de Interiores"],"inLanguage":"es","potentialAction":[{"@type":"CommentAction","name":"Comment","target":["https:\/\/arriendo.com\/co\/blog\/decoracion\/de-interiores\/decoracion-amigable-con-el-medio-ambiente\/#respond"]}]},{"@type":"WebPage","@id":"https:\/\/arriendo.com\/co\/blog\/decoracion\/de-interiores\/decoracion-amigable-con-el-medio-ambiente\/","url":"https:\/\/arriendo.com\/co\/blog\/decoracion\/de-interiores\/decoracion-amigable-con-el-medio-ambiente\/","name":"Decoraci\u00f3n amigable con el medio ambiente 2026","isPartOf":{"@id":"https:\/\/arriendo.com\/co\/blog\/#website"},"primaryImageOfPage":{"@id":"https:\/\/arriendo.com\/co\/blog\/decoracion\/de-interiores\/decoracion-amigable-con-el-medio-ambiente\/#primaryimage"},"image":{"@id":"https:\/\/arriendo.com\/co\/blog\/decoracion\/de-interiores\/decoracion-amigable-con-el-medio-ambiente\/#primaryimage"},"thumbnailUrl":"https:\/\/cdn-blog.arriendo.com\/co\/blog\/wp-content\/uploads\/2021\/04\/decoracion-amigable-scaled.jpeg","datePublished":"2021-05-04T15:30:00+00:00","dateModified":"2024-09-06T19:49:23+00:00","description":"Bien sea que empiece de cero arrendando un inmueble o si ya tiene tiempo viviendo ah\u00ed y desee darle un cambio, la decoraci\u00f3n eco amigable ser\u00e1 una excelente opci\u00f3n a considerar.","breadcrumb":{"@id":"https:\/\/arriendo.com\/co\/blog\/decoracion\/de-interiores\/decoracion-amigable-con-el-medio-ambiente\/#breadcrumb"},"inLanguage":"es","potentialAction":[{"@type":"ReadAction","target":["https:\/\/arriendo.com\/co\/blog\/decoracion\/de-interiores\/decoracion-amigable-con-el-medio-ambiente\/"]}]},{"@type":"ImageObject","inLanguage":"es","@id":"https:\/\/arriendo.com\/co\/blog\/decoracion\/de-interiores\/decoracion-amigable-con-el-medio-ambiente\/#primaryimage","url":"https:\/\/cdn-blog.arriendo.com\/co\/blog\/wp-content\/uploads\/2021\/04\/decoracion-amigable-scaled.jpeg","contentUrl":"https:\/\/cdn-blog.arriendo.com\/co\/blog\/wp-content\/uploads\/2021\/04\/decoracion-amigable-scaled.jpeg","width":2048,"height":1365,"caption":"Decoraci\u00f3n amigable con el medio ambiente"},{"@type":"BreadcrumbList","@id":"https:\/\/arriendo.com\/co\/blog\/decoracion\/de-interiores\/decoracion-amigable-con-el-medio-ambiente\/#breadcrumb","itemListElement":[{"@type":"ListItem","position":1,"name":"Inicio","item":"https:\/\/arriendo.com\/co\/blog\/"},{"@type":"ListItem","position":2,"name":"Decoraci\u00f3n","item":"https:\/\/arriendo.com\/co\/blog\/decoracion\/"},{"@type":"ListItem","position":3,"name":"Decoraci\u00f3n de Interiores","item":"https:\/\/arriendo.com\/co\/blog\/decoracion\/de-interiores\/"},{"@type":"ListItem","position":4,"name":"Decoraci\u00f3n amigable con el medio ambiente"}]},{"@type":"WebSite","@id":"https:\/\/arriendo.com\/co\/blog\/#website","url":"https:\/\/arriendo.com\/co\/blog\/","name":"Blog arriendo.com","description":"Abre la puerta de tu pr\u00f3ximo hogar","publisher":{"@id":"https:\/\/arriendo.com\/co\/blog\/#organization"},"alternateName":"Blog Arriendo","potentialAction":[{"@type":"SearchAction","target":{"@type":"EntryPoint","urlTemplate":"https:\/\/arriendo.com\/co\/blog\/?s={search_term_string}"},"query-input":{"@type":"PropertyValueSpecification","valueRequired":true,"valueName":"search_term_string"}}],"inLanguage":"es"},{"@type":"Organization","@id":"https:\/\/arriendo.com\/co\/blog\/#organization","name":"Blog arriendo.com","alternateName":"Arriendo.com","url":"https:\/\/arriendo.com\/co\/blog\/","logo":{"@type":"ImageObject","inLanguage":"es","@id":"https:\/\/arriendo.com\/co\/blog\/#\/schema\/logo\/image\/","url":"https:\/\/arriendo.com\/co\/blog\/wp-content\/uploads\/2020\/02\/logo-arriendo-perfil-rojo-1080x1080-ok-v1.png","contentUrl":"https:\/\/arriendo.com\/co\/blog\/wp-content\/uploads\/2020\/02\/logo-arriendo-perfil-rojo-1080x1080-ok-v1.png","width":1080,"height":1080,"caption":"Blog arriendo.com"},"image":{"@id":"https:\/\/arriendo.com\/co\/blog\/#\/schema\/logo\/image\/"},"sameAs":["https:\/\/www.facebook.com\/arriendocom"]},{"@type":"Person","@id":"https:\/\/arriendo.com\/co\/blog\/#\/schema\/person\/2f01f3967f9bc1385cf08b3d1fe3883d","name":"Hernando Abdu salame","image":{"@type":"ImageObject","inLanguage":"es","@id":"https:\/\/arriendo.com\/co\/blog\/#\/schema\/person\/image\/","url":"https:\/\/secure.gravatar.com\/avatar\/4c6fe0b8b5682ae940351be6ff4f4e5ec65d05b273ab650e6763c04848d63357?s=96&r=g","contentUrl":"https:\/\/secure.gravatar.com\/avatar\/4c6fe0b8b5682ae940351be6ff4f4e5ec65d05b273ab650e6763c04848d63357?s=96&r=g","caption":"Hernando Abdu salame"}}]}},"amp_enabled":true,"_links":{"self":[{"href":"https:\/\/arriendo.com\/co\/blog\/wp-json\/wp\/v2\/posts\/5143","targetHints":{"allow":["GET"]}}],"collection":[{"href":"https:\/\/arriendo.com\/co\/blog\/wp-json\/wp\/v2\/posts"}],"about":[{"href":"https:\/\/arriendo.com\/co\/blog\/wp-json\/wp\/v2\/types\/post"}],"author":[{"embeddable":true,"href":"https:\/\/arriendo.com\/co\/blog\/wp-json\/wp\/v2\/users\/23"}],"replies":[{"embeddable":true,"href":"https:\/\/arriendo.com\/co\/blog\/wp-json\/wp\/v2\/comments?post=5143"}],"version-history":[{"count":1,"href":"https:\/\/arriendo.com\/co\/blog\/wp-json\/wp\/v2\/posts\/5143\/revisions"}],"predecessor-version":[{"id":12019,"href":"https:\/\/arriendo.com\/co\/blog\/wp-json\/wp\/v2\/posts\/5143\/revisions\/12019"}],"wp:featuredmedia":[{"embeddable":true,"href":"https:\/\/arriendo.com\/co\/blog\/wp-json\/wp\/v2\/media\/5128"}],"wp:attachment":[{"href":"https:\/\/arriendo.com\/co\/blog\/wp-json\/wp\/v2\/media?parent=5143"}],"wp:term":[{"taxonomy":"category","embeddable":true,"href":"https:\/\/arriendo.com\/co\/blog\/wp-json\/wp\/v2\/categories?post=5143"},{"taxonomy":"post_tag","embeddable":true,"href":"https:\/\/arriendo.com\/co\/blog\/wp-json\/wp\/v2\/tags?post=5143"}],"curies":[{"name":"wp","href":"https:\/\/api.w.org\/{rel}","templated":true}]}}