{"id":4665,"date":"2021-03-15T09:00:00","date_gmt":"2021-03-15T14:00:00","guid":{"rendered":"https:\/\/arriendo.com\/co\/blog\/?p=4665"},"modified":"2024-10-30T09:28:10","modified_gmt":"2024-10-30T14:28:10","slug":"lo-que-debe-saber-sobre-las-viviendas-adaptadas-para-adultos-mayores","status":"publish","type":"post","link":"https:\/\/arriendo.com\/co\/blog\/consejos\/lo-que-debe-saber-sobre-las-viviendas-adaptadas-para-adultos-mayores\/","title":{"rendered":"Lo que debe saber sobre las viviendas adaptadas para adultos mayores"},"content":{"rendered":"\n<p><strong>Los abuelitos necesitan un lugar con caracter\u00edsticas ajustadas a su estado de salud, movilidad y necesidad de atenci\u00f3n.<\/strong> Hay que considerar muchos detalles para facilitarle la vida y para evitar accidentes. Se debe tener especial cuidado con las ca\u00eddas. Evitarlas a toda costa sumar\u00e1 a\u00f1os y calidad de vida a los abuelos. La idea es que no se sientan de \u201ctercera edad\u201d o ancianos; sino personas activas, rodeadas de un entorno c\u00f3modo y agradable, pero sobre todo seguras.<\/p>\n\n\n\n<p>Personas mayores padecen enfermedades que, aunque ya son complicadas, pueden agravarse a\u00fan m\u00e1s con una ca\u00edda. A su edad, las fracturas de cadera son comunes, y un accidente como este puede empeorar significativamente su estado de salud en general. Por eso, la prevenci\u00f3n es fundamental, ya que los adultos mayores son especialmente vulnerables\u201d, explic\u00f3 a Infosalus el m\u00e9dico de familia Javier Dols Juste.<\/p>\n\n\n\n<p>El panorama se agrava con el problema de visi\u00f3n, p\u00e9rdida de audici\u00f3n y reflejos mucho m\u00e1s lentos, condiciones que se adquieren con los a\u00f1os, por lo que \u201clo tienen m\u00e1s f\u00e1cil para caerse\u201d, a\u00f1adi\u00f3 el doctor.<\/p>\n\n\n\n<p>Seg\u00fan estad\u00edsticas, el 50% de los mayores de 80 a\u00f1os se caen al menos una vez al a\u00f1o, y los que se caen tienen 2 o 3 veces m\u00e1s probabilidades de volverse a caer en el a\u00f1o siguiente. Intentemos que no ocurra con nuestros familiares\u201d, se\u00f1al\u00f3 el doctor Dols.<\/p>\n\n\n\n<h2 class=\"wp-block-heading\">Consejos \u00fatiles para evitar las ca\u00eddas de adultos mayores<\/h2>\n\n\n\n<ol class=\"wp-block-list\">\n<li><strong>Ubicar barras en el ba\u00f1o o en la ducha y junto al inodoro. <\/strong>Adem\u00e1s de ayudar a levantarse y sentarse, tambi\u00e9n son \u00fatiles en caso de p\u00e9rdida del equilibrio.<\/li>\n\n\n\n<li><strong>Tener especial cuidado con las puertas de los armarios y repisas. <\/strong>Muchas veces, los adultos mayores olvidan que est\u00e1n abiertas o simplemente que est\u00e1n ah\u00ed y al levantar la cabeza, pueden lesionarse hasta sangrar.<\/li>\n\n\n\n<li>Los suelos mojados suelen causar resbalones.<\/li>\n\n\n\n<li><strong>Quitar alfombras o clavarlas en el suelo adecuadamente. <\/strong>Las estad\u00edsticas incluyen las alfombras mal instaladas como la principal causa de fracturas de cadera.<\/li>\n\n\n\n<li><strong>Asegurarse de que los cables est\u00e9n bien instalados y fuera de peligro. <\/strong>P\u00eddale al arrendatario que preste especial atenci\u00f3n a este punto.<\/li>\n\n\n\n<li><strong>Iluminaci\u00f3n en la noche. <\/strong>Deje una luz tenue encendida en la noche para que el abuelo o abuela sepan d\u00f3nde est\u00e1n los muebles y as\u00ed evitar que se tropiecen.<\/li>\n\n\n\n<li><strong>Tenga a mano objetos que pueda necesitar<\/strong>. Es importante tener a la mano objetos que pueda necesitar tales como tel\u00e9fono, luz, bastones, entre otros.<\/li>\n<\/ol>\n\n\n\n<h2 class=\"wp-block-heading\">Ancianos con andaderas y sillas de ruedas<\/h2>\n\n\n\n<p>Los<strong> arrendamientos adaptados para los adultos mayores<\/strong> tambi\u00e9n deben cumplir con equipamiento para mejorar su accesibilidad, como entradas con pasillos o puertas m\u00e1s amplios para personas en sillas de ruedas o muletas.<\/p>\n\n\n\n<p>El Centro Com\u00fan de la Universidad de Harvard para el Estudio de Viviendas comparti\u00f3 una serie de recomendaciones para adaptar un apartamento o casa para las personas de la tercera edad con movilidad reducida:<\/p>\n\n\n\n<ol class=\"wp-block-list\">\n<li><strong>Colocar\u00a0rampas en las puertas\u00a0de acceso al inmueble. <\/strong>Mientras menos \u00e1ngulo tenga, mejor, pues evitar\u00e1 un esfuerzo innecesario.<\/li>\n\n\n\n<li>Las puertas deben tener un ancho de 86 a 89 cent\u00edmetros para permitir un f\u00e1cil acceso.<\/li>\n\n\n\n<li><strong>Accesibilidad.<\/strong> Las\u00a0personas en sillas de ruedas tienen un alcance de 60 a 71 cent\u00edmetros, por lo que considerar su accesibilidad a los objetos que vaya a necesitar sin que se tengan que tomar la molestia de esforzarse en tomarlos.<\/li>\n\n\n\n<li><strong>Enchufes el\u00e9ctricos.<\/strong> Los enchufes el\u00e9ctricos deben ser elevados a unos 45 cent\u00edmetros o m\u00e1s de altura.<\/li>\n\n\n\n<li>Baje los interruptores de luz a una altura que ellos puedan alcanzar.<\/li>\n\n\n\n<li><strong>Neveras<\/strong>. Tenga una nevera con refrigeraci\u00f3n ajustada a los adultos mayores que est\u00e1n en silla de ruedas. Las que tienen puertas verticales son m\u00e1s \u00fatiles que las que tienen zonas del congelador en la parte superior.<\/li>\n\n\n\n<li><strong>Lavadoras.<\/strong> Permita un acceso m\u00e1s f\u00e1cil a la hora de lavar: una lavadora de carga frontal facilitar\u00e1 la tarea.<\/li>\n\n\n\n<li><strong>La ducha deber\u00e1 tener pasamanos y asiento de ducha. <\/strong>Tambi\u00e9n es aconsejable incorporar barras de agarre y baldosas anti resbalantes en todo el ba\u00f1o.\u00a0<\/li>\n<\/ol>\n","protected":false},"excerpt":{"rendered":"<p>Los abuelitos necesitan un lugar con caracter\u00edsticas ajustadas a su estado de salud, movilidad y necesidad de atenci\u00f3n. Hay que considerar muchos detalles para facilitarle la vida y para evitar accidentes. Se debe tener especial cuidado con las ca\u00eddas. Evitarlas a toda costa sumar\u00e1 a\u00f1os y calidad de vida a los abuelos<\/p>\n","protected":false},"author":23,"featured_media":4711,"comment_status":"open","ping_status":"closed","sticky":false,"template":"","format":"standard","meta":{"_acf_changed":false,"footnotes":""},"categories":[107,123],"tags":[],"class_list":["post-4665","post","type-post","status-publish","format-standard","has-post-thumbnail","hentry","category-consejos","category-para-personas-mayores"],"acf":[],"nelio_content":{"isAutoShareEnabled":true,"autoShareEndMode":"never","automationSources":{"useCustomSentences":false,"customSentences":[]},"followers":[],"suggestedReferences":[],"efiUrl":"","efiAlt":"","highlights":[],"permalinkQueryArgs":[],"series":[]},"yoast_head":"<!-- This site is optimized with the Yoast SEO plugin v25.4 - https:\/\/yoast.com\/wordpress\/plugins\/seo\/ -->\n<title>Lo que debe saber de las viviendas adaptadas para adultos mayores<\/title>\n<meta name=\"description\" content=\"Si su plan es arrendar una vivienda y en su familia hay un adulto mayor, debe saber que no todas las opciones se adaptan a la necesidad de esa persona.\" \/>\n<meta name=\"robots\" content=\"index, follow, max-snippet:-1, max-image-preview:large, max-video-preview:-1\" \/>\n<link rel=\"canonical\" href=\"https:\/\/arriendo.com\/co\/blog\/consejos\/lo-que-debe-saber-sobre-las-viviendas-adaptadas-para-adultos-mayores\/\" \/>\n<meta property=\"og:locale\" content=\"es_ES\" \/>\n<meta property=\"og:type\" content=\"article\" \/>\n<meta property=\"og:title\" content=\"Lo que debe saber de las viviendas adaptadas para adultos mayores\" \/>\n<meta property=\"og:description\" content=\"Si su plan es arrendar una vivienda y en su familia hay un adulto mayor, debe saber que no todas las opciones se adaptan a la necesidad de esa persona.\" \/>\n<meta property=\"og:url\" content=\"https:\/\/arriendo.com\/co\/blog\/consejos\/lo-que-debe-saber-sobre-las-viviendas-adaptadas-para-adultos-mayores\/\" \/>\n<meta property=\"og:site_name\" content=\"Blog Arriendo.com\" \/>\n<meta property=\"article:publisher\" content=\"https:\/\/www.facebook.com\/arriendocom\" \/>\n<meta property=\"article:published_time\" content=\"2021-03-15T14:00:00+00:00\" \/>\n<meta property=\"article:modified_time\" content=\"2024-10-30T14:28:10+00:00\" \/>\n<meta property=\"og:image\" content=\"https:\/\/arriendo.com\/co\/blog\/wp-content\/uploads\/2021\/03\/vivienda-para-adultos-mayores-scaled.jpg\" \/>\n\t<meta property=\"og:image:width\" content=\"2048\" \/>\n\t<meta property=\"og:image:height\" content=\"1365\" \/>\n\t<meta property=\"og:image:type\" content=\"image\/jpeg\" \/>\n<meta name=\"author\" content=\"Hernando Abdu salame\" \/>\n<meta name=\"twitter:card\" content=\"summary_large_image\" \/>\n<meta name=\"twitter:label1\" content=\"Escrito por\" \/>\n\t<meta name=\"twitter:data1\" content=\"Hernando Abdu salame\" \/>\n\t<meta name=\"twitter:label2\" content=\"Tiempo de lectura\" \/>\n\t<meta name=\"twitter:data2\" content=\"3 minutos\" \/>\n<script type=\"application\/ld+json\" class=\"yoast-schema-graph\">{\"@context\":\"https:\/\/schema.org\",\"@graph\":[{\"@type\":[\"Article\",\"BlogPosting\"],\"@id\":\"https:\/\/arriendo.com\/co\/blog\/consejos\/lo-que-debe-saber-sobre-las-viviendas-adaptadas-para-adultos-mayores\/#article\",\"isPartOf\":{\"@id\":\"https:\/\/arriendo.com\/co\/blog\/consejos\/lo-que-debe-saber-sobre-las-viviendas-adaptadas-para-adultos-mayores\/\"},\"author\":{\"name\":\"Hernando Abdu salame\",\"@id\":\"https:\/\/arriendo.com\/co\/blog\/#\/schema\/person\/2f01f3967f9bc1385cf08b3d1fe3883d\"},\"headline\":\"Lo que debe saber sobre las viviendas adaptadas para adultos mayores\",\"datePublished\":\"2021-03-15T14:00:00+00:00\",\"dateModified\":\"2024-10-30T14:28:10+00:00\",\"mainEntityOfPage\":{\"@id\":\"https:\/\/arriendo.com\/co\/blog\/consejos\/lo-que-debe-saber-sobre-las-viviendas-adaptadas-para-adultos-mayores\/\"},\"wordCount\":716,\"commentCount\":0,\"publisher\":{\"@id\":\"https:\/\/arriendo.com\/co\/blog\/#organization\"},\"image\":{\"@id\":\"https:\/\/arriendo.com\/co\/blog\/consejos\/lo-que-debe-saber-sobre-las-viviendas-adaptadas-para-adultos-mayores\/#primaryimage\"},\"thumbnailUrl\":\"https:\/\/cdn-blog.arriendo.com\/co\/blog\/wp-content\/uploads\/2021\/03\/vivienda-para-adultos-mayores-scaled.jpg\",\"articleSection\":[\"Consejos\",\"Consejos para Personas Mayores\"],\"inLanguage\":\"es\",\"potentialAction\":[{\"@type\":\"CommentAction\",\"name\":\"Comment\",\"target\":[\"https:\/\/arriendo.com\/co\/blog\/consejos\/lo-que-debe-saber-sobre-las-viviendas-adaptadas-para-adultos-mayores\/#respond\"]}]},{\"@type\":\"WebPage\",\"@id\":\"https:\/\/arriendo.com\/co\/blog\/consejos\/lo-que-debe-saber-sobre-las-viviendas-adaptadas-para-adultos-mayores\/\",\"url\":\"https:\/\/arriendo.com\/co\/blog\/consejos\/lo-que-debe-saber-sobre-las-viviendas-adaptadas-para-adultos-mayores\/\",\"name\":\"Lo que debe saber de las viviendas adaptadas para adultos mayores\",\"isPartOf\":{\"@id\":\"https:\/\/arriendo.com\/co\/blog\/#website\"},\"primaryImageOfPage\":{\"@id\":\"https:\/\/arriendo.com\/co\/blog\/consejos\/lo-que-debe-saber-sobre-las-viviendas-adaptadas-para-adultos-mayores\/#primaryimage\"},\"image\":{\"@id\":\"https:\/\/arriendo.com\/co\/blog\/consejos\/lo-que-debe-saber-sobre-las-viviendas-adaptadas-para-adultos-mayores\/#primaryimage\"},\"thumbnailUrl\":\"https:\/\/cdn-blog.arriendo.com\/co\/blog\/wp-content\/uploads\/2021\/03\/vivienda-para-adultos-mayores-scaled.jpg\",\"datePublished\":\"2021-03-15T14:00:00+00:00\",\"dateModified\":\"2024-10-30T14:28:10+00:00\",\"description\":\"Si su plan es arrendar una vivienda y en su familia hay un adulto mayor, debe saber que no todas las opciones se adaptan a la necesidad de esa persona.\",\"breadcrumb\":{\"@id\":\"https:\/\/arriendo.com\/co\/blog\/consejos\/lo-que-debe-saber-sobre-las-viviendas-adaptadas-para-adultos-mayores\/#breadcrumb\"},\"inLanguage\":\"es\",\"potentialAction\":[{\"@type\":\"ReadAction\",\"target\":[\"https:\/\/arriendo.com\/co\/blog\/consejos\/lo-que-debe-saber-sobre-las-viviendas-adaptadas-para-adultos-mayores\/\"]}]},{\"@type\":\"ImageObject\",\"inLanguage\":\"es\",\"@id\":\"https:\/\/arriendo.com\/co\/blog\/consejos\/lo-que-debe-saber-sobre-las-viviendas-adaptadas-para-adultos-mayores\/#primaryimage\",\"url\":\"https:\/\/cdn-blog.arriendo.com\/co\/blog\/wp-content\/uploads\/2021\/03\/vivienda-para-adultos-mayores-scaled.jpg\",\"contentUrl\":\"https:\/\/cdn-blog.arriendo.com\/co\/blog\/wp-content\/uploads\/2021\/03\/vivienda-para-adultos-mayores-scaled.jpg\",\"width\":2048,\"height\":1365,\"caption\":\"vivienda-para-adultos-mayores\"},{\"@type\":\"BreadcrumbList\",\"@id\":\"https:\/\/arriendo.com\/co\/blog\/consejos\/lo-que-debe-saber-sobre-las-viviendas-adaptadas-para-adultos-mayores\/#breadcrumb\",\"itemListElement\":[{\"@type\":\"ListItem\",\"position\":1,\"name\":\"Inicio\",\"item\":\"https:\/\/arriendo.com\/co\/blog\/\"},{\"@type\":\"ListItem\",\"position\":2,\"name\":\"Consejos\",\"item\":\"https:\/\/arriendo.com\/co\/blog\/consejos\/\"},{\"@type\":\"ListItem\",\"position\":3,\"name\":\"Lo que debe saber sobre las viviendas adaptadas para adultos mayores\"}]},{\"@type\":\"WebSite\",\"@id\":\"https:\/\/arriendo.com\/co\/blog\/#website\",\"url\":\"https:\/\/arriendo.com\/co\/blog\/\",\"name\":\"Blog arriendo.com\",\"description\":\"Abre la puerta de tu pr\u00f3ximo hogar\",\"publisher\":{\"@id\":\"https:\/\/arriendo.com\/co\/blog\/#organization\"},\"alternateName\":\"Blog Arriendo\",\"potentialAction\":[{\"@type\":\"SearchAction\",\"target\":{\"@type\":\"EntryPoint\",\"urlTemplate\":\"https:\/\/arriendo.com\/co\/blog\/?s={search_term_string}\"},\"query-input\":{\"@type\":\"PropertyValueSpecification\",\"valueRequired\":true,\"valueName\":\"search_term_string\"}}],\"inLanguage\":\"es\"},{\"@type\":\"Organization\",\"@id\":\"https:\/\/arriendo.com\/co\/blog\/#organization\",\"name\":\"Blog arriendo.com\",\"alternateName\":\"Arriendo.com\",\"url\":\"https:\/\/arriendo.com\/co\/blog\/\",\"logo\":{\"@type\":\"ImageObject\",\"inLanguage\":\"es\",\"@id\":\"https:\/\/arriendo.com\/co\/blog\/#\/schema\/logo\/image\/\",\"url\":\"https:\/\/arriendo.com\/co\/blog\/wp-content\/uploads\/2020\/02\/logo-arriendo-perfil-rojo-1080x1080-ok-v1.png\",\"contentUrl\":\"https:\/\/arriendo.com\/co\/blog\/wp-content\/uploads\/2020\/02\/logo-arriendo-perfil-rojo-1080x1080-ok-v1.png\",\"width\":1080,\"height\":1080,\"caption\":\"Blog arriendo.com\"},\"image\":{\"@id\":\"https:\/\/arriendo.com\/co\/blog\/#\/schema\/logo\/image\/\"},\"sameAs\":[\"https:\/\/www.facebook.com\/arriendocom\"]},{\"@type\":\"Person\",\"@id\":\"https:\/\/arriendo.com\/co\/blog\/#\/schema\/person\/2f01f3967f9bc1385cf08b3d1fe3883d\",\"name\":\"Hernando Abdu salame\",\"image\":{\"@type\":\"ImageObject\",\"inLanguage\":\"es\",\"@id\":\"https:\/\/arriendo.com\/co\/blog\/#\/schema\/person\/image\/\",\"url\":\"https:\/\/secure.gravatar.com\/avatar\/4c6fe0b8b5682ae940351be6ff4f4e5ec65d05b273ab650e6763c04848d63357?s=96&r=g\",\"contentUrl\":\"https:\/\/secure.gravatar.com\/avatar\/4c6fe0b8b5682ae940351be6ff4f4e5ec65d05b273ab650e6763c04848d63357?s=96&r=g\",\"caption\":\"Hernando Abdu salame\"}}]}<\/script>\n<!-- \/ Yoast SEO plugin. -->","yoast_head_json":{"title":"Lo que debe saber de las viviendas adaptadas para adultos mayores","description":"Si su plan es arrendar una vivienda y en su familia hay un adulto mayor, debe saber que no todas las opciones se adaptan a la necesidad de esa persona.","robots":{"index":"index","follow":"follow","max-snippet":"max-snippet:-1","max-image-preview":"max-image-preview:large","max-video-preview":"max-video-preview:-1"},"canonical":"https:\/\/arriendo.com\/co\/blog\/consejos\/lo-que-debe-saber-sobre-las-viviendas-adaptadas-para-adultos-mayores\/","og_locale":"es_ES","og_type":"article","og_title":"Lo que debe saber de las viviendas adaptadas para adultos mayores","og_description":"Si su plan es arrendar una vivienda y en su familia hay un adulto mayor, debe saber que no todas las opciones se adaptan a la necesidad de esa persona.","og_url":"https:\/\/arriendo.com\/co\/blog\/consejos\/lo-que-debe-saber-sobre-las-viviendas-adaptadas-para-adultos-mayores\/","og_site_name":"Blog Arriendo.com","article_publisher":"https:\/\/www.facebook.com\/arriendocom","article_published_time":"2021-03-15T14:00:00+00:00","article_modified_time":"2024-10-30T14:28:10+00:00","og_image":[{"width":2048,"height":1365,"url":"https:\/\/arriendo.com\/co\/blog\/wp-content\/uploads\/2021\/03\/vivienda-para-adultos-mayores-scaled.jpg","type":"image\/jpeg"}],"author":"Hernando Abdu salame","twitter_card":"summary_large_image","twitter_misc":{"Escrito por":"Hernando Abdu salame","Tiempo de lectura":"3 minutos"},"schema":{"@context":"https:\/\/schema.org","@graph":[{"@type":["Article","BlogPosting"],"@id":"https:\/\/arriendo.com\/co\/blog\/consejos\/lo-que-debe-saber-sobre-las-viviendas-adaptadas-para-adultos-mayores\/#article","isPartOf":{"@id":"https:\/\/arriendo.com\/co\/blog\/consejos\/lo-que-debe-saber-sobre-las-viviendas-adaptadas-para-adultos-mayores\/"},"author":{"name":"Hernando Abdu salame","@id":"https:\/\/arriendo.com\/co\/blog\/#\/schema\/person\/2f01f3967f9bc1385cf08b3d1fe3883d"},"headline":"Lo que debe saber sobre las viviendas adaptadas para adultos mayores","datePublished":"2021-03-15T14:00:00+00:00","dateModified":"2024-10-30T14:28:10+00:00","mainEntityOfPage":{"@id":"https:\/\/arriendo.com\/co\/blog\/consejos\/lo-que-debe-saber-sobre-las-viviendas-adaptadas-para-adultos-mayores\/"},"wordCount":716,"commentCount":0,"publisher":{"@id":"https:\/\/arriendo.com\/co\/blog\/#organization"},"image":{"@id":"https:\/\/arriendo.com\/co\/blog\/consejos\/lo-que-debe-saber-sobre-las-viviendas-adaptadas-para-adultos-mayores\/#primaryimage"},"thumbnailUrl":"https:\/\/cdn-blog.arriendo.com\/co\/blog\/wp-content\/uploads\/2021\/03\/vivienda-para-adultos-mayores-scaled.jpg","articleSection":["Consejos","Consejos para Personas Mayores"],"inLanguage":"es","potentialAction":[{"@type":"CommentAction","name":"Comment","target":["https:\/\/arriendo.com\/co\/blog\/consejos\/lo-que-debe-saber-sobre-las-viviendas-adaptadas-para-adultos-mayores\/#respond"]}]},{"@type":"WebPage","@id":"https:\/\/arriendo.com\/co\/blog\/consejos\/lo-que-debe-saber-sobre-las-viviendas-adaptadas-para-adultos-mayores\/","url":"https:\/\/arriendo.com\/co\/blog\/consejos\/lo-que-debe-saber-sobre-las-viviendas-adaptadas-para-adultos-mayores\/","name":"Lo que debe saber de las viviendas adaptadas para adultos mayores","isPartOf":{"@id":"https:\/\/arriendo.com\/co\/blog\/#website"},"primaryImageOfPage":{"@id":"https:\/\/arriendo.com\/co\/blog\/consejos\/lo-que-debe-saber-sobre-las-viviendas-adaptadas-para-adultos-mayores\/#primaryimage"},"image":{"@id":"https:\/\/arriendo.com\/co\/blog\/consejos\/lo-que-debe-saber-sobre-las-viviendas-adaptadas-para-adultos-mayores\/#primaryimage"},"thumbnailUrl":"https:\/\/cdn-blog.arriendo.com\/co\/blog\/wp-content\/uploads\/2021\/03\/vivienda-para-adultos-mayores-scaled.jpg","datePublished":"2021-03-15T14:00:00+00:00","dateModified":"2024-10-30T14:28:10+00:00","description":"Si su plan es arrendar una vivienda y en su familia hay un adulto mayor, debe saber que no todas las opciones se adaptan a la necesidad de esa persona.","breadcrumb":{"@id":"https:\/\/arriendo.com\/co\/blog\/consejos\/lo-que-debe-saber-sobre-las-viviendas-adaptadas-para-adultos-mayores\/#breadcrumb"},"inLanguage":"es","potentialAction":[{"@type":"ReadAction","target":["https:\/\/arriendo.com\/co\/blog\/consejos\/lo-que-debe-saber-sobre-las-viviendas-adaptadas-para-adultos-mayores\/"]}]},{"@type":"ImageObject","inLanguage":"es","@id":"https:\/\/arriendo.com\/co\/blog\/consejos\/lo-que-debe-saber-sobre-las-viviendas-adaptadas-para-adultos-mayores\/#primaryimage","url":"https:\/\/cdn-blog.arriendo.com\/co\/blog\/wp-content\/uploads\/2021\/03\/vivienda-para-adultos-mayores-scaled.jpg","contentUrl":"https:\/\/cdn-blog.arriendo.com\/co\/blog\/wp-content\/uploads\/2021\/03\/vivienda-para-adultos-mayores-scaled.jpg","width":2048,"height":1365,"caption":"vivienda-para-adultos-mayores"},{"@type":"BreadcrumbList","@id":"https:\/\/arriendo.com\/co\/blog\/consejos\/lo-que-debe-saber-sobre-las-viviendas-adaptadas-para-adultos-mayores\/#breadcrumb","itemListElement":[{"@type":"ListItem","position":1,"name":"Inicio","item":"https:\/\/arriendo.com\/co\/blog\/"},{"@type":"ListItem","position":2,"name":"Consejos","item":"https:\/\/arriendo.com\/co\/blog\/consejos\/"},{"@type":"ListItem","position":3,"name":"Lo que debe saber sobre las viviendas adaptadas para adultos mayores"}]},{"@type":"WebSite","@id":"https:\/\/arriendo.com\/co\/blog\/#website","url":"https:\/\/arriendo.com\/co\/blog\/","name":"Blog arriendo.com","description":"Abre la puerta de tu pr\u00f3ximo hogar","publisher":{"@id":"https:\/\/arriendo.com\/co\/blog\/#organization"},"alternateName":"Blog Arriendo","potentialAction":[{"@type":"SearchAction","target":{"@type":"EntryPoint","urlTemplate":"https:\/\/arriendo.com\/co\/blog\/?s={search_term_string}"},"query-input":{"@type":"PropertyValueSpecification","valueRequired":true,"valueName":"search_term_string"}}],"inLanguage":"es"},{"@type":"Organization","@id":"https:\/\/arriendo.com\/co\/blog\/#organization","name":"Blog arriendo.com","alternateName":"Arriendo.com","url":"https:\/\/arriendo.com\/co\/blog\/","logo":{"@type":"ImageObject","inLanguage":"es","@id":"https:\/\/arriendo.com\/co\/blog\/#\/schema\/logo\/image\/","url":"https:\/\/arriendo.com\/co\/blog\/wp-content\/uploads\/2020\/02\/logo-arriendo-perfil-rojo-1080x1080-ok-v1.png","contentUrl":"https:\/\/arriendo.com\/co\/blog\/wp-content\/uploads\/2020\/02\/logo-arriendo-perfil-rojo-1080x1080-ok-v1.png","width":1080,"height":1080,"caption":"Blog arriendo.com"},"image":{"@id":"https:\/\/arriendo.com\/co\/blog\/#\/schema\/logo\/image\/"},"sameAs":["https:\/\/www.facebook.com\/arriendocom"]},{"@type":"Person","@id":"https:\/\/arriendo.com\/co\/blog\/#\/schema\/person\/2f01f3967f9bc1385cf08b3d1fe3883d","name":"Hernando Abdu salame","image":{"@type":"ImageObject","inLanguage":"es","@id":"https:\/\/arriendo.com\/co\/blog\/#\/schema\/person\/image\/","url":"https:\/\/secure.gravatar.com\/avatar\/4c6fe0b8b5682ae940351be6ff4f4e5ec65d05b273ab650e6763c04848d63357?s=96&r=g","contentUrl":"https:\/\/secure.gravatar.com\/avatar\/4c6fe0b8b5682ae940351be6ff4f4e5ec65d05b273ab650e6763c04848d63357?s=96&r=g","caption":"Hernando Abdu salame"}}]}},"amp_enabled":true,"_links":{"self":[{"href":"https:\/\/arriendo.com\/co\/blog\/wp-json\/wp\/v2\/posts\/4665","targetHints":{"allow":["GET"]}}],"collection":[{"href":"https:\/\/arriendo.com\/co\/blog\/wp-json\/wp\/v2\/posts"}],"about":[{"href":"https:\/\/arriendo.com\/co\/blog\/wp-json\/wp\/v2\/types\/post"}],"author":[{"embeddable":true,"href":"https:\/\/arriendo.com\/co\/blog\/wp-json\/wp\/v2\/users\/23"}],"replies":[{"embeddable":true,"href":"https:\/\/arriendo.com\/co\/blog\/wp-json\/wp\/v2\/comments?post=4665"}],"version-history":[{"count":4,"href":"https:\/\/arriendo.com\/co\/blog\/wp-json\/wp\/v2\/posts\/4665\/revisions"}],"predecessor-version":[{"id":17035,"href":"https:\/\/arriendo.com\/co\/blog\/wp-json\/wp\/v2\/posts\/4665\/revisions\/17035"}],"wp:featuredmedia":[{"embeddable":true,"href":"https:\/\/arriendo.com\/co\/blog\/wp-json\/wp\/v2\/media\/4711"}],"wp:attachment":[{"href":"https:\/\/arriendo.com\/co\/blog\/wp-json\/wp\/v2\/media?parent=4665"}],"wp:term":[{"taxonomy":"category","embeddable":true,"href":"https:\/\/arriendo.com\/co\/blog\/wp-json\/wp\/v2\/categories?post=4665"},{"taxonomy":"post_tag","embeddable":true,"href":"https:\/\/arriendo.com\/co\/blog\/wp-json\/wp\/v2\/tags?post=4665"}],"curies":[{"name":"wp","href":"https:\/\/api.w.org\/{rel}","templated":true}]}}