{"id":3613,"date":"2020-12-05T11:30:00","date_gmt":"2020-12-05T16:30:00","guid":{"rendered":"https:\/\/arriendo.com\/co\/blog\/?p=3613"},"modified":"2024-10-28T10:45:46","modified_gmt":"2024-10-28T15:45:46","slug":"como-influye-el-estrato-social-en-la-valorizacion-de-una-propiedad","status":"publish","type":"post","link":"https:\/\/arriendo.com\/co\/blog\/estudio-de-vivienda\/como-influye-el-estrato-social-en-la-valorizacion-de-una-propiedad\/","title":{"rendered":"\u00bfC\u00f3mo influye el estrato social en la valorizaci\u00f3n de una propiedad?"},"content":{"rendered":"\n<p>Para tomar una decisi\u00f3n correcta en un proceso de compra de un inmueble, el determinar realmente cu\u00e1l es la influencia del estrato socioecon\u00f3mico en el valor de un inmueble, sin importar la raz\u00f3n por la cual decida comprar o arrendar, el estrato siempre ser\u00e1 un aspecto a considerar con mucho detenimiento, olvidarlo ser\u00eda una gran falla.<\/p>\n\n\n\n<p><strong>\u00bfPor qu\u00e9 el estrato social es tan importante?<\/strong><\/p>\n\n\n\n<p>Existen muchas razones por las cuales el estrato es un factor clave a la hora de tomar una decisi\u00f3n tan relevante como la de adquirir un inmueble, entre ellos destacan:<\/p>\n\n\n\n<h2 class=\"wp-block-heading\">Cada estrato tiene su propia demanda<\/h2>\n\n\n\n<p>La estratificaci\u00f3n va de la mano con aspectos como la ubicaci\u00f3n, v\u00edas de acceso, bienestar social, acceso a la educaci\u00f3n y potabilizaci\u00f3n del agua, entre otras cosas, por lo tanto, es evidente establecer que algunos estratos ser\u00e1n m\u00e1s demandados que otros.<\/p>\n\n\n\n<p>En consecuencia, resultar\u00e1 mucho m\u00e1s costoso comprar vivienda en zonas con estratos m\u00e1s altos, pues esto redundar\u00e1 en una mejor calidad de vida.<\/p>\n\n\n\n<p>Los estratos 3 y 4 son los m\u00e1s demandados, por lo que si el objetivo de una persona es comprar para arrendar, ser\u00e1 m\u00e1s prudente adquirir una vivienda en estos estratos para obtener rentabilidad del inmueble en el menor tiempo posible.<\/p>\n\n\n\n<p>De acuerdo con estad\u00edsticas, 87 d\u00edas es el tiempo promedio para arrendar una propiedad en estos estratos, mientras que para los estratos 5 y 6, es de 100 d\u00edas. Asimismo, el estrato tambi\u00e9n se relaciona con el tiempo en que la personas permanecen en un hogar arrendado, en los estratos 3 y 4 la permanencia suele ser mayor que en el resto.<\/p>\n\n\n\n<h3 class=\"wp-block-heading\">Impuestos y mantenimiento<\/h3>\n\n\n\n<p>El valor de los impuestos que asume el propietario de un inmueble est\u00e1 directamente relacionado con el estrato social, por lo que ser\u00e1 importante conocer estos montos y entender que al adquirir el inmueble, se asume un compromiso con el pago de los mismos. <\/p>\n\n\n\n<p>Seg\u00fan la normativa de estratificaci\u00f3n socio-econ\u00f3mica, los inmuebles de estrato 4 en adelante, no gozan de ning\u00fan tipo de subsidio para servicios p\u00fablicos, por lo que el pago ser\u00e1 m\u00e1s elevado.<\/p>\n\n\n\n<h3 class=\"wp-block-heading\">Estrato alto no significa m\u00e1s valor<\/h3>\n\n\n\n<p>Contrario a la creencia los inmuebles con mayor demanda no son los estratos m\u00e1s altos, los que m\u00e1s se venden, arriendan y compran son de estratos 2,3 y 4.<\/p>\n\n\n\n<h3 class=\"wp-block-heading\">Inversi\u00f3n del gobierno<\/h3>\n\n\n\n<p>Seg\u00fan el estrato socio econ\u00f3mico el gobierno realiza m\u00e1s o menos inversiones en vivienda y los subsidios o tasas de inter\u00e9s para su adquisici\u00f3n suelen estar condicionados por este factor<\/p>\n\n\n\n<p>El Gobierno Nacional est\u00e1 apoyando la adquisici\u00f3n de viviendas de inter\u00e9s social ubicadas en los estratos medios, ofreciendo el beneficio de 2,5% menos en la tasa de inter\u00e9s hipotecario.<\/p>\n\n\n\n<h3 class=\"wp-block-heading\">Costo de mercadeo<\/h3>\n\n\n\n<p>Ser propietario de un inmueble de estrato 5 y 6 genera muchos beneficios, aunque no se encuentra dentro de los m\u00e1s demandados, actualmente hay inmuebles en los estratos m\u00e1s altos que se mueven a gran escala en el mercado. Invertir en este estrato significa que va a disfrutar de la vida o como una inversi\u00f3n a largo plazo<\/p>\n","protected":false},"excerpt":{"rendered":"<p>Para tomar una decisi\u00f3n correcta en un proceso de compra de un inmueble, el determinar realmente cu\u00e1l es la influencia del estrato socioecon\u00f3mico en el valor de un inmueble, sin importar la raz\u00f3n por la cual decida comprar o arrendar, el estrato siempre ser\u00e1 un aspecto a considerar con mucho detenimiento, olvidarlo ser\u00eda una gran falla.<\/p>\n","protected":false},"author":23,"featured_media":3285,"comment_status":"open","ping_status":"closed","sticky":false,"template":"","format":"standard","meta":{"_acf_changed":false,"footnotes":""},"categories":[111],"tags":[],"class_list":["post-3613","post","type-post","status-publish","format-standard","has-post-thumbnail","hentry","category-estudio-de-vivienda"],"acf":[],"nelio_content":{"isAutoShareEnabled":true,"autoShareEndMode":"never","automationSources":{"useCustomSentences":false,"customSentences":[]},"followers":[],"suggestedReferences":[],"efiUrl":"","efiAlt":"","highlights":[],"permalinkQueryArgs":[],"series":[]},"yoast_head":"<!-- This site is optimized with the Yoast SEO plugin v25.4 - https:\/\/yoast.com\/wordpress\/plugins\/seo\/ -->\n<title>Conozca c\u00f3mo influye el estrato social en la valorizaci\u00f3n de una propiedad<\/title>\n<meta name=\"description\" content=\"Bien sea para arrendar, comprar para luego vender, ahorrar o revalorizar, el estrato social es fundamental. Son muchos los factores que hacen de \u00e9ste un factor clave para valorizar una propiedad y por ello debe ser considerado.\" \/>\n<meta name=\"robots\" content=\"index, follow, max-snippet:-1, max-image-preview:large, max-video-preview:-1\" \/>\n<link rel=\"canonical\" href=\"https:\/\/arriendo.com\/co\/blog\/estudio-de-vivienda\/como-influye-el-estrato-social-en-la-valorizacion-de-una-propiedad\/\" \/>\n<meta property=\"og:locale\" content=\"es_ES\" \/>\n<meta property=\"og:type\" content=\"article\" \/>\n<meta property=\"og:title\" content=\"Conozca c\u00f3mo influye el estrato social en la valorizaci\u00f3n de una propiedad\" \/>\n<meta property=\"og:description\" content=\"Bien sea para arrendar, comprar para luego vender, ahorrar o revalorizar, el estrato social es fundamental. Son muchos los factores que hacen de \u00e9ste un factor clave para valorizar una propiedad y por ello debe ser considerado.\" \/>\n<meta property=\"og:url\" content=\"https:\/\/arriendo.com\/co\/blog\/estudio-de-vivienda\/como-influye-el-estrato-social-en-la-valorizacion-de-una-propiedad\/\" \/>\n<meta property=\"og:site_name\" content=\"Blog Arriendo.com\" \/>\n<meta property=\"article:publisher\" content=\"https:\/\/www.facebook.com\/arriendocom\" \/>\n<meta property=\"article:published_time\" content=\"2020-12-05T16:30:00+00:00\" \/>\n<meta property=\"article:modified_time\" content=\"2024-10-28T15:45:46+00:00\" \/>\n<meta property=\"og:image\" content=\"https:\/\/arriendo.com\/co\/blog\/wp-content\/uploads\/2020\/10\/Influencia-del-estrato-en-el-valor-de-propiedades-scaled.jpg\" \/>\n\t<meta property=\"og:image:width\" content=\"2048\" \/>\n\t<meta property=\"og:image:height\" content=\"1384\" \/>\n\t<meta property=\"og:image:type\" content=\"image\/jpeg\" \/>\n<meta name=\"author\" content=\"Hernando Abdu salame\" \/>\n<meta name=\"twitter:card\" content=\"summary_large_image\" \/>\n<meta name=\"twitter:label1\" content=\"Escrito por\" \/>\n\t<meta name=\"twitter:data1\" content=\"Hernando Abdu salame\" \/>\n\t<meta name=\"twitter:label2\" content=\"Tiempo de lectura\" \/>\n\t<meta name=\"twitter:data2\" content=\"3 minutos\" \/>\n<script type=\"application\/ld+json\" class=\"yoast-schema-graph\">{\"@context\":\"https:\/\/schema.org\",\"@graph\":[{\"@type\":[\"Article\",\"BlogPosting\"],\"@id\":\"https:\/\/arriendo.com\/co\/blog\/estudio-de-vivienda\/como-influye-el-estrato-social-en-la-valorizacion-de-una-propiedad\/#article\",\"isPartOf\":{\"@id\":\"https:\/\/arriendo.com\/co\/blog\/estudio-de-vivienda\/como-influye-el-estrato-social-en-la-valorizacion-de-una-propiedad\/\"},\"author\":{\"name\":\"Hernando Abdu salame\",\"@id\":\"https:\/\/arriendo.com\/co\/blog\/#\/schema\/person\/2f01f3967f9bc1385cf08b3d1fe3883d\"},\"headline\":\"\u00bfC\u00f3mo influye el estrato social en la valorizaci\u00f3n de una propiedad?\",\"datePublished\":\"2020-12-05T16:30:00+00:00\",\"dateModified\":\"2024-10-28T15:45:46+00:00\",\"mainEntityOfPage\":{\"@id\":\"https:\/\/arriendo.com\/co\/blog\/estudio-de-vivienda\/como-influye-el-estrato-social-en-la-valorizacion-de-una-propiedad\/\"},\"wordCount\":544,\"commentCount\":0,\"publisher\":{\"@id\":\"https:\/\/arriendo.com\/co\/blog\/#organization\"},\"image\":{\"@id\":\"https:\/\/arriendo.com\/co\/blog\/estudio-de-vivienda\/como-influye-el-estrato-social-en-la-valorizacion-de-una-propiedad\/#primaryimage\"},\"thumbnailUrl\":\"https:\/\/cdn-blog.arriendo.com\/co\/blog\/wp-content\/uploads\/2020\/10\/Influencia-del-estrato-en-el-valor-de-propiedades-scaled.jpg\",\"articleSection\":[\"Estudio de Vivienda\"],\"inLanguage\":\"es\",\"potentialAction\":[{\"@type\":\"CommentAction\",\"name\":\"Comment\",\"target\":[\"https:\/\/arriendo.com\/co\/blog\/estudio-de-vivienda\/como-influye-el-estrato-social-en-la-valorizacion-de-una-propiedad\/#respond\"]}]},{\"@type\":\"WebPage\",\"@id\":\"https:\/\/arriendo.com\/co\/blog\/estudio-de-vivienda\/como-influye-el-estrato-social-en-la-valorizacion-de-una-propiedad\/\",\"url\":\"https:\/\/arriendo.com\/co\/blog\/estudio-de-vivienda\/como-influye-el-estrato-social-en-la-valorizacion-de-una-propiedad\/\",\"name\":\"Conozca c\u00f3mo influye el estrato social en la valorizaci\u00f3n de una propiedad\",\"isPartOf\":{\"@id\":\"https:\/\/arriendo.com\/co\/blog\/#website\"},\"primaryImageOfPage\":{\"@id\":\"https:\/\/arriendo.com\/co\/blog\/estudio-de-vivienda\/como-influye-el-estrato-social-en-la-valorizacion-de-una-propiedad\/#primaryimage\"},\"image\":{\"@id\":\"https:\/\/arriendo.com\/co\/blog\/estudio-de-vivienda\/como-influye-el-estrato-social-en-la-valorizacion-de-una-propiedad\/#primaryimage\"},\"thumbnailUrl\":\"https:\/\/cdn-blog.arriendo.com\/co\/blog\/wp-content\/uploads\/2020\/10\/Influencia-del-estrato-en-el-valor-de-propiedades-scaled.jpg\",\"datePublished\":\"2020-12-05T16:30:00+00:00\",\"dateModified\":\"2024-10-28T15:45:46+00:00\",\"description\":\"Bien sea para arrendar, comprar para luego vender, ahorrar o revalorizar, el estrato social es fundamental. Son muchos los factores que hacen de \u00e9ste un factor clave para valorizar una propiedad y por ello debe ser considerado.\",\"breadcrumb\":{\"@id\":\"https:\/\/arriendo.com\/co\/blog\/estudio-de-vivienda\/como-influye-el-estrato-social-en-la-valorizacion-de-una-propiedad\/#breadcrumb\"},\"inLanguage\":\"es\",\"potentialAction\":[{\"@type\":\"ReadAction\",\"target\":[\"https:\/\/arriendo.com\/co\/blog\/estudio-de-vivienda\/como-influye-el-estrato-social-en-la-valorizacion-de-una-propiedad\/\"]}]},{\"@type\":\"ImageObject\",\"inLanguage\":\"es\",\"@id\":\"https:\/\/arriendo.com\/co\/blog\/estudio-de-vivienda\/como-influye-el-estrato-social-en-la-valorizacion-de-una-propiedad\/#primaryimage\",\"url\":\"https:\/\/cdn-blog.arriendo.com\/co\/blog\/wp-content\/uploads\/2020\/10\/Influencia-del-estrato-en-el-valor-de-propiedades-scaled.jpg\",\"contentUrl\":\"https:\/\/cdn-blog.arriendo.com\/co\/blog\/wp-content\/uploads\/2020\/10\/Influencia-del-estrato-en-el-valor-de-propiedades-scaled.jpg\",\"width\":2048,\"height\":1384,\"caption\":\"Influencia del estrato en el valor de propiedades\"},{\"@type\":\"BreadcrumbList\",\"@id\":\"https:\/\/arriendo.com\/co\/blog\/estudio-de-vivienda\/como-influye-el-estrato-social-en-la-valorizacion-de-una-propiedad\/#breadcrumb\",\"itemListElement\":[{\"@type\":\"ListItem\",\"position\":1,\"name\":\"Inicio\",\"item\":\"https:\/\/arriendo.com\/co\/blog\/\"},{\"@type\":\"ListItem\",\"position\":2,\"name\":\"Estudio de Vivienda\",\"item\":\"https:\/\/arriendo.com\/co\/blog\/estudio-de-vivienda\/\"},{\"@type\":\"ListItem\",\"position\":3,\"name\":\"\u00bfC\u00f3mo influye el estrato social en la valorizaci\u00f3n de una propiedad?\"}]},{\"@type\":\"WebSite\",\"@id\":\"https:\/\/arriendo.com\/co\/blog\/#website\",\"url\":\"https:\/\/arriendo.com\/co\/blog\/\",\"name\":\"Blog arriendo.com\",\"description\":\"Abre la puerta de tu pr\u00f3ximo hogar\",\"publisher\":{\"@id\":\"https:\/\/arriendo.com\/co\/blog\/#organization\"},\"alternateName\":\"Blog Arriendo\",\"potentialAction\":[{\"@type\":\"SearchAction\",\"target\":{\"@type\":\"EntryPoint\",\"urlTemplate\":\"https:\/\/arriendo.com\/co\/blog\/?s={search_term_string}\"},\"query-input\":{\"@type\":\"PropertyValueSpecification\",\"valueRequired\":true,\"valueName\":\"search_term_string\"}}],\"inLanguage\":\"es\"},{\"@type\":\"Organization\",\"@id\":\"https:\/\/arriendo.com\/co\/blog\/#organization\",\"name\":\"Blog arriendo.com\",\"alternateName\":\"Arriendo.com\",\"url\":\"https:\/\/arriendo.com\/co\/blog\/\",\"logo\":{\"@type\":\"ImageObject\",\"inLanguage\":\"es\",\"@id\":\"https:\/\/arriendo.com\/co\/blog\/#\/schema\/logo\/image\/\",\"url\":\"https:\/\/arriendo.com\/co\/blog\/wp-content\/uploads\/2020\/02\/logo-arriendo-perfil-rojo-1080x1080-ok-v1.png\",\"contentUrl\":\"https:\/\/arriendo.com\/co\/blog\/wp-content\/uploads\/2020\/02\/logo-arriendo-perfil-rojo-1080x1080-ok-v1.png\",\"width\":1080,\"height\":1080,\"caption\":\"Blog arriendo.com\"},\"image\":{\"@id\":\"https:\/\/arriendo.com\/co\/blog\/#\/schema\/logo\/image\/\"},\"sameAs\":[\"https:\/\/www.facebook.com\/arriendocom\"]},{\"@type\":\"Person\",\"@id\":\"https:\/\/arriendo.com\/co\/blog\/#\/schema\/person\/2f01f3967f9bc1385cf08b3d1fe3883d\",\"name\":\"Hernando Abdu salame\",\"image\":{\"@type\":\"ImageObject\",\"inLanguage\":\"es\",\"@id\":\"https:\/\/arriendo.com\/co\/blog\/#\/schema\/person\/image\/\",\"url\":\"https:\/\/secure.gravatar.com\/avatar\/4c6fe0b8b5682ae940351be6ff4f4e5ec65d05b273ab650e6763c04848d63357?s=96&r=g\",\"contentUrl\":\"https:\/\/secure.gravatar.com\/avatar\/4c6fe0b8b5682ae940351be6ff4f4e5ec65d05b273ab650e6763c04848d63357?s=96&r=g\",\"caption\":\"Hernando Abdu salame\"}}]}<\/script>\n<!-- \/ Yoast SEO plugin. -->","yoast_head_json":{"title":"Conozca c\u00f3mo influye el estrato social en la valorizaci\u00f3n de una propiedad","description":"Bien sea para arrendar, comprar para luego vender, ahorrar o revalorizar, el estrato social es fundamental. Son muchos los factores que hacen de \u00e9ste un factor clave para valorizar una propiedad y por ello debe ser considerado.","robots":{"index":"index","follow":"follow","max-snippet":"max-snippet:-1","max-image-preview":"max-image-preview:large","max-video-preview":"max-video-preview:-1"},"canonical":"https:\/\/arriendo.com\/co\/blog\/estudio-de-vivienda\/como-influye-el-estrato-social-en-la-valorizacion-de-una-propiedad\/","og_locale":"es_ES","og_type":"article","og_title":"Conozca c\u00f3mo influye el estrato social en la valorizaci\u00f3n de una propiedad","og_description":"Bien sea para arrendar, comprar para luego vender, ahorrar o revalorizar, el estrato social es fundamental. Son muchos los factores que hacen de \u00e9ste un factor clave para valorizar una propiedad y por ello debe ser considerado.","og_url":"https:\/\/arriendo.com\/co\/blog\/estudio-de-vivienda\/como-influye-el-estrato-social-en-la-valorizacion-de-una-propiedad\/","og_site_name":"Blog Arriendo.com","article_publisher":"https:\/\/www.facebook.com\/arriendocom","article_published_time":"2020-12-05T16:30:00+00:00","article_modified_time":"2024-10-28T15:45:46+00:00","og_image":[{"width":2048,"height":1384,"url":"https:\/\/arriendo.com\/co\/blog\/wp-content\/uploads\/2020\/10\/Influencia-del-estrato-en-el-valor-de-propiedades-scaled.jpg","type":"image\/jpeg"}],"author":"Hernando Abdu salame","twitter_card":"summary_large_image","twitter_misc":{"Escrito por":"Hernando Abdu salame","Tiempo de lectura":"3 minutos"},"schema":{"@context":"https:\/\/schema.org","@graph":[{"@type":["Article","BlogPosting"],"@id":"https:\/\/arriendo.com\/co\/blog\/estudio-de-vivienda\/como-influye-el-estrato-social-en-la-valorizacion-de-una-propiedad\/#article","isPartOf":{"@id":"https:\/\/arriendo.com\/co\/blog\/estudio-de-vivienda\/como-influye-el-estrato-social-en-la-valorizacion-de-una-propiedad\/"},"author":{"name":"Hernando Abdu salame","@id":"https:\/\/arriendo.com\/co\/blog\/#\/schema\/person\/2f01f3967f9bc1385cf08b3d1fe3883d"},"headline":"\u00bfC\u00f3mo influye el estrato social en la valorizaci\u00f3n de una propiedad?","datePublished":"2020-12-05T16:30:00+00:00","dateModified":"2024-10-28T15:45:46+00:00","mainEntityOfPage":{"@id":"https:\/\/arriendo.com\/co\/blog\/estudio-de-vivienda\/como-influye-el-estrato-social-en-la-valorizacion-de-una-propiedad\/"},"wordCount":544,"commentCount":0,"publisher":{"@id":"https:\/\/arriendo.com\/co\/blog\/#organization"},"image":{"@id":"https:\/\/arriendo.com\/co\/blog\/estudio-de-vivienda\/como-influye-el-estrato-social-en-la-valorizacion-de-una-propiedad\/#primaryimage"},"thumbnailUrl":"https:\/\/cdn-blog.arriendo.com\/co\/blog\/wp-content\/uploads\/2020\/10\/Influencia-del-estrato-en-el-valor-de-propiedades-scaled.jpg","articleSection":["Estudio de Vivienda"],"inLanguage":"es","potentialAction":[{"@type":"CommentAction","name":"Comment","target":["https:\/\/arriendo.com\/co\/blog\/estudio-de-vivienda\/como-influye-el-estrato-social-en-la-valorizacion-de-una-propiedad\/#respond"]}]},{"@type":"WebPage","@id":"https:\/\/arriendo.com\/co\/blog\/estudio-de-vivienda\/como-influye-el-estrato-social-en-la-valorizacion-de-una-propiedad\/","url":"https:\/\/arriendo.com\/co\/blog\/estudio-de-vivienda\/como-influye-el-estrato-social-en-la-valorizacion-de-una-propiedad\/","name":"Conozca c\u00f3mo influye el estrato social en la valorizaci\u00f3n de una propiedad","isPartOf":{"@id":"https:\/\/arriendo.com\/co\/blog\/#website"},"primaryImageOfPage":{"@id":"https:\/\/arriendo.com\/co\/blog\/estudio-de-vivienda\/como-influye-el-estrato-social-en-la-valorizacion-de-una-propiedad\/#primaryimage"},"image":{"@id":"https:\/\/arriendo.com\/co\/blog\/estudio-de-vivienda\/como-influye-el-estrato-social-en-la-valorizacion-de-una-propiedad\/#primaryimage"},"thumbnailUrl":"https:\/\/cdn-blog.arriendo.com\/co\/blog\/wp-content\/uploads\/2020\/10\/Influencia-del-estrato-en-el-valor-de-propiedades-scaled.jpg","datePublished":"2020-12-05T16:30:00+00:00","dateModified":"2024-10-28T15:45:46+00:00","description":"Bien sea para arrendar, comprar para luego vender, ahorrar o revalorizar, el estrato social es fundamental. Son muchos los factores que hacen de \u00e9ste un factor clave para valorizar una propiedad y por ello debe ser considerado.","breadcrumb":{"@id":"https:\/\/arriendo.com\/co\/blog\/estudio-de-vivienda\/como-influye-el-estrato-social-en-la-valorizacion-de-una-propiedad\/#breadcrumb"},"inLanguage":"es","potentialAction":[{"@type":"ReadAction","target":["https:\/\/arriendo.com\/co\/blog\/estudio-de-vivienda\/como-influye-el-estrato-social-en-la-valorizacion-de-una-propiedad\/"]}]},{"@type":"ImageObject","inLanguage":"es","@id":"https:\/\/arriendo.com\/co\/blog\/estudio-de-vivienda\/como-influye-el-estrato-social-en-la-valorizacion-de-una-propiedad\/#primaryimage","url":"https:\/\/cdn-blog.arriendo.com\/co\/blog\/wp-content\/uploads\/2020\/10\/Influencia-del-estrato-en-el-valor-de-propiedades-scaled.jpg","contentUrl":"https:\/\/cdn-blog.arriendo.com\/co\/blog\/wp-content\/uploads\/2020\/10\/Influencia-del-estrato-en-el-valor-de-propiedades-scaled.jpg","width":2048,"height":1384,"caption":"Influencia del estrato en el valor de propiedades"},{"@type":"BreadcrumbList","@id":"https:\/\/arriendo.com\/co\/blog\/estudio-de-vivienda\/como-influye-el-estrato-social-en-la-valorizacion-de-una-propiedad\/#breadcrumb","itemListElement":[{"@type":"ListItem","position":1,"name":"Inicio","item":"https:\/\/arriendo.com\/co\/blog\/"},{"@type":"ListItem","position":2,"name":"Estudio de Vivienda","item":"https:\/\/arriendo.com\/co\/blog\/estudio-de-vivienda\/"},{"@type":"ListItem","position":3,"name":"\u00bfC\u00f3mo influye el estrato social en la valorizaci\u00f3n de una propiedad?"}]},{"@type":"WebSite","@id":"https:\/\/arriendo.com\/co\/blog\/#website","url":"https:\/\/arriendo.com\/co\/blog\/","name":"Blog arriendo.com","description":"Abre la puerta de tu pr\u00f3ximo hogar","publisher":{"@id":"https:\/\/arriendo.com\/co\/blog\/#organization"},"alternateName":"Blog Arriendo","potentialAction":[{"@type":"SearchAction","target":{"@type":"EntryPoint","urlTemplate":"https:\/\/arriendo.com\/co\/blog\/?s={search_term_string}"},"query-input":{"@type":"PropertyValueSpecification","valueRequired":true,"valueName":"search_term_string"}}],"inLanguage":"es"},{"@type":"Organization","@id":"https:\/\/arriendo.com\/co\/blog\/#organization","name":"Blog arriendo.com","alternateName":"Arriendo.com","url":"https:\/\/arriendo.com\/co\/blog\/","logo":{"@type":"ImageObject","inLanguage":"es","@id":"https:\/\/arriendo.com\/co\/blog\/#\/schema\/logo\/image\/","url":"https:\/\/arriendo.com\/co\/blog\/wp-content\/uploads\/2020\/02\/logo-arriendo-perfil-rojo-1080x1080-ok-v1.png","contentUrl":"https:\/\/arriendo.com\/co\/blog\/wp-content\/uploads\/2020\/02\/logo-arriendo-perfil-rojo-1080x1080-ok-v1.png","width":1080,"height":1080,"caption":"Blog arriendo.com"},"image":{"@id":"https:\/\/arriendo.com\/co\/blog\/#\/schema\/logo\/image\/"},"sameAs":["https:\/\/www.facebook.com\/arriendocom"]},{"@type":"Person","@id":"https:\/\/arriendo.com\/co\/blog\/#\/schema\/person\/2f01f3967f9bc1385cf08b3d1fe3883d","name":"Hernando Abdu salame","image":{"@type":"ImageObject","inLanguage":"es","@id":"https:\/\/arriendo.com\/co\/blog\/#\/schema\/person\/image\/","url":"https:\/\/secure.gravatar.com\/avatar\/4c6fe0b8b5682ae940351be6ff4f4e5ec65d05b273ab650e6763c04848d63357?s=96&r=g","contentUrl":"https:\/\/secure.gravatar.com\/avatar\/4c6fe0b8b5682ae940351be6ff4f4e5ec65d05b273ab650e6763c04848d63357?s=96&r=g","caption":"Hernando Abdu salame"}}]}},"amp_enabled":true,"_links":{"self":[{"href":"https:\/\/arriendo.com\/co\/blog\/wp-json\/wp\/v2\/posts\/3613","targetHints":{"allow":["GET"]}}],"collection":[{"href":"https:\/\/arriendo.com\/co\/blog\/wp-json\/wp\/v2\/posts"}],"about":[{"href":"https:\/\/arriendo.com\/co\/blog\/wp-json\/wp\/v2\/types\/post"}],"author":[{"embeddable":true,"href":"https:\/\/arriendo.com\/co\/blog\/wp-json\/wp\/v2\/users\/23"}],"replies":[{"embeddable":true,"href":"https:\/\/arriendo.com\/co\/blog\/wp-json\/wp\/v2\/comments?post=3613"}],"version-history":[{"count":1,"href":"https:\/\/arriendo.com\/co\/blog\/wp-json\/wp\/v2\/posts\/3613\/revisions"}],"predecessor-version":[{"id":11823,"href":"https:\/\/arriendo.com\/co\/blog\/wp-json\/wp\/v2\/posts\/3613\/revisions\/11823"}],"wp:featuredmedia":[{"embeddable":true,"href":"https:\/\/arriendo.com\/co\/blog\/wp-json\/wp\/v2\/media\/3285"}],"wp:attachment":[{"href":"https:\/\/arriendo.com\/co\/blog\/wp-json\/wp\/v2\/media?parent=3613"}],"wp:term":[{"taxonomy":"category","embeddable":true,"href":"https:\/\/arriendo.com\/co\/blog\/wp-json\/wp\/v2\/categories?post=3613"},{"taxonomy":"post_tag","embeddable":true,"href":"https:\/\/arriendo.com\/co\/blog\/wp-json\/wp\/v2\/tags?post=3613"}],"curies":[{"name":"wp","href":"https:\/\/api.w.org\/{rel}","templated":true}]}}