{"id":3063,"date":"2020-07-04T16:48:00","date_gmt":"2020-07-04T21:48:00","guid":{"rendered":"https:\/\/arriendo.com\/co\/blog\/?p=3063"},"modified":"2024-09-06T10:54:39","modified_gmt":"2024-09-06T15:54:39","slug":"feria-de-las-flores-y-sus-eventos","status":"publish","type":"post","link":"https:\/\/arriendo.com\/co\/blog\/lugares\/para-visitar\/feria-de-las-flores-y-sus-eventos\/","title":{"rendered":"La Feria de las Flores y sus eventos"},"content":{"rendered":"\n<p>La Feria de las Flores se ha convertido en el evento insigne de Medell\u00edn, que se celebra cada a\u00f1o la primera semana de agosto y es el momento propicio para que la \u201cCiudad de la Eterna Primavera\u201d muestre al mundo el car\u00e1cter, el valor y las ra\u00edces de la cultura paisa. Es la celebraci\u00f3n m\u00e1s emblem\u00e1tica de la ciudad. Durante la feria se vive un ambiente carnavalesco por su diversidad de espect\u00e1culos, si bien es cierto que no todos los eventos van relacionados con las flores, son ellas el marco principal de la festividad.<\/p>\n\n\n\n<h2 class=\"wp-block-heading\">\u00bfC\u00f3mo se prepara esta Feria?<\/h2>\n\n\n\n<p>Con una combinaci\u00f3n a trav\u00e9s del color y el olor del clavel, la siempreviva, el girasol, la orqu\u00eddea y muchas otras variedades, igual de hermosas, son dise\u00f1adas las famosas silletas que llegan a pesar m\u00e1s de 60 kilos. A la par se realizan conciertos en diferentes escenarios con artistas de renombre, el festival de la trova, y eventos para integrar a las familias antioque\u00f1as.<\/p>\n\n\n\n<p>En el corregimiento de Santa Elena donde se dise\u00f1an y arman las silletas. De all\u00ed salen el d\u00eda del desfile desde las cuatro de la ma\u00f1ana, unos 500 silleteros acompa\u00f1ados de comparsas y algunas carrozas para desfilar orgullosos por las calles principales de Medell\u00edn.<\/p>\n\n\n\n<p>El car\u00e1cter de esta fiesta celebra el florecimiento y las costumbres de la casta antioque\u00f1a, la raza regional y en general la vida entera de la regi\u00f3n. Las actividades que dan vida a esta feria son much\u00edsimas pueden haber m\u00e1s de 400 eventos festivos.<\/p>\n\n\n\n<h2 class=\"wp-block-heading\">Aqu\u00ed se\u00f1alamos los m\u00e1s publicitados de estas festividades:<\/h2>\n\n\n\n<h3 class=\"wp-block-heading\">Desfile de<strong> <\/strong>Silleteros<\/h3>\n\n\n\n<p>Es el evento principal de la Feria que parte de la vecina poblaci\u00f3n de Santa Elena, donde preparan y se dan cita los silleteros. Es un desfile que protagonizan los campesinos que durante todo el a\u00f1o cultivan flores en su finca y con esas flores construyen las silletas. En este desfile se despliegan millones de flores cargadas en las espaldas de estos campesinos. Estas componen varios mensajes con valores aut\u00f3ctonos y c\u00edvicos, paisajes, retratos, etc. Su recorrido es verdaderamente monumental a trav\u00e9s de las principales avenidas de la ciudad.<\/p>\n\n\n\n<h3 class=\"wp-block-heading\">Festival de la Trova<\/h3>\n\n\n\n<p>La expresi\u00f3n cultural que expresa el car\u00e1cter recio y evidente de los habitantes de esta regi\u00f3n, los trovadores son quienes a ritmo de guitarra y cantos improvisan rimas jocosas evocando situaciones o personas espec\u00edficas. Es un evento imperdible, pues la agilidad mental de estos trovadores te dejar\u00e1 sombrado.<\/p>\n\n\n\n<h3 class=\"wp-block-heading\">Concierto de la Feria de las Flores<\/h3>\n\n\n\n<p>Es un espacio donde j\u00f3venes y adultos disfrutan de un gran concierto. Anualmente re\u00fane los artistas m\u00e1s importantes en el estadio Atanasio Girardot, este concierto se convierte en una magn\u00e1nima fiesta en la que los habitantes y turistas disfrutan de los \u00e9xitos de artistas de talla mundial.<\/p>\n\n\n\n<h3 class=\"wp-block-heading\">Tablados Feria de las Flores<\/h3>\n\n\n\n<p>Por otra lado los escenarios art\u00edsticos y culturales que se toman toda la ciudad pues llega a los barrios y corregimientos de todo Medell\u00edn. Estos peque\u00f1os conciertos llevan felicidad a cada rinc\u00f3n de la ciudad.<\/p>\n\n\n\n<h3 class=\"wp-block-heading\">Carros antiguos desfilando<\/h3>\n\n\n\n<p>Uno de los eventos m\u00e1s concurridos de la feria. Un museo ambulante donde se puede apreciar la evoluci\u00f3n que ha tenido el autom\u00f3vil a trav\u00e9s del tiempo. La participaci\u00f3n de m\u00e1s de 500 automotores deleitan a los espectadores de la ciudad.<\/p>\n\n\n\n<h3 class=\"wp-block-heading\">Pedaleando la bici<\/h3>\n\n\n\n<p>Es La cita para m\u00e1s de 1500 ciclistas la mayor\u00eda con su mejor disfraz y su bicicleta adornada para recorrer 11 kil\u00f3metro. Son premiados los mejores disfraces en tres categor\u00edas.<\/p>\n\n\n\n<p>Esta feria es una celebraci\u00f3n con mucho despliegue de color que muestra la cultura paisa en todo su esplendor.<\/p>\n","protected":false},"excerpt":{"rendered":"<p>La Feria de las Flores se ha convertido en el evento insigne de Medell\u00edn, que se celebra cada a\u00f1o la primera semana de agosto y es el momento propicio para que la \u201cCiudad de la Eterna Primavera\u201d muestre al mundo el car\u00e1cter, el valor y<\/p>\n","protected":false},"author":23,"featured_media":3002,"comment_status":"open","ping_status":"closed","sticky":false,"template":"","format":"standard","meta":{"_acf_changed":false,"footnotes":""},"categories":[134,153],"tags":[],"class_list":["post-3063","post","type-post","status-publish","format-standard","has-post-thumbnail","hentry","category-lugares","category-para-visitar"],"acf":[],"nelio_content":{"isAutoShareEnabled":true,"autoShareEndMode":"never","automationSources":{"useCustomSentences":false,"customSentences":[]},"followers":[],"suggestedReferences":[],"efiUrl":"","efiAlt":"","highlights":[],"permalinkQueryArgs":[],"series":[]},"yoast_head":"<!-- This site is optimized with the Yoast SEO plugin v25.4 - https:\/\/yoast.com\/wordpress\/plugins\/seo\/ -->\n<title>La Feria de las Flores y sus eventos 2026<\/title>\n<meta name=\"description\" content=\"La Feria de las Flores se ha convertido en el evento insigne de Medell\u00edn, que se celebra cada a\u00f1o la primera semana de agosto y es el momento propicio para que la \u201cCiudad de la Eterna Primavera\u201d muestre al mundo el car\u00e1cter, el valor y\" \/>\n<meta name=\"robots\" content=\"index, follow, max-snippet:-1, max-image-preview:large, max-video-preview:-1\" \/>\n<link rel=\"canonical\" href=\"https:\/\/arriendo.com\/co\/blog\/lugares\/para-visitar\/feria-de-las-flores-y-sus-eventos\/\" \/>\n<meta property=\"og:locale\" content=\"es_ES\" \/>\n<meta property=\"og:type\" content=\"article\" \/>\n<meta property=\"og:title\" content=\"La Feria de las Flores y sus eventos 2026\" \/>\n<meta property=\"og:description\" content=\"La Feria de las Flores se ha convertido en el evento insigne de Medell\u00edn, que se celebra cada a\u00f1o la primera semana de agosto y es el momento propicio para que la \u201cCiudad de la Eterna Primavera\u201d muestre al mundo el car\u00e1cter, el valor y\" \/>\n<meta property=\"og:url\" content=\"https:\/\/arriendo.com\/co\/blog\/lugares\/para-visitar\/feria-de-las-flores-y-sus-eventos\/\" \/>\n<meta property=\"og:site_name\" content=\"Blog Arriendo.com\" \/>\n<meta property=\"article:publisher\" content=\"https:\/\/www.facebook.com\/arriendocom\" \/>\n<meta property=\"article:published_time\" content=\"2020-07-04T21:48:00+00:00\" \/>\n<meta property=\"article:modified_time\" content=\"2024-09-06T15:54:39+00:00\" \/>\n<meta property=\"og:image\" content=\"https:\/\/arriendo.com\/co\/blog\/wp-content\/uploads\/2020\/07\/la-feria-de-las-flores-y-sus-eventos-scaled.jpg\" \/>\n\t<meta property=\"og:image:width\" content=\"2048\" \/>\n\t<meta property=\"og:image:height\" content=\"1365\" \/>\n\t<meta property=\"og:image:type\" content=\"image\/jpeg\" \/>\n<meta name=\"author\" content=\"Hernando Abdu salame\" \/>\n<meta name=\"twitter:card\" content=\"summary_large_image\" \/>\n<meta name=\"twitter:label1\" content=\"Escrito por\" \/>\n\t<meta name=\"twitter:data1\" content=\"Hernando Abdu salame\" \/>\n\t<meta name=\"twitter:label2\" content=\"Tiempo de lectura\" \/>\n\t<meta name=\"twitter:data2\" content=\"3 minutos\" \/>\n<script type=\"application\/ld+json\" class=\"yoast-schema-graph\">{\"@context\":\"https:\/\/schema.org\",\"@graph\":[{\"@type\":[\"Article\",\"BlogPosting\"],\"@id\":\"https:\/\/arriendo.com\/co\/blog\/lugares\/para-visitar\/feria-de-las-flores-y-sus-eventos\/#article\",\"isPartOf\":{\"@id\":\"https:\/\/arriendo.com\/co\/blog\/lugares\/para-visitar\/feria-de-las-flores-y-sus-eventos\/\"},\"author\":{\"name\":\"Hernando Abdu salame\",\"@id\":\"https:\/\/arriendo.com\/co\/blog\/#\/schema\/person\/2f01f3967f9bc1385cf08b3d1fe3883d\"},\"headline\":\"La Feria de las Flores y sus eventos\",\"datePublished\":\"2020-07-04T21:48:00+00:00\",\"dateModified\":\"2024-09-06T15:54:39+00:00\",\"mainEntityOfPage\":{\"@id\":\"https:\/\/arriendo.com\/co\/blog\/lugares\/para-visitar\/feria-de-las-flores-y-sus-eventos\/\"},\"wordCount\":650,\"commentCount\":0,\"publisher\":{\"@id\":\"https:\/\/arriendo.com\/co\/blog\/#organization\"},\"image\":{\"@id\":\"https:\/\/arriendo.com\/co\/blog\/lugares\/para-visitar\/feria-de-las-flores-y-sus-eventos\/#primaryimage\"},\"thumbnailUrl\":\"https:\/\/cdn-blog.arriendo.com\/co\/blog\/wp-content\/uploads\/2020\/07\/la-feria-de-las-flores-y-sus-eventos-scaled.jpg\",\"articleSection\":[\"Lugares\",\"Lugares para Visitar\"],\"inLanguage\":\"es\",\"potentialAction\":[{\"@type\":\"CommentAction\",\"name\":\"Comment\",\"target\":[\"https:\/\/arriendo.com\/co\/blog\/lugares\/para-visitar\/feria-de-las-flores-y-sus-eventos\/#respond\"]}]},{\"@type\":\"WebPage\",\"@id\":\"https:\/\/arriendo.com\/co\/blog\/lugares\/para-visitar\/feria-de-las-flores-y-sus-eventos\/\",\"url\":\"https:\/\/arriendo.com\/co\/blog\/lugares\/para-visitar\/feria-de-las-flores-y-sus-eventos\/\",\"name\":\"La Feria de las Flores y sus eventos 2026\",\"isPartOf\":{\"@id\":\"https:\/\/arriendo.com\/co\/blog\/#website\"},\"primaryImageOfPage\":{\"@id\":\"https:\/\/arriendo.com\/co\/blog\/lugares\/para-visitar\/feria-de-las-flores-y-sus-eventos\/#primaryimage\"},\"image\":{\"@id\":\"https:\/\/arriendo.com\/co\/blog\/lugares\/para-visitar\/feria-de-las-flores-y-sus-eventos\/#primaryimage\"},\"thumbnailUrl\":\"https:\/\/cdn-blog.arriendo.com\/co\/blog\/wp-content\/uploads\/2020\/07\/la-feria-de-las-flores-y-sus-eventos-scaled.jpg\",\"datePublished\":\"2020-07-04T21:48:00+00:00\",\"dateModified\":\"2024-09-06T15:54:39+00:00\",\"description\":\"La Feria de las Flores se ha convertido en el evento insigne de Medell\u00edn, que se celebra cada a\u00f1o la primera semana de agosto y es el momento propicio para que la \u201cCiudad de la Eterna Primavera\u201d muestre al mundo el car\u00e1cter, el valor y\",\"breadcrumb\":{\"@id\":\"https:\/\/arriendo.com\/co\/blog\/lugares\/para-visitar\/feria-de-las-flores-y-sus-eventos\/#breadcrumb\"},\"inLanguage\":\"es\",\"potentialAction\":[{\"@type\":\"ReadAction\",\"target\":[\"https:\/\/arriendo.com\/co\/blog\/lugares\/para-visitar\/feria-de-las-flores-y-sus-eventos\/\"]}]},{\"@type\":\"ImageObject\",\"inLanguage\":\"es\",\"@id\":\"https:\/\/arriendo.com\/co\/blog\/lugares\/para-visitar\/feria-de-las-flores-y-sus-eventos\/#primaryimage\",\"url\":\"https:\/\/cdn-blog.arriendo.com\/co\/blog\/wp-content\/uploads\/2020\/07\/la-feria-de-las-flores-y-sus-eventos-scaled.jpg\",\"contentUrl\":\"https:\/\/cdn-blog.arriendo.com\/co\/blog\/wp-content\/uploads\/2020\/07\/la-feria-de-las-flores-y-sus-eventos-scaled.jpg\",\"width\":2048,\"height\":1365,\"caption\":\"La Feria de las Flores y sus eventos\"},{\"@type\":\"BreadcrumbList\",\"@id\":\"https:\/\/arriendo.com\/co\/blog\/lugares\/para-visitar\/feria-de-las-flores-y-sus-eventos\/#breadcrumb\",\"itemListElement\":[{\"@type\":\"ListItem\",\"position\":1,\"name\":\"Inicio\",\"item\":\"https:\/\/arriendo.com\/co\/blog\/\"},{\"@type\":\"ListItem\",\"position\":2,\"name\":\"Lugares\",\"item\":\"https:\/\/arriendo.com\/co\/blog\/lugares\/\"},{\"@type\":\"ListItem\",\"position\":3,\"name\":\"Lugares para Visitar\",\"item\":\"https:\/\/arriendo.com\/co\/blog\/lugares\/para-visitar\/\"},{\"@type\":\"ListItem\",\"position\":4,\"name\":\"La Feria de las Flores y sus eventos\"}]},{\"@type\":\"WebSite\",\"@id\":\"https:\/\/arriendo.com\/co\/blog\/#website\",\"url\":\"https:\/\/arriendo.com\/co\/blog\/\",\"name\":\"Blog arriendo.com\",\"description\":\"Abre la puerta de tu pr\u00f3ximo hogar\",\"publisher\":{\"@id\":\"https:\/\/arriendo.com\/co\/blog\/#organization\"},\"alternateName\":\"Blog Arriendo\",\"potentialAction\":[{\"@type\":\"SearchAction\",\"target\":{\"@type\":\"EntryPoint\",\"urlTemplate\":\"https:\/\/arriendo.com\/co\/blog\/?s={search_term_string}\"},\"query-input\":{\"@type\":\"PropertyValueSpecification\",\"valueRequired\":true,\"valueName\":\"search_term_string\"}}],\"inLanguage\":\"es\"},{\"@type\":\"Organization\",\"@id\":\"https:\/\/arriendo.com\/co\/blog\/#organization\",\"name\":\"Blog arriendo.com\",\"alternateName\":\"Arriendo.com\",\"url\":\"https:\/\/arriendo.com\/co\/blog\/\",\"logo\":{\"@type\":\"ImageObject\",\"inLanguage\":\"es\",\"@id\":\"https:\/\/arriendo.com\/co\/blog\/#\/schema\/logo\/image\/\",\"url\":\"https:\/\/arriendo.com\/co\/blog\/wp-content\/uploads\/2020\/02\/logo-arriendo-perfil-rojo-1080x1080-ok-v1.png\",\"contentUrl\":\"https:\/\/arriendo.com\/co\/blog\/wp-content\/uploads\/2020\/02\/logo-arriendo-perfil-rojo-1080x1080-ok-v1.png\",\"width\":1080,\"height\":1080,\"caption\":\"Blog arriendo.com\"},\"image\":{\"@id\":\"https:\/\/arriendo.com\/co\/blog\/#\/schema\/logo\/image\/\"},\"sameAs\":[\"https:\/\/www.facebook.com\/arriendocom\"]},{\"@type\":\"Person\",\"@id\":\"https:\/\/arriendo.com\/co\/blog\/#\/schema\/person\/2f01f3967f9bc1385cf08b3d1fe3883d\",\"name\":\"Hernando Abdu salame\",\"image\":{\"@type\":\"ImageObject\",\"inLanguage\":\"es\",\"@id\":\"https:\/\/arriendo.com\/co\/blog\/#\/schema\/person\/image\/\",\"url\":\"https:\/\/secure.gravatar.com\/avatar\/4c6fe0b8b5682ae940351be6ff4f4e5ec65d05b273ab650e6763c04848d63357?s=96&r=g\",\"contentUrl\":\"https:\/\/secure.gravatar.com\/avatar\/4c6fe0b8b5682ae940351be6ff4f4e5ec65d05b273ab650e6763c04848d63357?s=96&r=g\",\"caption\":\"Hernando Abdu salame\"}}]}<\/script>\n<!-- \/ Yoast SEO plugin. -->","yoast_head_json":{"title":"La Feria de las Flores y sus eventos 2026","description":"La Feria de las Flores se ha convertido en el evento insigne de Medell\u00edn, que se celebra cada a\u00f1o la primera semana de agosto y es el momento propicio para que la \u201cCiudad de la Eterna Primavera\u201d muestre al mundo el car\u00e1cter, el valor y","robots":{"index":"index","follow":"follow","max-snippet":"max-snippet:-1","max-image-preview":"max-image-preview:large","max-video-preview":"max-video-preview:-1"},"canonical":"https:\/\/arriendo.com\/co\/blog\/lugares\/para-visitar\/feria-de-las-flores-y-sus-eventos\/","og_locale":"es_ES","og_type":"article","og_title":"La Feria de las Flores y sus eventos 2026","og_description":"La Feria de las Flores se ha convertido en el evento insigne de Medell\u00edn, que se celebra cada a\u00f1o la primera semana de agosto y es el momento propicio para que la \u201cCiudad de la Eterna Primavera\u201d muestre al mundo el car\u00e1cter, el valor y","og_url":"https:\/\/arriendo.com\/co\/blog\/lugares\/para-visitar\/feria-de-las-flores-y-sus-eventos\/","og_site_name":"Blog Arriendo.com","article_publisher":"https:\/\/www.facebook.com\/arriendocom","article_published_time":"2020-07-04T21:48:00+00:00","article_modified_time":"2024-09-06T15:54:39+00:00","og_image":[{"width":2048,"height":1365,"url":"https:\/\/arriendo.com\/co\/blog\/wp-content\/uploads\/2020\/07\/la-feria-de-las-flores-y-sus-eventos-scaled.jpg","type":"image\/jpeg"}],"author":"Hernando Abdu salame","twitter_card":"summary_large_image","twitter_misc":{"Escrito por":"Hernando Abdu salame","Tiempo de lectura":"3 minutos"},"schema":{"@context":"https:\/\/schema.org","@graph":[{"@type":["Article","BlogPosting"],"@id":"https:\/\/arriendo.com\/co\/blog\/lugares\/para-visitar\/feria-de-las-flores-y-sus-eventos\/#article","isPartOf":{"@id":"https:\/\/arriendo.com\/co\/blog\/lugares\/para-visitar\/feria-de-las-flores-y-sus-eventos\/"},"author":{"name":"Hernando Abdu salame","@id":"https:\/\/arriendo.com\/co\/blog\/#\/schema\/person\/2f01f3967f9bc1385cf08b3d1fe3883d"},"headline":"La Feria de las Flores y sus eventos","datePublished":"2020-07-04T21:48:00+00:00","dateModified":"2024-09-06T15:54:39+00:00","mainEntityOfPage":{"@id":"https:\/\/arriendo.com\/co\/blog\/lugares\/para-visitar\/feria-de-las-flores-y-sus-eventos\/"},"wordCount":650,"commentCount":0,"publisher":{"@id":"https:\/\/arriendo.com\/co\/blog\/#organization"},"image":{"@id":"https:\/\/arriendo.com\/co\/blog\/lugares\/para-visitar\/feria-de-las-flores-y-sus-eventos\/#primaryimage"},"thumbnailUrl":"https:\/\/cdn-blog.arriendo.com\/co\/blog\/wp-content\/uploads\/2020\/07\/la-feria-de-las-flores-y-sus-eventos-scaled.jpg","articleSection":["Lugares","Lugares para Visitar"],"inLanguage":"es","potentialAction":[{"@type":"CommentAction","name":"Comment","target":["https:\/\/arriendo.com\/co\/blog\/lugares\/para-visitar\/feria-de-las-flores-y-sus-eventos\/#respond"]}]},{"@type":"WebPage","@id":"https:\/\/arriendo.com\/co\/blog\/lugares\/para-visitar\/feria-de-las-flores-y-sus-eventos\/","url":"https:\/\/arriendo.com\/co\/blog\/lugares\/para-visitar\/feria-de-las-flores-y-sus-eventos\/","name":"La Feria de las Flores y sus eventos 2026","isPartOf":{"@id":"https:\/\/arriendo.com\/co\/blog\/#website"},"primaryImageOfPage":{"@id":"https:\/\/arriendo.com\/co\/blog\/lugares\/para-visitar\/feria-de-las-flores-y-sus-eventos\/#primaryimage"},"image":{"@id":"https:\/\/arriendo.com\/co\/blog\/lugares\/para-visitar\/feria-de-las-flores-y-sus-eventos\/#primaryimage"},"thumbnailUrl":"https:\/\/cdn-blog.arriendo.com\/co\/blog\/wp-content\/uploads\/2020\/07\/la-feria-de-las-flores-y-sus-eventos-scaled.jpg","datePublished":"2020-07-04T21:48:00+00:00","dateModified":"2024-09-06T15:54:39+00:00","description":"La Feria de las Flores se ha convertido en el evento insigne de Medell\u00edn, que se celebra cada a\u00f1o la primera semana de agosto y es el momento propicio para que la \u201cCiudad de la Eterna Primavera\u201d muestre al mundo el car\u00e1cter, el valor y","breadcrumb":{"@id":"https:\/\/arriendo.com\/co\/blog\/lugares\/para-visitar\/feria-de-las-flores-y-sus-eventos\/#breadcrumb"},"inLanguage":"es","potentialAction":[{"@type":"ReadAction","target":["https:\/\/arriendo.com\/co\/blog\/lugares\/para-visitar\/feria-de-las-flores-y-sus-eventos\/"]}]},{"@type":"ImageObject","inLanguage":"es","@id":"https:\/\/arriendo.com\/co\/blog\/lugares\/para-visitar\/feria-de-las-flores-y-sus-eventos\/#primaryimage","url":"https:\/\/cdn-blog.arriendo.com\/co\/blog\/wp-content\/uploads\/2020\/07\/la-feria-de-las-flores-y-sus-eventos-scaled.jpg","contentUrl":"https:\/\/cdn-blog.arriendo.com\/co\/blog\/wp-content\/uploads\/2020\/07\/la-feria-de-las-flores-y-sus-eventos-scaled.jpg","width":2048,"height":1365,"caption":"La Feria de las Flores y sus eventos"},{"@type":"BreadcrumbList","@id":"https:\/\/arriendo.com\/co\/blog\/lugares\/para-visitar\/feria-de-las-flores-y-sus-eventos\/#breadcrumb","itemListElement":[{"@type":"ListItem","position":1,"name":"Inicio","item":"https:\/\/arriendo.com\/co\/blog\/"},{"@type":"ListItem","position":2,"name":"Lugares","item":"https:\/\/arriendo.com\/co\/blog\/lugares\/"},{"@type":"ListItem","position":3,"name":"Lugares para Visitar","item":"https:\/\/arriendo.com\/co\/blog\/lugares\/para-visitar\/"},{"@type":"ListItem","position":4,"name":"La Feria de las Flores y sus eventos"}]},{"@type":"WebSite","@id":"https:\/\/arriendo.com\/co\/blog\/#website","url":"https:\/\/arriendo.com\/co\/blog\/","name":"Blog arriendo.com","description":"Abre la puerta de tu pr\u00f3ximo hogar","publisher":{"@id":"https:\/\/arriendo.com\/co\/blog\/#organization"},"alternateName":"Blog Arriendo","potentialAction":[{"@type":"SearchAction","target":{"@type":"EntryPoint","urlTemplate":"https:\/\/arriendo.com\/co\/blog\/?s={search_term_string}"},"query-input":{"@type":"PropertyValueSpecification","valueRequired":true,"valueName":"search_term_string"}}],"inLanguage":"es"},{"@type":"Organization","@id":"https:\/\/arriendo.com\/co\/blog\/#organization","name":"Blog arriendo.com","alternateName":"Arriendo.com","url":"https:\/\/arriendo.com\/co\/blog\/","logo":{"@type":"ImageObject","inLanguage":"es","@id":"https:\/\/arriendo.com\/co\/blog\/#\/schema\/logo\/image\/","url":"https:\/\/arriendo.com\/co\/blog\/wp-content\/uploads\/2020\/02\/logo-arriendo-perfil-rojo-1080x1080-ok-v1.png","contentUrl":"https:\/\/arriendo.com\/co\/blog\/wp-content\/uploads\/2020\/02\/logo-arriendo-perfil-rojo-1080x1080-ok-v1.png","width":1080,"height":1080,"caption":"Blog arriendo.com"},"image":{"@id":"https:\/\/arriendo.com\/co\/blog\/#\/schema\/logo\/image\/"},"sameAs":["https:\/\/www.facebook.com\/arriendocom"]},{"@type":"Person","@id":"https:\/\/arriendo.com\/co\/blog\/#\/schema\/person\/2f01f3967f9bc1385cf08b3d1fe3883d","name":"Hernando Abdu salame","image":{"@type":"ImageObject","inLanguage":"es","@id":"https:\/\/arriendo.com\/co\/blog\/#\/schema\/person\/image\/","url":"https:\/\/secure.gravatar.com\/avatar\/4c6fe0b8b5682ae940351be6ff4f4e5ec65d05b273ab650e6763c04848d63357?s=96&r=g","contentUrl":"https:\/\/secure.gravatar.com\/avatar\/4c6fe0b8b5682ae940351be6ff4f4e5ec65d05b273ab650e6763c04848d63357?s=96&r=g","caption":"Hernando Abdu salame"}}]}},"amp_enabled":true,"_links":{"self":[{"href":"https:\/\/arriendo.com\/co\/blog\/wp-json\/wp\/v2\/posts\/3063","targetHints":{"allow":["GET"]}}],"collection":[{"href":"https:\/\/arriendo.com\/co\/blog\/wp-json\/wp\/v2\/posts"}],"about":[{"href":"https:\/\/arriendo.com\/co\/blog\/wp-json\/wp\/v2\/types\/post"}],"author":[{"embeddable":true,"href":"https:\/\/arriendo.com\/co\/blog\/wp-json\/wp\/v2\/users\/23"}],"replies":[{"embeddable":true,"href":"https:\/\/arriendo.com\/co\/blog\/wp-json\/wp\/v2\/comments?post=3063"}],"version-history":[{"count":1,"href":"https:\/\/arriendo.com\/co\/blog\/wp-json\/wp\/v2\/posts\/3063\/revisions"}],"predecessor-version":[{"id":11677,"href":"https:\/\/arriendo.com\/co\/blog\/wp-json\/wp\/v2\/posts\/3063\/revisions\/11677"}],"wp:featuredmedia":[{"embeddable":true,"href":"https:\/\/arriendo.com\/co\/blog\/wp-json\/wp\/v2\/media\/3002"}],"wp:attachment":[{"href":"https:\/\/arriendo.com\/co\/blog\/wp-json\/wp\/v2\/media?parent=3063"}],"wp:term":[{"taxonomy":"category","embeddable":true,"href":"https:\/\/arriendo.com\/co\/blog\/wp-json\/wp\/v2\/categories?post=3063"},{"taxonomy":"post_tag","embeddable":true,"href":"https:\/\/arriendo.com\/co\/blog\/wp-json\/wp\/v2\/tags?post=3063"}],"curies":[{"name":"wp","href":"https:\/\/api.w.org\/{rel}","templated":true}]}}