{"id":25732,"date":"2026-09-02T17:35:56","date_gmt":"2026-09-02T22:35:56","guid":{"rendered":"https:\/\/arriendo.com\/co\/blog\/?p=25732"},"modified":"2026-09-02T17:36:00","modified_gmt":"2026-09-02T22:36:00","slug":"que-pasa-con-el-contrato-de-arriendo-si-fui-afectado-por-el-terremoto","status":"publish","type":"post","link":"https:\/\/arriendo.com\/co\/blog\/arriendo\/que-pasa-con-el-contrato-de-arriendo-si-fui-afectado-por-el-terremoto\/","title":{"rendered":"Qu\u00e9 pasa con el contrato de arriendo si fui afectado por el terremoto"},"content":{"rendered":"\n<p>El sismo de magnitud 7,4 del 10 de agosto de 2026 cambi\u00f3 la vida de miles de familias en Colombia. Viviendas destruidas, edificios con da\u00f1os estructurales, barrios enteros evacuados y una declaratoria de desastre nacional dejaron a muchas personas con una pregunta que casi nadie sabe responder en medio de la emergencia. Qu\u00e9 pasa con el contrato de arriendo cuando el inmueble que habitabas ya no est\u00e1 en condiciones de habitarse. <strong>Si est\u00e1s en esa situaci\u00f3n, lo primero que queremos decirte es que la ley colombiana no te deja solo y que existen rutas concretas para resolverlo.<\/strong><\/p>\n\n\n\n<p>Sabemos que este texto llega en un momento dif\u00edcil y que hablar de contratos suena menor al lado de lo que muchas familias perdieron. Aun as\u00ed, la incertidumbre jur\u00eddica se convierte en una carga adicional que se puede aliviar con informaci\u00f3n clara. Un arrendatario que entiende sus derechos evita pagos indebidos, protege su historial crediticio y negocia en mejores condiciones. Un arrendador que conoce sus obligaciones act\u00faa con respaldo legal y evita conflictos largos. <strong>Entender las reglas hoy te ahorra un problema mucho m\u00e1s grande ma\u00f1ana.<\/strong><\/p>\n\n\n\n<p>En <a target=\"_blank\" rel=\"noreferrer noopener\" href=\"http:\/\/Arriendo.com\">Arriendo.com<\/a> somos una plataforma digital especializada en la promoci\u00f3n y b\u00fasqueda de inmuebles en arriendo. No somos parte de tu contrato, no intervenimos en las negociaciones y este contenido tampoco reemplaza la asesor\u00eda de un abogado. <strong>Lo que encuentras aqu\u00ed es una orientaci\u00f3n general para que llegues informado a la conversaci\u00f3n con tu arrendador o con tu arrendatario<\/strong>, y para que sepas a qu\u00e9 entidades acudir cuando necesites respaldo oficial.<\/p>\n\n\n\n<h2 class=\"wp-block-heading\"><strong>Lo primero es tu seguridad y el concepto t\u00e9cnico del inmueble<\/strong><\/h2>\n\n\n\n<p>Antes de cualquier discusi\u00f3n sobre dinero o contratos est\u00e1 la integridad de las personas. Ning\u00fan acuerdo vale m\u00e1s que tu vida, as\u00ed que la primera gesti\u00f3n siempre pasa por saber en qu\u00e9 estado real qued\u00f3 la edificaci\u00f3n. En Colombia esa evaluaci\u00f3n la realizan los organismos de gesti\u00f3n del riesgo del municipio, con apoyo de bomberos, ingenieros y de la Unidad Nacional para la Gesti\u00f3n del Riesgo de Desastres. El resultado de esa inspecci\u00f3n es un documento oficial y ese documento se vuelve la base de todo lo que viene despu\u00e9s, porque define si el inmueble se puede ocupar, si necesita reparaciones antes de volver a usarse o si debe desocuparse de manera definitiva. <strong>Sin ese concepto t\u00e9cnico cualquier acuerdo que firmes queda construido sobre suposiciones.<\/strong><\/p>\n\n\n\n<h3 class=\"wp-block-heading\">El inmueble habitable<\/h3>\n\n\n\n<p>Es el escenario m\u00e1s favorable. La edificaci\u00f3n resisti\u00f3 el movimiento, presenta da\u00f1os menores como fisuras superficiales, ca\u00edda de enchapes o desprendimiento de pintura, y las autoridades autorizan su ocupaci\u00f3n. Aqu\u00ed el contrato de arrendamiento contin\u00faa vigente en los t\u00e9rminos pactados y tu obligaci\u00f3n de pagar el canon se mantiene intacta. Lo que s\u00ed cambia es que el arrendador debe atender las reparaciones que corresponden a la estructura y a las instalaciones del inmueble, mientras t\u00fa te ocupas de los arreglos menores propios del uso diario. <strong>Un inmueble habitable no significa un inmueble en perfecto estado, significa que puedes seguir en \u00e9l mientras se corrigen los da\u00f1os.<\/strong><\/p>\n\n\n\n<h3 class=\"wp-block-heading\">El inmueble con uso restringido<\/h3>\n\n\n\n<p>Sucede cuando la evaluaci\u00f3n permite el ingreso parcial o condiciona la permanencia a la ejecuci\u00f3n de obras. Algunas zonas quedan bloqueadas, ciertos servicios se suspenden o se ordena reforzar elementos estructurales antes de retomar la vida normal. En este caso el inmueble ya no te presta el servicio completo por el cual pagas, y esa diferencia abre la puerta a renegociar el valor del canon durante el periodo de las obras. La conversaci\u00f3n con tu arrendador debe girar alrededor de cu\u00e1nto tiempo tomar\u00e1n las reparaciones, qui\u00e9n asume los costos y qu\u00e9 pasa con el pago mientras tanto. <strong>Cuando el inmueble solo se puede usar a medias, el acuerdo econ\u00f3mico tambi\u00e9n deber\u00eda ajustarse a esa realidad.<\/strong><\/p>\n\n\n\n<h3 class=\"wp-block-heading\">El inmueble declarado no habitable<\/h3>\n\n\n\n<p>Es el escenario m\u00e1s duro y tambi\u00e9n el m\u00e1s claro en t\u00e9rminos jur\u00eddicos. Si la autoridad competente ordena la evacuaci\u00f3n definitiva o dispone la demolici\u00f3n de la estructura, el inmueble dej\u00f3 de cumplir el prop\u00f3sito para el cual fue arrendado. La ley colombiana contempla que el contrato de arrendamiento termina cuando la cosa arrendada se destruye, y una declaratoria oficial de inhabitabilidad respalda esa conclusi\u00f3n. Tu deber en ese punto consiste en dejar constancia escrita de la situaci\u00f3n y en solicitar la terminaci\u00f3n formal del contrato con el documento t\u00e9cnico como soporte. <strong>La declaratoria oficial es el respaldo m\u00e1s s\u00f3lido que puedes tener para dar por terminado el contrato sin sanciones.<\/strong><\/p>\n\n\n\n<h2 class=\"wp-block-heading\"><strong>C\u00f3mo documentar los da\u00f1os paso a paso<\/strong><\/h2>\n\n\n\n<figure class=\"wp-block-image size-full\"><img loading=\"lazy\" decoding=\"async\" width=\"1400\" height=\"850\" src=\"https:\/\/cdn-blog.arriendo.com\/co\/blog\/wp-content\/uploads\/2026\/09\/Que-pasa-con-el-contrato-de-arriendo-si-mi-casa-quedo-inhabitable.png\" alt=\"\" class=\"wp-image-25734\" srcset=\"https:\/\/cdn-blog.arriendo.com\/co\/blog\/wp-content\/uploads\/2026\/09\/Que-pasa-con-el-contrato-de-arriendo-si-mi-casa-quedo-inhabitable.png 1400w, https:\/\/cdn-blog.arriendo.com\/co\/blog\/wp-content\/uploads\/2026\/09\/Que-pasa-con-el-contrato-de-arriendo-si-mi-casa-quedo-inhabitable-500x304.png 500w, https:\/\/cdn-blog.arriendo.com\/co\/blog\/wp-content\/uploads\/2026\/09\/Que-pasa-con-el-contrato-de-arriendo-si-mi-casa-quedo-inhabitable-768x466.png 768w\" sizes=\"auto, (max-width: 1400px) 100vw, 1400px\" \/><\/figure>\n\n\n\n<p>La prueba lo es casi todo en este tipo de reclamaciones, y en medio de la emergencia es f\u00e1cil dejar pasar registros que despu\u00e9s resultan imposibles de recuperar. Te dejamos el orden que conviene seguir apenas puedas hacerlo con seguridad.<\/p>\n\n\n\n<ul class=\"wp-block-list\">\n<li>Toma fotograf\u00edas y video de cada espacio afectado, con planos generales y detalles de las grietas, los techos, los pisos y las instalaciones<\/li>\n\n\n\n<li>Registra la fecha de cada archivo y guarda copias en la nube, porque un celular perdido no deber\u00eda llevarse tu \u00fanica evidencia<\/li>\n\n\n\n<li>Haz un inventario escrito de los bienes da\u00f1ados, con su descripci\u00f3n y su valor aproximado<\/li>\n\n\n\n<li>Re\u00fane el contrato de arrendamiento, los recibos de pago y los comprobantes de servicios p\u00fablicos de los \u00faltimos meses<\/li>\n\n\n\n<li>Solicita el concepto t\u00e9cnico oficial de la autoridad municipal y cons\u00e9rvalo como documento central del caso<\/li>\n\n\n\n<li>Pide en la administraci\u00f3n una copia del reporte del siniestro y el n\u00famero de la p\u00f3liza si viv\u00edas en propiedad horizontal<\/li>\n\n\n\n<li>Notifica al arrendador por escrito y guarda la constancia de env\u00edo o el acuse de recibido<\/li>\n\n\n\n<li>Reporta el siniestro a tu aseguradora dentro del plazo previsto y conserva el n\u00famero de radicado<\/li>\n<\/ul>\n\n\n\n<p><strong>Un expediente completo vale m\u00e1s que cualquier argumento verbal<\/strong>, as\u00ed que arma esa carpeta antes de sentarte a negociar.<\/p>\n\n\n\n<h2 class=\"wp-block-heading\"><strong>Qu\u00e9 dice la ley colombiana cuando el inmueble sufre da\u00f1os<\/strong><\/h2>\n\n\n\n<p>El arrendamiento de vivienda urbana en Colombia se rige por la <strong>Ley 820 de 2003 y, en lo no previsto all\u00ed, por el C\u00f3digo Civil. <\/strong>Ninguna de esas normas menciona la palabra terremoto en cada uno de sus art\u00edculos, aunque ambas contienen principios que aplican de forma directa a una situaci\u00f3n como esta. Te explicamos los tres que m\u00e1s te sirven.<\/p>\n\n\n\n<h3 class=\"wp-block-heading\">La destrucci\u00f3n total del inmueble<\/h3>\n\n\n\n<p>El <a target=\"_blank\" rel=\"noreferrer noopener\" href=\"http:\/\/www.secretariasenado.gov.co\/senado\/basedoc\/codigo_civil_pr062.html\">art\u00edculo 2008 del C\u00f3digo Civil<\/a> establece que el arrendamiento de cosas expira, entre otros eventos, por la destrucci\u00f3n total de la cosa arrendada. La l\u00f3gica es sencilla, si el objeto del contrato desapareci\u00f3, la obligaci\u00f3n de pagar por su uso desaparece con \u00e9l. Abogados civilistas consultados por medios nacionales tras el sismo, entre ellos el consultorio jur\u00eddico de la Universidad El Bosque, sostienen que ese criterio no se limita al colapso de la edificaci\u00f3n, ya que tambi\u00e9n cubrir\u00eda los casos en que la vivienda sigue en pie con grietas o fisuras que impiden ocuparla con seguridad, y que la terminaci\u00f3n procede aunque el contrato no tenga una cl\u00e1usula expresa sobre desastres naturales. Se trata de una interpretaci\u00f3n doctrinal y no del texto literal de la norma, de modo que cada caso concreto puede requerir valoraci\u00f3n profesional. <strong>Ninguna cl\u00e1usula del contrato puede obligarte a pagar por un inmueble que ya no existe.<\/strong><\/p>\n\n\n\n<h3 class=\"wp-block-heading\">Los da\u00f1os parciales que impiden el uso normal<\/h3>\n\n\n\n<p>Cuando la vivienda sigue en pie pero perdi\u00f3 condiciones esenciales, el arrendatario tiene derecho a pedir la terminaci\u00f3n del contrato o la reducci\u00f3n del precio. Hablamos de situaciones reales y verificables como redes el\u00e9ctricas comprometidas, tuber\u00edas rotas, muros con fisuras estructurales o ausencia prolongada de agua y energ\u00eda por da\u00f1os en la edificaci\u00f3n. Lo determinante no es la apariencia del da\u00f1o sino su efecto sobre tu posibilidad de vivir all\u00ed con normalidad. <strong>Un inmueble que no te presta el servicio pactado justifica una revisi\u00f3n del acuerdo.<\/strong><\/p>\n\n\n\n<h3 class=\"wp-block-heading\">Qui\u00e9n responde por las reparaciones<\/h3>\n\n\n\n<p>El art\u00edculo 1985 del C\u00f3digo Civil reparte las cargas de forma bastante clara. Las reparaciones necesarias, es decir las que afectan la estructura, la seguridad y la funcionalidad del inmueble, corren por cuenta del arrendador, mientras las locativas, aquellas menores que se derivan del uso cotidiano, corresponden al arrendatario. La norma a\u00f1ade algo que te conviene tener presente, y es que el arrendador queda obligado incluso a las reparaciones locativas cuando el deterioro provino de fuerza mayor o caso fortuito. Un terremoto encaja de lleno en esa excepci\u00f3n, as\u00ed que la carga se traslada al propietario tanto en los da\u00f1os grandes como en los peque\u00f1os que dej\u00f3 el movimiento. <strong>Los da\u00f1os causados por el terremoto son responsabilidad del propietario del inmueble, sin importar su tama\u00f1o.<\/strong><\/p>\n\n\n\n<p>Existe adem\u00e1s una regla \u00fatil cuando el arrendador se demora. El art\u00edculo 1993 del mismo c\u00f3digo permite que el arrendatario reciba el reembolso de las reparaciones indispensables no locativas que haya asumido, siempre que haya avisado al propietario lo m\u00e1s pronto posible para que las hiciera por su cuenta. Sin ese aviso previo el reembolso se complica, de modo que la notificaci\u00f3n escrita vuelve a ser tu mejor herramienta. <strong>Avisa primero y repara despu\u00e9s, ese orden es el que protege tu dinero.<\/strong><\/p>\n\n\n\n<h3 class=\"wp-block-heading\">La fuerza mayor y sus efectos reales<\/h3>\n\n\n\n<p>Un terremoto encaja en la definici\u00f3n legal de fuerza mayor porque se trata de un hecho imprevisto e imposible de resistir. Ese car\u00e1cter tiene una consecuencia importante y tambi\u00e9n un l\u00edmite que conviene entender. La consecuencia es que ninguna de las dos partes puede ser sancionada por los da\u00f1os que el evento produjo, ya que ninguna los caus\u00f3. El l\u00edmite es que la fuerza mayor no borra de manera autom\u00e1tica todas las obligaciones del contrato, as\u00ed que sigue haciendo falta un acuerdo entre las partes o una decisi\u00f3n judicial que defina la terminaci\u00f3n y sus efectos. <strong>La fuerza mayor te protege de sanciones, aunque no reemplaza el acuerdo escrito entre las partes.<\/strong><\/p>\n\n\n\n<h2 class=\"wp-block-heading\"><strong>El canon de arrendamiento mientras el inmueble no se puede habitar<\/strong><\/h2>\n\n\n\n<p>Esta es la duda que m\u00e1s se repite y merece una respuesta honesta. La ley no contiene una<strong> f\u00f3rmula autom\u00e1tica que suspenda el pago del arriendo al d\u00eda siguiente<\/strong> de un sismo, de modo que la salida pasa por el di\u00e1logo documentado y, cuando no hay acuerdo, por la v\u00eda judicial. Te contamos las tres opciones que se manejan en la pr\u00e1ctica.<\/p>\n\n\n\n<h3 class=\"wp-block-heading\">La suspensi\u00f3n temporal del pago<\/h3>\n\n\n\n<p>Aplica cuando el inmueble qued\u00f3 inhabitable y las reparaciones tomar\u00e1n semanas o meses. La idea es que el pago se detenga mientras dure la imposibilidad de ocupar la vivienda y se reanude cuando el inmueble vuelva a estar disponible. Conviene tener claro que la ley no consagra esta suspensi\u00f3n de forma expresa, ya que se apoya en la obligaci\u00f3n del arrendador de garantizar el goce del inmueble, de modo que su validez depende del acuerdo entre las partes o de una decisi\u00f3n judicial. Este acuerdo necesita quedar por escrito con fechas concretas, porque una suspensi\u00f3n pactada de palabra se convierte en una deuda reclamada meses despu\u00e9s. <strong>Toda suspensi\u00f3n de pago debe quedar firmada por las dos partes con fecha de inicio y de reanudaci\u00f3n.<\/strong><\/p>\n\n\n\n<h3 class=\"wp-block-heading\">La rebaja proporcional del canon<\/h3>\n\n\n\n<p>Funciona mejor en los casos de uso restringido, cuando puedes seguir en el inmueble aunque con limitaciones evidentes. La l\u00f3gica consiste en ajustar el valor mensual al servicio que realmente est\u00e1s recibiendo, y ese porcentaje se negocia con base en el \u00e1rea afectada, en los servicios suspendidos y en la duraci\u00f3n estimada de las obras. Muchos arrendadores prefieren esta salida antes que perder un buen arrendatario. <strong>Una rebaja temporal suele convenir m\u00e1s a las dos partes que una terminaci\u00f3n anticipada.<\/strong><\/p>\n\n\n\n<h3 class=\"wp-block-heading\">El acuerdo escrito que protege a ambas partes<\/h3>\n\n\n\n<p>Cualquiera que sea la decisi\u00f3n, el documento que la respalda se llama otros\u00ed y modifica el contrato original sin necesidad de firmar uno nuevo. Debe incluir la identificaci\u00f3n de las partes, la referencia al contrato inicial, la descripci\u00f3n de la situaci\u00f3n, lo que se acuerda, las fechas y las firmas. Guarda una copia f\u00edsica y otra digital, junto con las fotograf\u00edas del estado del inmueble y con los mensajes que intercambiaste. <strong>El otros\u00ed permite dejar por escrito las modificaciones acordadas y sirve como respaldo de lo pactado entre las partes.<\/strong><\/p>\n\n\n\n<h2 class=\"wp-block-heading\"><strong>C\u00f3mo terminar el contrato sin quedar en desventaja<\/strong><\/h2>\n\n\n\n<p>Cuando el regreso al inmueble deja de ser viable, la terminaci\u00f3n ordenada <strong>evita reclamaciones futuras. <\/strong>Estos tres pasos te dan tranquilidad.<\/p>\n\n\n\n<h3 class=\"wp-block-heading\">La terminaci\u00f3n por mutuo acuerdo<\/h3>\n\n\n\n<p>Es la v\u00eda m\u00e1s r\u00e1pida y la que menos desgaste genera. Ambas partes firman un documento donde manifiestan que el contrato termina por causa del sismo, se\u00f1alan la fecha exacta y declaran que se encuentran a paz y salvo. En un contexto de emergencia la mayor\u00eda de arrendadores acepta esta salida sin exigir la indemnizaci\u00f3n de tres meses que la ley prev\u00e9 para las terminaciones unilaterales ordinarias. <strong>Deja siempre por escrito que la causa de la terminaci\u00f3n fue el evento s\u00edsmico.<\/strong><\/p>\n\n\n\n<h3 class=\"wp-block-heading\">La terminaci\u00f3n cuando el arrendador no cumple<\/h3>\n\n\n\n<p>Existe una ruta que muchos arrendatarios desconocen y que aplica cuando el propietario se niega a reparar o desaparece de la conversaci\u00f3n. El art\u00edculo 24 de la Ley 820 de 2003 enumera las causales que permiten al arrendatario pedir unilateralmente la terminaci\u00f3n del contrato, y entre ellas est\u00e1 el desconocimiento por parte del arrendador de los derechos que la ley o el contrato te reconocen. Como la obligaci\u00f3n de hacer las reparaciones necesarias est\u00e1 en cabeza suya, su negativa sostenida encaja en esa causal. Ese mismo art\u00edculo contempla adem\u00e1s que, si los servicios p\u00fablicos quedan suspendidos por mora del arrendador en pagos a su cargo, puedes asumir el costo del restablecimiento y descontarlo de lo que te corresponde pagar. <strong>Cuando el propietario incumple, la ley te da una salida sin indemnizaci\u00f3n de por medio.<\/strong><\/p>\n\n\n\n<h3 class=\"wp-block-heading\">El acta de entrega del inmueble<\/h3>\n\n\n\n<p>Documenta con fotograf\u00edas y video el estado en que devuelves la vivienda, con especial atenci\u00f3n a los da\u00f1os que dej\u00f3 el sismo. Ese registro protege tu bolsillo, porque impide que se te atribuyan despu\u00e9s deterioros que no provocaste. Si el inmueble qued\u00f3 bajo restricci\u00f3n de ingreso, ind\u00edcalo en el acta y anexa el concepto t\u00e9cnico de la autoridad. <strong>El acta de entrega es tu prueba de que devolviste el inmueble en las condiciones que dej\u00f3 el terremoto.<\/strong><\/p>\n\n\n\n<h3 class=\"wp-block-heading\">La devoluci\u00f3n de garant\u00edas y saldos<\/h3>\n\n\n\n<p>Revisa qu\u00e9 pagos hiciste por anticipado y qu\u00e9 garant\u00edas entregaste. Si cancelaste el mes completo y desocupaste a mitad de periodo por orden de las autoridades, tienes argumentos para solicitar la devoluci\u00f3n proporcional. Recuerda adem\u00e1s que el art\u00edculo 16 de la Ley 820 de 2003 proh\u00edbe exigir dep\u00f3sitos en dinero efectivo u otras cauciones reales en los contratos de vivienda urbana, de modo que cualquier suma entregada bajo esa figura debe regresar a tus manos. La \u00fanica garant\u00eda que la ley permite se relaciona con el pago de los servicios p\u00fablicos y tiene un tope equivalente a dos periodos de facturaci\u00f3n. <strong>Solicita por escrito la liquidaci\u00f3n final del contrato y conserva el comprobante de esa solicitud.<\/strong><\/p>\n\n\n\n<h2 class=\"wp-block-heading\"><strong>Los seguros que pueden responder por los da\u00f1os<\/strong><\/h2>\n\n\n\n<p>Muchas familias descubren tarde que exist\u00eda una p\u00f3liza capaz de cubrir parte de la p\u00e9rdida. <strong>Vale la pena revisar estas tres.<\/strong><\/p>\n\n\n\n<h3 class=\"wp-block-heading\">El seguro de la copropiedad<\/h3>\n\n\n\n<p>El <a target=\"_blank\" rel=\"noreferrer noopener\" href=\"https:\/\/sic.gov.co\/sites\/default\/files\/normatividad\/Ley_675_2001.pdf\">art\u00edculo 15 de la Ley 675 de 2001<\/a> dispone en su par\u00e1grafo primero que es obligatoria la constituci\u00f3n de p\u00f3lizas que cubran contra los riesgos de incendio y terremoto los bienes comunes susceptibles de ser asegurados. Si viv\u00edas en una unidad cerrada, la administraci\u00f3n debe activar esa p\u00f3liza para la reparaci\u00f3n de cimientos, muros estructurales, cubiertas, fachadas y zonas comunes. Pregunta en la administraci\u00f3n por el n\u00famero de la p\u00f3liza y por el estado de la reclamaci\u00f3n. <strong>El seguro de zonas comunes cubre la estructura del edificio, no el interior de cada apartamento.<\/strong><\/p>\n\n\n\n<p>Hay un plazo que conviene no dejar pasar. El art\u00edculo 1075 del C\u00f3digo de Comercio exige dar aviso del siniestro a la aseguradora dentro de los tres d\u00edas siguientes a la fecha en que se conoci\u00f3 el hecho. Si ese t\u00e9rmino ya venci\u00f3 en tu caso, la reclamaci\u00f3n no queda autom\u00e1ticamente perdida, aunque s\u00ed se vuelve m\u00e1s dif\u00edcil, as\u00ed que vale la pena consultarlo con un profesional. <strong>Reportar temprano el siniestro es lo que mantiene viva la reclamaci\u00f3n.<\/strong><\/p>\n\n\n\n<h3 class=\"wp-block-heading\">El seguro de hogar y de contenidos<\/h3>\n\n\n\n<p>Es la p\u00f3liza voluntaria que ampara tus muebles, electrodom\u00e9sticos y objetos personales. Algunos arrendatarios la contratan por su cuenta y otros la reciben incluida en paquetes bancarios sin saberlo. Revisa tus productos financieros porque m\u00e1s de una familia ha encontrado all\u00ed una cobertura activa. <strong>Reporta el siniestro cuanto antes, ya que las p\u00f3lizas manejan plazos de aviso.<\/strong><\/p>\n\n\n\n<h3 class=\"wp-block-heading\">La p\u00f3liza de arrendamiento<\/h3>\n\n\n\n<p>Esta garant\u00eda protege al arrendador frente al no pago del canon y no cubre los da\u00f1os que sufre el arrendatario. Conviene tenerlo claro para evitar expectativas equivocadas durante la negociaci\u00f3n. Aun as\u00ed, su existencia influye en la conversaci\u00f3n, porque el arrendador cuenta con un respaldo que le permite ser m\u00e1s flexible contigo. <strong>Conocer el alcance real de cada p\u00f3liza evita discusiones innecesarias.<\/strong><\/p>\n\n\n\n<h2 class=\"wp-block-heading\"><strong>Las ayudas oficiales a las que puedes acudir<\/strong><\/h2>\n\n\n\n<p>El pa\u00eds activ\u00f3 mecanismos de atenci\u00f3n para las familias damnificadas y muchos de ellos tienen relaci\u00f3n directa con la vivienda. Estas son las<strong> rutas principales.<\/strong><\/p>\n\n\n\n<h3 class=\"wp-block-heading\">El registro de damnificados<\/h3>\n\n\n\n<p>El instrumento oficial se llama <a target=\"_blank\" rel=\"noreferrer noopener\" href=\"https:\/\/snigrd.gestiondelriesgo.gov.co\/\">Registro \u00danico de Damnificados<\/a> y lo alimentan las alcald\u00edas junto con los organismos de socorro que visitan las viviendas afectadas. La inscripci\u00f3n no se hace por internet ni de manera aut\u00f3noma, se realiza en territorio o en los puntos de atenci\u00f3n habilitados por tu municipio, y el tr\u00e1mite es gratuito. La misma UNGRD advierte que figurar en el registro no significa la asignaci\u00f3n autom\u00e1tica de recursos, ya que la informaci\u00f3n pasa por verificaci\u00f3n antes de la entrega de cualquier ayuda. <strong>E<\/strong><strong>s un paso fundamental para la identificaci\u00f3n de los hogares afectados y, en el caso de las ayudas que exigen esta inscripci\u00f3n, es uno de los requisitos para acceder a ellas.<\/strong><\/p>\n\n\n\n<p>Una advertencia que vale la pena repetir. Ning\u00fan funcionario cobra por inscribirte ni por acelerar tu caso, de manera que cualquier persona que te pida dinero a cambio del registro est\u00e1 intentando estafarte. <strong>Todo el proceso de registro como damnificado es gratuito.<\/strong><\/p>\n\n\n\n<h3 class=\"wp-block-heading\">El apoyo de arrendamiento temporal<\/h3>\n\n\n\n<p>El Gobierno Nacional anunci\u00f3 <strong>en agosto de 2026<\/strong> un subsidio de arrendamiento temporal para los hogares damnificados por el sismo, con un valor mensual cercano a los 875.452 pesos durante tres meses, y una condici\u00f3n especial para Buenaventura con un monto mensual de 1.050.000 pesos. La UNGRD destin\u00f3 alrededor de 100.000 millones de pesos a este programa y el giro llega al jefe de hogar, no al propietario del inmueble, a trav\u00e9s de entidades bancarias o de redes de giros. Verifica siempre las cifras y los plazos vigentes en los <a target=\"_blank\" rel=\"noreferrer noopener\" href=\"https:\/\/portal.gestiondelriesgo.gov.co\/\">canales oficiales<\/a>, porque estas condiciones se han venido ajustando conforme avanza la caracterizaci\u00f3n en cada municipio. <strong>El subsidio de arrendamiento temporal existe justamente para familias que perdieron su vivienda.<\/strong><\/p>\n\n\n\n<p>La ruta pasa por dos filtros. Primero la inscripci\u00f3n en el Registro \u00danico de Damnificados y despu\u00e9s la evaluaci\u00f3n t\u00e9cnica de tu vivienda, que la UNGRD unific\u00f3 mediante una circular expedida el 20 de agosto de 2026 para que todos los municipios apliquen la misma metodolog\u00eda. Ese concepto define si la edificaci\u00f3n se puede seguir ocupando o si el hogar necesita un traslado temporal. <strong>La evaluaci\u00f3n t\u00e9cnica de tu vivienda es la que abre o cierra la puerta del subsidio.<\/strong><\/p>\n\n\n\n<h3 class=\"wp-block-heading\">La orientaci\u00f3n jur\u00eddica gratuita<\/h3>\n\n\n\n<p>Si tu arrendador se niega a llegar a un acuerdo razonable, no necesitas pagar un abogado particular para dar el siguiente paso. Las personer\u00edas municipales, la Defensor\u00eda del Pueblo y los consultorios jur\u00eddicos de las universidades ofrecen asesor\u00eda sin costo. Tambi\u00e9n existen jornadas de atenci\u00f3n especiales habilitadas tras la declaratoria de desastre. <strong>Buscar orientaci\u00f3n profesional gratuita es un derecho y conviene ejercerlo temprano.<\/strong><\/p>\n\n\n\n<h2 class=\"wp-block-heading\"><strong>Si eres propietario o arrendador<\/strong><\/h2>\n\n\n\n<p>La emergencia tambi\u00e9n golpe\u00f3 a quienes viven de la renta de sus inmuebles, y ese lado de la historia merece atenci\u00f3n. Te dejamos<strong> tres recomendaciones pr\u00e1cticas.<\/strong><\/p>\n\n\n\n<h3 class=\"wp-block-heading\">Atiende las reparaciones estructurales<\/h3>\n\n\n\n<p>La obligaci\u00f3n de mantener el inmueble en condiciones de servir al uso pactado recae sobre ti, y cumplirla protege tanto a tu arrendatario como al valor de tu patrimonio. Solicita una evaluaci\u00f3n t\u00e9cnica profesional antes de autorizar cualquier ocupaci\u00f3n. <strong>Una reparaci\u00f3n bien hecha hoy previene una responsabilidad mucho mayor despu\u00e9s.<\/strong><\/p>\n\n\n\n<h3 class=\"wp-block-heading\">Comun\u00edcate por escrito con tu arrendatario<\/h3>\n\n\n\n<p>Un mensaje claro que informe el estado del inmueble, los plazos estimados de reparaci\u00f3n y la propuesta sobre el canon evita malentendidos y demuestra buena fe. La mayor\u00eda de conflictos surgen del silencio y no del desacuerdo. <strong>La comunicaci\u00f3n documentada es tu mejor herramienta de defensa en cualquier reclamaci\u00f3n.<\/strong><\/p>\n\n\n\n<h3 class=\"wp-block-heading\">Actualiza tus publicaciones<\/h3>\n\n\n\n<p>Si ten\u00edas inmuebles publicados que resultaron afectados, ret\u00edralos o modif\u00edcalos mientras se realizan las reparaciones. Publicar una vivienda que no est\u00e1 en condiciones de entrega genera visitas fallidas y afecta tu reputaci\u00f3n como arrendador. <strong>Una vitrina actualizada refleja seriedad y atrae interesados reales.<\/strong><\/p>\n\n\n\n<h2 class=\"wp-block-heading\"><strong>Preguntas frecuentes sobre el contrato de arriendo tras el sismo<\/strong><\/h2>\n\n\n<div class=\"lightweight-accordion\"><details><summary class=\"lightweight-accordion-title\"><span>\u00bfPuedo dejar de pagar el arriendo por mi cuenta?<\/span><\/summary><div class=\"lightweight-accordion-body\">\n\n<p>No conviene hacerlo sin respaldo. Aunque tengas la raz\u00f3n en el fondo, un incumplimiento unilateral puede terminar en un proceso de restituci\u00f3n del inmueble o en un reporte negativo. Notifica por escrito la situaci\u00f3n, adjunta el concepto t\u00e9cnico y prop\u00f3n una soluci\u00f3n concreta. <strong>Una comunicaci\u00f3n formal te protege mucho m\u00e1s que el silencio.<\/strong><\/p>\n\n<\/div><\/details><\/div>\n\n<div class=\"lightweight-accordion\"><details><summary class=\"lightweight-accordion-title\"><span>\u00bfMe pueden reportar a centrales de riesgo?<\/span><\/summary><div class=\"lightweight-accordion-body\">\n\n<p>El reporte procede cuando existe una obligaci\u00f3n incumplida y una autorizaci\u00f3n previa de tu parte. Si documentaste la imposibilidad de habitar el inmueble y notificaste al arrendador, cuentas con argumentos s\u00f3lidos para oponerte a ese reporte ante la entidad correspondiente. <strong>Guarda todas las pruebas de tus notificaciones desde el primer d\u00eda.<\/strong><\/p>\n\n<\/div><\/details><\/div>\n\n<div class=\"lightweight-accordion\"><details><summary class=\"lightweight-accordion-title\"><span>\u00bfQu\u00e9 pasa si mi contrato era verbal?<\/span><\/summary><div class=\"lightweight-accordion-body\">\n\n<p>Sigue siendo v\u00e1lido, porque la ley colombiana reconoce el arrendamiento verbal de vivienda urbana. Lo que cambia es la dificultad probatoria, as\u00ed que re\u00fane recibos de pago, transferencias, mensajes y testimonios que acrediten la relaci\u00f3n contractual. <strong>Un contrato verbal tambi\u00e9n te da derechos, solo exige m\u00e1s trabajo de prueba.<\/strong><\/p>\n\n<\/div><\/details><\/div>\n\n<div class=\"lightweight-accordion\"><details><summary class=\"lightweight-accordion-title\"><span>\u00bfPuedo recibir familiares o subarrendar un espacio mientras se resuelve todo?<\/span><\/summary><div class=\"lightweight-accordion-body\">\n\n<p>Recibir a tu familia en la vivienda es una cosa y subarrendar es otra muy distinta. El art\u00edculo 17 de la Ley 820 de 2003 establece que el arrendatario no puede ceder el arriendo ni subarrendar sin autorizaci\u00f3n expresa del arrendador, y el art\u00edculo 22 convierte el subarriendo no autorizado en causal de terminaci\u00f3n a favor del propietario. Si necesitas alojar a alguien de forma prolongada o compartir gastos, habla primero con el arrendador y deja esa autorizaci\u00f3n por escrito. <strong>La autorizaci\u00f3n expresa es lo que separa una soluci\u00f3n temporal de un incumplimiento contractual.<\/strong><\/p>\n\n<\/div><\/details><\/div>\n\n<div class=\"lightweight-accordion\"><details><summary class=\"lightweight-accordion-title\"><span>\u00bfMe pueden subir el arriendo en plena emergencia?<\/span><\/summary><div class=\"lightweight-accordion-body\">\n\n<p>El reajuste del canon sigue las reglas de siempre, sin importar el contexto. Solo procede una vez al a\u00f1o, en la fecha de aniversario del contrato, con un tope equivalente al incremento del \u00edndice de precios al consumidor del a\u00f1o anterior, y el arrendador debe informarte el monto y la fecha de aplicaci\u00f3n por un medio con constancia. Un aumento por fuera de esas condiciones no te obliga. <strong>La emergencia no habilita incrementos extraordinarios del canon.<\/strong><\/p>\n\n<\/div><\/details><\/div>\n\n<div class=\"lightweight-accordion\"><details><summary class=\"lightweight-accordion-title\"><span>\u00bfHasta cu\u00e1ndo puedo reclamar?<\/span><\/summary><div class=\"lightweight-accordion-body\">\n\n<p>Las acciones derivadas del contrato tienen t\u00e9rminos de prescripci\u00f3n que var\u00edan seg\u00fan el tipo de reclamaci\u00f3n,\u00a0<strong>mientras que, en materia de seguros, el C\u00f3digo de Comercio establece un plazo de tres d\u00edas para dar aviso del siniestro<\/strong>.\u00a0Act\u00faa lo antes posible y consulta con un profesional si tu caso lleva tiempo sin resolverse. Cuanto antes inicies la gesti\u00f3n, m\u00e1s opciones tendr\u00e1s disponibles.<\/p>\n\n<\/div><\/details><\/div>\n\n\n<h3 class=\"wp-block-heading\"><strong>Un paso a la vez<\/strong><\/h3>\n\n\n\n<p>Reconstruir la vida despu\u00e9s de un terremoto toma tiempo y ninguna gu\u00eda puede acelerar ese proceso. Lo que s\u00ed puede hacer es quitarte una preocupaci\u00f3n del camino, porque saber c\u00f3mo funciona tu contrato te devuelve algo de control en medio del desorden. Documenta todo, comun\u00edcate por escrito, busca el concepto t\u00e9cnico oficial y ac\u00e9rcate a las entidades que ofrecen orientaci\u00f3n sin costo. <strong>Tus derechos como arrendatario no se cayeron con el edificio.<\/strong><\/p>\n\n\n\n<p>Cuando llegue el momento de buscar un nuevo hogar, aqu\u00ed vas a encontrar la oferta de propietarios, agentes e inmobiliarias de todo el pa\u00eds reunida en un solo lugar. <strong>En <\/strong><a target=\"_blank\" rel=\"noreferrer noopener\" href=\"http:\/\/Arriendo.com\"><strong>Arriendo.com<\/strong><\/a><strong> te acompa\u00f1amos en el paso siguiente, cuando est\u00e9s listo para darlo.<\/strong><\/p>\n\n\n\n<h2 class=\"wp-block-heading\"><strong>Nota sobre este contenido<\/strong><\/h2>\n\n\n\n<p>Las referencias normativas de este art\u00edculo corresponden al C\u00f3digo Civil colombiano, a la Ley 820 de 2003, a la Ley 675 de 2001 y al C\u00f3digo de Comercio. Las cifras del subsidio de arrendamiento temporal corresponden a los anuncios oficiales de agosto de 2026 y pueden variar, as\u00ed que convien<strong>e confirmarlas en los canales de la UNGRD y de tu alcald\u00eda. <\/strong>Las interpretaciones sobre da\u00f1os parciales y suspensi\u00f3n del canon provienen de conceptos de abogados civilistas divulgados en medios nacionales y no del texto literal de las normas. Este contenido tiene <strong>fines informativos y no sustituye la asesor\u00eda jur\u00eddica de un profesional<\/strong> sobre tu caso.<\/p>\n","protected":false},"excerpt":{"rendered":"<p>El sismo de magnitud 7,4 del 10 de agosto de 2026 cambi\u00f3 la vida de miles de familias en Colombia. Viviendas destruidas, edificios con da\u00f1os estructurales, barrios enteros evacuados y una declaratoria de desastre nacional dejaron a muchas personas con [&hellip;]<\/p>\n","protected":false},"author":26,"featured_media":25733,"comment_status":"open","ping_status":"closed","sticky":false,"template":"","format":"standard","meta":{"_acf_changed":false,"footnotes":""},"categories":[118],"tags":[],"class_list":["post-25732","post","type-post","status-publish","format-standard","has-post-thumbnail","hentry","category-arriendo"],"acf":[],"nelio_content":{"isAutoShareEnabled":true,"autoShareEndMode":"never","automationSources":{"useCustomSentences":false,"customSentences":[]},"followers":[26],"suggestedReferences":[],"efiUrl":"","efiAlt":"","highlights":[],"permalinkQueryArgs":[],"series":[]},"yoast_head":"<!-- This site is optimized with the Yoast SEO plugin v25.4 - https:\/\/yoast.com\/wordpress\/plugins\/seo\/ -->\n<title>Qu\u00e9 pasa con el contrato de arriendo si fui afectado por el terremoto 2026<\/title>\n<meta name=\"description\" content=\"El sismo de magnitud 7,4 del 10 de agosto de 2026 cambi\u00f3 la vida de miles de familias en Colombia. Viviendas destruidas, edificios con da\u00f1os\" \/>\n<meta name=\"robots\" content=\"index, follow, max-snippet:-1, max-image-preview:large, max-video-preview:-1\" \/>\n<link rel=\"canonical\" href=\"https:\/\/arriendo.com\/co\/blog\/arriendo\/que-pasa-con-el-contrato-de-arriendo-si-fui-afectado-por-el-terremoto\/\" \/>\n<meta property=\"og:locale\" content=\"es_ES\" \/>\n<meta property=\"og:type\" content=\"article\" \/>\n<meta property=\"og:title\" content=\"Qu\u00e9 pasa con el contrato de arriendo si fui afectado por el terremoto 2026\" \/>\n<meta property=\"og:description\" content=\"El sismo de magnitud 7,4 del 10 de agosto de 2026 cambi\u00f3 la vida de miles de familias en Colombia. Viviendas destruidas, edificios con da\u00f1os\" \/>\n<meta property=\"og:url\" content=\"https:\/\/arriendo.com\/co\/blog\/arriendo\/que-pasa-con-el-contrato-de-arriendo-si-fui-afectado-por-el-terremoto\/\" \/>\n<meta property=\"og:site_name\" content=\"Blog Arriendo.com\" \/>\n<meta property=\"article:publisher\" content=\"https:\/\/www.facebook.com\/arriendocom\" \/>\n<meta property=\"article:published_time\" content=\"2026-09-02T22:35:56+00:00\" \/>\n<meta property=\"article:modified_time\" content=\"2026-09-02T22:36:00+00:00\" \/>\n<meta property=\"og:image\" content=\"https:\/\/cdn-blog.arriendo.com\/co\/blog\/wp-content\/uploads\/2026\/09\/Que-pasa-con-el-contrato-de-arriendo-si-fui-afectado-por-el-terremoto.png\" \/>\n\t<meta property=\"og:image:width\" content=\"1400\" \/>\n\t<meta property=\"og:image:height\" content=\"850\" \/>\n\t<meta property=\"og:image:type\" content=\"image\/png\" \/>\n<meta name=\"author\" content=\"Angie Garz\u00f3n\" \/>\n<meta name=\"twitter:card\" content=\"summary_large_image\" \/>\n<meta name=\"twitter:label1\" content=\"Escrito por\" \/>\n\t<meta name=\"twitter:data1\" content=\"Angie Garz\u00f3n\" \/>\n\t<meta name=\"twitter:label2\" content=\"Tiempo de lectura\" \/>\n\t<meta name=\"twitter:data2\" content=\"22 minutos\" \/>\n<script type=\"application\/ld+json\" class=\"yoast-schema-graph\">{\"@context\":\"https:\/\/schema.org\",\"@graph\":[{\"@type\":[\"Article\",\"BlogPosting\"],\"@id\":\"https:\/\/arriendo.com\/co\/blog\/arriendo\/que-pasa-con-el-contrato-de-arriendo-si-fui-afectado-por-el-terremoto\/#article\",\"isPartOf\":{\"@id\":\"https:\/\/arriendo.com\/co\/blog\/arriendo\/que-pasa-con-el-contrato-de-arriendo-si-fui-afectado-por-el-terremoto\/\"},\"author\":{\"name\":\"Angie Garz\u00f3n\",\"@id\":\"https:\/\/arriendo.com\/co\/blog\/#\/schema\/person\/af545b6f54ddf8086e02d3aa49da36bf\"},\"headline\":\"Qu\u00e9 pasa con el contrato de arriendo si fui afectado por el terremoto\",\"datePublished\":\"2026-09-02T22:35:56+00:00\",\"dateModified\":\"2026-09-02T22:36:00+00:00\",\"mainEntityOfPage\":{\"@id\":\"https:\/\/arriendo.com\/co\/blog\/arriendo\/que-pasa-con-el-contrato-de-arriendo-si-fui-afectado-por-el-terremoto\/\"},\"wordCount\":4385,\"commentCount\":0,\"publisher\":{\"@id\":\"https:\/\/arriendo.com\/co\/blog\/#organization\"},\"image\":{\"@id\":\"https:\/\/arriendo.com\/co\/blog\/arriendo\/que-pasa-con-el-contrato-de-arriendo-si-fui-afectado-por-el-terremoto\/#primaryimage\"},\"thumbnailUrl\":\"https:\/\/cdn-blog.arriendo.com\/co\/blog\/wp-content\/uploads\/2026\/09\/Que-pasa-con-el-contrato-de-arriendo-si-fui-afectado-por-el-terremoto.png\",\"articleSection\":[\"Arriendo\"],\"inLanguage\":\"es\",\"potentialAction\":[{\"@type\":\"CommentAction\",\"name\":\"Comment\",\"target\":[\"https:\/\/arriendo.com\/co\/blog\/arriendo\/que-pasa-con-el-contrato-de-arriendo-si-fui-afectado-por-el-terremoto\/#respond\"]}]},{\"@type\":\"WebPage\",\"@id\":\"https:\/\/arriendo.com\/co\/blog\/arriendo\/que-pasa-con-el-contrato-de-arriendo-si-fui-afectado-por-el-terremoto\/\",\"url\":\"https:\/\/arriendo.com\/co\/blog\/arriendo\/que-pasa-con-el-contrato-de-arriendo-si-fui-afectado-por-el-terremoto\/\",\"name\":\"Qu\u00e9 pasa con el contrato de arriendo si fui afectado por el terremoto 2026\",\"isPartOf\":{\"@id\":\"https:\/\/arriendo.com\/co\/blog\/#website\"},\"primaryImageOfPage\":{\"@id\":\"https:\/\/arriendo.com\/co\/blog\/arriendo\/que-pasa-con-el-contrato-de-arriendo-si-fui-afectado-por-el-terremoto\/#primaryimage\"},\"image\":{\"@id\":\"https:\/\/arriendo.com\/co\/blog\/arriendo\/que-pasa-con-el-contrato-de-arriendo-si-fui-afectado-por-el-terremoto\/#primaryimage\"},\"thumbnailUrl\":\"https:\/\/cdn-blog.arriendo.com\/co\/blog\/wp-content\/uploads\/2026\/09\/Que-pasa-con-el-contrato-de-arriendo-si-fui-afectado-por-el-terremoto.png\",\"datePublished\":\"2026-09-02T22:35:56+00:00\",\"dateModified\":\"2026-09-02T22:36:00+00:00\",\"description\":\"El sismo de magnitud 7,4 del 10 de agosto de 2026 cambi\u00f3 la vida de miles de familias en Colombia. Viviendas destruidas, edificios con da\u00f1os\",\"breadcrumb\":{\"@id\":\"https:\/\/arriendo.com\/co\/blog\/arriendo\/que-pasa-con-el-contrato-de-arriendo-si-fui-afectado-por-el-terremoto\/#breadcrumb\"},\"inLanguage\":\"es\",\"potentialAction\":[{\"@type\":\"ReadAction\",\"target\":[\"https:\/\/arriendo.com\/co\/blog\/arriendo\/que-pasa-con-el-contrato-de-arriendo-si-fui-afectado-por-el-terremoto\/\"]}]},{\"@type\":\"ImageObject\",\"inLanguage\":\"es\",\"@id\":\"https:\/\/arriendo.com\/co\/blog\/arriendo\/que-pasa-con-el-contrato-de-arriendo-si-fui-afectado-por-el-terremoto\/#primaryimage\",\"url\":\"https:\/\/cdn-blog.arriendo.com\/co\/blog\/wp-content\/uploads\/2026\/09\/Que-pasa-con-el-contrato-de-arriendo-si-fui-afectado-por-el-terremoto.png\",\"contentUrl\":\"https:\/\/cdn-blog.arriendo.com\/co\/blog\/wp-content\/uploads\/2026\/09\/Que-pasa-con-el-contrato-de-arriendo-si-fui-afectado-por-el-terremoto.png\",\"width\":1400,\"height\":850,\"caption\":\"Qu\u00e9 pasa con el contrato de arriendo si fui afectado por el terremoto\"},{\"@type\":\"BreadcrumbList\",\"@id\":\"https:\/\/arriendo.com\/co\/blog\/arriendo\/que-pasa-con-el-contrato-de-arriendo-si-fui-afectado-por-el-terremoto\/#breadcrumb\",\"itemListElement\":[{\"@type\":\"ListItem\",\"position\":1,\"name\":\"Inicio\",\"item\":\"https:\/\/arriendo.com\/co\/blog\/\"},{\"@type\":\"ListItem\",\"position\":2,\"name\":\"Arriendo\",\"item\":\"https:\/\/arriendo.com\/co\/blog\/arriendo\/\"},{\"@type\":\"ListItem\",\"position\":3,\"name\":\"Qu\u00e9 pasa con el contrato de arriendo si fui afectado por el terremoto\"}]},{\"@type\":\"WebSite\",\"@id\":\"https:\/\/arriendo.com\/co\/blog\/#website\",\"url\":\"https:\/\/arriendo.com\/co\/blog\/\",\"name\":\"Blog arriendo.com\",\"description\":\"Abre la puerta de tu pr\u00f3ximo hogar\",\"publisher\":{\"@id\":\"https:\/\/arriendo.com\/co\/blog\/#organization\"},\"alternateName\":\"Blog Arriendo\",\"potentialAction\":[{\"@type\":\"SearchAction\",\"target\":{\"@type\":\"EntryPoint\",\"urlTemplate\":\"https:\/\/arriendo.com\/co\/blog\/?s={search_term_string}\"},\"query-input\":{\"@type\":\"PropertyValueSpecification\",\"valueRequired\":true,\"valueName\":\"search_term_string\"}}],\"inLanguage\":\"es\"},{\"@type\":\"Organization\",\"@id\":\"https:\/\/arriendo.com\/co\/blog\/#organization\",\"name\":\"Blog arriendo.com\",\"alternateName\":\"Arriendo.com\",\"url\":\"https:\/\/arriendo.com\/co\/blog\/\",\"logo\":{\"@type\":\"ImageObject\",\"inLanguage\":\"es\",\"@id\":\"https:\/\/arriendo.com\/co\/blog\/#\/schema\/logo\/image\/\",\"url\":\"https:\/\/arriendo.com\/co\/blog\/wp-content\/uploads\/2020\/02\/logo-arriendo-perfil-rojo-1080x1080-ok-v1.png\",\"contentUrl\":\"https:\/\/arriendo.com\/co\/blog\/wp-content\/uploads\/2020\/02\/logo-arriendo-perfil-rojo-1080x1080-ok-v1.png\",\"width\":1080,\"height\":1080,\"caption\":\"Blog arriendo.com\"},\"image\":{\"@id\":\"https:\/\/arriendo.com\/co\/blog\/#\/schema\/logo\/image\/\"},\"sameAs\":[\"https:\/\/www.facebook.com\/arriendocom\"]},{\"@type\":\"Person\",\"@id\":\"https:\/\/arriendo.com\/co\/blog\/#\/schema\/person\/af545b6f54ddf8086e02d3aa49da36bf\",\"name\":\"Angie Garz\u00f3n\",\"image\":{\"@type\":\"ImageObject\",\"inLanguage\":\"es\",\"@id\":\"https:\/\/arriendo.com\/co\/blog\/#\/schema\/person\/image\/\",\"url\":\"https:\/\/secure.gravatar.com\/avatar\/e713e3ef8d16d79caf4592c7654f906ea9ce802f9415d02624753a908c80f61e?s=96&r=g\",\"contentUrl\":\"https:\/\/secure.gravatar.com\/avatar\/e713e3ef8d16d79caf4592c7654f906ea9ce802f9415d02624753a908c80f61e?s=96&r=g\",\"caption\":\"Angie Garz\u00f3n\"}}]}<\/script>\n<!-- \/ Yoast SEO plugin. -->","yoast_head_json":{"title":"Qu\u00e9 pasa con el contrato de arriendo si fui afectado por el terremoto 2026","description":"El sismo de magnitud 7,4 del 10 de agosto de 2026 cambi\u00f3 la vida de miles de familias en Colombia. Viviendas destruidas, edificios con da\u00f1os","robots":{"index":"index","follow":"follow","max-snippet":"max-snippet:-1","max-image-preview":"max-image-preview:large","max-video-preview":"max-video-preview:-1"},"canonical":"https:\/\/arriendo.com\/co\/blog\/arriendo\/que-pasa-con-el-contrato-de-arriendo-si-fui-afectado-por-el-terremoto\/","og_locale":"es_ES","og_type":"article","og_title":"Qu\u00e9 pasa con el contrato de arriendo si fui afectado por el terremoto 2026","og_description":"El sismo de magnitud 7,4 del 10 de agosto de 2026 cambi\u00f3 la vida de miles de familias en Colombia. Viviendas destruidas, edificios con da\u00f1os","og_url":"https:\/\/arriendo.com\/co\/blog\/arriendo\/que-pasa-con-el-contrato-de-arriendo-si-fui-afectado-por-el-terremoto\/","og_site_name":"Blog Arriendo.com","article_publisher":"https:\/\/www.facebook.com\/arriendocom","article_published_time":"2026-09-02T22:35:56+00:00","article_modified_time":"2026-09-02T22:36:00+00:00","og_image":[{"width":1400,"height":850,"url":"https:\/\/cdn-blog.arriendo.com\/co\/blog\/wp-content\/uploads\/2026\/09\/Que-pasa-con-el-contrato-de-arriendo-si-fui-afectado-por-el-terremoto.png","type":"image\/png"}],"author":"Angie Garz\u00f3n","twitter_card":"summary_large_image","twitter_misc":{"Escrito por":"Angie Garz\u00f3n","Tiempo de lectura":"22 minutos"},"schema":{"@context":"https:\/\/schema.org","@graph":[{"@type":["Article","BlogPosting"],"@id":"https:\/\/arriendo.com\/co\/blog\/arriendo\/que-pasa-con-el-contrato-de-arriendo-si-fui-afectado-por-el-terremoto\/#article","isPartOf":{"@id":"https:\/\/arriendo.com\/co\/blog\/arriendo\/que-pasa-con-el-contrato-de-arriendo-si-fui-afectado-por-el-terremoto\/"},"author":{"name":"Angie Garz\u00f3n","@id":"https:\/\/arriendo.com\/co\/blog\/#\/schema\/person\/af545b6f54ddf8086e02d3aa49da36bf"},"headline":"Qu\u00e9 pasa con el contrato de arriendo si fui afectado por el terremoto","datePublished":"2026-09-02T22:35:56+00:00","dateModified":"2026-09-02T22:36:00+00:00","mainEntityOfPage":{"@id":"https:\/\/arriendo.com\/co\/blog\/arriendo\/que-pasa-con-el-contrato-de-arriendo-si-fui-afectado-por-el-terremoto\/"},"wordCount":4385,"commentCount":0,"publisher":{"@id":"https:\/\/arriendo.com\/co\/blog\/#organization"},"image":{"@id":"https:\/\/arriendo.com\/co\/blog\/arriendo\/que-pasa-con-el-contrato-de-arriendo-si-fui-afectado-por-el-terremoto\/#primaryimage"},"thumbnailUrl":"https:\/\/cdn-blog.arriendo.com\/co\/blog\/wp-content\/uploads\/2026\/09\/Que-pasa-con-el-contrato-de-arriendo-si-fui-afectado-por-el-terremoto.png","articleSection":["Arriendo"],"inLanguage":"es","potentialAction":[{"@type":"CommentAction","name":"Comment","target":["https:\/\/arriendo.com\/co\/blog\/arriendo\/que-pasa-con-el-contrato-de-arriendo-si-fui-afectado-por-el-terremoto\/#respond"]}]},{"@type":"WebPage","@id":"https:\/\/arriendo.com\/co\/blog\/arriendo\/que-pasa-con-el-contrato-de-arriendo-si-fui-afectado-por-el-terremoto\/","url":"https:\/\/arriendo.com\/co\/blog\/arriendo\/que-pasa-con-el-contrato-de-arriendo-si-fui-afectado-por-el-terremoto\/","name":"Qu\u00e9 pasa con el contrato de arriendo si fui afectado por el terremoto 2026","isPartOf":{"@id":"https:\/\/arriendo.com\/co\/blog\/#website"},"primaryImageOfPage":{"@id":"https:\/\/arriendo.com\/co\/blog\/arriendo\/que-pasa-con-el-contrato-de-arriendo-si-fui-afectado-por-el-terremoto\/#primaryimage"},"image":{"@id":"https:\/\/arriendo.com\/co\/blog\/arriendo\/que-pasa-con-el-contrato-de-arriendo-si-fui-afectado-por-el-terremoto\/#primaryimage"},"thumbnailUrl":"https:\/\/cdn-blog.arriendo.com\/co\/blog\/wp-content\/uploads\/2026\/09\/Que-pasa-con-el-contrato-de-arriendo-si-fui-afectado-por-el-terremoto.png","datePublished":"2026-09-02T22:35:56+00:00","dateModified":"2026-09-02T22:36:00+00:00","description":"El sismo de magnitud 7,4 del 10 de agosto de 2026 cambi\u00f3 la vida de miles de familias en Colombia. Viviendas destruidas, edificios con da\u00f1os","breadcrumb":{"@id":"https:\/\/arriendo.com\/co\/blog\/arriendo\/que-pasa-con-el-contrato-de-arriendo-si-fui-afectado-por-el-terremoto\/#breadcrumb"},"inLanguage":"es","potentialAction":[{"@type":"ReadAction","target":["https:\/\/arriendo.com\/co\/blog\/arriendo\/que-pasa-con-el-contrato-de-arriendo-si-fui-afectado-por-el-terremoto\/"]}]},{"@type":"ImageObject","inLanguage":"es","@id":"https:\/\/arriendo.com\/co\/blog\/arriendo\/que-pasa-con-el-contrato-de-arriendo-si-fui-afectado-por-el-terremoto\/#primaryimage","url":"https:\/\/cdn-blog.arriendo.com\/co\/blog\/wp-content\/uploads\/2026\/09\/Que-pasa-con-el-contrato-de-arriendo-si-fui-afectado-por-el-terremoto.png","contentUrl":"https:\/\/cdn-blog.arriendo.com\/co\/blog\/wp-content\/uploads\/2026\/09\/Que-pasa-con-el-contrato-de-arriendo-si-fui-afectado-por-el-terremoto.png","width":1400,"height":850,"caption":"Qu\u00e9 pasa con el contrato de arriendo si fui afectado por el terremoto"},{"@type":"BreadcrumbList","@id":"https:\/\/arriendo.com\/co\/blog\/arriendo\/que-pasa-con-el-contrato-de-arriendo-si-fui-afectado-por-el-terremoto\/#breadcrumb","itemListElement":[{"@type":"ListItem","position":1,"name":"Inicio","item":"https:\/\/arriendo.com\/co\/blog\/"},{"@type":"ListItem","position":2,"name":"Arriendo","item":"https:\/\/arriendo.com\/co\/blog\/arriendo\/"},{"@type":"ListItem","position":3,"name":"Qu\u00e9 pasa con el contrato de arriendo si fui afectado por el terremoto"}]},{"@type":"WebSite","@id":"https:\/\/arriendo.com\/co\/blog\/#website","url":"https:\/\/arriendo.com\/co\/blog\/","name":"Blog arriendo.com","description":"Abre la puerta de tu pr\u00f3ximo hogar","publisher":{"@id":"https:\/\/arriendo.com\/co\/blog\/#organization"},"alternateName":"Blog Arriendo","potentialAction":[{"@type":"SearchAction","target":{"@type":"EntryPoint","urlTemplate":"https:\/\/arriendo.com\/co\/blog\/?s={search_term_string}"},"query-input":{"@type":"PropertyValueSpecification","valueRequired":true,"valueName":"search_term_string"}}],"inLanguage":"es"},{"@type":"Organization","@id":"https:\/\/arriendo.com\/co\/blog\/#organization","name":"Blog arriendo.com","alternateName":"Arriendo.com","url":"https:\/\/arriendo.com\/co\/blog\/","logo":{"@type":"ImageObject","inLanguage":"es","@id":"https:\/\/arriendo.com\/co\/blog\/#\/schema\/logo\/image\/","url":"https:\/\/arriendo.com\/co\/blog\/wp-content\/uploads\/2020\/02\/logo-arriendo-perfil-rojo-1080x1080-ok-v1.png","contentUrl":"https:\/\/arriendo.com\/co\/blog\/wp-content\/uploads\/2020\/02\/logo-arriendo-perfil-rojo-1080x1080-ok-v1.png","width":1080,"height":1080,"caption":"Blog arriendo.com"},"image":{"@id":"https:\/\/arriendo.com\/co\/blog\/#\/schema\/logo\/image\/"},"sameAs":["https:\/\/www.facebook.com\/arriendocom"]},{"@type":"Person","@id":"https:\/\/arriendo.com\/co\/blog\/#\/schema\/person\/af545b6f54ddf8086e02d3aa49da36bf","name":"Angie Garz\u00f3n","image":{"@type":"ImageObject","inLanguage":"es","@id":"https:\/\/arriendo.com\/co\/blog\/#\/schema\/person\/image\/","url":"https:\/\/secure.gravatar.com\/avatar\/e713e3ef8d16d79caf4592c7654f906ea9ce802f9415d02624753a908c80f61e?s=96&r=g","contentUrl":"https:\/\/secure.gravatar.com\/avatar\/e713e3ef8d16d79caf4592c7654f906ea9ce802f9415d02624753a908c80f61e?s=96&r=g","caption":"Angie Garz\u00f3n"}}]}},"amp_enabled":true,"_links":{"self":[{"href":"https:\/\/arriendo.com\/co\/blog\/wp-json\/wp\/v2\/posts\/25732","targetHints":{"allow":["GET"]}}],"collection":[{"href":"https:\/\/arriendo.com\/co\/blog\/wp-json\/wp\/v2\/posts"}],"about":[{"href":"https:\/\/arriendo.com\/co\/blog\/wp-json\/wp\/v2\/types\/post"}],"author":[{"embeddable":true,"href":"https:\/\/arriendo.com\/co\/blog\/wp-json\/wp\/v2\/users\/26"}],"replies":[{"embeddable":true,"href":"https:\/\/arriendo.com\/co\/blog\/wp-json\/wp\/v2\/comments?post=25732"}],"version-history":[{"count":1,"href":"https:\/\/arriendo.com\/co\/blog\/wp-json\/wp\/v2\/posts\/25732\/revisions"}],"predecessor-version":[{"id":25735,"href":"https:\/\/arriendo.com\/co\/blog\/wp-json\/wp\/v2\/posts\/25732\/revisions\/25735"}],"wp:featuredmedia":[{"embeddable":true,"href":"https:\/\/arriendo.com\/co\/blog\/wp-json\/wp\/v2\/media\/25733"}],"wp:attachment":[{"href":"https:\/\/arriendo.com\/co\/blog\/wp-json\/wp\/v2\/media?parent=25732"}],"wp:term":[{"taxonomy":"category","embeddable":true,"href":"https:\/\/arriendo.com\/co\/blog\/wp-json\/wp\/v2\/categories?post=25732"},{"taxonomy":"post_tag","embeddable":true,"href":"https:\/\/arriendo.com\/co\/blog\/wp-json\/wp\/v2\/tags?post=25732"}],"curies":[{"name":"wp","href":"https:\/\/api.w.org\/{rel}","templated":true}]}}