{"id":2257,"date":"2020-07-10T14:35:00","date_gmt":"2020-07-10T19:35:00","guid":{"rendered":"https:\/\/arriendo.com\/co\/blog\/?p=2257"},"modified":"2024-10-28T09:20:05","modified_gmt":"2024-10-28T14:20:05","slug":"decoracion-nordica-o-escandinava","status":"publish","type":"post","link":"https:\/\/arriendo.com\/co\/blog\/decoracion\/decoracion-nordica-o-escandinava\/","title":{"rendered":"Decoraci\u00f3n N\u00f3rdica o Escandinava"},"content":{"rendered":"\n<p>La decoraci\u00f3n n\u00f3rdica o Escandinava es propia de Suecia, Dinamarca y Noruega, pero muy popular a nivel mundial. Caracterizado por su forma sencilla, c\u00f3moda y funcional, ha conquistado por su blanco impoluto en conjunto con madera natural y muebles funcionales. <\/p>\n\n\n\n<p>Surgi\u00f3 a mediados del siglo XX y a pesar de que es intensamente influenciado por el clima de donde procede, ha conquistado a muchas personas en todo el planeta.<\/p>\n\n\n\n<p>El blanco y la madera clara son muy utilizados en la este n\u00f3rdico de decoraci\u00f3n, le sacan el mayor provecho a cada rinc\u00f3n del hogar porque le proporciona iluminaci\u00f3n. Otra caracter\u00edstica de este tipo de decoraci\u00f3n son las repisas y accesorios empotrados que maximizan el espacio de las paredes. <\/p>\n\n\n\n<h2 class=\"wp-block-heading\">A continuaci\u00f3n, algunos tips para darle al hogar un look n\u00f3rdico:<\/h2>\n\n\n\n<ul class=\"wp-block-list\"><li><strong>Que la naturaleza sea la protagonista: <\/strong>prefiera muebles de madera natural,puesto que la mayor\u00eda de accesorios provienen de all\u00ed. Procure que sean tonos c\u00e1lidos que puedan ampliar la luminosidad del lugar. Y que las telas se deriven de la naturaleza, como telas de algod\u00f3n, lana, lino, entre otras.<\/li><li><strong>Esquemas sim\u00e9tricos:<\/strong> presentar de manera est\u00e9tica y regular la forma de los textiles a usar en la decoraci\u00f3n! por ejemplo alfombras triangulares, l\u00edneas rectas en los muebles que sean limpios y a su vez funcionales.<\/li><li><strong>Impoluto blanco:<\/strong> el blanco amplia gratificantemente el espacio y le da luminosidad y al combinarlo con colores tierra, brinda calidez y armon\u00eda al espacio.<\/li><li><strong>Textiles:<\/strong> ba\u00f1an de calidez, comodidad y proporcionan a los espacios una cobertura adicional. Se puede utilizar el lino, la lana el suave algod\u00f3n y crear un ambiente armonioso.<\/li><\/ul>\n\n\n\n<h3 class=\"wp-block-heading\">Los espacios naturales<\/h3>\n\n\n\n<p>Este estilo busca ser acogedor, c\u00f3modo y maximizar la m\u00ednima luz natural, por ello, predominan los colores claros en paredes, muebles y a su vez combinarlos con cojines, alfombras y peque\u00f1os accesorios que aportan esa calidez. Estos espacios c\u00e1lidos y naturales brindan al hogar armon\u00eda.<\/p>\n\n\n\n<ul class=\"wp-block-list\"><li><strong>Agregue espacios m\u00e1s naturales<\/strong>, colocando flores o plantas as\u00ed como tambi\u00e9n troncos secos, es muy com\u00fan verlos en este tipo de decoraciones.<\/li><li><strong>Y por \u00faltimo:<\/strong> Use fotograf\u00edas y cuadros en las paredes para romper el inmaculado blanco y brindarle funcionalidad.<\/li><\/ul>\n\n\n\n<p>Los escandinavos son muy funcionales y siempre buscan sacarle el mayor provecho a sus espacios.<\/p>\n","protected":false},"excerpt":{"rendered":"<p>La decoraci\u00f3n N\u00f3rdica o Escandinava es muy popular a nivel mundial, determinado por su forma sencilla, c\u00f3moda y funcional ha conquistado por su blanco impoluto en conjunto con madera natural y muebles funcionales. Surgi\u00f3 a mediados del<\/p>\n","protected":false},"author":23,"featured_media":2396,"comment_status":"open","ping_status":"closed","sticky":false,"template":"","format":"standard","meta":{"_acf_changed":false,"footnotes":""},"categories":[108,113],"tags":[],"class_list":["post-2257","post","type-post","status-publish","format-standard","has-post-thumbnail","hentry","category-decoracion","category-de-interiores"],"acf":[],"nelio_content":{"isAutoShareEnabled":true,"autoShareEndMode":"never","automationSources":{"useCustomSentences":false,"customSentences":[]},"followers":[],"suggestedReferences":[],"efiUrl":"","efiAlt":"","highlights":[],"permalinkQueryArgs":[],"series":[]},"yoast_head":"<!-- This site is optimized with the Yoast SEO plugin v25.4 - https:\/\/yoast.com\/wordpress\/plugins\/seo\/ -->\n<title>Conozca sobre la decoraci\u00f3n N\u00f3rdica o Escandinava | Arriendo.com<\/title>\n<meta name=\"description\" content=\"La decoraci\u00f3n N\u00f3rdica o Escandinava es muy popular a nivel mundial. Conozca c\u00f3mo podr\u00eda decorar su hogar con esta tendencia.\" \/>\n<meta name=\"robots\" content=\"index, follow, max-snippet:-1, max-image-preview:large, max-video-preview:-1\" \/>\n<link rel=\"canonical\" href=\"https:\/\/arriendo.com\/co\/blog\/decoracion\/decoracion-nordica-o-escandinava\/\" \/>\n<meta property=\"og:locale\" content=\"es_ES\" \/>\n<meta property=\"og:type\" content=\"article\" \/>\n<meta property=\"og:title\" content=\"Conozca sobre la decoraci\u00f3n N\u00f3rdica o Escandinava | Arriendo.com\" \/>\n<meta property=\"og:description\" content=\"La decoraci\u00f3n N\u00f3rdica o Escandinava es muy popular a nivel mundial. Conozca c\u00f3mo podr\u00eda decorar su hogar con esta tendencia.\" \/>\n<meta property=\"og:url\" content=\"https:\/\/arriendo.com\/co\/blog\/decoracion\/decoracion-nordica-o-escandinava\/\" \/>\n<meta property=\"og:site_name\" content=\"Blog Arriendo.com\" \/>\n<meta property=\"article:publisher\" content=\"https:\/\/www.facebook.com\/arriendocom\" \/>\n<meta property=\"article:published_time\" content=\"2020-07-10T19:35:00+00:00\" \/>\n<meta property=\"article:modified_time\" content=\"2024-10-28T14:20:05+00:00\" \/>\n<meta property=\"og:image\" content=\"https:\/\/arriendo.com\/co\/blog\/wp-content\/uploads\/2020\/03\/Conozca-sobre-la-decoraci\u00f3n-N\u00f3rdica-o-Escandinava.jpg\" \/>\n\t<meta property=\"og:image:width\" content=\"800\" \/>\n\t<meta property=\"og:image:height\" content=\"534\" \/>\n\t<meta property=\"og:image:type\" content=\"image\/jpeg\" \/>\n<meta name=\"author\" content=\"Hernando Abdu salame\" \/>\n<meta name=\"twitter:card\" content=\"summary_large_image\" \/>\n<meta name=\"twitter:label1\" content=\"Escrito por\" \/>\n\t<meta name=\"twitter:data1\" content=\"Hernando Abdu salame\" \/>\n\t<meta name=\"twitter:label2\" content=\"Tiempo de lectura\" \/>\n\t<meta name=\"twitter:data2\" content=\"2 minutos\" \/>\n<script type=\"application\/ld+json\" class=\"yoast-schema-graph\">{\"@context\":\"https:\/\/schema.org\",\"@graph\":[{\"@type\":[\"Article\",\"BlogPosting\"],\"@id\":\"https:\/\/arriendo.com\/co\/blog\/decoracion\/decoracion-nordica-o-escandinava\/#article\",\"isPartOf\":{\"@id\":\"https:\/\/arriendo.com\/co\/blog\/decoracion\/decoracion-nordica-o-escandinava\/\"},\"author\":{\"name\":\"Hernando Abdu salame\",\"@id\":\"https:\/\/arriendo.com\/co\/blog\/#\/schema\/person\/2f01f3967f9bc1385cf08b3d1fe3883d\"},\"headline\":\"Decoraci\u00f3n N\u00f3rdica o Escandinava\",\"datePublished\":\"2020-07-10T19:35:00+00:00\",\"dateModified\":\"2024-10-28T14:20:05+00:00\",\"mainEntityOfPage\":{\"@id\":\"https:\/\/arriendo.com\/co\/blog\/decoracion\/decoracion-nordica-o-escandinava\/\"},\"wordCount\":404,\"commentCount\":0,\"publisher\":{\"@id\":\"https:\/\/arriendo.com\/co\/blog\/#organization\"},\"image\":{\"@id\":\"https:\/\/arriendo.com\/co\/blog\/decoracion\/decoracion-nordica-o-escandinava\/#primaryimage\"},\"thumbnailUrl\":\"https:\/\/cdn-blog.arriendo.com\/co\/blog\/wp-content\/uploads\/2020\/03\/Conozca-sobre-la-decoraci%C3%B3n-N%C3%B3rdica-o-Escandinava.jpg\",\"articleSection\":[\"Decoraci\u00f3n\",\"Decoraci\u00f3n de Interiores\"],\"inLanguage\":\"es\",\"potentialAction\":[{\"@type\":\"CommentAction\",\"name\":\"Comment\",\"target\":[\"https:\/\/arriendo.com\/co\/blog\/decoracion\/decoracion-nordica-o-escandinava\/#respond\"]}]},{\"@type\":\"WebPage\",\"@id\":\"https:\/\/arriendo.com\/co\/blog\/decoracion\/decoracion-nordica-o-escandinava\/\",\"url\":\"https:\/\/arriendo.com\/co\/blog\/decoracion\/decoracion-nordica-o-escandinava\/\",\"name\":\"Conozca sobre la decoraci\u00f3n N\u00f3rdica o Escandinava | Arriendo.com\",\"isPartOf\":{\"@id\":\"https:\/\/arriendo.com\/co\/blog\/#website\"},\"primaryImageOfPage\":{\"@id\":\"https:\/\/arriendo.com\/co\/blog\/decoracion\/decoracion-nordica-o-escandinava\/#primaryimage\"},\"image\":{\"@id\":\"https:\/\/arriendo.com\/co\/blog\/decoracion\/decoracion-nordica-o-escandinava\/#primaryimage\"},\"thumbnailUrl\":\"https:\/\/cdn-blog.arriendo.com\/co\/blog\/wp-content\/uploads\/2020\/03\/Conozca-sobre-la-decoraci%C3%B3n-N%C3%B3rdica-o-Escandinava.jpg\",\"datePublished\":\"2020-07-10T19:35:00+00:00\",\"dateModified\":\"2024-10-28T14:20:05+00:00\",\"description\":\"La decoraci\u00f3n N\u00f3rdica o Escandinava es muy popular a nivel mundial. Conozca c\u00f3mo podr\u00eda decorar su hogar con esta tendencia.\",\"breadcrumb\":{\"@id\":\"https:\/\/arriendo.com\/co\/blog\/decoracion\/decoracion-nordica-o-escandinava\/#breadcrumb\"},\"inLanguage\":\"es\",\"potentialAction\":[{\"@type\":\"ReadAction\",\"target\":[\"https:\/\/arriendo.com\/co\/blog\/decoracion\/decoracion-nordica-o-escandinava\/\"]}]},{\"@type\":\"ImageObject\",\"inLanguage\":\"es\",\"@id\":\"https:\/\/arriendo.com\/co\/blog\/decoracion\/decoracion-nordica-o-escandinava\/#primaryimage\",\"url\":\"https:\/\/cdn-blog.arriendo.com\/co\/blog\/wp-content\/uploads\/2020\/03\/Conozca-sobre-la-decoraci%C3%B3n-N%C3%B3rdica-o-Escandinava.jpg\",\"contentUrl\":\"https:\/\/cdn-blog.arriendo.com\/co\/blog\/wp-content\/uploads\/2020\/03\/Conozca-sobre-la-decoraci%C3%B3n-N%C3%B3rdica-o-Escandinava.jpg\",\"width\":800,\"height\":534,\"caption\":\"Conozca sobre la decoraci\u00f3n N\u00f3rdica o Escandinava\"},{\"@type\":\"BreadcrumbList\",\"@id\":\"https:\/\/arriendo.com\/co\/blog\/decoracion\/decoracion-nordica-o-escandinava\/#breadcrumb\",\"itemListElement\":[{\"@type\":\"ListItem\",\"position\":1,\"name\":\"Inicio\",\"item\":\"https:\/\/arriendo.com\/co\/blog\/\"},{\"@type\":\"ListItem\",\"position\":2,\"name\":\"Decoraci\u00f3n\",\"item\":\"https:\/\/arriendo.com\/co\/blog\/decoracion\/\"},{\"@type\":\"ListItem\",\"position\":3,\"name\":\"Decoraci\u00f3n N\u00f3rdica o Escandinava\"}]},{\"@type\":\"WebSite\",\"@id\":\"https:\/\/arriendo.com\/co\/blog\/#website\",\"url\":\"https:\/\/arriendo.com\/co\/blog\/\",\"name\":\"Blog arriendo.com\",\"description\":\"Abre la puerta de tu pr\u00f3ximo hogar\",\"publisher\":{\"@id\":\"https:\/\/arriendo.com\/co\/blog\/#organization\"},\"alternateName\":\"Blog Arriendo\",\"potentialAction\":[{\"@type\":\"SearchAction\",\"target\":{\"@type\":\"EntryPoint\",\"urlTemplate\":\"https:\/\/arriendo.com\/co\/blog\/?s={search_term_string}\"},\"query-input\":{\"@type\":\"PropertyValueSpecification\",\"valueRequired\":true,\"valueName\":\"search_term_string\"}}],\"inLanguage\":\"es\"},{\"@type\":\"Organization\",\"@id\":\"https:\/\/arriendo.com\/co\/blog\/#organization\",\"name\":\"Blog arriendo.com\",\"alternateName\":\"Arriendo.com\",\"url\":\"https:\/\/arriendo.com\/co\/blog\/\",\"logo\":{\"@type\":\"ImageObject\",\"inLanguage\":\"es\",\"@id\":\"https:\/\/arriendo.com\/co\/blog\/#\/schema\/logo\/image\/\",\"url\":\"https:\/\/arriendo.com\/co\/blog\/wp-content\/uploads\/2020\/02\/logo-arriendo-perfil-rojo-1080x1080-ok-v1.png\",\"contentUrl\":\"https:\/\/arriendo.com\/co\/blog\/wp-content\/uploads\/2020\/02\/logo-arriendo-perfil-rojo-1080x1080-ok-v1.png\",\"width\":1080,\"height\":1080,\"caption\":\"Blog arriendo.com\"},\"image\":{\"@id\":\"https:\/\/arriendo.com\/co\/blog\/#\/schema\/logo\/image\/\"},\"sameAs\":[\"https:\/\/www.facebook.com\/arriendocom\"]},{\"@type\":\"Person\",\"@id\":\"https:\/\/arriendo.com\/co\/blog\/#\/schema\/person\/2f01f3967f9bc1385cf08b3d1fe3883d\",\"name\":\"Hernando Abdu salame\",\"image\":{\"@type\":\"ImageObject\",\"inLanguage\":\"es\",\"@id\":\"https:\/\/arriendo.com\/co\/blog\/#\/schema\/person\/image\/\",\"url\":\"https:\/\/secure.gravatar.com\/avatar\/4c6fe0b8b5682ae940351be6ff4f4e5ec65d05b273ab650e6763c04848d63357?s=96&r=g\",\"contentUrl\":\"https:\/\/secure.gravatar.com\/avatar\/4c6fe0b8b5682ae940351be6ff4f4e5ec65d05b273ab650e6763c04848d63357?s=96&r=g\",\"caption\":\"Hernando Abdu salame\"}}]}<\/script>\n<!-- \/ Yoast SEO plugin. -->","yoast_head_json":{"title":"Conozca sobre la decoraci\u00f3n N\u00f3rdica o Escandinava | Arriendo.com","description":"La decoraci\u00f3n N\u00f3rdica o Escandinava es muy popular a nivel mundial. Conozca c\u00f3mo podr\u00eda decorar su hogar con esta tendencia.","robots":{"index":"index","follow":"follow","max-snippet":"max-snippet:-1","max-image-preview":"max-image-preview:large","max-video-preview":"max-video-preview:-1"},"canonical":"https:\/\/arriendo.com\/co\/blog\/decoracion\/decoracion-nordica-o-escandinava\/","og_locale":"es_ES","og_type":"article","og_title":"Conozca sobre la decoraci\u00f3n N\u00f3rdica o Escandinava | Arriendo.com","og_description":"La decoraci\u00f3n N\u00f3rdica o Escandinava es muy popular a nivel mundial. Conozca c\u00f3mo podr\u00eda decorar su hogar con esta tendencia.","og_url":"https:\/\/arriendo.com\/co\/blog\/decoracion\/decoracion-nordica-o-escandinava\/","og_site_name":"Blog Arriendo.com","article_publisher":"https:\/\/www.facebook.com\/arriendocom","article_published_time":"2020-07-10T19:35:00+00:00","article_modified_time":"2024-10-28T14:20:05+00:00","og_image":[{"width":800,"height":534,"url":"https:\/\/arriendo.com\/co\/blog\/wp-content\/uploads\/2020\/03\/Conozca-sobre-la-decoraci\u00f3n-N\u00f3rdica-o-Escandinava.jpg","type":"image\/jpeg"}],"author":"Hernando Abdu salame","twitter_card":"summary_large_image","twitter_misc":{"Escrito por":"Hernando Abdu salame","Tiempo de lectura":"2 minutos"},"schema":{"@context":"https:\/\/schema.org","@graph":[{"@type":["Article","BlogPosting"],"@id":"https:\/\/arriendo.com\/co\/blog\/decoracion\/decoracion-nordica-o-escandinava\/#article","isPartOf":{"@id":"https:\/\/arriendo.com\/co\/blog\/decoracion\/decoracion-nordica-o-escandinava\/"},"author":{"name":"Hernando Abdu salame","@id":"https:\/\/arriendo.com\/co\/blog\/#\/schema\/person\/2f01f3967f9bc1385cf08b3d1fe3883d"},"headline":"Decoraci\u00f3n N\u00f3rdica o Escandinava","datePublished":"2020-07-10T19:35:00+00:00","dateModified":"2024-10-28T14:20:05+00:00","mainEntityOfPage":{"@id":"https:\/\/arriendo.com\/co\/blog\/decoracion\/decoracion-nordica-o-escandinava\/"},"wordCount":404,"commentCount":0,"publisher":{"@id":"https:\/\/arriendo.com\/co\/blog\/#organization"},"image":{"@id":"https:\/\/arriendo.com\/co\/blog\/decoracion\/decoracion-nordica-o-escandinava\/#primaryimage"},"thumbnailUrl":"https:\/\/cdn-blog.arriendo.com\/co\/blog\/wp-content\/uploads\/2020\/03\/Conozca-sobre-la-decoraci%C3%B3n-N%C3%B3rdica-o-Escandinava.jpg","articleSection":["Decoraci\u00f3n","Decoraci\u00f3n de Interiores"],"inLanguage":"es","potentialAction":[{"@type":"CommentAction","name":"Comment","target":["https:\/\/arriendo.com\/co\/blog\/decoracion\/decoracion-nordica-o-escandinava\/#respond"]}]},{"@type":"WebPage","@id":"https:\/\/arriendo.com\/co\/blog\/decoracion\/decoracion-nordica-o-escandinava\/","url":"https:\/\/arriendo.com\/co\/blog\/decoracion\/decoracion-nordica-o-escandinava\/","name":"Conozca sobre la decoraci\u00f3n N\u00f3rdica o Escandinava | Arriendo.com","isPartOf":{"@id":"https:\/\/arriendo.com\/co\/blog\/#website"},"primaryImageOfPage":{"@id":"https:\/\/arriendo.com\/co\/blog\/decoracion\/decoracion-nordica-o-escandinava\/#primaryimage"},"image":{"@id":"https:\/\/arriendo.com\/co\/blog\/decoracion\/decoracion-nordica-o-escandinava\/#primaryimage"},"thumbnailUrl":"https:\/\/cdn-blog.arriendo.com\/co\/blog\/wp-content\/uploads\/2020\/03\/Conozca-sobre-la-decoraci%C3%B3n-N%C3%B3rdica-o-Escandinava.jpg","datePublished":"2020-07-10T19:35:00+00:00","dateModified":"2024-10-28T14:20:05+00:00","description":"La decoraci\u00f3n N\u00f3rdica o Escandinava es muy popular a nivel mundial. Conozca c\u00f3mo podr\u00eda decorar su hogar con esta tendencia.","breadcrumb":{"@id":"https:\/\/arriendo.com\/co\/blog\/decoracion\/decoracion-nordica-o-escandinava\/#breadcrumb"},"inLanguage":"es","potentialAction":[{"@type":"ReadAction","target":["https:\/\/arriendo.com\/co\/blog\/decoracion\/decoracion-nordica-o-escandinava\/"]}]},{"@type":"ImageObject","inLanguage":"es","@id":"https:\/\/arriendo.com\/co\/blog\/decoracion\/decoracion-nordica-o-escandinava\/#primaryimage","url":"https:\/\/cdn-blog.arriendo.com\/co\/blog\/wp-content\/uploads\/2020\/03\/Conozca-sobre-la-decoraci%C3%B3n-N%C3%B3rdica-o-Escandinava.jpg","contentUrl":"https:\/\/cdn-blog.arriendo.com\/co\/blog\/wp-content\/uploads\/2020\/03\/Conozca-sobre-la-decoraci%C3%B3n-N%C3%B3rdica-o-Escandinava.jpg","width":800,"height":534,"caption":"Conozca sobre la decoraci\u00f3n N\u00f3rdica o Escandinava"},{"@type":"BreadcrumbList","@id":"https:\/\/arriendo.com\/co\/blog\/decoracion\/decoracion-nordica-o-escandinava\/#breadcrumb","itemListElement":[{"@type":"ListItem","position":1,"name":"Inicio","item":"https:\/\/arriendo.com\/co\/blog\/"},{"@type":"ListItem","position":2,"name":"Decoraci\u00f3n","item":"https:\/\/arriendo.com\/co\/blog\/decoracion\/"},{"@type":"ListItem","position":3,"name":"Decoraci\u00f3n N\u00f3rdica o Escandinava"}]},{"@type":"WebSite","@id":"https:\/\/arriendo.com\/co\/blog\/#website","url":"https:\/\/arriendo.com\/co\/blog\/","name":"Blog arriendo.com","description":"Abre la puerta de tu pr\u00f3ximo hogar","publisher":{"@id":"https:\/\/arriendo.com\/co\/blog\/#organization"},"alternateName":"Blog Arriendo","potentialAction":[{"@type":"SearchAction","target":{"@type":"EntryPoint","urlTemplate":"https:\/\/arriendo.com\/co\/blog\/?s={search_term_string}"},"query-input":{"@type":"PropertyValueSpecification","valueRequired":true,"valueName":"search_term_string"}}],"inLanguage":"es"},{"@type":"Organization","@id":"https:\/\/arriendo.com\/co\/blog\/#organization","name":"Blog arriendo.com","alternateName":"Arriendo.com","url":"https:\/\/arriendo.com\/co\/blog\/","logo":{"@type":"ImageObject","inLanguage":"es","@id":"https:\/\/arriendo.com\/co\/blog\/#\/schema\/logo\/image\/","url":"https:\/\/arriendo.com\/co\/blog\/wp-content\/uploads\/2020\/02\/logo-arriendo-perfil-rojo-1080x1080-ok-v1.png","contentUrl":"https:\/\/arriendo.com\/co\/blog\/wp-content\/uploads\/2020\/02\/logo-arriendo-perfil-rojo-1080x1080-ok-v1.png","width":1080,"height":1080,"caption":"Blog arriendo.com"},"image":{"@id":"https:\/\/arriendo.com\/co\/blog\/#\/schema\/logo\/image\/"},"sameAs":["https:\/\/www.facebook.com\/arriendocom"]},{"@type":"Person","@id":"https:\/\/arriendo.com\/co\/blog\/#\/schema\/person\/2f01f3967f9bc1385cf08b3d1fe3883d","name":"Hernando Abdu salame","image":{"@type":"ImageObject","inLanguage":"es","@id":"https:\/\/arriendo.com\/co\/blog\/#\/schema\/person\/image\/","url":"https:\/\/secure.gravatar.com\/avatar\/4c6fe0b8b5682ae940351be6ff4f4e5ec65d05b273ab650e6763c04848d63357?s=96&r=g","contentUrl":"https:\/\/secure.gravatar.com\/avatar\/4c6fe0b8b5682ae940351be6ff4f4e5ec65d05b273ab650e6763c04848d63357?s=96&r=g","caption":"Hernando Abdu salame"}}]}},"amp_enabled":true,"_links":{"self":[{"href":"https:\/\/arriendo.com\/co\/blog\/wp-json\/wp\/v2\/posts\/2257","targetHints":{"allow":["GET"]}}],"collection":[{"href":"https:\/\/arriendo.com\/co\/blog\/wp-json\/wp\/v2\/posts"}],"about":[{"href":"https:\/\/arriendo.com\/co\/blog\/wp-json\/wp\/v2\/types\/post"}],"author":[{"embeddable":true,"href":"https:\/\/arriendo.com\/co\/blog\/wp-json\/wp\/v2\/users\/23"}],"replies":[{"embeddable":true,"href":"https:\/\/arriendo.com\/co\/blog\/wp-json\/wp\/v2\/comments?post=2257"}],"version-history":[{"count":1,"href":"https:\/\/arriendo.com\/co\/blog\/wp-json\/wp\/v2\/posts\/2257\/revisions"}],"predecessor-version":[{"id":11672,"href":"https:\/\/arriendo.com\/co\/blog\/wp-json\/wp\/v2\/posts\/2257\/revisions\/11672"}],"wp:featuredmedia":[{"embeddable":true,"href":"https:\/\/arriendo.com\/co\/blog\/wp-json\/wp\/v2\/media\/2396"}],"wp:attachment":[{"href":"https:\/\/arriendo.com\/co\/blog\/wp-json\/wp\/v2\/media?parent=2257"}],"wp:term":[{"taxonomy":"category","embeddable":true,"href":"https:\/\/arriendo.com\/co\/blog\/wp-json\/wp\/v2\/categories?post=2257"},{"taxonomy":"post_tag","embeddable":true,"href":"https:\/\/arriendo.com\/co\/blog\/wp-json\/wp\/v2\/tags?post=2257"}],"curies":[{"name":"wp","href":"https:\/\/api.w.org\/{rel}","templated":true}]}}