{"id":22394,"date":"2026-07-16T11:44:23","date_gmt":"2026-07-16T16:44:23","guid":{"rendered":"https:\/\/arriendo.com\/co\/blog\/?p=22394"},"modified":"2026-07-30T17:42:17","modified_gmt":"2026-07-30T22:42:17","slug":"por-que-vivir-en-mosquera","status":"publish","type":"post","link":"https:\/\/arriendo.com\/co\/blog\/arriendo\/por-que-vivir-en-mosquera\/","title":{"rendered":"\u00bfPor qu\u00e9 vivir en Mosquera?"},"content":{"rendered":"\n<p>Si alguna vez te has preguntado por qu\u00e9 vivir en <strong>Mosquera<\/strong>, aqu\u00ed te contamos las principales razones que han llevado a muchas personas a mudarse a este municipio. Fue fundado el <strong>27 de diciembre de 1861<\/strong> en honor al general <strong>Tom\u00e1s Cipriano de Mosquera<\/strong>. Forma parte del <strong>altiplano cundiboyacense<\/strong>, en la Sabana de Bogot\u00e1, y hoy supera los <strong>179.900 habitantes<\/strong>. All\u00ed viven familias j\u00f3venes, trabajadores, estudiantes y emprendedores que lo prefieren por su conexi\u00f3n estrat\u00e9gica con la capital.<\/p>\n\n\n\n<p>La zona central agrupa comercios, bancos y entidades p\u00fablicas, mientras que en los alrededores se desarrollan conjuntos residenciales y viviendas familiares con acceso directo a colegios, supermercados y centros de salud. Esta distribuci\u00f3n facilita la vida cotidiana y reduce los desplazamientos largos.<\/p>\n\n\n\n<p>Ya sea que est\u00e9s pensando en conocer esta zona de la Sabana o en buscar vivienda all\u00ed, Mosquera ofrece un estilo de vida con todo lo necesario para vivir bien. \u00a1Explora sus atractivos y descubre por qu\u00e9 cada vez m\u00e1s personas lo eligen como su lugar para crecer!<\/p>\n\n\n\n<h2 class=\"wp-block-heading\">Contexto geogr\u00e1fico<\/h2>\n\n\n\n<p>Mosquera se encuentra en el occidente de <strong>Cundinamarca<\/strong>, dentro de la provincia occidental, a tan solo <strong>15 kil\u00f3metros de Bogot\u00e1<\/strong>. El municipio integra el corredor metropolitano que enlaza la capital con varias poblaciones vecinas, lo que lo convierte en una pieza clave para el desarrollo residencial e industrial del departamento.<\/p>\n\n\n\n<p>El territorio est\u00e1 atravesado por el <strong>r\u00edo Bogot\u00e1<\/strong> y tiene una topograf\u00eda predominantemente plana, caracter\u00edstica de la sabana. Este entorno favorece la expansi\u00f3n urbana y el acceso a v\u00edas principales como la <strong>Calle 13<\/strong> y la <strong>Autopista Bogot\u00e1\u2013Medell\u00edn<\/strong>, que agilizan el transporte hacia el occidente y el centro del pa\u00eds.<\/p>\n\n\n\n<p>Mosquera limita al norte con <strong>Funza<\/strong> y <strong>Madrid<\/strong>, al oriente con <strong>Bogot\u00e1<\/strong> por la localidad de <strong>Fontib\u00f3n<\/strong>, al sur con <strong>Soacha<\/strong> y <strong>San Antonio del Tequendama<\/strong>, y al occidente con <strong>Bojac\u00e1<\/strong>. Esa posici\u00f3n le permite mantener una estrecha relaci\u00f3n laboral y comercial con la capital, mientras conserva un ambiente tranquilo y con menor densidad poblacional.<\/p>\n\n\n\n<h2 class=\"wp-block-heading\">Movilidad en Mosquera<\/h2>\n\n\n\n<p>Moverse por el municipio resulta pr\u00e1ctico gracias a su conexi\u00f3n con v\u00edas principales como la <strong>Calle 13<\/strong> y la <strong>Autopista Medell\u00edn<\/strong>. Estas rutas dan acceso a los sectores residenciales, industriales y rurales, adem\u00e1s de agilizar los recorridos hacia los municipios vecinos y la capital.<\/p>\n\n\n\n<p>El transporte p\u00fablico est\u00e1 conformado por buses urbanos, rutas intermunicipales y taxis. Tambi\u00e9n operan servicios por aplicaci\u00f3n y colectivos que cubren trayectos cortos dentro del casco urbano. Las empresas locales mantienen frecuencias constantes durante el d\u00eda, lo que ampl\u00eda las alternativas de movilidad para los residentes.<\/p>\n\n\n\n<figure class=\"gb-block-image gb-block-image-c1d37094\"><img loading=\"lazy\" decoding=\"async\" width=\"480\" height=\"600\" class=\"gb-image gb-image-c1d37094\" src=\"https:\/\/cdn-blog.arriendo.com\/co\/blog\/wp-content\/uploads\/2025\/11\/Mosquera.png\" alt=\"\" title=\"Mosquera\" srcset=\"https:\/\/cdn-blog.arriendo.com\/co\/blog\/wp-content\/uploads\/2025\/11\/Mosquera.png 480w, https:\/\/cdn-blog.arriendo.com\/co\/blog\/wp-content\/uploads\/2025\/11\/Mosquera-400x500.png 400w\" sizes=\"auto, (max-width: 480px) 100vw, 480px\" \/><\/figure>\n\n\n\n<h3 class=\"wp-block-heading\"><strong>Conexiones de transporte desde Mosquera<\/strong><\/h3>\n\n\n\n<ul class=\"wp-block-list\">\n<li><strong>Portal de la 80<\/strong>, l\u00ednea Calle 80<\/li>\n\n\n\n<li><strong>Estaci\u00f3n Terreros<\/strong>, l\u00ednea Soacha\u2013NQS, con conexi\u00f3n indirecta por bus intermunicipal<\/li>\n<\/ul>\n\n\n\n<h3 class=\"wp-block-heading\"><strong>Rutas intermunicipales hacia Bogot\u00e1<\/strong><\/h3>\n\n\n\n<ul class=\"wp-block-list\">\n<li>Coomofu: Mosquera \u2013 Portal 80 \u2013 Suba \u2013 Engativ\u00e1<\/li>\n\n\n\n<li>Cootransfunza: Mosquera \u2013 Zona Industrial de Funza \u2013 Puente Grande \u2013 Avenida Boyac\u00e1<\/li>\n\n\n\n<li>Cootransmadrid: Mosquera \u2013 Madrid \u2013 Kennedy<\/li>\n\n\n\n<li>Expreso del Sol: Mosquera \u2013 Ricaurte \u2013 Corabastos \u2013 Zona Industrial de Montevideo<\/li>\n<\/ul>\n\n\n\n<h3 class=\"wp-block-heading\"><strong>Taxis y plataformas<\/strong><\/h3>\n\n\n\n<ul class=\"wp-block-list\">\n<li>Busetas que conectan barrios con veredas y sectores rurales<\/li>\n\n\n\n<li>Aplicaciones activas como <strong>DiDi<\/strong>, <strong>inDrive<\/strong>, <strong>Cabify<\/strong> y <strong>Uber<\/strong><\/li>\n<\/ul>\n\n\n\n<h3 class=\"wp-block-heading\"><strong>Otros medios<\/strong><\/h3>\n\n\n\n<ul class=\"wp-block-list\">\n<li>Transporte informal tipo buseta entre barrios y sectores rurales<\/li>\n\n\n\n<li>Bicicletas particulares y ciclorutas en expansi\u00f3n (proyecto municipal de conectividad con Funza y Madrid)<\/li>\n<\/ul>\n\n\n\n<h2 class=\"wp-block-heading\"><strong>Oportunidades de vivienda y dep\u00f3sitos en Mosquera<\/strong><\/h2>\n\n\n\n<p>El mercado de arriendo se destaca por su variedad y precios competitivos. La oferta incluye vivienda residencial y bodegas para uso comercial o industrial, lo que atrae tanto a familias como a emprendedores. Su crecimiento urbano, sumado a la cercan\u00eda con Bogot\u00e1, ha impulsado la construcci\u00f3n de <strong>casas, apartaestudios y locales de almacenamiento<\/strong> en sectores estrat\u00e9gicos.<\/p>\n\n\n\n<h3 class=\"wp-block-heading\">Opciones de arriendo en Mosquera<\/h3>\n\n\n\n<figure class=\"wp-block-table\"><table class=\"has-fixed-layout\"><thead><tr><th>Tipo de inmueble<\/th><th>Valor promedio de arriendo mensual<\/th><th>Caracter\u00edsticas principales<\/th><\/tr><\/thead><tbody><tr><td><strong>Casas<\/strong><\/td><td><strong>$1.200.000 \u2013 $2.500.000<\/strong><\/td><td>Viviendas de 2 o 3 pisos, con \u00e1reas entre <strong>90 y 130 m\u00b2<\/strong>. Cuentan con 3 a 5 habitaciones, 2 o 3 ba\u00f1os, cocina integral, zona de ropas y garaje. Ideales para familias de 3 a 5 integrantes.<\/td><\/tr><tr><td><strong>Apartamentos<\/strong><\/td><td><strong>$850.000 \u2013 $1.600.000<\/strong><\/td><td>\u00c1reas entre <strong>55 y 80 m\u00b2<\/strong>, con 2 o 3 habitaciones, 1 o 2 ba\u00f1os, sala comedor, cocina y balc\u00f3n. Recomendados para familias peque\u00f1as o parejas j\u00f3venes.<\/td><\/tr><tr><td><strong>Apartaestudios<\/strong><\/td><td><strong>$600.000 \u2013 $1.000.000<\/strong><\/td><td>Superficies de <strong>30 a 45 m\u00b2<\/strong>, una habitaci\u00f3n, ba\u00f1o privado y cocineta. Alternativa pr\u00e1ctica para una persona o una pareja.<\/td><\/tr><tr><td><strong>Bodegas<\/strong><\/td><td><strong>$8.500.000 \u2013 $80.000.000<\/strong><\/td><td>Instalaciones industriales entre <strong>350 y 3.200 m\u00b2<\/strong>, adecuadas para almacenamiento, producci\u00f3n o log\u00edstica. Disponibles en sectores como <strong>Parque Industrial<\/strong>, <strong>Rinc\u00f3n del Tr\u00e9bol<\/strong> y <strong>Puente Grande<\/strong>.<\/td><\/tr><\/tbody><\/table><\/figure>\n\n\n\n<h2 class=\"wp-block-heading\"><strong>Actividades imperdibles<\/strong><\/h2>\n\n\n\n<p><strong>\u00a1Un municipio con historia, tradici\u00f3n y lugares para disfrutar!<\/strong> Si a\u00fan te preguntas por qu\u00e9 tantas personas eligen vivir en Mosquera, aqu\u00ed te compartimos actividades y sitios que reflejan su estilo de vida. Son destinos que muestran su identidad, su sentido de comunidad y todo lo que ofrece a quienes deciden establecerse aqu\u00ed.<\/p>\n\n\n\n<h3 class=\"wp-block-heading\"><strong>Recorre su parque principal<\/strong><\/h3>\n\n\n\n<p><strong>Parque General Santander<\/strong><br>Ubicado en el coraz\u00f3n del municipio, es el punto de encuentro por excelencia. A su alrededor se levantan la <strong>Iglesia San Juan Bautista<\/strong>, la <strong>Casa de la Cultura<\/strong> y varios locales tradicionales que mantienen viva la historia local. Es com\u00fan ver familias paseando, j\u00f3venes en bicicleta y adultos mayores disfrutando del entorno. Durante festividades o ferias locales, el parque se convierte en el escenario central de actividades culturales y gastron\u00f3micas. Vivir cerca de un punto de encuentro as\u00ed facilita la vida de barrio, algo que agrega valor al d\u00eda a d\u00eda.<\/p>\n\n\n\n<p><strong>Direcci\u00f3n<\/strong> \u2014 Carrera 3\u00aa, centro del municipio<\/p>\n\n\n\n<p>Acceso libre, todos los d\u00edas.<\/p>\n\n\n\n<h3 class=\"wp-block-heading\"><strong>Visita la Casa de la Cultura<\/strong><\/h3>\n\n\n\n<p>Este sitio impulsa la formaci\u00f3n art\u00edstica y la participaci\u00f3n comunitaria. Ofrece talleres de m\u00fasica, danza, teatro y pintura, adem\u00e1s de exposiciones temporales y encuentros con artistas de la regi\u00f3n. Su arquitectura conserva elementos coloniales que contrastan con las nuevas edificaciones del centro, lo que la vuelve un referente para conocer el patrimonio local. Tener cerca un centro cultural acerca el arte y el ocio, y fortalece la identidad del vecindario.<\/p>\n\n\n\n<p><strong>Direcci\u00f3n<\/strong> \u2014 Calle 5 #36<\/p>\n\n\n\n<p><strong>Horario habitual <\/strong>\u2014 lunes a s\u00e1bado de 08\u223600 a 17\u223600<\/p>\n\n\n\n<p>Tener cerca un centro cultural permite acceso f\u00e1cil al arte, al ocio y fortalece la identidad del vecindario.<\/p>\n\n\n\n<h3 class=\"wp-block-heading\"><strong>Biblioteca P\u00fablica San Juan Bosco<\/strong><\/h3>\n\n\n\n<p>Un lugar pensado para el <strong>aprendizaje y la lectura. <\/strong>Su colecci\u00f3n abarca literatura infantil, juvenil y general, junto con una sala de c\u00f3mputo y zonas de estudio. Tambi\u00e9n se desarrollan clubes de lectura y actividades recreativas para ni\u00f1os. Resulta ideal para quienes disfrutan los ambientes tranquilos y el acceso gratuito a la informaci\u00f3n.<\/p>\n\n\n\n<p><strong>Direcci\u00f3n <\/strong>\u2014 Carrera 4 #7-21<br><strong>Horario habitual<\/strong> \u2014 lunes a viernes de 8\u223600 a 17\u223600<\/p>\n\n\n\n<h3 class=\"gb-headline gb-headline-1ea9e936 gb-headline-text\">Proyectos a futuro<\/h3>\n\n\n\n<p>El <strong>Regiotram de Occidente<\/strong>, un sistema f\u00e9rreo de \u00faltima generaci\u00f3n, avanza en su construcci\u00f3n y promete transformar la movilidad entre la <strong>Sabana Occidente<\/strong> y el coraz\u00f3n de Bogot\u00e1. Este proyecto enlazar\u00e1 ambos territorios de manera \u00e1gil y sostenible, con una reducci\u00f3n significativa en los tiempos de recorrido.<\/p>\n\n\n\n<p>El municipio contar\u00e1 con dos estaciones estrat\u00e9gicas. La primera quedar\u00e1 cerca de la f\u00e1brica de <strong>Purina<\/strong> y la <strong>Avenida Carrera 5 Este<\/strong>, y la segunda en los alrededores del <strong>Instituto Salesiano San Jos\u00e9<\/strong>. Seg\u00fan el cronograma, el tramo inicial hasta <strong>Fontib\u00f3n<\/strong> entrar\u00e1 en operaci\u00f3n en <strong>2027<\/strong>, y para <strong>2029<\/strong> se espera la extensi\u00f3n hasta la <strong>calle 26 con Avenida Caracas<\/strong>, donde se conectar\u00e1 con la <strong>l\u00ednea 1 del Metro de Bogot\u00e1<\/strong>.<\/p>\n\n\n\n<h2 class=\"wp-block-heading\">Mapa<\/h2>\n\n\n\n<p>Conoce los principales puntos de inter\u00e9s de este destino que <strong>combina desarrollo urbano con entorno natural.<\/strong> En este mapa encontrar\u00e1s sus zonas educativas, \u00e1reas verdes, servicios esenciales, rutas de transporte, sectores comerciales y barrios residenciales. Una gu\u00eda pr\u00e1ctica para ubicar todo lo que hace de Mosquera un lugar bien conectado y con proyecci\u00f3n para vivir.<\/p>\n\n\n\n<iframe loading=\"lazy\" src=\"https:\/\/www.google.com\/maps\/d\/embed?mid=10kzIEozToTzZPx-8Vv6CO4xlHwfaiKs&ehbc=2E312F\" width=\"640\" height=\"480\"><\/iframe>\n\n\n\n<h2 class=\"wp-block-heading\">Preguntas frecuentes de por qu\u00e9 vivir en Mosquera<\/h2>\n\n\n\n<p>Descubre por qu\u00e9 vivir en Mosquera es una<strong> gran decisi\u00f3n.<\/strong><\/p>\n\n\n<div class=\"lightweight-accordion\"><details><summary class=\"lightweight-accordion-title\"><span>\u00bfD\u00f3nde queda Mosquera y qu\u00e9 municipios est\u00e1n cerca? <\/span><\/summary><div class=\"lightweight-accordion-body\">\n\n<p>Mosquera queda en el departamento de <strong>Cundinamarca<\/strong>, a <strong>15 kil\u00f3metros<\/strong> al occidente de Bogot\u00e1. Limita con <strong>Funza<\/strong> y <strong>Madrid<\/strong> al norte, con <strong>Bojac\u00e1<\/strong> al occidente, con <strong>Soacha<\/strong> y <strong>San Antonio del Tequendama<\/strong> al sur, y con la localidad de <strong>Fontib\u00f3n<\/strong> al oriente.<\/p>\n\n<\/div><\/details><\/div>\n\n<div class=\"lightweight-accordion\"><details><summary class=\"lightweight-accordion-title\"><span>\u00bfCu\u00e1nto es el tiempo de desplazamiento entre Bogot\u00e1 y Mosquera? <\/span><\/summary><div class=\"lightweight-accordion-body\">\n\n<p>El recorrido toma entre <strong>30 y 45 minutos<\/strong>, seg\u00fan el tr\u00e1fico y la ruta utilizada.<\/p>\n\n<\/div><\/details><\/div>\n\n<div class=\"lightweight-accordion\"><details><summary class=\"lightweight-accordion-title\"><span>\u00bfQu\u00e9 se cultiva en Mosquera?<\/span><\/summary><div class=\"lightweight-accordion-body\">\n\n<p>En Mosquera se cultivan principalmente <strong>flores<\/strong>, <strong>papa<\/strong>, <strong>ma\u00edz<\/strong>, <strong>arveja<\/strong> y hortalizas propias de clima fr\u00edo.<\/p>\n\n<\/div><\/details><\/div>\n\n\n<hr class=\"wp-block-separator has-alpha-channel-opacity is-style-dots\"\/>\n\n\n\n<p>Vivir en <a href=\"https:\/\/arriendo.com\/co\/busqueda\/?layout=grid-3&amp;address=Mosquera&amp;es=1&amp;paged-1=1\" target=\"_blank\" rel=\"noreferrer noopener\">Mosquera<\/a>, significa cercan\u00eda, beun transporte, sitios de inter\u00e9s y calidad de vida. Si este destino te inspira, <strong><a href=\"https:\/\/arriendo.com\/co\/busqueda\/?layout=grid-3&amp;address=Mosquera&amp;es=1&amp;es_type[0]=299&amp;es_type[1]=114&amp;es_type[3]=115&amp;paged-1=1\">Arriendo.com<\/a><\/strong> puede ayudarte a encontrar ese lugar perfecto para comenzar una nueva etapa.<\/p>\n","protected":false},"excerpt":{"rendered":"<p>Si alguna vez te has preguntado por qu\u00e9 vivir en Mosquera, aqu\u00ed te contamos las principales razones que han llevado a muchas personas a mudarse a este municipio. Fue fundado el 27 de diciembre de 1861 en honor al general [&hellip;]<\/p>\n","protected":false},"author":26,"featured_media":25693,"comment_status":"open","ping_status":"closed","sticky":false,"template":"","format":"standard","meta":{"_acf_changed":false,"footnotes":""},"categories":[118],"tags":[],"class_list":["post-22394","post","type-post","status-publish","format-standard","has-post-thumbnail","hentry","category-arriendo"],"acf":[],"nelio_content":{"isAutoShareEnabled":true,"autoShareEndMode":"never","automationSources":{"useCustomSentences":false,"customSentences":[]},"followers":[29,26],"suggestedReferences":[],"efiUrl":"","efiAlt":"","highlights":[],"permalinkQueryArgs":[],"series":[]},"yoast_head":"<!-- This site is optimized with the Yoast SEO plugin v25.4 - https:\/\/yoast.com\/wordpress\/plugins\/seo\/ -->\n<title>\u00bfPor qu\u00e9 vivir en Mosquera? 2026<\/title>\n<meta name=\"description\" content=\"Si alguna vez te has preguntado por qu\u00e9 vivir en Mosquera, aqu\u00ed te contamos las principales razones que han llevado a muchas personas a mudarse a este\" \/>\n<meta name=\"robots\" content=\"index, follow, max-snippet:-1, max-image-preview:large, max-video-preview:-1\" \/>\n<link rel=\"canonical\" href=\"https:\/\/arriendo.com\/co\/blog\/arriendo\/por-que-vivir-en-mosquera\/\" \/>\n<meta property=\"og:locale\" content=\"es_ES\" \/>\n<meta property=\"og:type\" content=\"article\" \/>\n<meta property=\"og:title\" content=\"\u00bfPor qu\u00e9 vivir en Mosquera? 2026\" \/>\n<meta property=\"og:description\" content=\"Si alguna vez te has preguntado por qu\u00e9 vivir en Mosquera, aqu\u00ed te contamos las principales razones que han llevado a muchas personas a mudarse a este\" \/>\n<meta property=\"og:url\" content=\"https:\/\/arriendo.com\/co\/blog\/arriendo\/por-que-vivir-en-mosquera\/\" \/>\n<meta property=\"og:site_name\" content=\"Blog Arriendo.com\" \/>\n<meta property=\"article:publisher\" content=\"https:\/\/www.facebook.com\/arriendocom\" \/>\n<meta property=\"article:published_time\" content=\"2026-07-16T16:44:23+00:00\" \/>\n<meta property=\"article:modified_time\" content=\"2026-07-30T22:42:17+00:00\" \/>\n<meta property=\"og:image\" content=\"https:\/\/cdn-blog.arriendo.com\/co\/blog\/wp-content\/uploads\/2026\/07\/Cambio.jpg\" \/>\n\t<meta property=\"og:image:width\" content=\"1400\" \/>\n\t<meta property=\"og:image:height\" content=\"850\" \/>\n\t<meta property=\"og:image:type\" content=\"image\/jpeg\" \/>\n<meta name=\"author\" content=\"Angie Garz\u00f3n\" \/>\n<meta name=\"twitter:card\" content=\"summary_large_image\" \/>\n<meta name=\"twitter:label1\" content=\"Escrito por\" \/>\n\t<meta name=\"twitter:data1\" content=\"Angie Garz\u00f3n\" \/>\n\t<meta name=\"twitter:label2\" content=\"Tiempo de lectura\" \/>\n\t<meta name=\"twitter:data2\" content=\"7 minutos\" \/>\n<script type=\"application\/ld+json\" class=\"yoast-schema-graph\">{\"@context\":\"https:\/\/schema.org\",\"@graph\":[{\"@type\":[\"Article\",\"BlogPosting\"],\"@id\":\"https:\/\/arriendo.com\/co\/blog\/arriendo\/por-que-vivir-en-mosquera\/#article\",\"isPartOf\":{\"@id\":\"https:\/\/arriendo.com\/co\/blog\/arriendo\/por-que-vivir-en-mosquera\/\"},\"author\":{\"name\":\"Angie Garz\u00f3n\",\"@id\":\"https:\/\/arriendo.com\/co\/blog\/#\/schema\/person\/af545b6f54ddf8086e02d3aa49da36bf\"},\"headline\":\"\u00bfPor qu\u00e9 vivir en Mosquera?\",\"datePublished\":\"2026-07-16T16:44:23+00:00\",\"dateModified\":\"2026-07-30T22:42:17+00:00\",\"mainEntityOfPage\":{\"@id\":\"https:\/\/arriendo.com\/co\/blog\/arriendo\/por-que-vivir-en-mosquera\/\"},\"wordCount\":1419,\"commentCount\":0,\"publisher\":{\"@id\":\"https:\/\/arriendo.com\/co\/blog\/#organization\"},\"image\":{\"@id\":\"https:\/\/arriendo.com\/co\/blog\/arriendo\/por-que-vivir-en-mosquera\/#primaryimage\"},\"thumbnailUrl\":\"https:\/\/cdn-blog.arriendo.com\/co\/blog\/wp-content\/uploads\/2026\/07\/Cambio.jpg\",\"articleSection\":[\"Arriendo\"],\"inLanguage\":\"es\",\"potentialAction\":[{\"@type\":\"CommentAction\",\"name\":\"Comment\",\"target\":[\"https:\/\/arriendo.com\/co\/blog\/arriendo\/por-que-vivir-en-mosquera\/#respond\"]}]},{\"@type\":\"WebPage\",\"@id\":\"https:\/\/arriendo.com\/co\/blog\/arriendo\/por-que-vivir-en-mosquera\/\",\"url\":\"https:\/\/arriendo.com\/co\/blog\/arriendo\/por-que-vivir-en-mosquera\/\",\"name\":\"\u00bfPor qu\u00e9 vivir en Mosquera? 2026\",\"isPartOf\":{\"@id\":\"https:\/\/arriendo.com\/co\/blog\/#website\"},\"primaryImageOfPage\":{\"@id\":\"https:\/\/arriendo.com\/co\/blog\/arriendo\/por-que-vivir-en-mosquera\/#primaryimage\"},\"image\":{\"@id\":\"https:\/\/arriendo.com\/co\/blog\/arriendo\/por-que-vivir-en-mosquera\/#primaryimage\"},\"thumbnailUrl\":\"https:\/\/cdn-blog.arriendo.com\/co\/blog\/wp-content\/uploads\/2026\/07\/Cambio.jpg\",\"datePublished\":\"2026-07-16T16:44:23+00:00\",\"dateModified\":\"2026-07-30T22:42:17+00:00\",\"description\":\"Si alguna vez te has preguntado por qu\u00e9 vivir en Mosquera, aqu\u00ed te contamos las principales razones que han llevado a muchas personas a mudarse a este\",\"breadcrumb\":{\"@id\":\"https:\/\/arriendo.com\/co\/blog\/arriendo\/por-que-vivir-en-mosquera\/#breadcrumb\"},\"inLanguage\":\"es\",\"potentialAction\":[{\"@type\":\"ReadAction\",\"target\":[\"https:\/\/arriendo.com\/co\/blog\/arriendo\/por-que-vivir-en-mosquera\/\"]}]},{\"@type\":\"ImageObject\",\"inLanguage\":\"es\",\"@id\":\"https:\/\/arriendo.com\/co\/blog\/arriendo\/por-que-vivir-en-mosquera\/#primaryimage\",\"url\":\"https:\/\/cdn-blog.arriendo.com\/co\/blog\/wp-content\/uploads\/2026\/07\/Cambio.jpg\",\"contentUrl\":\"https:\/\/cdn-blog.arriendo.com\/co\/blog\/wp-content\/uploads\/2026\/07\/Cambio.jpg\",\"width\":1400,\"height\":850,\"caption\":\"Imagen de cambio\"},{\"@type\":\"BreadcrumbList\",\"@id\":\"https:\/\/arriendo.com\/co\/blog\/arriendo\/por-que-vivir-en-mosquera\/#breadcrumb\",\"itemListElement\":[{\"@type\":\"ListItem\",\"position\":1,\"name\":\"Inicio\",\"item\":\"https:\/\/arriendo.com\/co\/blog\/\"},{\"@type\":\"ListItem\",\"position\":2,\"name\":\"Arriendo\",\"item\":\"https:\/\/arriendo.com\/co\/blog\/arriendo\/\"},{\"@type\":\"ListItem\",\"position\":3,\"name\":\"\u00bfPor qu\u00e9 vivir en Mosquera?\"}]},{\"@type\":\"WebSite\",\"@id\":\"https:\/\/arriendo.com\/co\/blog\/#website\",\"url\":\"https:\/\/arriendo.com\/co\/blog\/\",\"name\":\"Blog arriendo.com\",\"description\":\"Abre la puerta de tu pr\u00f3ximo hogar\",\"publisher\":{\"@id\":\"https:\/\/arriendo.com\/co\/blog\/#organization\"},\"alternateName\":\"Blog Arriendo\",\"potentialAction\":[{\"@type\":\"SearchAction\",\"target\":{\"@type\":\"EntryPoint\",\"urlTemplate\":\"https:\/\/arriendo.com\/co\/blog\/?s={search_term_string}\"},\"query-input\":{\"@type\":\"PropertyValueSpecification\",\"valueRequired\":true,\"valueName\":\"search_term_string\"}}],\"inLanguage\":\"es\"},{\"@type\":\"Organization\",\"@id\":\"https:\/\/arriendo.com\/co\/blog\/#organization\",\"name\":\"Blog arriendo.com\",\"alternateName\":\"Arriendo.com\",\"url\":\"https:\/\/arriendo.com\/co\/blog\/\",\"logo\":{\"@type\":\"ImageObject\",\"inLanguage\":\"es\",\"@id\":\"https:\/\/arriendo.com\/co\/blog\/#\/schema\/logo\/image\/\",\"url\":\"https:\/\/arriendo.com\/co\/blog\/wp-content\/uploads\/2020\/02\/logo-arriendo-perfil-rojo-1080x1080-ok-v1.png\",\"contentUrl\":\"https:\/\/arriendo.com\/co\/blog\/wp-content\/uploads\/2020\/02\/logo-arriendo-perfil-rojo-1080x1080-ok-v1.png\",\"width\":1080,\"height\":1080,\"caption\":\"Blog arriendo.com\"},\"image\":{\"@id\":\"https:\/\/arriendo.com\/co\/blog\/#\/schema\/logo\/image\/\"},\"sameAs\":[\"https:\/\/www.facebook.com\/arriendocom\"]},{\"@type\":\"Person\",\"@id\":\"https:\/\/arriendo.com\/co\/blog\/#\/schema\/person\/af545b6f54ddf8086e02d3aa49da36bf\",\"name\":\"Angie Garz\u00f3n\",\"image\":{\"@type\":\"ImageObject\",\"inLanguage\":\"es\",\"@id\":\"https:\/\/arriendo.com\/co\/blog\/#\/schema\/person\/image\/\",\"url\":\"https:\/\/secure.gravatar.com\/avatar\/e713e3ef8d16d79caf4592c7654f906ea9ce802f9415d02624753a908c80f61e?s=96&r=g\",\"contentUrl\":\"https:\/\/secure.gravatar.com\/avatar\/e713e3ef8d16d79caf4592c7654f906ea9ce802f9415d02624753a908c80f61e?s=96&r=g\",\"caption\":\"Angie Garz\u00f3n\"}}]}<\/script>\n<!-- \/ Yoast SEO plugin. -->","yoast_head_json":{"title":"\u00bfPor qu\u00e9 vivir en Mosquera? 2026","description":"Si alguna vez te has preguntado por qu\u00e9 vivir en Mosquera, aqu\u00ed te contamos las principales razones que han llevado a muchas personas a mudarse a este","robots":{"index":"index","follow":"follow","max-snippet":"max-snippet:-1","max-image-preview":"max-image-preview:large","max-video-preview":"max-video-preview:-1"},"canonical":"https:\/\/arriendo.com\/co\/blog\/arriendo\/por-que-vivir-en-mosquera\/","og_locale":"es_ES","og_type":"article","og_title":"\u00bfPor qu\u00e9 vivir en Mosquera? 2026","og_description":"Si alguna vez te has preguntado por qu\u00e9 vivir en Mosquera, aqu\u00ed te contamos las principales razones que han llevado a muchas personas a mudarse a este","og_url":"https:\/\/arriendo.com\/co\/blog\/arriendo\/por-que-vivir-en-mosquera\/","og_site_name":"Blog Arriendo.com","article_publisher":"https:\/\/www.facebook.com\/arriendocom","article_published_time":"2026-07-16T16:44:23+00:00","article_modified_time":"2026-07-30T22:42:17+00:00","og_image":[{"width":1400,"height":850,"url":"https:\/\/cdn-blog.arriendo.com\/co\/blog\/wp-content\/uploads\/2026\/07\/Cambio.jpg","type":"image\/jpeg"}],"author":"Angie Garz\u00f3n","twitter_card":"summary_large_image","twitter_misc":{"Escrito por":"Angie Garz\u00f3n","Tiempo de lectura":"7 minutos"},"schema":{"@context":"https:\/\/schema.org","@graph":[{"@type":["Article","BlogPosting"],"@id":"https:\/\/arriendo.com\/co\/blog\/arriendo\/por-que-vivir-en-mosquera\/#article","isPartOf":{"@id":"https:\/\/arriendo.com\/co\/blog\/arriendo\/por-que-vivir-en-mosquera\/"},"author":{"name":"Angie Garz\u00f3n","@id":"https:\/\/arriendo.com\/co\/blog\/#\/schema\/person\/af545b6f54ddf8086e02d3aa49da36bf"},"headline":"\u00bfPor qu\u00e9 vivir en Mosquera?","datePublished":"2026-07-16T16:44:23+00:00","dateModified":"2026-07-30T22:42:17+00:00","mainEntityOfPage":{"@id":"https:\/\/arriendo.com\/co\/blog\/arriendo\/por-que-vivir-en-mosquera\/"},"wordCount":1419,"commentCount":0,"publisher":{"@id":"https:\/\/arriendo.com\/co\/blog\/#organization"},"image":{"@id":"https:\/\/arriendo.com\/co\/blog\/arriendo\/por-que-vivir-en-mosquera\/#primaryimage"},"thumbnailUrl":"https:\/\/cdn-blog.arriendo.com\/co\/blog\/wp-content\/uploads\/2026\/07\/Cambio.jpg","articleSection":["Arriendo"],"inLanguage":"es","potentialAction":[{"@type":"CommentAction","name":"Comment","target":["https:\/\/arriendo.com\/co\/blog\/arriendo\/por-que-vivir-en-mosquera\/#respond"]}]},{"@type":"WebPage","@id":"https:\/\/arriendo.com\/co\/blog\/arriendo\/por-que-vivir-en-mosquera\/","url":"https:\/\/arriendo.com\/co\/blog\/arriendo\/por-que-vivir-en-mosquera\/","name":"\u00bfPor qu\u00e9 vivir en Mosquera? 2026","isPartOf":{"@id":"https:\/\/arriendo.com\/co\/blog\/#website"},"primaryImageOfPage":{"@id":"https:\/\/arriendo.com\/co\/blog\/arriendo\/por-que-vivir-en-mosquera\/#primaryimage"},"image":{"@id":"https:\/\/arriendo.com\/co\/blog\/arriendo\/por-que-vivir-en-mosquera\/#primaryimage"},"thumbnailUrl":"https:\/\/cdn-blog.arriendo.com\/co\/blog\/wp-content\/uploads\/2026\/07\/Cambio.jpg","datePublished":"2026-07-16T16:44:23+00:00","dateModified":"2026-07-30T22:42:17+00:00","description":"Si alguna vez te has preguntado por qu\u00e9 vivir en Mosquera, aqu\u00ed te contamos las principales razones que han llevado a muchas personas a mudarse a este","breadcrumb":{"@id":"https:\/\/arriendo.com\/co\/blog\/arriendo\/por-que-vivir-en-mosquera\/#breadcrumb"},"inLanguage":"es","potentialAction":[{"@type":"ReadAction","target":["https:\/\/arriendo.com\/co\/blog\/arriendo\/por-que-vivir-en-mosquera\/"]}]},{"@type":"ImageObject","inLanguage":"es","@id":"https:\/\/arriendo.com\/co\/blog\/arriendo\/por-que-vivir-en-mosquera\/#primaryimage","url":"https:\/\/cdn-blog.arriendo.com\/co\/blog\/wp-content\/uploads\/2026\/07\/Cambio.jpg","contentUrl":"https:\/\/cdn-blog.arriendo.com\/co\/blog\/wp-content\/uploads\/2026\/07\/Cambio.jpg","width":1400,"height":850,"caption":"Imagen de cambio"},{"@type":"BreadcrumbList","@id":"https:\/\/arriendo.com\/co\/blog\/arriendo\/por-que-vivir-en-mosquera\/#breadcrumb","itemListElement":[{"@type":"ListItem","position":1,"name":"Inicio","item":"https:\/\/arriendo.com\/co\/blog\/"},{"@type":"ListItem","position":2,"name":"Arriendo","item":"https:\/\/arriendo.com\/co\/blog\/arriendo\/"},{"@type":"ListItem","position":3,"name":"\u00bfPor qu\u00e9 vivir en Mosquera?"}]},{"@type":"WebSite","@id":"https:\/\/arriendo.com\/co\/blog\/#website","url":"https:\/\/arriendo.com\/co\/blog\/","name":"Blog arriendo.com","description":"Abre la puerta de tu pr\u00f3ximo hogar","publisher":{"@id":"https:\/\/arriendo.com\/co\/blog\/#organization"},"alternateName":"Blog Arriendo","potentialAction":[{"@type":"SearchAction","target":{"@type":"EntryPoint","urlTemplate":"https:\/\/arriendo.com\/co\/blog\/?s={search_term_string}"},"query-input":{"@type":"PropertyValueSpecification","valueRequired":true,"valueName":"search_term_string"}}],"inLanguage":"es"},{"@type":"Organization","@id":"https:\/\/arriendo.com\/co\/blog\/#organization","name":"Blog arriendo.com","alternateName":"Arriendo.com","url":"https:\/\/arriendo.com\/co\/blog\/","logo":{"@type":"ImageObject","inLanguage":"es","@id":"https:\/\/arriendo.com\/co\/blog\/#\/schema\/logo\/image\/","url":"https:\/\/arriendo.com\/co\/blog\/wp-content\/uploads\/2020\/02\/logo-arriendo-perfil-rojo-1080x1080-ok-v1.png","contentUrl":"https:\/\/arriendo.com\/co\/blog\/wp-content\/uploads\/2020\/02\/logo-arriendo-perfil-rojo-1080x1080-ok-v1.png","width":1080,"height":1080,"caption":"Blog arriendo.com"},"image":{"@id":"https:\/\/arriendo.com\/co\/blog\/#\/schema\/logo\/image\/"},"sameAs":["https:\/\/www.facebook.com\/arriendocom"]},{"@type":"Person","@id":"https:\/\/arriendo.com\/co\/blog\/#\/schema\/person\/af545b6f54ddf8086e02d3aa49da36bf","name":"Angie Garz\u00f3n","image":{"@type":"ImageObject","inLanguage":"es","@id":"https:\/\/arriendo.com\/co\/blog\/#\/schema\/person\/image\/","url":"https:\/\/secure.gravatar.com\/avatar\/e713e3ef8d16d79caf4592c7654f906ea9ce802f9415d02624753a908c80f61e?s=96&r=g","contentUrl":"https:\/\/secure.gravatar.com\/avatar\/e713e3ef8d16d79caf4592c7654f906ea9ce802f9415d02624753a908c80f61e?s=96&r=g","caption":"Angie Garz\u00f3n"}}]}},"amp_enabled":true,"_links":{"self":[{"href":"https:\/\/arriendo.com\/co\/blog\/wp-json\/wp\/v2\/posts\/22394","targetHints":{"allow":["GET"]}}],"collection":[{"href":"https:\/\/arriendo.com\/co\/blog\/wp-json\/wp\/v2\/posts"}],"about":[{"href":"https:\/\/arriendo.com\/co\/blog\/wp-json\/wp\/v2\/types\/post"}],"author":[{"embeddable":true,"href":"https:\/\/arriendo.com\/co\/blog\/wp-json\/wp\/v2\/users\/26"}],"replies":[{"embeddable":true,"href":"https:\/\/arriendo.com\/co\/blog\/wp-json\/wp\/v2\/comments?post=22394"}],"version-history":[{"count":38,"href":"https:\/\/arriendo.com\/co\/blog\/wp-json\/wp\/v2\/posts\/22394\/revisions"}],"predecessor-version":[{"id":25697,"href":"https:\/\/arriendo.com\/co\/blog\/wp-json\/wp\/v2\/posts\/22394\/revisions\/25697"}],"wp:featuredmedia":[{"embeddable":true,"href":"https:\/\/arriendo.com\/co\/blog\/wp-json\/wp\/v2\/media\/25693"}],"wp:attachment":[{"href":"https:\/\/arriendo.com\/co\/blog\/wp-json\/wp\/v2\/media?parent=22394"}],"wp:term":[{"taxonomy":"category","embeddable":true,"href":"https:\/\/arriendo.com\/co\/blog\/wp-json\/wp\/v2\/categories?post=22394"},{"taxonomy":"post_tag","embeddable":true,"href":"https:\/\/arriendo.com\/co\/blog\/wp-json\/wp\/v2\/tags?post=22394"}],"curies":[{"name":"wp","href":"https:\/\/api.w.org\/{rel}","templated":true}]}}