{"id":22252,"date":"2025-09-11T08:11:29","date_gmt":"2025-09-11T13:11:29","guid":{"rendered":"https:\/\/arriendo.com\/co\/blog\/?p=22252"},"modified":"2025-09-11T11:02:18","modified_gmt":"2025-09-11T16:02:18","slug":"guia-de-barrio-pontevedra","status":"publish","type":"post","link":"https:\/\/arriendo.com\/co\/blog\/lugares\/para-vivir\/guia-de-barrio-pontevedra\/","title":{"rendered":"Gu\u00eda de Barrio Pontevedra"},"content":{"rendered":"\n<p><strong>El barrio Pontevedra<\/strong> se encuentra ubicado en la localidad de <a href=\"https:\/\/arriendo.com\/co\/blog\/lugares\/para-vivir\/zonas-y-barrios-residenciales-de-suba\/\">Suba<\/a>, pertenece a la UPZ de La Floresta, la cual se ubica al sur de esta localidad. Limita al sur con el barrio Potos\u00ed al norte con el Humedal C\u00f3rdoba al oriente con el Colegio Agustiniano Norte y el barrio San Nicol\u00e1s y al occidente con el Campo de Golf Club Los Lagartos. Tambi\u00e9n, cuenta con zonas residenciales y comerciales, as\u00ed como andenes amplios y bici carril tanto en la Calle 116 como en la Avenida Boyac\u00e1.<\/p>\n\n\n\n<h2 class=\"gb-headline gb-headline-b97f5492 gb-headline-text\">Contexto hist\u00f3rico<\/h2>\n\n\n\n<p>A principios del siglo XX, el territorio de la localidad as\u00ed como otros lugares de <a href=\"https:\/\/arriendo.com\/co\/busqueda\/?es=1&amp;es_type%5B%5D=&amp;es_type=&amp;address=Bogot\u00e1\" target=\"_blank\" rel=\"noreferrer noopener\"><strong>Bogot\u00e1<\/strong><\/a> no estaban vinculados a la capital, en su lugar eran municipios perif\u00e9ricos. Con la expansi\u00f3n urbana durante los a\u00f1os 50, Suba dej\u00f3 de ser un municipio y comenz\u00f3 su proceso de adhesi\u00f3n a la capital colombiana. Para el a\u00f1o 1991 se declar\u00f3 a Suba como una localidad del distrito, la n\u00famero 11. En la actualidad, tanto el barrio Pontevedra como Suba son una <strong>zona altamente urbanizada<\/strong>, con zonas residenciales, comerciales y de oficinas.<\/p>\n\n\n\n<h2 class=\"gb-headline gb-headline-956fbd18 gb-headline-text\">Dato curioso \ud83d\udca1<\/h2>\n\n\n\n<ul class=\"wp-block-list\">\n<li>El barrio Pontevedra es un hom\u00f3nimo de una provincia en Galicia, Espa\u00f1a cuya capital tiene el mismo nombre. Esto lo convierte en uno de los barrios de Bogot\u00e1 que comparten nombre con ciudades europeas.<\/li>\n\n\n\n<li>La avenida Boyac\u00e1, que pasa por este barrio, es la m\u00e1s larga de la capital, con aproximadamente 36 kil\u00f3metros de longitud, desde el sector de El Uval en la localidad de Usme hasta la calle 183.<\/li>\n<\/ul>\n\n\n\n<ul class=\"wp-block-list\">\n<li>La localidad de Suba es equivalente en poblaci\u00f3n a la ciudad de Barranquila.<\/li>\n\n\n\n<li>En el puente de la Avenida Boyac\u00e1 con calle 116 se encuentran varios grafitis y murales en conmemoraci\u00f3n de Tr\u00edpido.<\/li>\n<\/ul>\n\n\n\n<iframe loading=\"lazy\" src=\"https:\/\/www.google.com\/maps\/d\/embed?mid=1ZT9mPqMH5u0zADfFzAMpg46zc3HIpl8&ehbc=2E312F\" width=\"1200\" height=\"700\"><\/iframe>\n\n\n\n<h2 class=\"gb-headline gb-headline-b1ad2901 gb-headline-text\">Parques y zonas verdes <\/h2>\n\n\n\n<p>El sector de Pontevedra se encuentra rodeado de parques y centros deportivos. A su vez, es uno de los barrios m\u00e1s cercanos al <strong>Humedal C\u00f3rdoba<\/strong>. Seg\u00fan la Secretar\u00eda de Ambiente, este humedal es un \u00e1rea protegida que forma parte de la estructura ecol\u00f3gica principal de la ciudad y se ubica entre las calles 117C y 118, y la Avenida Boyac\u00e1 y la Avenida Calle 127, Adem\u00e1s de esta \u00e1rea protegida, en el barrio Pontevedra y sus alrededores se puede disfrutar de parques y espacio p\u00fablico.<\/p>\n\n\n\n<ul class=\"wp-block-list\">\n<li>Parque Pontevedra <em>(Carrera 71 a x Calle 99)<\/em><\/li>\n\n\n\n<li>Campo de Golf Club Los Lagartos <em>(Avenida calle 116 # 72a-80)<\/em><\/li>\n\n\n\n<li>Parque P\u00fablico San Nicol\u00e1s <em>(Carrera 70h x Calle 117a)<\/em><\/li>\n\n\n\n<li>Parque Bernal <em>(Carrera 72a x Calle 116)<\/em><\/li>\n\n\n\n<li>Centro Deportivo Choquenz\u00e1<em> (Carrera 71d # 120-01)<\/em><\/li>\n\n\n\n<li>Parque Pontevedra <em>(Carrera 71c x Cale 99a)<\/em><\/li>\n\n\n\n<li>Club deportivo Emmanuel FC <em>(Carrera 71 x Calle 99a)<\/em><\/li>\n<\/ul>\n\n\n\n<figure class=\"gb-block-image gb-block-image-de0a5b1d\"><img loading=\"lazy\" decoding=\"async\" width=\"1400\" height=\"850\" class=\"gb-image gb-image-de0a5b1d\" src=\"https:\/\/cdn-blog.arriendo.com\/co\/blog\/wp-content\/uploads\/2025\/08\/Humedal-Cordoba-vecino-del-barrio-Pontevedra.jpg\" alt=\"Humedal C\u00f3rdoba\" title=\"Humedal C\u00f3rdoba, vecino del barrio Pontevedra\" srcset=\"https:\/\/cdn-blog.arriendo.com\/co\/blog\/wp-content\/uploads\/2025\/08\/Humedal-Cordoba-vecino-del-barrio-Pontevedra.jpg 1400w, https:\/\/cdn-blog.arriendo.com\/co\/blog\/wp-content\/uploads\/2025\/08\/Humedal-Cordoba-vecino-del-barrio-Pontevedra-500x304.jpg 500w, https:\/\/cdn-blog.arriendo.com\/co\/blog\/wp-content\/uploads\/2025\/08\/Humedal-Cordoba-vecino-del-barrio-Pontevedra-768x466.jpg 768w\" sizes=\"auto, (max-width: 1400px) 100vw, 1400px\" \/><\/figure>\n\n\n\n<h2 class=\"gb-headline gb-headline-f53f4ed6 gb-headline-text\">Oferta Educativa<\/h2>\n\n\n\n<p>En la zona de <strong>Pontevedra<\/strong> tendr\u00e1s acceso a distintos centros de estudio para cada etapa educativa, desde el jard\u00edn hasta la universidad.<\/p>\n\n\n\n<ul class=\"wp-block-list\">\n<li>Colegio Gimnasio Kaipor\u00e9 <em>(Calle 117 # 70c-91)<\/em><\/li>\n\n\n\n<li>Colegio Agustiniano norte <em>(Carrera 70c # 116a-12)<\/em><\/li>\n\n\n\n<li>Corporaci\u00f3n Universitaria Minuto de Dios - UNIMINUTO <em>(Transversal 73a x Calle 81b)<\/em><\/li>\n<\/ul>\n\n\n\n<h2 class=\"gb-headline gb-headline-1a11459f gb-headline-text\">Seguridad en Pontevedra<\/h2>\n\n\n\n<p>El barrio Pontevedra es considerado un sector seguro, gracias a la presencia del <strong>CAI <\/strong>(Comando de Atenci\u00f3n Inmediata) Alhambra <em>(Avenida calle 116# 54b - 07), <\/em>al cual puedes comunicarte a trav\u00e9s del n\u00famero <em>(601) 637 2437.<\/em> Adem\u00e1s, sus calles y conjuntos residenciales cuentan con servicio de <strong>vigilancia privada<\/strong>.<\/p>\n\n\n\n<h2 class=\"wp-block-heading\">Transporte p\u00fablico y movilidad \ud83d\ude8c<\/h2>\n\n\n\n<h3 class=\"gb-headline gb-headline-9a0d487e gb-headline-text\">Movilidad <\/h3>\n\n\n\n<p>El sector de Pontevedra se encuentra cerca de dos avenidas principales, <strong>La avenida Boyac\u00e1 y la Avenida Calle 116<\/strong> o Avenida Pepe Sierra, v\u00edas de acceso amplias que te llevan al oriente de la ciudad, como al sur y al norte, de hecho por la Avenida Boyac\u00e1 puedes salir de la capital hacia la ciudad de <a href=\"https:\/\/arriendo.com\/co\/blog\/lugares\/para-vivir\/razones-para-vivir-en-villavicencio\/\" target=\"_blank\" rel=\"noreferrer noopener\">Villavicencio<\/a>.<\/p>\n\n\n<div class=\"gb-container gb-container-83231f10\">\n\n<h3 class=\"gb-headline gb-headline-fb85754a gb-headline-text\"> Transporte p\u00fablico<\/h3>\n\n\n\n<p>En la zona de Pontevedra existen diversos paraderos del <strong>sistema transporte p\u00fablico<\/strong>, los cuales te conectan con diferentes barrios de la capital hacia todos los puntos cardinales.<\/p>\n\n<\/div>\n\n\n<figure class=\"wp-block-table is-style-stripes has-small-font-size\"><table class=\"has-fixed-layout\"><thead><tr><th>Ruta<\/th><th>Destino<\/th><th>Ruta <\/th><th>Destino<\/th><\/tr><\/thead><tbody><tr><td>193B<\/td><td>Bachu\u00e9<\/td><td>193B<\/td><td>Marly<\/td><\/tr><tr><td>607A<\/td><td>Pontevedra<\/td><td>607A<\/td><td><a href=\"https:\/\/arriendo.com\/co\/blog\/lugares\/para-vivir\/barrio-san-bernardino-bogota\/\">San Bernandino<\/a><\/td><\/tr><tr><td>C25<\/td><td>Unicentro<\/td><td>C25<\/td><td>Sabana del Dorado<\/td><\/tr><tr><td>C122<\/td><td>Aures II<\/td><td>K122<\/td><td>Zona Industrial <\/td><\/tr><tr><td>B609<\/td><td>Unicentro<\/td><td>H609<\/td><td>Arborizadora Alta<\/td><\/tr><tr><td>T21<\/td><td>Cant\u00f3n Norte<\/td><td>T21<\/td><td>Corpas<\/td><\/tr><tr><td>A203<\/td><td><a href=\"https:\/\/arriendo.com\/co\/blog\/lugares\/para-vivir\/barrio-chico-bogota\/\">Chic\u00f3 Norte<\/a><\/td><td>D203<\/td><td>Bachu\u00e9<\/td><\/tr><tr><td>B217<\/td><td>Unicentro<\/td><td>D217<\/td><td>Sabana del Dorado<\/td><\/tr><tr><td>B314<\/td><td>El Codito<\/td><td>K314<\/td><td>Fontib\u00f3n Brisas <\/td><\/tr><tr><td>B903<\/td><td>Verbenal<\/td><td>K903<\/td><td>Aeropuerto<\/td><\/tr><tr><td>B918<\/td><td>Terminal Norte<\/td><td>F918<\/td><td>Patio Bonito<\/td><\/tr><tr><td>C116<\/td><td>Fontanar del R\u00edo<\/td><td>H116<\/td><td>San Carlos<\/td><\/tr><tr><td>260<\/td><td>Unicentro <\/td><td>260<\/td><td>Arabia<\/td><\/tr><tr><td>330<\/td><td>La Estrellita<\/td><td>330<\/td><td>El Uval<\/td><\/tr><tr><td>742A<\/td><td>Bulevar Niza<\/td><td>742A<\/td><td>El Para\u00edso<\/td><\/tr><tr><td>B419<\/td><td>Lijac\u00e1<\/td><td>F419<\/td><td>Calandaima<\/td><\/tr><tr><td>B902<\/td><td>Calle 222 <\/td><td>G902<\/td><td>Metrovivienda<\/td><\/tr><tr><td>B909<\/td><td>Mazur\u00e9n<\/td><td>D909<\/td><td>Villas de Granada<\/td><\/tr><tr><td>C401<\/td><td>Calle 170<\/td><td>F401<\/td><td>Tierra Buena<\/td><\/tr><tr><td>E16A<\/td><td>Colina - CL 153<\/td><td>E16A<\/td><td>Bosa San Jos\u00e9<\/td><\/tr><\/tbody><\/table><figcaption class=\"wp-element-caption\"><em>* Los datos anteriormente presentados pueden estar sujetos a modificaciones, te recomendamos visitar la <a href=\"https:\/\/www.transmilenio.gov.co\/publicaciones\/noticias\/?tema=10\" target=\"_blank\" rel=\"noreferrer noopener\">p\u00e1gina oficial del sistema de transporte<\/a> con el fin de obtener la informaci\u00f3n m\u00e1s actualizada y precisa<\/em><\/figcaption><\/figure>\n\n\n\n<h2 class=\"gb-headline gb-headline-1297358e gb-headline-text\">3 razones vivir en el barrio Pontevedra<\/h2>\n\n\n\n<ul class=\"wp-block-list\">\n<li>Es un barrio que ofrece varios sitios de esparcimiento y zonas de estudio.<\/li>\n\n\n\n<li>Tiene una <strong>ubicaci\u00f3n estrat\u00e9gica<\/strong>, cerca de v\u00edas de acceso principales y rutas de transporte p\u00fablico.<\/li>\n\n\n\n<li>Es <strong>un sector tranquilo<\/strong>, no solo por su seguridad, sino tambi\u00e9n por su proximidad a entornos ecol\u00f3gicos como el Humedal C\u00f3rdoba.<\/li>\n<\/ul>\n\n\n\n<h2 class=\"gb-headline gb-headline-3ee7175e gb-headline-text\">Preguntas Frecuentes<\/h2>\n\n\n<div class=\"gb-container gb-container-9356a4d5\">\n<div class=\"lightweight-accordion\"><details><summary class=\"lightweight-accordion-title\"><h3>\u00bfQu\u00e9 estaci\u00f3n de Transmilenio est\u00e1 cerca de Pontevedra?<\/h3><\/summary><div class=\"lightweight-accordion-body\">\n\n<p>El barrio Pontevedra no cuenta con estaciones de <strong>Transmilenio<\/strong> cercanas debido a encontrarse en la Avenida Boyac\u00e1 con Calle 116. Sin embargo, puedes tomar un bus zonal por una de estas avenidas con el fin de acceder a las siguientes estaciones:<\/p>\n\n\n\n<p><strong>Avenida Suba - Calle 116<\/strong> <em>(Troncal Suba [C]) 1.1 Km <\/em>(16 minutos de caminata aprox.)<\/p>\n\n\n\n<p><strong>Humedal C\u00f3rdoba<\/strong> <em>(Troncal Suba [C]) 1.8 Km <\/em>(25 minutos de caminata aprox.)<\/p>\n\n\n\n<p><strong>Boyac\u00e1<\/strong><em> (Troncal calle 80 [D]) 2.1 Km<\/em> (29 minutos de caminata aprox.)<\/p>\n\n\n\n<p><strong>Minuto de Dios<\/strong> <em>(Troncal Calle 80 [D]) 2.7 Km <\/em>(40 minutos de caminata aprox.)<\/p>\n\n<\/div><\/details><\/div>\n<\/div>\n\n<div class=\"lightweight-accordion\"><details><summary class=\"lightweight-accordion-title\"><h3>\u00bfEl barrio Pontevedra cuenta con carriles para bicicleta?<\/h3><\/summary><div class=\"lightweight-accordion-body\">\n\n<p>La zona de Pontevedra, cuenta con carriles segregados para bicicleta en la Avenida Boyac\u00e1 y Calle 116. Por otro lado, los d\u00edas domingo y d\u00edas festivos de <strong>7:00 am a 2:00 pm<\/strong> los corredores mencionados anteriormente hacen parte de la <a href=\"https:\/\/www.idrd.gov.co\/ciclovia\" target=\"_blank\" rel=\"noreferrer noopener\"><strong>ciclov\u00eda<\/strong><\/a>. Este es un evento en el cual algunas calzadas de algunas v\u00edas de la ciudad son cerradas para permitir el tr\u00e1nsito de ciclistas y peatones<\/p>\n\n<\/div><\/details><\/div>\n\n<div class=\"lightweight-accordion\"><details><summary class=\"lightweight-accordion-title\"><h3>\u00bfQu\u00e9 estrato es el barrio Pontevedra?<\/h3><\/summary><div class=\"lightweight-accordion-body\">\n\n<p>El sector de Pontevedra pertenece al <strong>estrato 5<\/strong>, lo que significa que es una zona de estratificaci\u00f3n alta, al igual que sus barrios aleda\u00f1os.<\/p>\n\n<\/div><\/details><\/div>\n\n\n<hr class=\"wp-block-separator has-alpha-channel-opacity is-style-dots\"\/>\n\n\n\n<p class=\"has-text-align-center\"><em>\u00bf\u00a1Qu\u00e9 est\u00e1s esperando para mudarte a este sector noroccidental de la capital!? No olvides que en <a href=\"https:\/\/arriendo.com\/co\/busqueda\/?es=1&amp;es_type%5B%5D=&amp;es_type=&amp;address=pontevedra.\"><strong>Arriendo.com<\/strong><\/a> podr\u00e1s encontrar un sinn\u00famero de inmuebles esperando por ti. No te olvides de comentar que te pareci\u00f3 este sector, tambi\u00e9n recuerda que puedes conocer m\u00e1s sobre la localidad de Suba <a href=\"https:\/\/arriendo.com\/co\/blog\/lugares\/para-vivir\/zonas-y-barrios-residenciales-de-suba\/\">aqu\u00ed<\/a>.<\/em> \ud83c\udfe1<\/p>\n\n\n\n<p><\/p>\n","protected":false},"excerpt":{"rendered":"<p>El barrio Pontevedra se encuentra ubicado en la localidad de Suba, pertenece a la UPZ de La Floresta, la cual se ubica al sur de esta localidad. Limita al sur con el barrio Potos\u00ed al norte con el Humedal C\u00f3rdoba [&hellip;]<\/p>\n","protected":false},"author":29,"featured_media":23198,"comment_status":"open","ping_status":"closed","sticky":false,"template":"","format":"standard","meta":{"_acf_changed":false,"footnotes":""},"categories":[154],"tags":[],"class_list":["post-22252","post","type-post","status-publish","format-standard","has-post-thumbnail","hentry","category-para-vivir"],"acf":[],"nelio_content":{"isAutoShareEnabled":true,"autoShareEndMode":"never","automationSources":{"useCustomSentences":false,"customSentences":[]},"followers":[29],"suggestedReferences":[],"efiUrl":"","efiAlt":"","highlights":[],"permalinkQueryArgs":[],"series":[]},"yoast_head":"<!-- This site is optimized with the Yoast SEO plugin v25.4 - https:\/\/yoast.com\/wordpress\/plugins\/seo\/ -->\n<title>Gu\u00eda de Barrio Pontevedra<\/title>\n<meta name=\"description\" content=\"Descubre por qu\u00e9 el barrio Pontevedra en la localidad de Suba es uno de los mejores sectores para arrendar vivienda en Bogot\u00e1: ubicaci\u00f3n estrat\u00e9gica y tranquilidad.\" \/>\n<meta name=\"robots\" content=\"index, follow, max-snippet:-1, max-image-preview:large, max-video-preview:-1\" \/>\n<link rel=\"canonical\" href=\"https:\/\/arriendo.com\/co\/blog\/lugares\/para-vivir\/guia-de-barrio-pontevedra\/\" \/>\n<meta property=\"og:locale\" content=\"es_ES\" \/>\n<meta property=\"og:type\" content=\"article\" \/>\n<meta property=\"og:title\" content=\"Gu\u00eda de Barrio Pontevedra\" \/>\n<meta property=\"og:description\" content=\"Descubre por qu\u00e9 el barrio Pontevedra en la localidad de Suba es uno de los mejores sectores para arrendar vivienda en Bogot\u00e1: ubicaci\u00f3n estrat\u00e9gica y tranquilidad.\" \/>\n<meta property=\"og:url\" content=\"https:\/\/arriendo.com\/co\/blog\/lugares\/para-vivir\/guia-de-barrio-pontevedra\/\" \/>\n<meta property=\"og:site_name\" content=\"Blog Arriendo.com\" \/>\n<meta property=\"article:publisher\" content=\"https:\/\/www.facebook.com\/arriendocom\" \/>\n<meta property=\"article:published_time\" content=\"2025-09-11T13:11:29+00:00\" \/>\n<meta property=\"article:modified_time\" content=\"2025-09-11T16:02:18+00:00\" \/>\n<meta property=\"og:image\" content=\"https:\/\/cdn-blog.arriendo.com\/co\/blog\/wp-content\/uploads\/2025\/09\/Guia-de-barrio-Pontevedra.jpg\" \/>\n\t<meta property=\"og:image:width\" content=\"1900\" \/>\n\t<meta property=\"og:image:height\" content=\"1269\" \/>\n\t<meta property=\"og:image:type\" content=\"image\/jpeg\" \/>\n<meta name=\"author\" content=\"Alejandro D\u00edaz\" \/>\n<meta name=\"twitter:card\" content=\"summary_large_image\" \/>\n<meta name=\"twitter:label1\" content=\"Escrito por\" \/>\n\t<meta name=\"twitter:data1\" content=\"Alejandro D\u00edaz\" \/>\n\t<meta name=\"twitter:label2\" content=\"Tiempo de lectura\" \/>\n\t<meta name=\"twitter:data2\" content=\"5 minutos\" \/>\n<script type=\"application\/ld+json\" class=\"yoast-schema-graph\">{\"@context\":\"https:\/\/schema.org\",\"@graph\":[{\"@type\":[\"Article\",\"BlogPosting\"],\"@id\":\"https:\/\/arriendo.com\/co\/blog\/lugares\/para-vivir\/guia-de-barrio-pontevedra\/#article\",\"isPartOf\":{\"@id\":\"https:\/\/arriendo.com\/co\/blog\/lugares\/para-vivir\/guia-de-barrio-pontevedra\/\"},\"author\":{\"name\":\"Alejandro D\u00edaz\",\"@id\":\"https:\/\/arriendo.com\/co\/blog\/#\/schema\/person\/afbbb1243fd2d439eb43627d40253433\"},\"headline\":\"Gu\u00eda de Barrio Pontevedra\",\"datePublished\":\"2025-09-11T13:11:29+00:00\",\"dateModified\":\"2025-09-11T16:02:18+00:00\",\"mainEntityOfPage\":{\"@id\":\"https:\/\/arriendo.com\/co\/blog\/lugares\/para-vivir\/guia-de-barrio-pontevedra\/\"},\"wordCount\":1081,\"commentCount\":0,\"publisher\":{\"@id\":\"https:\/\/arriendo.com\/co\/blog\/#organization\"},\"image\":{\"@id\":\"https:\/\/arriendo.com\/co\/blog\/lugares\/para-vivir\/guia-de-barrio-pontevedra\/#primaryimage\"},\"thumbnailUrl\":\"https:\/\/cdn-blog.arriendo.com\/co\/blog\/wp-content\/uploads\/2025\/09\/Guia-de-barrio-Pontevedra.jpg\",\"articleSection\":[\"Lugares para Vivir\"],\"inLanguage\":\"es\",\"potentialAction\":[{\"@type\":\"CommentAction\",\"name\":\"Comment\",\"target\":[\"https:\/\/arriendo.com\/co\/blog\/lugares\/para-vivir\/guia-de-barrio-pontevedra\/#respond\"]}]},{\"@type\":\"WebPage\",\"@id\":\"https:\/\/arriendo.com\/co\/blog\/lugares\/para-vivir\/guia-de-barrio-pontevedra\/\",\"url\":\"https:\/\/arriendo.com\/co\/blog\/lugares\/para-vivir\/guia-de-barrio-pontevedra\/\",\"name\":\"Gu\u00eda de Barrio Pontevedra\",\"isPartOf\":{\"@id\":\"https:\/\/arriendo.com\/co\/blog\/#website\"},\"primaryImageOfPage\":{\"@id\":\"https:\/\/arriendo.com\/co\/blog\/lugares\/para-vivir\/guia-de-barrio-pontevedra\/#primaryimage\"},\"image\":{\"@id\":\"https:\/\/arriendo.com\/co\/blog\/lugares\/para-vivir\/guia-de-barrio-pontevedra\/#primaryimage\"},\"thumbnailUrl\":\"https:\/\/cdn-blog.arriendo.com\/co\/blog\/wp-content\/uploads\/2025\/09\/Guia-de-barrio-Pontevedra.jpg\",\"datePublished\":\"2025-09-11T13:11:29+00:00\",\"dateModified\":\"2025-09-11T16:02:18+00:00\",\"description\":\"Descubre por qu\u00e9 el barrio Pontevedra en la localidad de Suba es uno de los mejores sectores para arrendar vivienda en Bogot\u00e1: ubicaci\u00f3n estrat\u00e9gica y tranquilidad.\",\"breadcrumb\":{\"@id\":\"https:\/\/arriendo.com\/co\/blog\/lugares\/para-vivir\/guia-de-barrio-pontevedra\/#breadcrumb\"},\"inLanguage\":\"es\",\"potentialAction\":[{\"@type\":\"ReadAction\",\"target\":[\"https:\/\/arriendo.com\/co\/blog\/lugares\/para-vivir\/guia-de-barrio-pontevedra\/\"]}]},{\"@type\":\"ImageObject\",\"inLanguage\":\"es\",\"@id\":\"https:\/\/arriendo.com\/co\/blog\/lugares\/para-vivir\/guia-de-barrio-pontevedra\/#primaryimage\",\"url\":\"https:\/\/cdn-blog.arriendo.com\/co\/blog\/wp-content\/uploads\/2025\/09\/Guia-de-barrio-Pontevedra.jpg\",\"contentUrl\":\"https:\/\/cdn-blog.arriendo.com\/co\/blog\/wp-content\/uploads\/2025\/09\/Guia-de-barrio-Pontevedra.jpg\",\"width\":1900,\"height\":1269,\"caption\":\"Pontevedra Bogot\u00e1\"},{\"@type\":\"BreadcrumbList\",\"@id\":\"https:\/\/arriendo.com\/co\/blog\/lugares\/para-vivir\/guia-de-barrio-pontevedra\/#breadcrumb\",\"itemListElement\":[{\"@type\":\"ListItem\",\"position\":1,\"name\":\"Inicio\",\"item\":\"https:\/\/arriendo.com\/co\/blog\/\"},{\"@type\":\"ListItem\",\"position\":2,\"name\":\"Lugares\",\"item\":\"https:\/\/arriendo.com\/co\/blog\/lugares\/\"},{\"@type\":\"ListItem\",\"position\":3,\"name\":\"Lugares para Vivir\",\"item\":\"https:\/\/arriendo.com\/co\/blog\/lugares\/para-vivir\/\"},{\"@type\":\"ListItem\",\"position\":4,\"name\":\"Gu\u00eda de Barrio Pontevedra\"}]},{\"@type\":\"WebSite\",\"@id\":\"https:\/\/arriendo.com\/co\/blog\/#website\",\"url\":\"https:\/\/arriendo.com\/co\/blog\/\",\"name\":\"Blog arriendo.com\",\"description\":\"Abre la puerta de tu pr\u00f3ximo hogar\",\"publisher\":{\"@id\":\"https:\/\/arriendo.com\/co\/blog\/#organization\"},\"alternateName\":\"Blog Arriendo\",\"potentialAction\":[{\"@type\":\"SearchAction\",\"target\":{\"@type\":\"EntryPoint\",\"urlTemplate\":\"https:\/\/arriendo.com\/co\/blog\/?s={search_term_string}\"},\"query-input\":{\"@type\":\"PropertyValueSpecification\",\"valueRequired\":true,\"valueName\":\"search_term_string\"}}],\"inLanguage\":\"es\"},{\"@type\":\"Organization\",\"@id\":\"https:\/\/arriendo.com\/co\/blog\/#organization\",\"name\":\"Blog arriendo.com\",\"alternateName\":\"Arriendo.com\",\"url\":\"https:\/\/arriendo.com\/co\/blog\/\",\"logo\":{\"@type\":\"ImageObject\",\"inLanguage\":\"es\",\"@id\":\"https:\/\/arriendo.com\/co\/blog\/#\/schema\/logo\/image\/\",\"url\":\"https:\/\/arriendo.com\/co\/blog\/wp-content\/uploads\/2020\/02\/logo-arriendo-perfil-rojo-1080x1080-ok-v1.png\",\"contentUrl\":\"https:\/\/arriendo.com\/co\/blog\/wp-content\/uploads\/2020\/02\/logo-arriendo-perfil-rojo-1080x1080-ok-v1.png\",\"width\":1080,\"height\":1080,\"caption\":\"Blog arriendo.com\"},\"image\":{\"@id\":\"https:\/\/arriendo.com\/co\/blog\/#\/schema\/logo\/image\/\"},\"sameAs\":[\"https:\/\/www.facebook.com\/arriendocom\"]},{\"@type\":\"Person\",\"@id\":\"https:\/\/arriendo.com\/co\/blog\/#\/schema\/person\/afbbb1243fd2d439eb43627d40253433\",\"name\":\"Alejandro D\u00edaz\",\"image\":{\"@type\":\"ImageObject\",\"inLanguage\":\"es\",\"@id\":\"https:\/\/arriendo.com\/co\/blog\/#\/schema\/person\/image\/\",\"url\":\"https:\/\/secure.gravatar.com\/avatar\/fd8ae77f238033b667af16fa73f03409bca748daad8f091156a765f84644bc56?s=96&r=g\",\"contentUrl\":\"https:\/\/secure.gravatar.com\/avatar\/fd8ae77f238033b667af16fa73f03409bca748daad8f091156a765f84644bc56?s=96&r=g\",\"caption\":\"Alejandro D\u00edaz\"}}]}<\/script>\n<!-- \/ Yoast SEO plugin. -->","yoast_head_json":{"title":"Gu\u00eda de Barrio Pontevedra","description":"Descubre por qu\u00e9 el barrio Pontevedra en la localidad de Suba es uno de los mejores sectores para arrendar vivienda en Bogot\u00e1: ubicaci\u00f3n estrat\u00e9gica y tranquilidad.","robots":{"index":"index","follow":"follow","max-snippet":"max-snippet:-1","max-image-preview":"max-image-preview:large","max-video-preview":"max-video-preview:-1"},"canonical":"https:\/\/arriendo.com\/co\/blog\/lugares\/para-vivir\/guia-de-barrio-pontevedra\/","og_locale":"es_ES","og_type":"article","og_title":"Gu\u00eda de Barrio Pontevedra","og_description":"Descubre por qu\u00e9 el barrio Pontevedra en la localidad de Suba es uno de los mejores sectores para arrendar vivienda en Bogot\u00e1: ubicaci\u00f3n estrat\u00e9gica y tranquilidad.","og_url":"https:\/\/arriendo.com\/co\/blog\/lugares\/para-vivir\/guia-de-barrio-pontevedra\/","og_site_name":"Blog Arriendo.com","article_publisher":"https:\/\/www.facebook.com\/arriendocom","article_published_time":"2025-09-11T13:11:29+00:00","article_modified_time":"2025-09-11T16:02:18+00:00","og_image":[{"width":1900,"height":1269,"url":"https:\/\/cdn-blog.arriendo.com\/co\/blog\/wp-content\/uploads\/2025\/09\/Guia-de-barrio-Pontevedra.jpg","type":"image\/jpeg"}],"author":"Alejandro D\u00edaz","twitter_card":"summary_large_image","twitter_misc":{"Escrito por":"Alejandro D\u00edaz","Tiempo de lectura":"5 minutos"},"schema":{"@context":"https:\/\/schema.org","@graph":[{"@type":["Article","BlogPosting"],"@id":"https:\/\/arriendo.com\/co\/blog\/lugares\/para-vivir\/guia-de-barrio-pontevedra\/#article","isPartOf":{"@id":"https:\/\/arriendo.com\/co\/blog\/lugares\/para-vivir\/guia-de-barrio-pontevedra\/"},"author":{"name":"Alejandro D\u00edaz","@id":"https:\/\/arriendo.com\/co\/blog\/#\/schema\/person\/afbbb1243fd2d439eb43627d40253433"},"headline":"Gu\u00eda de Barrio Pontevedra","datePublished":"2025-09-11T13:11:29+00:00","dateModified":"2025-09-11T16:02:18+00:00","mainEntityOfPage":{"@id":"https:\/\/arriendo.com\/co\/blog\/lugares\/para-vivir\/guia-de-barrio-pontevedra\/"},"wordCount":1081,"commentCount":0,"publisher":{"@id":"https:\/\/arriendo.com\/co\/blog\/#organization"},"image":{"@id":"https:\/\/arriendo.com\/co\/blog\/lugares\/para-vivir\/guia-de-barrio-pontevedra\/#primaryimage"},"thumbnailUrl":"https:\/\/cdn-blog.arriendo.com\/co\/blog\/wp-content\/uploads\/2025\/09\/Guia-de-barrio-Pontevedra.jpg","articleSection":["Lugares para Vivir"],"inLanguage":"es","potentialAction":[{"@type":"CommentAction","name":"Comment","target":["https:\/\/arriendo.com\/co\/blog\/lugares\/para-vivir\/guia-de-barrio-pontevedra\/#respond"]}]},{"@type":"WebPage","@id":"https:\/\/arriendo.com\/co\/blog\/lugares\/para-vivir\/guia-de-barrio-pontevedra\/","url":"https:\/\/arriendo.com\/co\/blog\/lugares\/para-vivir\/guia-de-barrio-pontevedra\/","name":"Gu\u00eda de Barrio Pontevedra","isPartOf":{"@id":"https:\/\/arriendo.com\/co\/blog\/#website"},"primaryImageOfPage":{"@id":"https:\/\/arriendo.com\/co\/blog\/lugares\/para-vivir\/guia-de-barrio-pontevedra\/#primaryimage"},"image":{"@id":"https:\/\/arriendo.com\/co\/blog\/lugares\/para-vivir\/guia-de-barrio-pontevedra\/#primaryimage"},"thumbnailUrl":"https:\/\/cdn-blog.arriendo.com\/co\/blog\/wp-content\/uploads\/2025\/09\/Guia-de-barrio-Pontevedra.jpg","datePublished":"2025-09-11T13:11:29+00:00","dateModified":"2025-09-11T16:02:18+00:00","description":"Descubre por qu\u00e9 el barrio Pontevedra en la localidad de Suba es uno de los mejores sectores para arrendar vivienda en Bogot\u00e1: ubicaci\u00f3n estrat\u00e9gica y tranquilidad.","breadcrumb":{"@id":"https:\/\/arriendo.com\/co\/blog\/lugares\/para-vivir\/guia-de-barrio-pontevedra\/#breadcrumb"},"inLanguage":"es","potentialAction":[{"@type":"ReadAction","target":["https:\/\/arriendo.com\/co\/blog\/lugares\/para-vivir\/guia-de-barrio-pontevedra\/"]}]},{"@type":"ImageObject","inLanguage":"es","@id":"https:\/\/arriendo.com\/co\/blog\/lugares\/para-vivir\/guia-de-barrio-pontevedra\/#primaryimage","url":"https:\/\/cdn-blog.arriendo.com\/co\/blog\/wp-content\/uploads\/2025\/09\/Guia-de-barrio-Pontevedra.jpg","contentUrl":"https:\/\/cdn-blog.arriendo.com\/co\/blog\/wp-content\/uploads\/2025\/09\/Guia-de-barrio-Pontevedra.jpg","width":1900,"height":1269,"caption":"Pontevedra Bogot\u00e1"},{"@type":"BreadcrumbList","@id":"https:\/\/arriendo.com\/co\/blog\/lugares\/para-vivir\/guia-de-barrio-pontevedra\/#breadcrumb","itemListElement":[{"@type":"ListItem","position":1,"name":"Inicio","item":"https:\/\/arriendo.com\/co\/blog\/"},{"@type":"ListItem","position":2,"name":"Lugares","item":"https:\/\/arriendo.com\/co\/blog\/lugares\/"},{"@type":"ListItem","position":3,"name":"Lugares para Vivir","item":"https:\/\/arriendo.com\/co\/blog\/lugares\/para-vivir\/"},{"@type":"ListItem","position":4,"name":"Gu\u00eda de Barrio Pontevedra"}]},{"@type":"WebSite","@id":"https:\/\/arriendo.com\/co\/blog\/#website","url":"https:\/\/arriendo.com\/co\/blog\/","name":"Blog arriendo.com","description":"Abre la puerta de tu pr\u00f3ximo hogar","publisher":{"@id":"https:\/\/arriendo.com\/co\/blog\/#organization"},"alternateName":"Blog Arriendo","potentialAction":[{"@type":"SearchAction","target":{"@type":"EntryPoint","urlTemplate":"https:\/\/arriendo.com\/co\/blog\/?s={search_term_string}"},"query-input":{"@type":"PropertyValueSpecification","valueRequired":true,"valueName":"search_term_string"}}],"inLanguage":"es"},{"@type":"Organization","@id":"https:\/\/arriendo.com\/co\/blog\/#organization","name":"Blog arriendo.com","alternateName":"Arriendo.com","url":"https:\/\/arriendo.com\/co\/blog\/","logo":{"@type":"ImageObject","inLanguage":"es","@id":"https:\/\/arriendo.com\/co\/blog\/#\/schema\/logo\/image\/","url":"https:\/\/arriendo.com\/co\/blog\/wp-content\/uploads\/2020\/02\/logo-arriendo-perfil-rojo-1080x1080-ok-v1.png","contentUrl":"https:\/\/arriendo.com\/co\/blog\/wp-content\/uploads\/2020\/02\/logo-arriendo-perfil-rojo-1080x1080-ok-v1.png","width":1080,"height":1080,"caption":"Blog arriendo.com"},"image":{"@id":"https:\/\/arriendo.com\/co\/blog\/#\/schema\/logo\/image\/"},"sameAs":["https:\/\/www.facebook.com\/arriendocom"]},{"@type":"Person","@id":"https:\/\/arriendo.com\/co\/blog\/#\/schema\/person\/afbbb1243fd2d439eb43627d40253433","name":"Alejandro D\u00edaz","image":{"@type":"ImageObject","inLanguage":"es","@id":"https:\/\/arriendo.com\/co\/blog\/#\/schema\/person\/image\/","url":"https:\/\/secure.gravatar.com\/avatar\/fd8ae77f238033b667af16fa73f03409bca748daad8f091156a765f84644bc56?s=96&r=g","contentUrl":"https:\/\/secure.gravatar.com\/avatar\/fd8ae77f238033b667af16fa73f03409bca748daad8f091156a765f84644bc56?s=96&r=g","caption":"Alejandro D\u00edaz"}}]}},"amp_enabled":true,"_links":{"self":[{"href":"https:\/\/arriendo.com\/co\/blog\/wp-json\/wp\/v2\/posts\/22252","targetHints":{"allow":["GET"]}}],"collection":[{"href":"https:\/\/arriendo.com\/co\/blog\/wp-json\/wp\/v2\/posts"}],"about":[{"href":"https:\/\/arriendo.com\/co\/blog\/wp-json\/wp\/v2\/types\/post"}],"author":[{"embeddable":true,"href":"https:\/\/arriendo.com\/co\/blog\/wp-json\/wp\/v2\/users\/29"}],"replies":[{"embeddable":true,"href":"https:\/\/arriendo.com\/co\/blog\/wp-json\/wp\/v2\/comments?post=22252"}],"version-history":[{"count":52,"href":"https:\/\/arriendo.com\/co\/blog\/wp-json\/wp\/v2\/posts\/22252\/revisions"}],"predecessor-version":[{"id":23227,"href":"https:\/\/arriendo.com\/co\/blog\/wp-json\/wp\/v2\/posts\/22252\/revisions\/23227"}],"wp:featuredmedia":[{"embeddable":true,"href":"https:\/\/arriendo.com\/co\/blog\/wp-json\/wp\/v2\/media\/23198"}],"wp:attachment":[{"href":"https:\/\/arriendo.com\/co\/blog\/wp-json\/wp\/v2\/media?parent=22252"}],"wp:term":[{"taxonomy":"category","embeddable":true,"href":"https:\/\/arriendo.com\/co\/blog\/wp-json\/wp\/v2\/categories?post=22252"},{"taxonomy":"post_tag","embeddable":true,"href":"https:\/\/arriendo.com\/co\/blog\/wp-json\/wp\/v2\/tags?post=22252"}],"curies":[{"name":"wp","href":"https:\/\/api.w.org\/{rel}","templated":true}]}}