{"id":20422,"date":"2025-06-05T10:00:00","date_gmt":"2025-06-05T15:00:00","guid":{"rendered":"https:\/\/arriendo.com\/co\/blog\/?p=20422"},"modified":"2025-12-12T12:22:54","modified_gmt":"2025-12-12T17:22:54","slug":"los-barrios-mas-valorizados-de-bogota-%f0%9f%8c%87","status":"publish","type":"post","link":"https:\/\/arriendo.com\/co\/blog\/lugares\/para-vivir\/los-barrios-mas-valorizados-de-bogota\/","title":{"rendered":"Los barrios m\u00e1s valorizados de Bogot\u00e1 \ud83c\udf07"},"content":{"rendered":"\n<p>Los <strong>barrios m\u00e1s valorizados de Bogot\u00e1<\/strong> se han consolidado como zonas clave para <strong>vivir en arriendo,<\/strong> no solo por su crecimiento econ\u00f3mico, sino tambi\u00e9n por su infraestructura moderna, mejores condiciones de seguridad y <strong>excelente calidad de vida.<\/strong> Estas \u00e1reas ofrecen una amplia variedad de servicios como centros comerciales, hospitales, parques, instituciones educativas, estaciones de Polic\u00eda y \u00f3ptima conectividad vial, lo que las convierte en una opci\u00f3n ideal para quienes buscan comodidad y un entorno urbano bien equipado.<\/p>\n\n\n\n<p>En este post te compartimos un listado de los<a href=\"https:\/\/arriendo.com\/co\/bogota\/\" target=\"_blank\" rel=\"noreferrer noopener\"> <strong>sectores m\u00e1s destacados para arrendar en la capital<\/strong> <strong>colombiana<\/strong><\/a> este a\u00f1o, perfectos para quienes desean <strong>alquilar un inmueble<\/strong> en barrios de alta demanda y con gran potencial de valorizaci\u00f3n. \ud83c\udfe0<\/p>\n\n\n\n<h2 class=\"wp-block-heading\">Zonas recomendadas para alquilar vivienda en Bogot\u00e1<\/h2>\n\n\n\n<p>Descubre diferentes sectores como el<strong> norte, el occidente, el centro <\/strong>y <strong>el nororiente<\/strong> de la ciudad. \u00a1Elige el que mejor se adapte a tu estilo de vida, necesidades y presupuesto!<\/p>\n\n\n\n<h3 class=\"wp-block-heading\">Sector Norte: exclusividad y calidad de vida (Usaqu\u00e9n) \ud83d\udd1d<\/h3>\n\n\n\n<p>La <a href=\"https:\/\/arriendo.com\/co\/blog\/lugares\/para-vivir\/localidad-de-usaquen-atractivos-interesantes-y-upz-que-la-conforman\/\">localidad de Usaqu\u00e9n<\/a> es una de las zonas m\u00e1s apetecidas para<strong> vivir en arriendo. <\/strong>Su car\u00e1cter residencial exclusivo y la oferta de servicios de alto nivel la convierten en uno los barrios m\u00e1s valorizados de Bogot\u00e1. Su cercan\u00eda a espacios empresariales, embajadas, centros m\u00e9dicos, parques, restaurantes y centros comerciales como <em>Santa Fe, Hacienda Santa B\u00e1rbara, Unicentro<\/em>, entre otros, ha potenciado su crecimiento econ\u00f3mico.<\/p>\n\n\n<div class=\"wp-block-image\">\n<figure class=\"aligncenter size-full\"><img loading=\"lazy\" decoding=\"async\" width=\"1400\" height=\"850\" src=\"https:\/\/cdn-blog.arriendo.com\/co\/blog\/wp-content\/uploads\/2024\/08\/Alquilar-en-el-norte-de-Bogota.jpg\" alt=\"Alquilar en el norte de Bogot\u00e1\" class=\"wp-image-13175\" srcset=\"https:\/\/cdn-blog.arriendo.com\/co\/blog\/wp-content\/uploads\/2024\/08\/Alquilar-en-el-norte-de-Bogota.jpg 1400w, https:\/\/cdn-blog.arriendo.com\/co\/blog\/wp-content\/uploads\/2024\/08\/Alquilar-en-el-norte-de-Bogota-500x304.jpg 500w, https:\/\/cdn-blog.arriendo.com\/co\/blog\/wp-content\/uploads\/2024\/08\/Alquilar-en-el-norte-de-Bogota-768x466.jpg 768w\" sizes=\"auto, (max-width: 1400px) 100vw, 1400px\" \/><figcaption class=\"wp-element-caption\">Alquilar en el norte de Bogot\u00e1<\/figcaption><\/figure><\/div>\n\n\n<p>\u00a1Perfectos para quienes buscan <strong>viviendas en arriendo en barrios seguros,<\/strong> modernos y con alta demanda!<em> \ud83d\udc49 Puedes encontrar ofertas desde 2.5 hasta 7 millones o m\u00e1s.<\/em><\/p>\n\n\n\n<p>1. <strong>Santa Ana:<\/strong> este barrio valorizado en Usaqu\u00e9n tiene residencias amplias ideales para familias, con cercan\u00eda a embajadas, centros financieros y comercios premium. \u00a1Disfruta su ambiente exclusivo y tranquilo!<\/p>\n\n\n\n<p>2.<strong> Chic\u00f3 Norte:<\/strong> una zona estrat\u00e9gica entre oficinas y gastronom\u00eda de alto nivel, este sector combina modernidad y confort, con apartamentos de lujo y cercan\u00eda a parques, cl\u00ednicas y la Autopista Norte.<\/p>\n\n\n\n<p>3.<strong> Santa B\u00e1rbara:<\/strong> debido a su car\u00e1cter residencial y servicios cercanos, esta zona de alto potencial econ\u00f3mico ofrece un equilibrio perfecto entre tranquilidad y accesibilidad, con hospitales, restaurantes y centros comerciales como Hacienda Santa B\u00e1rbara.<\/p>\n\n\n\n<p>4. <strong>Cedritos: <\/strong>por su actividad comercial y conexi\u00f3n vial, es una de las \u00e1reas m\u00e1s buscadas por j\u00f3venes profesionales. Tiene m\u00faltiples opciones de entretenimiento, colegios y supermercados.<\/p>\n\n\n\n<blockquote class=\"wp-block-quote is-layout-flow wp-block-quote-is-layout-flow\">\n<p>\u00bfBuscas un <a href=\"https:\/\/arriendo.com\/co\/\" target=\"_blank\" rel=\"noreferrer noopener\">inmueble en alquiler por el norte de Bogot\u00e1<\/a>? \u00a1Encu\u00e9ntralo en barrios valorizados como Santa Ana, La Cabrera, <em>Chic\u00f3 Norte, Los Rosales<\/em> y otros!<\/p>\n<\/blockquote>\n\n\n\n<h3 class=\"wp-block-heading\">Sector Nororiental: actividad econ\u00f3mica y cultural (Chapinero)<\/h3>\n\n\n\n<figure class=\"wp-block-image size-full\"><img loading=\"lazy\" decoding=\"async\" width=\"1400\" height=\"850\" src=\"https:\/\/cdn-blog.arriendo.com\/co\/blog\/wp-content\/uploads\/2025\/05\/Alquila-en-Los-Rosales-Chapinero-Bogota.jpg\" alt=\"Alquila en Los Rosales, Chapinero, Bogot\u00e1\" class=\"wp-image-20463\" srcset=\"https:\/\/cdn-blog.arriendo.com\/co\/blog\/wp-content\/uploads\/2025\/05\/Alquila-en-Los-Rosales-Chapinero-Bogota.jpg 1400w, https:\/\/cdn-blog.arriendo.com\/co\/blog\/wp-content\/uploads\/2025\/05\/Alquila-en-Los-Rosales-Chapinero-Bogota-500x304.jpg 500w, https:\/\/cdn-blog.arriendo.com\/co\/blog\/wp-content\/uploads\/2025\/05\/Alquila-en-Los-Rosales-Chapinero-Bogota-768x466.jpg 768w\" sizes=\"auto, (max-width: 1400px) 100vw, 1400px\" \/><figcaption class=\"wp-element-caption\">Alquila en Los Rosales, Chapinero, Bogot\u00e1<\/figcaption><\/figure>\n\n\n\n<p><strong>Chapinero<\/strong> es una localidad que equilibra<strong> tradici\u00f3n y modernidad<\/strong>. Cuenta con sectores exclusivos, zonas bohemias, oferta acad\u00e9mica y una intensa vida cultural y nocturna, lo que la convierte en una de las m\u00e1s vers\u00e1tiles para residir.<\/p>\n\n\n\n<p>1. <strong>La Cabrera:<\/strong> por su ubicaci\u00f3n estrat\u00e9gica, es uno de los <strong>barrios m\u00e1s valorizados de Bogot\u00e1<\/strong>, con residencias exclusivas, oficinas de multinacionales y cercan\u00eda a la Zona T.<em> En este sector los costos en alquiler de inmueble pueden ser desde  $7 a $28 millones aprox.<\/em><\/p>\n\n\n\n<p>2.<strong> Los Rosales: <\/strong>el barrio cuenta con atractivos naturales como la<strong> Quebrada La Vieja, <\/strong>senderos hacia los cerros orientales y un ambiente tranquilo.<\/p>\n\n\n\n<p>3. <strong>Chapinero Alto<\/strong>: reconocido por su ambiente universitario y cultural, es ideal para estudiantes y profesionales j\u00f3venes. Tiene espacios para disfrutar de una excelente gastronom\u00eda, hacer deporte y encontrar todo a la mano. <\/p>\n\n\n\n<p>4. <strong>La Castellana:<\/strong> ubicado en el noroccidente, este barrio combina vida residencial y oferta cultural gracias al <strong>Teatro Nacional y<\/strong> su cercan\u00eda a v\u00edas principales como la<em> Autopista Norte, la Avenida Suba y la Calle 100.<\/em><\/p>\n\n\n\n<p>\ud83d\udc49 \u00a1Conoce la<a href=\"https:\/\/arriendo.com\/co\/blog\/lugares\/para-vivir\/upz-y-barrios-que-conforman-chapinero-bogota\/\"> localidad de Chapinero<\/a> y descubre todas las ventajas de vivir aqu\u00ed!<\/p>\n\n\n\n<h3 class=\"wp-block-heading\">Sector Occidente: crecimiento urbano y opciones accesibles<\/h3>\n\n\n\n<p>El occidente de Bogot\u00e1 se consolida como<strong> una zona estrat\u00e9gica para vivir en arriendo, <\/strong>gracias a su crecimiento urbano, buena conectividad y precios accesibles. Este sector acoge <strong> 3 localidades<\/strong>:<a href=\"https:\/\/arriendo.com\/co\/blog\/lugares\/para-vivir\/upz-y-barrios-que-componen-a-engativa\/\" target=\"_blank\" rel=\"noreferrer noopener\"><strong> <\/strong>Los barrios de Engativ\u00e1<\/a> se han valorizado gracias a su cercan\u00eda al <em>Parque Sim\u00f3n Bol\u00edvar <\/em>y v\u00edas principales; <a href=\"https:\/\/arriendo.com\/co\/blog\/lugares\/para-vivir\/upz-y-barrios-que-conforman-fontibon-bogota\/\" target=\"_blank\" rel=\"noreferrer noopener\">Fontib\u00f3n<\/a>, una zona apetecida por su proximidad al<em> Aeropuerto El Dorado<\/em> y <a href=\"https:\/\/arriendo.com\/co\/blog\/lugares\/para-vivir\/zonas-y-barrios-residenciales-de-suba\/\" target=\"_blank\" rel=\"noreferrer noopener\">Suba<\/a>: con barrios como Niza y Pontevedra, rodeados de parques, colegios y centros comerciales como <em>Tit\u00e1n Plaza<\/em>.<\/p>\n\n\n<div class=\"wp-block-image\">\n<figure class=\"aligncenter size-full\"><img loading=\"lazy\" decoding=\"async\" width=\"1400\" height=\"850\" src=\"https:\/\/cdn-blog.arriendo.com\/co\/blog\/wp-content\/uploads\/2025\/05\/Sector-Occidente-de-Bogota.jpg\" alt=\"Sector Occidente de Bogot\u00e1\" class=\"wp-image-20456\" srcset=\"https:\/\/cdn-blog.arriendo.com\/co\/blog\/wp-content\/uploads\/2025\/05\/Sector-Occidente-de-Bogota.jpg 1400w, https:\/\/cdn-blog.arriendo.com\/co\/blog\/wp-content\/uploads\/2025\/05\/Sector-Occidente-de-Bogota-500x304.jpg 500w, https:\/\/cdn-blog.arriendo.com\/co\/blog\/wp-content\/uploads\/2025\/05\/Sector-Occidente-de-Bogota-768x466.jpg 768w\" sizes=\"auto, (max-width: 1400px) 100vw, 1400px\" \/><figcaption class=\"wp-element-caption\">Sector Occidente de Bogot\u00e1<\/figcaption><\/figure><\/div>\n\n\n<p>Esta mezcla de beneficios lo convierte en un sector ideal para quienes buscan<strong><a href=\"https:\/\/arriendo.com\/co\/\" target=\"_blank\" rel=\"noreferrer noopener\"> vivienda en arriendo en zonas valorizadas de Bogot\u00e1.<\/a><\/strong><\/p>\n\n\n\n<p>1. <strong>Ciudad Salitre:<\/strong> cuenta con importantes espacios recreativos como el <em>Parque Sim\u00f3n Bol\u00edvar <\/em>y <em>el Jard\u00edn Bot\u00e1nico, <\/em>lo que aporta un equilibrio entre lo urbano y lo natural. \ud83c\udf43<\/p>\n\n\n\n<p>2. <strong>Niza:<\/strong>  esta \u00e1rea se caracteriza por sus amplias zonas verdes, calles arborizadas y casas espaciosas. Su cercan\u00eda al <em>Humedal C\u00f3rdoba<\/em> y al <em>Club Los Lagartos <\/em>lo convierte en una opci\u00f3n atractiva para quienes buscan tranquilidad y calidad de vida en el noroccidente de Bogot\u00e1.<\/p>\n\n\n\n<p>3. <strong>Modelia<\/strong>: destaca por sus amplias zonas verdes, como el <em>Parque Modelia<\/em>, y una variada oferta comercial y gastron\u00f3mica. Su ubicaci\u00f3n estrat\u00e9gica cerca del<em> Aeropuerto El Dorado <\/em>y de importantes v\u00edas como la<em> Avenida El Dorado <\/em>y la <em>Avenida Boyac\u00e1,<\/em> convierten a <a href=\"https:\/\/arriendo.com\/co\/blog\/arriendo\/guia-barrio-modelia-bogota\/\" target=\"_blank\" rel=\"noreferrer noopener\"> Modelia en una opci\u00f3n atractiva para vivir o invertir<\/a>.<\/p>\n\n\n\n<p>4.<strong> Normand\u00eda: <\/strong>este barrio cuenta con instituciones de salud reconocidas como la <em>Cl\u00ednica Normand\u00eda<\/em> y una variada oferta de comercio tradicional. Su ambiente residencial, con calles tranquilas y zonas verdes, lo convierte en una opci\u00f3n ideal para familias.<\/p>\n\n\n\n<p>5. <strong>Pontevedra:<\/strong> tiene una variada oferta inmobiliaria, desde casas tradicionales hasta modernos apartamentos. Muy bien conectada a trav\u00e9s de importantes v\u00edas como la <em>Avenida Boyac\u00e1<\/em> y la <em>Calle 116<\/em>, facilitando el acceso a diferentes puntos de la ciudad.<\/p>\n\n\n\n<p>\ud83d\udc49 En los <em>barrios m\u00e1s valorizados de Bogot\u00e1,<\/em> los costos de alquiler de inmueble var\u00edan aproximadamente entre <em>$1.174.313 y $6.800.000,<\/em> seg\u00fan la ubicaci\u00f3n, el tama\u00f1o y las caracter\u00edsticas del inmueble.<\/p>\n\n\n\n<h3 class=\"wp-block-heading\">Sector Centro: cultura, historia y gastronom\u00eda (Teusaquillo \/ Santa Fe)<\/h3>\n\n\n\n<p>El centro de la ciudad, donde convergen las localidades de <a href=\"https:\/\/arriendo.com\/co\/blog\/lugares\/para-vivir\/upz-y-barrios-que-conforman-santa-fe-bogota\/\">Santa Fe<\/a> y <a href=\"https:\/\/arriendo.com\/co\/blog\/lugares\/para-vivir\/upz-y-barrios-que-conforman-teusaquillo-bogota\/\">Teusaquillo<\/a>, se destacan por su <strong>ubicaci\u00f3n estrat\u00e9gica, oferta educativa, vida cultural<\/strong> y cercan\u00eda a puntos neur\u00e1lgicos como Corferias, entidades gubernamentales y sitios tur\u00edsticos de la ciudad.<\/p>\n\n\n<div class=\"wp-block-image\">\n<figure class=\"aligncenter size-full\"><img loading=\"lazy\" decoding=\"async\" width=\"1400\" height=\"850\" src=\"https:\/\/cdn-blog.arriendo.com\/co\/blog\/wp-content\/uploads\/2025\/05\/Sector-de-Santa-Fe-en-Bogota-excelente-zona-para-el-alquiler-de-vivienda.jpg\" alt=\" Sector de Santa Fe en Bogot\u00e1, excelente zona para el alquiler de vivienda\" class=\"wp-image-20460\" srcset=\"https:\/\/cdn-blog.arriendo.com\/co\/blog\/wp-content\/uploads\/2025\/05\/Sector-de-Santa-Fe-en-Bogota-excelente-zona-para-el-alquiler-de-vivienda.jpg 1400w, https:\/\/cdn-blog.arriendo.com\/co\/blog\/wp-content\/uploads\/2025\/05\/Sector-de-Santa-Fe-en-Bogota-excelente-zona-para-el-alquiler-de-vivienda-500x304.jpg 500w, https:\/\/cdn-blog.arriendo.com\/co\/blog\/wp-content\/uploads\/2025\/05\/Sector-de-Santa-Fe-en-Bogota-excelente-zona-para-el-alquiler-de-vivienda-768x466.jpg 768w\" sizes=\"auto, (max-width: 1400px) 100vw, 1400px\" \/><figcaption class=\"wp-element-caption\"> Sector de Santa Fe en Bogot\u00e1, excelente zona para el alquiler de vivienda<\/figcaption><\/figure><\/div>\n\n\n<p>1. <strong>San Mart\u00edn:<\/strong> se ubica cerca de estaciones de TransMilenio, museos y centros judiciales. <a href=\"https:\/\/arriendo.com\/co\/blog\/lugares\/para-visitar\/mejores-lugares-para-visitar-en-bogota\/\">\u00a1Perfecto para turistear por Bogot\u00e1!<\/a> \ud83d\ude0e<\/p>\n\n\n\n<p>2. <strong>La Macarena:<\/strong> de los barrios m\u00e1s valorizados de Bogot\u00e1, este sector cultural, gastron\u00f3mico y art\u00edstico se posiciona como uno de los m\u00e1s buscados por viajeros, artistas y empresarios para residir.<\/p>\n\n\n\n<p>3. <strong>Quinta Paredes: <\/strong>ubicado en la localidad de Teusaquillo, Quinta Paredes es un barrio que combina ambientes residenciales y comerciales. Su proximidad a <em>Corferias<\/em> y al <em>Aeropuerto Internacional El Dorado<\/em> lo hace atractivo para residentes y visitantes.<\/p>\n\n\n\n<p>4. <strong>Parque Central Bavaria:<\/strong> es un moderno complejo residencial y empresarial ubicado en el <em>Centro Internacional de Bogot\u00e1<\/em>. Destaca por su arquitectura contempor\u00e1nea, zonas verdes y cercan\u00eda a TransMilenio, museos y universidades.<\/p>\n\n\n\n<h3 class=\"wp-block-heading\">Sector Sur: desarrollo y versatilidad (Kennedy \/ Ciudad Bol\u00edvar \/ Bosa)<\/h3>\n\n\n\n<p>Aunque hist\u00f3ricamente ha sido un \u00e1rea residencial menos valorizada si no comercial, hoy presenta <strong>barrios en transformaci\u00f3n<\/strong> gracias a la<strong> inversi\u00f3n en movilidad y espacios p\u00fablicos. <\/strong>\ud83c\udfec<\/p>\n\n\n<div class=\"wp-block-image\">\n<figure class=\"aligncenter size-full\"><img loading=\"lazy\" decoding=\"async\" width=\"1400\" height=\"850\" src=\"https:\/\/cdn-blog.arriendo.com\/co\/blog\/wp-content\/uploads\/2025\/05\/Zona-Sur-de-Bogota.jpg\" alt=\"Zona Sur de Bogot\u00e1\" class=\"wp-image-20465\" srcset=\"https:\/\/cdn-blog.arriendo.com\/co\/blog\/wp-content\/uploads\/2025\/05\/Zona-Sur-de-Bogota.jpg 1400w, https:\/\/cdn-blog.arriendo.com\/co\/blog\/wp-content\/uploads\/2025\/05\/Zona-Sur-de-Bogota-500x304.jpg 500w, https:\/\/cdn-blog.arriendo.com\/co\/blog\/wp-content\/uploads\/2025\/05\/Zona-Sur-de-Bogota-768x466.jpg 768w\" sizes=\"auto, (max-width: 1400px) 100vw, 1400px\" \/><figcaption class=\"wp-element-caption\">Zona Sur de Bogot\u00e1<\/figcaption><\/figure><\/div>\n\n\n<p>1. <strong>Restrepo:<\/strong> un barrio tradicional conocido por su fuerte actividad comercial, talleres de calzado y confecci\u00f3n. Gracia a su excelente ubicaci\u00f3n y acceso a transporte p\u00fablico, <a href=\"https:\/\/arriendo.com\/co\/blog\/lugares\/para-vivir\/barrio-el-restrepo-bogota\/\">arrendar en el Restrepo<\/a> es ideal para quienes buscan precios accesibles. (Desde $900.000 aprox.)<\/p>\n\n\n\n<p>2. <strong>Madelena:<\/strong> este lugar disfruta de una buena <em>oferta de vivienda<\/em> y cercan\u00eda a estaciones de TransMilenio como Madelena y Perdomo. Es una opci\u00f3n atractiva para familias j\u00f3venes que buscan<strong> <a href=\"https:\/\/arriendo.com\/co\/\" target=\"_blank\" rel=\"noreferrer noopener\">arriendos econ\u00f3micos<\/a><\/strong> en zonas bien conectadas.<\/p>\n\n\n\n<p>3. <strong>Villa del R<\/strong>\u00ed<strong>o:<\/strong> ofrece amplias zonas verdes, como el parque central con canchas deportivas y gimnasio al aire libre. Cuenta con el <strong>centro comercial Paseo Villa del R\u00edo<\/strong> y acceso a trav\u00e9s de la estaci\u00f3n de TransMilenio Madelena y m\u00faltiples paraderos del SITP.<\/p>\n\n\n\n<p>4.<strong> Villa Mayor:<\/strong> destaca por el<em> Parque Villa Mayor<\/em> y el <em>Teatro Villa Mayor<\/em>, epicentro cultural de la zona. Est\u00e1 cerca del <strong>centro comercial Centro Mayor <\/strong>y cuenta con acceso por la estaci\u00f3n de TransMilenio NQS Calle 38A Sur.<\/p>\n\n\n\n<p>5.<strong> Venecia: <\/strong>aunque esta \u00e1rea cuenta con un comercio activo, tambi\u00e9n ofrece una buena variedad de inmuebles con todos los servicios cerca, incluyendo almacenes de cadena como<em> Alkosto.<\/em><\/p>\n\n\n\n<h2 class=\"wp-block-heading\">Barrios m\u00e1s econ\u00f3micos para vivir en Bogot\u00e1<\/h2>\n\n\n\n<p>Si buscas vivienda en<strong> barrios con menor valorizaci\u00f3n en Bogot\u00e1<\/strong>, considera los siguientes sectores: <strong>Tibabuyes<\/strong> (Suba), <strong>Garc\u00e9s Navas<\/strong> (Engativ\u00e1), <strong>Arboleda Sur y Diana Turbay<\/strong> (Rafael Uribe Uribe), y <strong>Le\u00f3n XIII<\/strong> (Soacha). Estos lugares ofrecen buena conectividad, acceso a servicios esenciales y opciones residenciales econ\u00f3micas, reconocidos por ofrecer viviendas a precios m\u00e1s accesibles, sin sacrificar la calidad de vida. \ud83c\udfe1<\/p>\n\n\n\n<h2 class=\"wp-block-heading\">Preguntas frecuentes<\/h2>\n\n\n<div class=\"lightweight-accordion bordered\"><details><summary class=\"lightweight-accordion-title\"><h3>\u00bfCu\u00e1les son los 10 barrios m\u00e1s valorizados de Bogot\u00e1 ideales para vivir?<\/h3><\/summary><div class=\"lightweight-accordion-body\">\n\n<p>Los <strong>10 mejores sectores de Bogot\u00e1 para vivir <\/strong>son: <\/p>\n\n\n\n<ol class=\"wp-block-list\">\n<li>Chic\u00f3<\/li>\n\n\n\n<li>Rosales<\/li>\n\n\n\n<li>Santa B\u00e1rbara<\/li>\n\n\n\n<li>Cedritos<\/li>\n\n\n\n<li>La Cabrera<\/li>\n\n\n\n<li>El Nogal<\/li>\n\n\n\n<li>Usaqu\u00e9n<\/li>\n\n\n\n<li>La Soledad<\/li>\n\n\n\n<li>Salitre<\/li>\n\n\n\n<li>Santa Paula<br>Estos sectores se caracterizan por su <strong>infraestructura moderna, cercan\u00eda a espacios empresariales y comerciales, buena movilidad y alta demanda en el mercado de arriendo.<\/strong><\/li>\n<\/ol>\n\n<\/div><\/details><\/div>\n\n<div class=\"lightweight-accordion bordered\"><details><summary class=\"lightweight-accordion-title\"><h3>\u00bfCu\u00e1les son los sectores m\u00e1s costosos para alquilar inmueble en Bogot\u00e1?<\/h3><\/summary><div class=\"lightweight-accordion-body\">\n\n<p>Los <strong>barrios m\u00e1s costosos para alquilar inmueble en Bogot\u00e1 <\/strong>son:<\/p>\n\n\n\n<ul class=\"wp-block-list\">\n<li>Santa Ana<\/li>\n\n\n\n<li>La Cabrera<\/li>\n\n\n\n<li>Ciudad Salitre Nororiental<\/li>\n\n\n\n<li>El Retiro<\/li>\n\n\n\n<li>San Gabriel Norte<\/li>\n\n\n\n<li>Chic\u00f3 Norte<\/li>\n\n\n\n<li>El Nogal<\/li>\n\n\n\n<li>Antiguo Country<\/li>\n\n\n\n<li>Los Rosales<\/li>\n<\/ul>\n\n<\/div><\/details><\/div>\n\n<div class=\"lightweight-accordion bordered\"><details><summary class=\"lightweight-accordion-title\"><h3>Privilegios de vivir en un \u00e1rea de alta demanda.<\/h3><\/summary><div class=\"lightweight-accordion-body\">\n\n<ul class=\"wp-block-list\">\n<li>El acceso a <strong>mejores servicios<\/strong> como centros comerciales, hospitales, parques y zonas recreativas.<\/li>\n\n\n\n<li>Cuentan con <strong>infraestructura desarrollada,<\/strong> calles en buen estado, iluminaci\u00f3n p\u00fablica y espacios verdes.<\/li>\n\n\n\n<li>El <strong>transporte es eficiente,<\/strong> con proximidad a estaciones de TransMilenio, rutas de buses y ciclov\u00edas. <\/li>\n\n\n\n<li><strong>Mayor seguridad<\/strong>, incrementa la presencia por parte de la Polic\u00eda Nacional y sistemas de vigilancia privados.<\/li>\n<\/ul>\n\n<\/div><\/details><\/div>\n\n\n<hr class=\"wp-block-separator has-alpha-channel-opacity is-style-dots\"\/>\n\n\n\n<p>\u00a1Cu\u00e9ntanos que barrio te llama la atenci\u00f3n! Hasta una pr\u00f3xima en gu\u00eda de <strong><a href=\"https:\/\/arriendo.com\/co\/bogota\/\">Arriendo.com<\/a><\/strong>. \ud83d\udc4b<\/p>\n","protected":false},"excerpt":{"rendered":"<p>Los barrios m\u00e1s valorizados de Bogot\u00e1 se han consolidado como zonas clave para vivir en arriendo, no solo por su crecimiento econ\u00f3mico, sino tambi\u00e9n por su infraestructura moderna, mejores condiciones de seguridad y excelente calidad de vida. Estas \u00e1reas ofrecen [&hellip;]<\/p>\n","protected":false},"author":19,"featured_media":20429,"comment_status":"open","ping_status":"closed","sticky":false,"template":"","format":"standard","meta":{"_acf_changed":false,"footnotes":""},"categories":[154],"tags":[],"class_list":["post-20422","post","type-post","status-publish","format-standard","has-post-thumbnail","hentry","category-para-vivir"],"acf":[],"nelio_content":{"isAutoShareEnabled":true,"autoShareEndMode":"never","automationSources":{"useCustomSentences":false,"customSentences":[]},"followers":[19],"suggestedReferences":[],"efiUrl":"","efiAlt":"","highlights":[],"permalinkQueryArgs":[],"series":[]},"yoast_head":"<!-- This site is optimized with the Yoast SEO plugin v25.4 - https:\/\/yoast.com\/wordpress\/plugins\/seo\/ -->\n<title>Los barrios m\u00e1s valorizados de Bogot\u00e1 \ud83c\udf07 2026<\/title>\n<meta name=\"description\" content=\"\u00a1Conoce los barrios m\u00e1s valorizados de Bogot\u00e1! Eval\u00faa tu gusto, estilo de vida, presupuesto y alquila un inmueble en el sector ideal.\" \/>\n<meta name=\"robots\" content=\"index, follow, max-snippet:-1, max-image-preview:large, max-video-preview:-1\" \/>\n<link rel=\"canonical\" href=\"https:\/\/arriendo.com\/co\/blog\/lugares\/para-vivir\/los-barrios-mas-valorizados-de-bogota\/\" \/>\n<meta property=\"og:locale\" content=\"es_ES\" \/>\n<meta property=\"og:type\" content=\"article\" \/>\n<meta property=\"og:title\" content=\"Los barrios m\u00e1s valorizados de Bogot\u00e1 \ud83c\udf07 2026\" \/>\n<meta property=\"og:description\" content=\"\u00a1Conoce los barrios m\u00e1s valorizados de Bogot\u00e1! Eval\u00faa tu gusto, estilo de vida, presupuesto y alquila un inmueble en el sector ideal.\" \/>\n<meta property=\"og:url\" content=\"https:\/\/arriendo.com\/co\/blog\/lugares\/para-vivir\/los-barrios-mas-valorizados-de-bogota\/\" \/>\n<meta property=\"og:site_name\" content=\"Blog Arriendo.com\" \/>\n<meta property=\"article:publisher\" content=\"https:\/\/www.facebook.com\/arriendocom\" \/>\n<meta property=\"article:published_time\" content=\"2025-06-05T15:00:00+00:00\" \/>\n<meta property=\"article:modified_time\" content=\"2025-12-12T17:22:54+00:00\" \/>\n<meta property=\"og:image\" content=\"https:\/\/cdn-blog.arriendo.com\/co\/blog\/wp-content\/uploads\/2025\/05\/Barrios-mas-valorizados-de-Bogota.jpg\" \/>\n\t<meta property=\"og:image:width\" content=\"1900\" \/>\n\t<meta property=\"og:image:height\" content=\"1269\" \/>\n\t<meta property=\"og:image:type\" content=\"image\/jpeg\" \/>\n<meta name=\"author\" content=\"Mar\u00eda Camila Mart\u00ednez Reyes\" \/>\n<meta name=\"twitter:card\" content=\"summary_large_image\" \/>\n<meta name=\"twitter:label1\" content=\"Escrito por\" \/>\n\t<meta name=\"twitter:data1\" content=\"Mar\u00eda Camila Mart\u00ednez Reyes\" \/>\n\t<meta name=\"twitter:label2\" content=\"Tiempo de lectura\" \/>\n\t<meta name=\"twitter:data2\" content=\"8 minutos\" \/>\n<script type=\"application\/ld+json\" class=\"yoast-schema-graph\">{\"@context\":\"https:\/\/schema.org\",\"@graph\":[{\"@type\":[\"Article\",\"BlogPosting\"],\"@id\":\"https:\/\/arriendo.com\/co\/blog\/lugares\/para-vivir\/los-barrios-mas-valorizados-de-bogota\/#article\",\"isPartOf\":{\"@id\":\"https:\/\/arriendo.com\/co\/blog\/lugares\/para-vivir\/los-barrios-mas-valorizados-de-bogota\/\"},\"author\":{\"name\":\"Mar\u00eda Camila Mart\u00ednez Reyes\",\"@id\":\"https:\/\/arriendo.com\/co\/blog\/#\/schema\/person\/34a76bc9ff64a30e83b6857cf580f042\"},\"headline\":\"Los barrios m\u00e1s valorizados de Bogot\u00e1 \ud83c\udf07\",\"datePublished\":\"2025-06-05T15:00:00+00:00\",\"dateModified\":\"2025-12-12T17:22:54+00:00\",\"mainEntityOfPage\":{\"@id\":\"https:\/\/arriendo.com\/co\/blog\/lugares\/para-vivir\/los-barrios-mas-valorizados-de-bogota\/\"},\"wordCount\":1663,\"commentCount\":0,\"publisher\":{\"@id\":\"https:\/\/arriendo.com\/co\/blog\/#organization\"},\"image\":{\"@id\":\"https:\/\/arriendo.com\/co\/blog\/lugares\/para-vivir\/los-barrios-mas-valorizados-de-bogota\/#primaryimage\"},\"thumbnailUrl\":\"https:\/\/cdn-blog.arriendo.com\/co\/blog\/wp-content\/uploads\/2025\/05\/Barrios-mas-valorizados-de-Bogota.jpg\",\"articleSection\":[\"Lugares para Vivir\"],\"inLanguage\":\"es\",\"potentialAction\":[{\"@type\":\"CommentAction\",\"name\":\"Comment\",\"target\":[\"https:\/\/arriendo.com\/co\/blog\/lugares\/para-vivir\/los-barrios-mas-valorizados-de-bogota\/#respond\"]}]},{\"@type\":\"WebPage\",\"@id\":\"https:\/\/arriendo.com\/co\/blog\/lugares\/para-vivir\/los-barrios-mas-valorizados-de-bogota\/\",\"url\":\"https:\/\/arriendo.com\/co\/blog\/lugares\/para-vivir\/los-barrios-mas-valorizados-de-bogota\/\",\"name\":\"Los barrios m\u00e1s valorizados de Bogot\u00e1 \ud83c\udf07 2026\",\"isPartOf\":{\"@id\":\"https:\/\/arriendo.com\/co\/blog\/#website\"},\"primaryImageOfPage\":{\"@id\":\"https:\/\/arriendo.com\/co\/blog\/lugares\/para-vivir\/los-barrios-mas-valorizados-de-bogota\/#primaryimage\"},\"image\":{\"@id\":\"https:\/\/arriendo.com\/co\/blog\/lugares\/para-vivir\/los-barrios-mas-valorizados-de-bogota\/#primaryimage\"},\"thumbnailUrl\":\"https:\/\/cdn-blog.arriendo.com\/co\/blog\/wp-content\/uploads\/2025\/05\/Barrios-mas-valorizados-de-Bogota.jpg\",\"datePublished\":\"2025-06-05T15:00:00+00:00\",\"dateModified\":\"2025-12-12T17:22:54+00:00\",\"description\":\"\u00a1Conoce los barrios m\u00e1s valorizados de Bogot\u00e1! Eval\u00faa tu gusto, estilo de vida, presupuesto y alquila un inmueble en el sector ideal.\",\"breadcrumb\":{\"@id\":\"https:\/\/arriendo.com\/co\/blog\/lugares\/para-vivir\/los-barrios-mas-valorizados-de-bogota\/#breadcrumb\"},\"inLanguage\":\"es\",\"potentialAction\":[{\"@type\":\"ReadAction\",\"target\":[\"https:\/\/arriendo.com\/co\/blog\/lugares\/para-vivir\/los-barrios-mas-valorizados-de-bogota\/\"]}]},{\"@type\":\"ImageObject\",\"inLanguage\":\"es\",\"@id\":\"https:\/\/arriendo.com\/co\/blog\/lugares\/para-vivir\/los-barrios-mas-valorizados-de-bogota\/#primaryimage\",\"url\":\"https:\/\/cdn-blog.arriendo.com\/co\/blog\/wp-content\/uploads\/2025\/05\/Barrios-mas-valorizados-de-Bogota.jpg\",\"contentUrl\":\"https:\/\/cdn-blog.arriendo.com\/co\/blog\/wp-content\/uploads\/2025\/05\/Barrios-mas-valorizados-de-Bogota.jpg\",\"width\":1900,\"height\":1269,\"caption\":\"Barrios m\u00e1s valorizados de Bogot\u00e1\"},{\"@type\":\"BreadcrumbList\",\"@id\":\"https:\/\/arriendo.com\/co\/blog\/lugares\/para-vivir\/los-barrios-mas-valorizados-de-bogota\/#breadcrumb\",\"itemListElement\":[{\"@type\":\"ListItem\",\"position\":1,\"name\":\"Inicio\",\"item\":\"https:\/\/arriendo.com\/co\/blog\/\"},{\"@type\":\"ListItem\",\"position\":2,\"name\":\"Lugares\",\"item\":\"https:\/\/arriendo.com\/co\/blog\/lugares\/\"},{\"@type\":\"ListItem\",\"position\":3,\"name\":\"Lugares para Vivir\",\"item\":\"https:\/\/arriendo.com\/co\/blog\/lugares\/para-vivir\/\"},{\"@type\":\"ListItem\",\"position\":4,\"name\":\"Los barrios m\u00e1s valorizados de Bogot\u00e1 \ud83c\udf07\"}]},{\"@type\":\"WebSite\",\"@id\":\"https:\/\/arriendo.com\/co\/blog\/#website\",\"url\":\"https:\/\/arriendo.com\/co\/blog\/\",\"name\":\"Blog arriendo.com\",\"description\":\"Abre la puerta de tu pr\u00f3ximo hogar\",\"publisher\":{\"@id\":\"https:\/\/arriendo.com\/co\/blog\/#organization\"},\"alternateName\":\"Blog Arriendo\",\"potentialAction\":[{\"@type\":\"SearchAction\",\"target\":{\"@type\":\"EntryPoint\",\"urlTemplate\":\"https:\/\/arriendo.com\/co\/blog\/?s={search_term_string}\"},\"query-input\":{\"@type\":\"PropertyValueSpecification\",\"valueRequired\":true,\"valueName\":\"search_term_string\"}}],\"inLanguage\":\"es\"},{\"@type\":\"Organization\",\"@id\":\"https:\/\/arriendo.com\/co\/blog\/#organization\",\"name\":\"Blog arriendo.com\",\"alternateName\":\"Arriendo.com\",\"url\":\"https:\/\/arriendo.com\/co\/blog\/\",\"logo\":{\"@type\":\"ImageObject\",\"inLanguage\":\"es\",\"@id\":\"https:\/\/arriendo.com\/co\/blog\/#\/schema\/logo\/image\/\",\"url\":\"https:\/\/arriendo.com\/co\/blog\/wp-content\/uploads\/2020\/02\/logo-arriendo-perfil-rojo-1080x1080-ok-v1.png\",\"contentUrl\":\"https:\/\/arriendo.com\/co\/blog\/wp-content\/uploads\/2020\/02\/logo-arriendo-perfil-rojo-1080x1080-ok-v1.png\",\"width\":1080,\"height\":1080,\"caption\":\"Blog arriendo.com\"},\"image\":{\"@id\":\"https:\/\/arriendo.com\/co\/blog\/#\/schema\/logo\/image\/\"},\"sameAs\":[\"https:\/\/www.facebook.com\/arriendocom\"]},{\"@type\":\"Person\",\"@id\":\"https:\/\/arriendo.com\/co\/blog\/#\/schema\/person\/34a76bc9ff64a30e83b6857cf580f042\",\"name\":\"Mar\u00eda Camila Mart\u00ednez Reyes\",\"image\":{\"@type\":\"ImageObject\",\"inLanguage\":\"es\",\"@id\":\"https:\/\/arriendo.com\/co\/blog\/#\/schema\/person\/image\/\",\"url\":\"https:\/\/secure.gravatar.com\/avatar\/9f515c1e75c1130dca553e094da21a63029157671bdc62e6e1d566fec39ccd35?s=96&r=g\",\"contentUrl\":\"https:\/\/secure.gravatar.com\/avatar\/9f515c1e75c1130dca553e094da21a63029157671bdc62e6e1d566fec39ccd35?s=96&r=g\",\"caption\":\"Mar\u00eda Camila Mart\u00ednez Reyes\"}}]}<\/script>\n<!-- \/ Yoast SEO plugin. -->","yoast_head_json":{"title":"Los barrios m\u00e1s valorizados de Bogot\u00e1 \ud83c\udf07 2026","description":"\u00a1Conoce los barrios m\u00e1s valorizados de Bogot\u00e1! Eval\u00faa tu gusto, estilo de vida, presupuesto y alquila un inmueble en el sector ideal.","robots":{"index":"index","follow":"follow","max-snippet":"max-snippet:-1","max-image-preview":"max-image-preview:large","max-video-preview":"max-video-preview:-1"},"canonical":"https:\/\/arriendo.com\/co\/blog\/lugares\/para-vivir\/los-barrios-mas-valorizados-de-bogota\/","og_locale":"es_ES","og_type":"article","og_title":"Los barrios m\u00e1s valorizados de Bogot\u00e1 \ud83c\udf07 2026","og_description":"\u00a1Conoce los barrios m\u00e1s valorizados de Bogot\u00e1! Eval\u00faa tu gusto, estilo de vida, presupuesto y alquila un inmueble en el sector ideal.","og_url":"https:\/\/arriendo.com\/co\/blog\/lugares\/para-vivir\/los-barrios-mas-valorizados-de-bogota\/","og_site_name":"Blog Arriendo.com","article_publisher":"https:\/\/www.facebook.com\/arriendocom","article_published_time":"2025-06-05T15:00:00+00:00","article_modified_time":"2025-12-12T17:22:54+00:00","og_image":[{"width":1900,"height":1269,"url":"https:\/\/cdn-blog.arriendo.com\/co\/blog\/wp-content\/uploads\/2025\/05\/Barrios-mas-valorizados-de-Bogota.jpg","type":"image\/jpeg"}],"author":"Mar\u00eda Camila Mart\u00ednez Reyes","twitter_card":"summary_large_image","twitter_misc":{"Escrito por":"Mar\u00eda Camila Mart\u00ednez Reyes","Tiempo de lectura":"8 minutos"},"schema":{"@context":"https:\/\/schema.org","@graph":[{"@type":["Article","BlogPosting"],"@id":"https:\/\/arriendo.com\/co\/blog\/lugares\/para-vivir\/los-barrios-mas-valorizados-de-bogota\/#article","isPartOf":{"@id":"https:\/\/arriendo.com\/co\/blog\/lugares\/para-vivir\/los-barrios-mas-valorizados-de-bogota\/"},"author":{"name":"Mar\u00eda Camila Mart\u00ednez Reyes","@id":"https:\/\/arriendo.com\/co\/blog\/#\/schema\/person\/34a76bc9ff64a30e83b6857cf580f042"},"headline":"Los barrios m\u00e1s valorizados de Bogot\u00e1 \ud83c\udf07","datePublished":"2025-06-05T15:00:00+00:00","dateModified":"2025-12-12T17:22:54+00:00","mainEntityOfPage":{"@id":"https:\/\/arriendo.com\/co\/blog\/lugares\/para-vivir\/los-barrios-mas-valorizados-de-bogota\/"},"wordCount":1663,"commentCount":0,"publisher":{"@id":"https:\/\/arriendo.com\/co\/blog\/#organization"},"image":{"@id":"https:\/\/arriendo.com\/co\/blog\/lugares\/para-vivir\/los-barrios-mas-valorizados-de-bogota\/#primaryimage"},"thumbnailUrl":"https:\/\/cdn-blog.arriendo.com\/co\/blog\/wp-content\/uploads\/2025\/05\/Barrios-mas-valorizados-de-Bogota.jpg","articleSection":["Lugares para Vivir"],"inLanguage":"es","potentialAction":[{"@type":"CommentAction","name":"Comment","target":["https:\/\/arriendo.com\/co\/blog\/lugares\/para-vivir\/los-barrios-mas-valorizados-de-bogota\/#respond"]}]},{"@type":"WebPage","@id":"https:\/\/arriendo.com\/co\/blog\/lugares\/para-vivir\/los-barrios-mas-valorizados-de-bogota\/","url":"https:\/\/arriendo.com\/co\/blog\/lugares\/para-vivir\/los-barrios-mas-valorizados-de-bogota\/","name":"Los barrios m\u00e1s valorizados de Bogot\u00e1 \ud83c\udf07 2026","isPartOf":{"@id":"https:\/\/arriendo.com\/co\/blog\/#website"},"primaryImageOfPage":{"@id":"https:\/\/arriendo.com\/co\/blog\/lugares\/para-vivir\/los-barrios-mas-valorizados-de-bogota\/#primaryimage"},"image":{"@id":"https:\/\/arriendo.com\/co\/blog\/lugares\/para-vivir\/los-barrios-mas-valorizados-de-bogota\/#primaryimage"},"thumbnailUrl":"https:\/\/cdn-blog.arriendo.com\/co\/blog\/wp-content\/uploads\/2025\/05\/Barrios-mas-valorizados-de-Bogota.jpg","datePublished":"2025-06-05T15:00:00+00:00","dateModified":"2025-12-12T17:22:54+00:00","description":"\u00a1Conoce los barrios m\u00e1s valorizados de Bogot\u00e1! Eval\u00faa tu gusto, estilo de vida, presupuesto y alquila un inmueble en el sector ideal.","breadcrumb":{"@id":"https:\/\/arriendo.com\/co\/blog\/lugares\/para-vivir\/los-barrios-mas-valorizados-de-bogota\/#breadcrumb"},"inLanguage":"es","potentialAction":[{"@type":"ReadAction","target":["https:\/\/arriendo.com\/co\/blog\/lugares\/para-vivir\/los-barrios-mas-valorizados-de-bogota\/"]}]},{"@type":"ImageObject","inLanguage":"es","@id":"https:\/\/arriendo.com\/co\/blog\/lugares\/para-vivir\/los-barrios-mas-valorizados-de-bogota\/#primaryimage","url":"https:\/\/cdn-blog.arriendo.com\/co\/blog\/wp-content\/uploads\/2025\/05\/Barrios-mas-valorizados-de-Bogota.jpg","contentUrl":"https:\/\/cdn-blog.arriendo.com\/co\/blog\/wp-content\/uploads\/2025\/05\/Barrios-mas-valorizados-de-Bogota.jpg","width":1900,"height":1269,"caption":"Barrios m\u00e1s valorizados de Bogot\u00e1"},{"@type":"BreadcrumbList","@id":"https:\/\/arriendo.com\/co\/blog\/lugares\/para-vivir\/los-barrios-mas-valorizados-de-bogota\/#breadcrumb","itemListElement":[{"@type":"ListItem","position":1,"name":"Inicio","item":"https:\/\/arriendo.com\/co\/blog\/"},{"@type":"ListItem","position":2,"name":"Lugares","item":"https:\/\/arriendo.com\/co\/blog\/lugares\/"},{"@type":"ListItem","position":3,"name":"Lugares para Vivir","item":"https:\/\/arriendo.com\/co\/blog\/lugares\/para-vivir\/"},{"@type":"ListItem","position":4,"name":"Los barrios m\u00e1s valorizados de Bogot\u00e1 \ud83c\udf07"}]},{"@type":"WebSite","@id":"https:\/\/arriendo.com\/co\/blog\/#website","url":"https:\/\/arriendo.com\/co\/blog\/","name":"Blog arriendo.com","description":"Abre la puerta de tu pr\u00f3ximo hogar","publisher":{"@id":"https:\/\/arriendo.com\/co\/blog\/#organization"},"alternateName":"Blog Arriendo","potentialAction":[{"@type":"SearchAction","target":{"@type":"EntryPoint","urlTemplate":"https:\/\/arriendo.com\/co\/blog\/?s={search_term_string}"},"query-input":{"@type":"PropertyValueSpecification","valueRequired":true,"valueName":"search_term_string"}}],"inLanguage":"es"},{"@type":"Organization","@id":"https:\/\/arriendo.com\/co\/blog\/#organization","name":"Blog arriendo.com","alternateName":"Arriendo.com","url":"https:\/\/arriendo.com\/co\/blog\/","logo":{"@type":"ImageObject","inLanguage":"es","@id":"https:\/\/arriendo.com\/co\/blog\/#\/schema\/logo\/image\/","url":"https:\/\/arriendo.com\/co\/blog\/wp-content\/uploads\/2020\/02\/logo-arriendo-perfil-rojo-1080x1080-ok-v1.png","contentUrl":"https:\/\/arriendo.com\/co\/blog\/wp-content\/uploads\/2020\/02\/logo-arriendo-perfil-rojo-1080x1080-ok-v1.png","width":1080,"height":1080,"caption":"Blog arriendo.com"},"image":{"@id":"https:\/\/arriendo.com\/co\/blog\/#\/schema\/logo\/image\/"},"sameAs":["https:\/\/www.facebook.com\/arriendocom"]},{"@type":"Person","@id":"https:\/\/arriendo.com\/co\/blog\/#\/schema\/person\/34a76bc9ff64a30e83b6857cf580f042","name":"Mar\u00eda Camila Mart\u00ednez Reyes","image":{"@type":"ImageObject","inLanguage":"es","@id":"https:\/\/arriendo.com\/co\/blog\/#\/schema\/person\/image\/","url":"https:\/\/secure.gravatar.com\/avatar\/9f515c1e75c1130dca553e094da21a63029157671bdc62e6e1d566fec39ccd35?s=96&r=g","contentUrl":"https:\/\/secure.gravatar.com\/avatar\/9f515c1e75c1130dca553e094da21a63029157671bdc62e6e1d566fec39ccd35?s=96&r=g","caption":"Mar\u00eda Camila Mart\u00ednez Reyes"}}]}},"amp_enabled":true,"_links":{"self":[{"href":"https:\/\/arriendo.com\/co\/blog\/wp-json\/wp\/v2\/posts\/20422","targetHints":{"allow":["GET"]}}],"collection":[{"href":"https:\/\/arriendo.com\/co\/blog\/wp-json\/wp\/v2\/posts"}],"about":[{"href":"https:\/\/arriendo.com\/co\/blog\/wp-json\/wp\/v2\/types\/post"}],"author":[{"embeddable":true,"href":"https:\/\/arriendo.com\/co\/blog\/wp-json\/wp\/v2\/users\/19"}],"replies":[{"embeddable":true,"href":"https:\/\/arriendo.com\/co\/blog\/wp-json\/wp\/v2\/comments?post=20422"}],"version-history":[{"count":203,"href":"https:\/\/arriendo.com\/co\/blog\/wp-json\/wp\/v2\/posts\/20422\/revisions"}],"predecessor-version":[{"id":24880,"href":"https:\/\/arriendo.com\/co\/blog\/wp-json\/wp\/v2\/posts\/20422\/revisions\/24880"}],"wp:featuredmedia":[{"embeddable":true,"href":"https:\/\/arriendo.com\/co\/blog\/wp-json\/wp\/v2\/media\/20429"}],"wp:attachment":[{"href":"https:\/\/arriendo.com\/co\/blog\/wp-json\/wp\/v2\/media?parent=20422"}],"wp:term":[{"taxonomy":"category","embeddable":true,"href":"https:\/\/arriendo.com\/co\/blog\/wp-json\/wp\/v2\/categories?post=20422"},{"taxonomy":"post_tag","embeddable":true,"href":"https:\/\/arriendo.com\/co\/blog\/wp-json\/wp\/v2\/tags?post=20422"}],"curies":[{"name":"wp","href":"https:\/\/api.w.org\/{rel}","templated":true}]}}