{"id":19148,"date":"2025-03-14T16:15:24","date_gmt":"2025-03-14T21:15:24","guid":{"rendered":"https:\/\/arriendo.com\/co\/blog\/?p=19148"},"modified":"2025-05-02T14:42:40","modified_gmt":"2025-05-02T19:42:40","slug":"barrio-san-fernando-cali","status":"publish","type":"post","link":"https:\/\/arriendo.com\/co\/blog\/lugares\/para-vivir\/barrio-san-fernando-cali\/","title":{"rendered":"Gu\u00eda barrio San Fernando, Cali"},"content":{"rendered":"\n<p>San Fernando, <strong>fundado en 1928<\/strong> y conocido como \u201c<em>el \u00faltimo barrio del sur de <a href=\"https:\/\/arriendo.com\/co\/blog\/lugares\/para-vivir\/cali\/\">Cali<\/a><\/em>\u201d, es uno de los sectores m\u00e1s emblem\u00e1ticos de la ciudad. Gracias a su ubicaci\u00f3n en la <strong>Comuna 19<\/strong>, donde predominan los <strong>estratos 4 y 5<\/strong>, le otorga un car\u00e1cter exclusivo. Adem\u00e1s, destaca por su<strong> historia, arquitectura y vida cultural<\/strong>, lo que lo convierte en un lugar lleno de encanto. De este modo, ofrece un equilibrio entre tradici\u00f3n y modernidad tanto para quienes viven all\u00ed o desean visitan el sector.<\/p>\n\n\n\n<p>El sector de San Fernando es hogar de universidades, hospitales y centros deportivos, adem\u00e1s de ser la <strong><em>cuna del Cine Club de Cali.<\/em> <\/strong>\ud83c\udfac<\/p>\n\n\n<div class=\"gb-grid-wrapper gb-grid-wrapper-859a8aa2\">\n<div class=\"gb-grid-column gb-grid-column-cb8cd9a5\"><div class=\"gb-container gb-container-cb8cd9a5\">\n\n<p class=\"gb-headline gb-headline-85540feb\"><span class=\"gb-icon\"><svg viewBox=\"0 0 16 16\" class=\"bi bi-cart-fill\" fill=\"currentColor\" height=\"16\" width=\"16\" xmlns=\"http:\/\/www.w3.org\/2000\/svg\"> <path d=\"M0 1.5A.5.5 0 0 1 .5 1H2a.5.5 0 0 1 .485.379L2.89 3H14.5a.5.5 0 0 1 .491.592l-1.5 8A.5.5 0 0 1 13 12H4a.5.5 0 0 1-.491-.408L2.01 3.607 1.61 2H.5a.5.5 0 0 1-.5-.5zM5 12a2 2 0 1 0 0 4 2 2 0 0 0 0-4zm7 0a2 2 0 1 0 0 4 2 2 0 0 0 0-4zm-7 1a1 1 0 1 1 0 2 1 1 0 0 1 0-2zm7 0a1 1 0 1 1 0 2 1 1 0 0 1 0-2z\"><\/path> <\/svg><\/span><span class=\"gb-headline-text\">2<\/span><\/p>\n\n\n\n<p class=\"gb-headline gb-headline-7add712d gb-headline-text\">Centros Comerciales<\/p>\n\n<\/div><\/div>\n\n<div class=\"gb-grid-column gb-grid-column-3ed170a4\"><div class=\"gb-container gb-container-3ed170a4\">\n\n<p class=\"gb-headline gb-headline-746735a1\"><span class=\"gb-icon\"><svg viewBox=\"0 0 512 512\" xmlns=\"http:\/\/www.w3.org\/2000\/svg\"><path d=\"M45.63 79.75L52 81.25v58.5C45 143.9 40 151.3 40 160c0 8.375 4.625 15.38 11.12 19.75L35.5 242C33.75 248.9 37.63 256 43.13 256h41.75c5.5 0 9.375-7.125 7.625-13.1L76.88 179.8C83.38 175.4 88 168.4 88 160c0-8.75-5-16.12-12-20.25V87.13L128 99.63l.001 60.37c0 70.75 57.25 128 128 128s127.1-57.25 127.1-128L384 99.62l82.25-19.87c18.25-4.375 18.25-27 0-31.5l-190.4-46c-13-3-26.62-3-39.63 0l-190.6 46C27.5 52.63 27.5 75.38 45.63 79.75zM359.2 312.8l-103.2 103.2l-103.2-103.2c-69.93 22.3-120.8 87.2-120.8 164.5C32 496.5 47.53 512 66.67 512h378.7C464.5 512 480 496.5 480 477.3C480 400 429.1 335.1 359.2 312.8z\"><\/path><\/svg><\/span><span class=\"gb-headline-text\">5<\/span><\/p>\n\n\n\n<p class=\"gb-headline gb-headline-09df291f gb-headline-text\">Colegios<\/p>\n\n<\/div><\/div>\n\n<div class=\"gb-grid-column gb-grid-column-3c698e61\"><div class=\"gb-container gb-container-3c698e61\">\n\n<p class=\"gb-headline gb-headline-c2c411ff\"><span class=\"gb-icon\"><svg viewBox=\"0 0 15 15\" height=\"15\" width=\"15\" xmlns=\"http:\/\/www.w3.org\/2000\/svg\" id=\"park-alt1\"> <path d=\"M9.428,10.429a.269.269,0,0,1-.074-.18A.25.25,0,0,1,9.6,10h1.447a.25.25,0,0,0,.25-.25.258.258,0,0,0-.079-.179L9.07,7.419a.3.3,0,0,1-.063-.17A.249.249,0,0,1,9.257,7H10.4a.251.251,0,0,0,.25-.251.247.247,0,0,0-.077-.178L8.432,4.434,8.418,4.42a.262.262,0,0,1-.066-.17A.25.25,0,0,1,8.6,4h.866a.25.25,0,0,0,.25-.25.246.246,0,0,0-.068-.164h.006L7.7,1.238a.253.253,0,0,0-.042-.044A.249.249,0,0,0,7.5,1.139h0a.249.249,0,0,0-.158.055.253.253,0,0,0-.042.044L5.352,3.586a.246.246,0,0,0-.068.164.25.25,0,0,0,.25.25H6.4a.241.241,0,0,1,.184.42l-.014.014L4.431,6.571a.247.247,0,0,0-.077.178A.251.251,0,0,0,4.6,7H5.745a.249.249,0,0,1,.25.249.3.3,0,0,1-.063.17L3.782,9.571A.258.258,0,0,0,3.7,9.75a.25.25,0,0,0,.25.25H5.4a.25.25,0,0,1,.248.249.269.269,0,0,1-.074.18l-2.14,2.132-.009.009a.248.248,0,0,0,0,.351A.256.256,0,0,0,3.605,13H7v1l1-.008V13h3.391a.263.263,0,0,0,.26-.254.248.248,0,0,0-.071-.177Z\"><\/path> <\/svg><\/span><span class=\"gb-headline-text\">2<\/span><\/p>\n\n\n\n<p class=\"gb-headline gb-headline-29fe96b2 gb-headline-text\">Parques<\/p>\n\n<\/div><\/div>\n\n<div class=\"gb-grid-column gb-grid-column-d9b9a274\"><div class=\"gb-container gb-container-d9b9a274\">\n\n<p class=\"gb-headline gb-headline-86c1119c\"><span class=\"gb-icon\"><svg viewBox=\"0 0 576 512\" xmlns=\"http:\/\/www.w3.org\/2000\/svg\"><path d=\"M575.8 255.5c0 18-15 32.1-32 32.1h-32l.7 160.2c0 2.7-.2 5.4-.5 8.1V472c0 22.1-17.9 40-40 40H456c-1.1 0-2.2 0-3.3-.1c-1.4 .1-2.8 .1-4.2 .1H416 392c-22.1 0-40-17.9-40-40V448 384c0-17.7-14.3-32-32-32H256c-17.7 0-32 14.3-32 32v64 24c0 22.1-17.9 40-40 40H160 128.1c-1.5 0-3-.1-4.5-.2c-1.2 .1-2.4 .2-3.6 .2H104c-22.1 0-40-17.9-40-40V360c0-.9 0-1.9 .1-2.8V287.6H32c-18 0-32-14-32-32.1c0-9 3-17 10-24L266.4 8c7-7 15-8 22-8s15 2 21 7L564.8 231.5c8 7 12 15 11 24z\"><\/path><\/svg><\/span><span class=\"gb-headline-text\">760042<\/span><\/p>\n\n\n\n<p class=\"gb-headline gb-headline-0a008908 gb-headline-text\">C\u00f3digo Postal<\/p>\n\n<\/div><\/div>\n<\/div>\n\n\n<h2 class=\"wp-block-heading\">Ubicaci\u00f3n<\/h2>\n\n\n\n<p>San Fernando se ubica en el oeste de Cali, dentro de la Comuna 19. Limita con los corregimientos de Los Andes y La Buitrera; adem\u00e1s, su cercan\u00eda a v\u00edas principales como la Calle 5 y la Avenida Roosevelt facilita el acceso y la movilidad hacia otras zonas de la ciudad.<\/p>\n\n\n\n<p>La zona se divide en 3 sectores:<\/p>\n\n\n\n<ul class=\"wp-block-list\">\n<li><em>San Fernando Viejo: <\/em>fundado en 1930, con arquitectura tradicional.<\/li>\n\n\n\n<li><em>San Fernando Nuevo: <\/em>donde se encuentra el Estadio Pascual Guerrero desde 1935.<\/li>\n\n\n\n<li><em>Tejares de San Fernando: <\/em>\u00e1rea m\u00e1s cercana a Los Cristales, con un microclima fresco.<\/li>\n<\/ul>\n\n\n\n<h3 class=\"wp-block-heading\">Mapa<\/h3>\n\n\n\n<p>Conoce los l\u00edmites del sector y explora tus puntos favoritos. \ud83d\udccd<\/p>\n\n\n\n<iframe loading=\"lazy\" src=\"https:\/\/www.google.com\/maps\/d\/embed?mid=1U6wcDRwFjAxSSAS-DZNVMegdKgWi5zk&ehbc=2E312F\" width=\"640\" height=\"480\"><\/iframe>\n\n\n\n<h2 class=\"wp-block-heading\">Historia del barrio San Fernando<\/h2>\n\n\n\n<p>San Fernando naci\u00f3 en 1928 como un barrio modelo para obreros, impulsado por la <em><strong>Colombian Holding Corporation<\/strong><\/em><strong>.<\/strong> Su desarrollo atrajo <strong>inmigrantes suizos, alemanes y espa\u00f1oles,<\/strong> d\u00e1ndole un aire cosmopolita. Con el tiempo, se convirti\u00f3 en un <strong>referente social y deportivo<\/strong>, albergando el <em>Club Deportivo San Fernando y el Estadio Pascual Guerrero<\/em>, sede de los Juegos Panamericanos de 1971. Adem\u00e1s, en los a\u00f1os 50 se construy\u00f3 el <em>Hospital Universitario del Valle<\/em>, el m\u00e1s grande del sur occidente colombiano. \ud83e\udd13<\/p>\n\n\n\n<h2 class=\"wp-block-heading\">Razones para vivir en el sector<\/h2>\n\n\n\n<p>Si est\u00e1s pensando en <a href=\"https:\/\/arriendo.com\/co\/apartamentos\/cali\/san-fernando\/s6KVNgjN30665\/\">mudarte al barrio San Fernando<\/a> o visitar sus atractivos tur\u00edsticos, debes tener en cuenta la siguiente informaci\u00f3n: <\/p>\n\n\n\n<h3 class=\"wp-block-heading\">1. Parques para recreaci\u00f3n<\/h3>\n\n\n\n<p>San Fernando es reconocido por sus <strong>abundantes \u00e1reas verdes<\/strong> y espacios de esparcimiento. Uno de los m\u00e1s destacados es el <strong>Parque del Perro<\/strong>, un punto de encuentro rodeado de restaurantes y bares, ideal para disfrutar al aire libre y asistir a <strong>eventos culturales<\/strong>. Adem\u00e1s, el sector cuenta con el <strong>Parque de San Fernando<\/strong>, \ud83c\udf33 perfecto para paseos familiares y momentos de recreaci\u00f3n. La presencia de \u00e1rboles contribuye a un <strong>microclima fresco y agradable<\/strong>, convirtiendo a San Fernando en un oasis urbano.<\/p>\n\n\n\n<h3 class=\"wp-block-heading\">2. Transporte y movilidad en el barrio San Fernando<\/h3>\n\n\n<div class=\"wp-block-image\">\n<figure class=\"aligncenter size-full\"><img loading=\"lazy\" decoding=\"async\" width=\"1400\" height=\"850\" src=\"https:\/\/cdn-blog.arriendo.com\/co\/blog\/wp-content\/uploads\/2025\/02\/Transporte-publico-MIO.jpg\" alt=\"Transporte p\u00fablico MIO\" class=\"wp-image-19247\" srcset=\"https:\/\/cdn-blog.arriendo.com\/co\/blog\/wp-content\/uploads\/2025\/02\/Transporte-publico-MIO.jpg 1400w, https:\/\/cdn-blog.arriendo.com\/co\/blog\/wp-content\/uploads\/2025\/02\/Transporte-publico-MIO-500x304.jpg 500w, https:\/\/cdn-blog.arriendo.com\/co\/blog\/wp-content\/uploads\/2025\/02\/Transporte-publico-MIO-768x466.jpg 768w\" sizes=\"auto, (max-width: 1400px) 100vw, 1400px\" \/><figcaption class=\"wp-element-caption\">Transporte p\u00fablico MIO<\/figcaption><\/figure><\/div>\n\n\n<p>La movilidad es facilitada por una <strong>eficiente red de transporte p\u00fablico.<\/strong> El sistema integrado de <strong>transporte MIO<\/strong> cuenta con estaciones cercanas como<strong> Ca\u00f1averalejo, Santa Librada<\/strong> y <strong>Manzana del Saber<\/strong>, que conectan el barrio con diferentes puntos de la ciudad. Adem\u00e1s, gracias a su ubicaci\u00f3n estrat\u00e9gica, San Fernando tiene f\u00e1cil acceso tanto al <em><strong>Aeropuerto Internacional Alfonso Bonilla <\/strong>Arag\u00f3n<\/em> como a la <strong><em>Terminal de Transporte de Cali<\/em>,<\/strong> lo que mejora la conectividad con otras ciudades y regiones. \ud83d\udeeb<\/p>\n\n\n\n<h3 class=\"wp-block-heading\">3. Educaci\u00f3n de calidad<\/h3>\n\n\n\n<p>Entre las instituciones m\u00e1s destacadas del barrio San Fernando se encuentran el<strong> Instituto Humboldt<\/strong>, el <strong>Jard\u00edn Infantil Caminos M\u00e1gicos <\/strong>y<strong> el Colegio Rep\u00fablica de Panam\u00e1<\/strong>. Adem\u00e1s, la cercan\u00eda con universidades como la <em><strong>Universidad del Valle<\/strong> y la <strong>Universidad Santiago de Cali<\/strong> <\/em>permite a los residentes acceder a formaci\u00f3n profesional sin salir de la zona. Esta oferta acad\u00e9mica convierte el sector en un lugar ideal para familias y estudiantes.<\/p>\n\n\n\n<p>\u00a1La zona ideal para <a href=\"https:\/\/arriendo.com\/co\/cali\/\">arrendar vivienda en Cali<\/a>!<\/p>\n\n\n\n<h3 class=\"wp-block-heading\">4. Gastronom\u00eda t\u00edpica valluna \ud83e\udd5f<\/h3>\n\n\n\n<p>El Parque del Perro es el <strong>coraz\u00f3n culinario de San Fernando,<\/strong> con una amplia oferta de restaurantes, caf\u00e9s y bares. Entre los m\u00e1s destacados est\u00e1 <strong>BBC<\/strong> (<em>Bogot\u00e1 Beer Company<\/em>), ideal para disfrutar cervezas artesanales.<\/p>\n\n\n<div class=\"wp-block-image\">\n<figure class=\"aligncenter size-full\"><img loading=\"lazy\" decoding=\"async\" width=\"1400\" height=\"850\" src=\"https:\/\/cdn-blog.arriendo.com\/co\/blog\/wp-content\/uploads\/2025\/02\/Cholao-tipico-en-Cali.jpg\" alt=\"Cholao t\u00edpico en Cali\" class=\"wp-image-19254\" srcset=\"https:\/\/cdn-blog.arriendo.com\/co\/blog\/wp-content\/uploads\/2025\/02\/Cholao-tipico-en-Cali.jpg 1400w, https:\/\/cdn-blog.arriendo.com\/co\/blog\/wp-content\/uploads\/2025\/02\/Cholao-tipico-en-Cali-500x304.jpg 500w, https:\/\/cdn-blog.arriendo.com\/co\/blog\/wp-content\/uploads\/2025\/02\/Cholao-tipico-en-Cali-768x466.jpg 768w\" sizes=\"auto, (max-width: 1400px) 100vw, 1400px\" \/><figcaption class=\"wp-element-caption\">Cholao t\u00edpico en Cali<\/figcaption><\/figure><\/div>\n\n\n<p>Los sabores tradicionales tambi\u00e9n tienen su espacio con opciones como <strong>Cholados Gourmet<\/strong>, famoso por su refrescante mezcla de frutas y hielo raspado, adem\u00e1s de delicias t\u00edpicas como<strong> arepas rellenas, empanadas, aborrajados, pan de yuca<\/strong> y otros antojitos que reflejan la <strong><em>riqueza gastron\u00f3mica de la regi\u00f3n.<\/em><\/strong><\/p>\n\n\n\n<h3 class=\"wp-block-heading\">5. Arquitectura y Patrimonio<\/h3>\n\n\n\n<p>San Fernando combina <strong>arquitectura tradicional con modernidad<\/strong>, reflejando la historia del sector. Sus casas de estilo republicano destacan por amplios patios, techos altos y balcones de hierro forjado. Edificaciones emblem\u00e1ticas como la <em>Universidad del Valle <\/em>(sede San Fernando) y el <em>Estadio Pascual Guerrero<\/em> enriquecen su patrimonio. Aunque el barrio ha experimentado renovaci\u00f3n urbana, se preservan construcciones que mantienen su identidad cultural, fusionando historia y desarrollo en un entorno atractivo.<\/p>\n\n\n<div class=\"wp-block-image\">\n<figure class=\"aligncenter size-full\"><img loading=\"lazy\" decoding=\"async\" width=\"1400\" height=\"850\" src=\"https:\/\/cdn-blog.arriendo.com\/co\/blog\/wp-content\/uploads\/2025\/02\/Casas-coloniales-en-el-barrio-San-Fernando-Cali-imagen-representativa.jpg\" alt=\"Casas coloniales en el barrio San Fernando, Cali\" class=\"wp-image-19249\" srcset=\"https:\/\/cdn-blog.arriendo.com\/co\/blog\/wp-content\/uploads\/2025\/02\/Casas-coloniales-en-el-barrio-San-Fernando-Cali-imagen-representativa.jpg 1400w, https:\/\/cdn-blog.arriendo.com\/co\/blog\/wp-content\/uploads\/2025\/02\/Casas-coloniales-en-el-barrio-San-Fernando-Cali-imagen-representativa-500x304.jpg 500w, https:\/\/cdn-blog.arriendo.com\/co\/blog\/wp-content\/uploads\/2025\/02\/Casas-coloniales-en-el-barrio-San-Fernando-Cali-imagen-representativa-768x466.jpg 768w\" sizes=\"auto, (max-width: 1400px) 100vw, 1400px\" \/><figcaption class=\"wp-element-caption\">Casas coloniales en el barrio San Fernando, Cali<\/figcaption><\/figure><\/div>\n\n\n<h2 class=\"wp-block-heading\">Actividades culturales<\/h2>\n\n\n\n<p>San Fernando es un barrio con una <strong>agenda cultural activa<\/strong>, ofrece espacios para <strong>el arte, la m\u00fasica y la comunidad.<\/strong> \ud83c\udfad Las siguientes actividades hacen del sector un punto de encuentro para el entretenimiento en Cali.<\/p>\n\n\n\n<ul class=\"wp-block-list\">\n<li><strong>Ferias culturales, exposiciones de arte <\/strong>y encuentros literarios que promueven el talento local.<\/li>\n\n\n\n<li>Obras de teatro y espect\u00e1culos en espacios como el <strong>Teatro La M\u00e1scara<\/strong> y<strong> la Casa de los T\u00edteres.<\/strong><\/li>\n\n\n\n<li>M\u00fasica en vivo en bares y caf\u00e9s del <strong>Parque del Perro.<\/strong><\/li>\n\n\n\n<li>Eventos deportivos y actividades al aire libre en el<strong> Estadio Pascual Guerrero<\/strong> y parques del sector.<\/li>\n\n\n\n<li>Proyecciones de <strong>cine al aire libre<\/strong> organizadas para la comunidad.<\/li>\n\n\n\n<li><strong>Recorridos hist\u00f3ricos y patrimoniales<\/strong> que resaltan la evoluci\u00f3n arquitect\u00f3nica y cultural del barrio.<\/li>\n<\/ul>\n\n\n\n<h2 class=\"wp-block-heading\">Oferta inmobiliaria para arrendar en San Fernando<\/h2>\n\n\n\n<p>San Fernando es una<strong> zona ideal para el arriendo <\/strong>debido a su<strong> ubicaci\u00f3n estrat\u00e9gica, infraestructura y amplia oferta de servicios.<\/strong> Cuenta con opciones que van desde estudios y apartamentos de una o dos habitaciones hasta casas m\u00e1s amplias,<strong> ideales para familias<\/strong>. Tambi\u00e9n hay viviendas amobladas, pensadas para <strong>estudiantes y profesionales<\/strong> que buscan comodidad y facilidad de mudanza. \ud83c\udfec<\/p>\n\n\n<div class=\"wp-block-image\">\n<figure class=\"aligncenter size-full\"><img loading=\"lazy\" decoding=\"async\" width=\"1400\" height=\"850\" src=\"https:\/\/cdn-blog.arriendo.com\/co\/blog\/wp-content\/uploads\/2025\/02\/Alquiler-de-apartaestudios-para-estudiantes-en-San-fernando.jpg\" alt=\"Alquiler de apartaestudios para estudiantes en San Fernando\" class=\"wp-image-19256\" srcset=\"https:\/\/cdn-blog.arriendo.com\/co\/blog\/wp-content\/uploads\/2025\/02\/Alquiler-de-apartaestudios-para-estudiantes-en-San-fernando.jpg 1400w, https:\/\/cdn-blog.arriendo.com\/co\/blog\/wp-content\/uploads\/2025\/02\/Alquiler-de-apartaestudios-para-estudiantes-en-San-fernando-500x304.jpg 500w, https:\/\/cdn-blog.arriendo.com\/co\/blog\/wp-content\/uploads\/2025\/02\/Alquiler-de-apartaestudios-para-estudiantes-en-San-fernando-768x466.jpg 768w\" sizes=\"auto, (max-width: 1400px) 100vw, 1400px\" \/><figcaption class=\"wp-element-caption\">Alquiler de apartaestudios en San Fernando<\/figcaption><\/figure><\/div>\n\n\n<p>Gracias a su cercan\u00eda con la<strong> Universidad del Valle<\/strong> (sede San Fernando) y la <strong>Universidad Santiago de Cali,<\/strong> el barrio tiene <strong>alta demanda estudiantil<\/strong> para el<strong> <a href=\"https:\/\/arriendo.com\/co\/cali\/\">alquiler de apartamento en Cali.<\/a><\/strong> <\/p>\n\n\n\n<h2 class=\"wp-block-heading\">Preguntas Frecuentes<\/h2>\n\n\n<div class=\"lightweight-accordion bordered\"><details><summary class=\"lightweight-accordion-title\"><h3>\u00bfCu\u00e1l es la parada de bus m\u00e1s cercana al barrio San Fernando, Cali?<\/h3><\/summary><div class=\"lightweight-accordion-body\">\n\n<p>Las paradas de autob\u00fas m\u00e1s pr\u00f3ximas al sector de San Fernando en Cali son<strong> Cl 4B <\/strong>entre Cra. 27 y 34 y <strong>Manzana del Saber.<\/strong><\/p>\n\n<\/div><\/details><\/div>\n\n\n<hr class=\"wp-block-separator has-alpha-channel-opacity is-style-dots\"\/>\n\n\n\n<p>An\u00edmate a conocer este sector de Cali y comp\u00e1rtenos tu opini\u00f3n. \u00a1Hasta una pr\u00f3xima! \ud83d\udc4b<\/p>\n","protected":false},"excerpt":{"rendered":"<p>San Fernando, fundado en 1928 y conocido como \u201cel \u00faltimo barrio del sur de Cali\u201d, es uno de los sectores m\u00e1s emblem\u00e1ticos de la ciudad. Gracias a su ubicaci\u00f3n en la Comuna 19, donde predominan los estratos 4 y 5, [&hellip;]<\/p>\n","protected":false},"author":19,"featured_media":19184,"comment_status":"open","ping_status":"closed","sticky":false,"template":"","format":"standard","meta":{"_acf_changed":false,"footnotes":""},"categories":[154],"tags":[],"class_list":["post-19148","post","type-post","status-publish","format-standard","has-post-thumbnail","hentry","category-para-vivir"],"acf":[],"nelio_content":{"isAutoShareEnabled":true,"autoShareEndMode":"never","automationSources":{"useCustomSentences":false,"customSentences":[]},"followers":[],"suggestedReferences":[],"efiUrl":"","efiAlt":"","highlights":[],"permalinkQueryArgs":[],"series":[]},"yoast_head":"<!-- This site is optimized with the Yoast SEO plugin v25.4 - https:\/\/yoast.com\/wordpress\/plugins\/seo\/ -->\n<title>Gu\u00eda barrio San Fernando, Cali 2026<\/title>\n<meta name=\"description\" content=\"Conoce el barrio San Fernando y sorpr\u00e9ndete con su amplia oferta inmobiliaria para alquiler, entretenimiento y todos los servicios a la mano.\" \/>\n<meta name=\"robots\" content=\"index, follow, max-snippet:-1, max-image-preview:large, max-video-preview:-1\" \/>\n<link rel=\"canonical\" href=\"https:\/\/arriendo.com\/co\/blog\/lugares\/para-vivir\/barrio-san-fernando-cali\/\" \/>\n<meta property=\"og:locale\" content=\"es_ES\" \/>\n<meta property=\"og:type\" content=\"article\" \/>\n<meta property=\"og:title\" content=\"Gu\u00eda barrio San Fernando, Cali 2026\" \/>\n<meta property=\"og:description\" content=\"Conoce el barrio San Fernando y sorpr\u00e9ndete con su amplia oferta inmobiliaria para alquiler, entretenimiento y todos los servicios a la mano.\" \/>\n<meta property=\"og:url\" content=\"https:\/\/arriendo.com\/co\/blog\/lugares\/para-vivir\/barrio-san-fernando-cali\/\" \/>\n<meta property=\"og:site_name\" content=\"Blog Arriendo.com\" \/>\n<meta property=\"article:publisher\" content=\"https:\/\/www.facebook.com\/arriendocom\" \/>\n<meta property=\"article:published_time\" content=\"2025-03-14T21:15:24+00:00\" \/>\n<meta property=\"article:modified_time\" content=\"2025-05-02T19:42:40+00:00\" \/>\n<meta property=\"og:image\" content=\"https:\/\/arriendo.com\/co\/blog\/wp-content\/uploads\/2025\/02\/Guia-del-Barrio-San-Fernando-Cali.jpg\" \/>\n\t<meta property=\"og:image:width\" content=\"1900\" \/>\n\t<meta property=\"og:image:height\" content=\"1269\" \/>\n\t<meta property=\"og:image:type\" content=\"image\/jpeg\" \/>\n<meta name=\"author\" content=\"Mar\u00eda Camila Mart\u00ednez Reyes\" \/>\n<meta name=\"twitter:card\" content=\"summary_large_image\" \/>\n<meta name=\"twitter:label1\" content=\"Escrito por\" \/>\n\t<meta name=\"twitter:data1\" content=\"Mar\u00eda Camila Mart\u00ednez Reyes\" \/>\n\t<meta name=\"twitter:label2\" content=\"Tiempo de lectura\" \/>\n\t<meta name=\"twitter:data2\" content=\"5 minutos\" \/>\n<script type=\"application\/ld+json\" class=\"yoast-schema-graph\">{\"@context\":\"https:\/\/schema.org\",\"@graph\":[{\"@type\":[\"Article\",\"BlogPosting\"],\"@id\":\"https:\/\/arriendo.com\/co\/blog\/lugares\/para-vivir\/barrio-san-fernando-cali\/#article\",\"isPartOf\":{\"@id\":\"https:\/\/arriendo.com\/co\/blog\/lugares\/para-vivir\/barrio-san-fernando-cali\/\"},\"author\":{\"name\":\"Mar\u00eda Camila Mart\u00ednez Reyes\",\"@id\":\"https:\/\/arriendo.com\/co\/blog\/#\/schema\/person\/34a76bc9ff64a30e83b6857cf580f042\"},\"headline\":\"Gu\u00eda barrio San Fernando, Cali\",\"datePublished\":\"2025-03-14T21:15:24+00:00\",\"dateModified\":\"2025-05-02T19:42:40+00:00\",\"mainEntityOfPage\":{\"@id\":\"https:\/\/arriendo.com\/co\/blog\/lugares\/para-vivir\/barrio-san-fernando-cali\/\"},\"wordCount\":1069,\"commentCount\":0,\"publisher\":{\"@id\":\"https:\/\/arriendo.com\/co\/blog\/#organization\"},\"image\":{\"@id\":\"https:\/\/arriendo.com\/co\/blog\/lugares\/para-vivir\/barrio-san-fernando-cali\/#primaryimage\"},\"thumbnailUrl\":\"https:\/\/cdn-blog.arriendo.com\/co\/blog\/wp-content\/uploads\/2025\/02\/Guia-del-Barrio-San-Fernando-Cali.jpg\",\"articleSection\":[\"Lugares para Vivir\"],\"inLanguage\":\"es\",\"potentialAction\":[{\"@type\":\"CommentAction\",\"name\":\"Comment\",\"target\":[\"https:\/\/arriendo.com\/co\/blog\/lugares\/para-vivir\/barrio-san-fernando-cali\/#respond\"]}]},{\"@type\":\"WebPage\",\"@id\":\"https:\/\/arriendo.com\/co\/blog\/lugares\/para-vivir\/barrio-san-fernando-cali\/\",\"url\":\"https:\/\/arriendo.com\/co\/blog\/lugares\/para-vivir\/barrio-san-fernando-cali\/\",\"name\":\"Gu\u00eda barrio San Fernando, Cali 2026\",\"isPartOf\":{\"@id\":\"https:\/\/arriendo.com\/co\/blog\/#website\"},\"primaryImageOfPage\":{\"@id\":\"https:\/\/arriendo.com\/co\/blog\/lugares\/para-vivir\/barrio-san-fernando-cali\/#primaryimage\"},\"image\":{\"@id\":\"https:\/\/arriendo.com\/co\/blog\/lugares\/para-vivir\/barrio-san-fernando-cali\/#primaryimage\"},\"thumbnailUrl\":\"https:\/\/cdn-blog.arriendo.com\/co\/blog\/wp-content\/uploads\/2025\/02\/Guia-del-Barrio-San-Fernando-Cali.jpg\",\"datePublished\":\"2025-03-14T21:15:24+00:00\",\"dateModified\":\"2025-05-02T19:42:40+00:00\",\"description\":\"Conoce el barrio San Fernando y sorpr\u00e9ndete con su amplia oferta inmobiliaria para alquiler, entretenimiento y todos los servicios a la mano.\",\"breadcrumb\":{\"@id\":\"https:\/\/arriendo.com\/co\/blog\/lugares\/para-vivir\/barrio-san-fernando-cali\/#breadcrumb\"},\"inLanguage\":\"es\",\"potentialAction\":[{\"@type\":\"ReadAction\",\"target\":[\"https:\/\/arriendo.com\/co\/blog\/lugares\/para-vivir\/barrio-san-fernando-cali\/\"]}]},{\"@type\":\"ImageObject\",\"inLanguage\":\"es\",\"@id\":\"https:\/\/arriendo.com\/co\/blog\/lugares\/para-vivir\/barrio-san-fernando-cali\/#primaryimage\",\"url\":\"https:\/\/cdn-blog.arriendo.com\/co\/blog\/wp-content\/uploads\/2025\/02\/Guia-del-Barrio-San-Fernando-Cali.jpg\",\"contentUrl\":\"https:\/\/cdn-blog.arriendo.com\/co\/blog\/wp-content\/uploads\/2025\/02\/Guia-del-Barrio-San-Fernando-Cali.jpg\",\"width\":1900,\"height\":1269,\"caption\":\"Gu\u00eda del Barrio San Fernando, Cali (imagen representativa)\"},{\"@type\":\"BreadcrumbList\",\"@id\":\"https:\/\/arriendo.com\/co\/blog\/lugares\/para-vivir\/barrio-san-fernando-cali\/#breadcrumb\",\"itemListElement\":[{\"@type\":\"ListItem\",\"position\":1,\"name\":\"Inicio\",\"item\":\"https:\/\/arriendo.com\/co\/blog\/\"},{\"@type\":\"ListItem\",\"position\":2,\"name\":\"Lugares\",\"item\":\"https:\/\/arriendo.com\/co\/blog\/lugares\/\"},{\"@type\":\"ListItem\",\"position\":3,\"name\":\"Lugares para Vivir\",\"item\":\"https:\/\/arriendo.com\/co\/blog\/lugares\/para-vivir\/\"},{\"@type\":\"ListItem\",\"position\":4,\"name\":\"Gu\u00eda barrio San Fernando, Cali\"}]},{\"@type\":\"WebSite\",\"@id\":\"https:\/\/arriendo.com\/co\/blog\/#website\",\"url\":\"https:\/\/arriendo.com\/co\/blog\/\",\"name\":\"Blog arriendo.com\",\"description\":\"Abre la puerta de tu pr\u00f3ximo hogar\",\"publisher\":{\"@id\":\"https:\/\/arriendo.com\/co\/blog\/#organization\"},\"alternateName\":\"Blog Arriendo\",\"potentialAction\":[{\"@type\":\"SearchAction\",\"target\":{\"@type\":\"EntryPoint\",\"urlTemplate\":\"https:\/\/arriendo.com\/co\/blog\/?s={search_term_string}\"},\"query-input\":{\"@type\":\"PropertyValueSpecification\",\"valueRequired\":true,\"valueName\":\"search_term_string\"}}],\"inLanguage\":\"es\"},{\"@type\":\"Organization\",\"@id\":\"https:\/\/arriendo.com\/co\/blog\/#organization\",\"name\":\"Blog arriendo.com\",\"alternateName\":\"Arriendo.com\",\"url\":\"https:\/\/arriendo.com\/co\/blog\/\",\"logo\":{\"@type\":\"ImageObject\",\"inLanguage\":\"es\",\"@id\":\"https:\/\/arriendo.com\/co\/blog\/#\/schema\/logo\/image\/\",\"url\":\"https:\/\/arriendo.com\/co\/blog\/wp-content\/uploads\/2020\/02\/logo-arriendo-perfil-rojo-1080x1080-ok-v1.png\",\"contentUrl\":\"https:\/\/arriendo.com\/co\/blog\/wp-content\/uploads\/2020\/02\/logo-arriendo-perfil-rojo-1080x1080-ok-v1.png\",\"width\":1080,\"height\":1080,\"caption\":\"Blog arriendo.com\"},\"image\":{\"@id\":\"https:\/\/arriendo.com\/co\/blog\/#\/schema\/logo\/image\/\"},\"sameAs\":[\"https:\/\/www.facebook.com\/arriendocom\"]},{\"@type\":\"Person\",\"@id\":\"https:\/\/arriendo.com\/co\/blog\/#\/schema\/person\/34a76bc9ff64a30e83b6857cf580f042\",\"name\":\"Mar\u00eda Camila Mart\u00ednez Reyes\",\"image\":{\"@type\":\"ImageObject\",\"inLanguage\":\"es\",\"@id\":\"https:\/\/arriendo.com\/co\/blog\/#\/schema\/person\/image\/\",\"url\":\"https:\/\/secure.gravatar.com\/avatar\/9f515c1e75c1130dca553e094da21a63029157671bdc62e6e1d566fec39ccd35?s=96&r=g\",\"contentUrl\":\"https:\/\/secure.gravatar.com\/avatar\/9f515c1e75c1130dca553e094da21a63029157671bdc62e6e1d566fec39ccd35?s=96&r=g\",\"caption\":\"Mar\u00eda Camila Mart\u00ednez Reyes\"}}]}<\/script>\n<!-- \/ Yoast SEO plugin. -->","yoast_head_json":{"title":"Gu\u00eda barrio San Fernando, Cali 2026","description":"Conoce el barrio San Fernando y sorpr\u00e9ndete con su amplia oferta inmobiliaria para alquiler, entretenimiento y todos los servicios a la mano.","robots":{"index":"index","follow":"follow","max-snippet":"max-snippet:-1","max-image-preview":"max-image-preview:large","max-video-preview":"max-video-preview:-1"},"canonical":"https:\/\/arriendo.com\/co\/blog\/lugares\/para-vivir\/barrio-san-fernando-cali\/","og_locale":"es_ES","og_type":"article","og_title":"Gu\u00eda barrio San Fernando, Cali 2026","og_description":"Conoce el barrio San Fernando y sorpr\u00e9ndete con su amplia oferta inmobiliaria para alquiler, entretenimiento y todos los servicios a la mano.","og_url":"https:\/\/arriendo.com\/co\/blog\/lugares\/para-vivir\/barrio-san-fernando-cali\/","og_site_name":"Blog Arriendo.com","article_publisher":"https:\/\/www.facebook.com\/arriendocom","article_published_time":"2025-03-14T21:15:24+00:00","article_modified_time":"2025-05-02T19:42:40+00:00","og_image":[{"width":1900,"height":1269,"url":"https:\/\/arriendo.com\/co\/blog\/wp-content\/uploads\/2025\/02\/Guia-del-Barrio-San-Fernando-Cali.jpg","type":"image\/jpeg"}],"author":"Mar\u00eda Camila Mart\u00ednez Reyes","twitter_card":"summary_large_image","twitter_misc":{"Escrito por":"Mar\u00eda Camila Mart\u00ednez Reyes","Tiempo de lectura":"5 minutos"},"schema":{"@context":"https:\/\/schema.org","@graph":[{"@type":["Article","BlogPosting"],"@id":"https:\/\/arriendo.com\/co\/blog\/lugares\/para-vivir\/barrio-san-fernando-cali\/#article","isPartOf":{"@id":"https:\/\/arriendo.com\/co\/blog\/lugares\/para-vivir\/barrio-san-fernando-cali\/"},"author":{"name":"Mar\u00eda Camila Mart\u00ednez Reyes","@id":"https:\/\/arriendo.com\/co\/blog\/#\/schema\/person\/34a76bc9ff64a30e83b6857cf580f042"},"headline":"Gu\u00eda barrio San Fernando, Cali","datePublished":"2025-03-14T21:15:24+00:00","dateModified":"2025-05-02T19:42:40+00:00","mainEntityOfPage":{"@id":"https:\/\/arriendo.com\/co\/blog\/lugares\/para-vivir\/barrio-san-fernando-cali\/"},"wordCount":1069,"commentCount":0,"publisher":{"@id":"https:\/\/arriendo.com\/co\/blog\/#organization"},"image":{"@id":"https:\/\/arriendo.com\/co\/blog\/lugares\/para-vivir\/barrio-san-fernando-cali\/#primaryimage"},"thumbnailUrl":"https:\/\/cdn-blog.arriendo.com\/co\/blog\/wp-content\/uploads\/2025\/02\/Guia-del-Barrio-San-Fernando-Cali.jpg","articleSection":["Lugares para Vivir"],"inLanguage":"es","potentialAction":[{"@type":"CommentAction","name":"Comment","target":["https:\/\/arriendo.com\/co\/blog\/lugares\/para-vivir\/barrio-san-fernando-cali\/#respond"]}]},{"@type":"WebPage","@id":"https:\/\/arriendo.com\/co\/blog\/lugares\/para-vivir\/barrio-san-fernando-cali\/","url":"https:\/\/arriendo.com\/co\/blog\/lugares\/para-vivir\/barrio-san-fernando-cali\/","name":"Gu\u00eda barrio San Fernando, Cali 2026","isPartOf":{"@id":"https:\/\/arriendo.com\/co\/blog\/#website"},"primaryImageOfPage":{"@id":"https:\/\/arriendo.com\/co\/blog\/lugares\/para-vivir\/barrio-san-fernando-cali\/#primaryimage"},"image":{"@id":"https:\/\/arriendo.com\/co\/blog\/lugares\/para-vivir\/barrio-san-fernando-cali\/#primaryimage"},"thumbnailUrl":"https:\/\/cdn-blog.arriendo.com\/co\/blog\/wp-content\/uploads\/2025\/02\/Guia-del-Barrio-San-Fernando-Cali.jpg","datePublished":"2025-03-14T21:15:24+00:00","dateModified":"2025-05-02T19:42:40+00:00","description":"Conoce el barrio San Fernando y sorpr\u00e9ndete con su amplia oferta inmobiliaria para alquiler, entretenimiento y todos los servicios a la mano.","breadcrumb":{"@id":"https:\/\/arriendo.com\/co\/blog\/lugares\/para-vivir\/barrio-san-fernando-cali\/#breadcrumb"},"inLanguage":"es","potentialAction":[{"@type":"ReadAction","target":["https:\/\/arriendo.com\/co\/blog\/lugares\/para-vivir\/barrio-san-fernando-cali\/"]}]},{"@type":"ImageObject","inLanguage":"es","@id":"https:\/\/arriendo.com\/co\/blog\/lugares\/para-vivir\/barrio-san-fernando-cali\/#primaryimage","url":"https:\/\/cdn-blog.arriendo.com\/co\/blog\/wp-content\/uploads\/2025\/02\/Guia-del-Barrio-San-Fernando-Cali.jpg","contentUrl":"https:\/\/cdn-blog.arriendo.com\/co\/blog\/wp-content\/uploads\/2025\/02\/Guia-del-Barrio-San-Fernando-Cali.jpg","width":1900,"height":1269,"caption":"Gu\u00eda del Barrio San Fernando, Cali (imagen representativa)"},{"@type":"BreadcrumbList","@id":"https:\/\/arriendo.com\/co\/blog\/lugares\/para-vivir\/barrio-san-fernando-cali\/#breadcrumb","itemListElement":[{"@type":"ListItem","position":1,"name":"Inicio","item":"https:\/\/arriendo.com\/co\/blog\/"},{"@type":"ListItem","position":2,"name":"Lugares","item":"https:\/\/arriendo.com\/co\/blog\/lugares\/"},{"@type":"ListItem","position":3,"name":"Lugares para Vivir","item":"https:\/\/arriendo.com\/co\/blog\/lugares\/para-vivir\/"},{"@type":"ListItem","position":4,"name":"Gu\u00eda barrio San Fernando, Cali"}]},{"@type":"WebSite","@id":"https:\/\/arriendo.com\/co\/blog\/#website","url":"https:\/\/arriendo.com\/co\/blog\/","name":"Blog arriendo.com","description":"Abre la puerta de tu pr\u00f3ximo hogar","publisher":{"@id":"https:\/\/arriendo.com\/co\/blog\/#organization"},"alternateName":"Blog Arriendo","potentialAction":[{"@type":"SearchAction","target":{"@type":"EntryPoint","urlTemplate":"https:\/\/arriendo.com\/co\/blog\/?s={search_term_string}"},"query-input":{"@type":"PropertyValueSpecification","valueRequired":true,"valueName":"search_term_string"}}],"inLanguage":"es"},{"@type":"Organization","@id":"https:\/\/arriendo.com\/co\/blog\/#organization","name":"Blog arriendo.com","alternateName":"Arriendo.com","url":"https:\/\/arriendo.com\/co\/blog\/","logo":{"@type":"ImageObject","inLanguage":"es","@id":"https:\/\/arriendo.com\/co\/blog\/#\/schema\/logo\/image\/","url":"https:\/\/arriendo.com\/co\/blog\/wp-content\/uploads\/2020\/02\/logo-arriendo-perfil-rojo-1080x1080-ok-v1.png","contentUrl":"https:\/\/arriendo.com\/co\/blog\/wp-content\/uploads\/2020\/02\/logo-arriendo-perfil-rojo-1080x1080-ok-v1.png","width":1080,"height":1080,"caption":"Blog arriendo.com"},"image":{"@id":"https:\/\/arriendo.com\/co\/blog\/#\/schema\/logo\/image\/"},"sameAs":["https:\/\/www.facebook.com\/arriendocom"]},{"@type":"Person","@id":"https:\/\/arriendo.com\/co\/blog\/#\/schema\/person\/34a76bc9ff64a30e83b6857cf580f042","name":"Mar\u00eda Camila Mart\u00ednez Reyes","image":{"@type":"ImageObject","inLanguage":"es","@id":"https:\/\/arriendo.com\/co\/blog\/#\/schema\/person\/image\/","url":"https:\/\/secure.gravatar.com\/avatar\/9f515c1e75c1130dca553e094da21a63029157671bdc62e6e1d566fec39ccd35?s=96&r=g","contentUrl":"https:\/\/secure.gravatar.com\/avatar\/9f515c1e75c1130dca553e094da21a63029157671bdc62e6e1d566fec39ccd35?s=96&r=g","caption":"Mar\u00eda Camila Mart\u00ednez Reyes"}}]}},"amp_enabled":true,"_links":{"self":[{"href":"https:\/\/arriendo.com\/co\/blog\/wp-json\/wp\/v2\/posts\/19148","targetHints":{"allow":["GET"]}}],"collection":[{"href":"https:\/\/arriendo.com\/co\/blog\/wp-json\/wp\/v2\/posts"}],"about":[{"href":"https:\/\/arriendo.com\/co\/blog\/wp-json\/wp\/v2\/types\/post"}],"author":[{"embeddable":true,"href":"https:\/\/arriendo.com\/co\/blog\/wp-json\/wp\/v2\/users\/19"}],"replies":[{"embeddable":true,"href":"https:\/\/arriendo.com\/co\/blog\/wp-json\/wp\/v2\/comments?post=19148"}],"version-history":[{"count":47,"href":"https:\/\/arriendo.com\/co\/blog\/wp-json\/wp\/v2\/posts\/19148\/revisions"}],"predecessor-version":[{"id":19515,"href":"https:\/\/arriendo.com\/co\/blog\/wp-json\/wp\/v2\/posts\/19148\/revisions\/19515"}],"wp:featuredmedia":[{"embeddable":true,"href":"https:\/\/arriendo.com\/co\/blog\/wp-json\/wp\/v2\/media\/19184"}],"wp:attachment":[{"href":"https:\/\/arriendo.com\/co\/blog\/wp-json\/wp\/v2\/media?parent=19148"}],"wp:term":[{"taxonomy":"category","embeddable":true,"href":"https:\/\/arriendo.com\/co\/blog\/wp-json\/wp\/v2\/categories?post=19148"},{"taxonomy":"post_tag","embeddable":true,"href":"https:\/\/arriendo.com\/co\/blog\/wp-json\/wp\/v2\/tags?post=19148"}],"curies":[{"name":"wp","href":"https:\/\/api.w.org\/{rel}","templated":true}]}}