{"id":18688,"date":"2025-02-12T17:26:24","date_gmt":"2025-02-12T22:26:24","guid":{"rendered":"https:\/\/arriendo.com\/co\/blog\/?p=18688"},"modified":"2026-01-16T15:12:55","modified_gmt":"2026-01-16T20:12:55","slug":"barrio-el-restrepo-bogota","status":"publish","type":"post","link":"https:\/\/arriendo.com\/co\/blog\/lugares\/para-vivir\/barrio-el-restrepo-bogota\/","title":{"rendered":"Gu\u00eda barrio El Restrepo, Bogot\u00e1"},"content":{"rendered":"\n<p>En el barrio El Restrepo, encontrar\u00e1s variedad en<strong> oferta de inmuebles para alquiler,<\/strong> acceso a todos los servicios b\u00e1sicos, oportunidades educativas y facilidad en el sistema de transporte. Adem\u00e1s, la seguridad en la zona est\u00e1 garantizada por la presencia del <strong>CAI Restrepo,<\/strong> brindando tranquilidad a los residentes y comerciantes.<\/p>\n\n\n\n<p>Este sector se ha consolidado como un referente comercial en el sur de Bogot\u00e1, impulsado por la <strong>Plaza de Mercado Carlos E. Restrepo<\/strong>, la <strong>industria de marroquiner\u00eda<\/strong> y el importante <strong>epicentro zapatero de la ciudad.<\/strong><\/p>\n\n\n<div class=\"gb-grid-wrapper gb-grid-wrapper-859a8aa2\">\n<div class=\"gb-grid-column gb-grid-column-dd258e7d\"><div class=\"gb-container gb-container-dd258e7d\">\n\n<p class=\"gb-headline gb-headline-03546fab\"><span class=\"gb-icon\"><svg viewBox=\"0 0 576 512\" xmlns=\"http:\/\/www.w3.org\/2000\/svg\"><path d=\"M575.8 255.5c0 18-15 32.1-32 32.1h-32l.7 160.2c0 2.7-.2 5.4-.5 8.1V472c0 22.1-17.9 40-40 40H456c-1.1 0-2.2 0-3.3-.1c-1.4 .1-2.8 .1-4.2 .1H416 392c-22.1 0-40-17.9-40-40V448 384c0-17.7-14.3-32-32-32H256c-17.7 0-32 14.3-32 32v64 24c0 22.1-17.9 40-40 40H160 128.1c-1.5 0-3-.1-4.5-.2c-1.2 .1-2.4 .2-3.6 .2H104c-22.1 0-40-17.9-40-40V360c0-.9 0-1.9 .1-2.8V287.6H32c-18 0-32-14-32-32.1c0-9 3-17 10-24L266.4 8c7-7 15-8 22-8s15 2 21 7L564.8 231.5c8 7 12 15 11 24z\"><\/path><\/svg><\/span><span class=\"gb-headline-text\"><strong>100 Aprox.<\/strong><\/span><\/p>\n\n\n\n<p class=\"gb-headline gb-headline-a02be94e gb-headline-text\">Inmuebles Alquiler<\/p>\n\n<\/div><\/div>\n\n<div class=\"gb-grid-column gb-grid-column-cb8cd9a5\"><div class=\"gb-container gb-container-cb8cd9a5\">\n\n<p class=\"gb-headline gb-headline-85540feb\"><span class=\"gb-icon\"><svg viewBox=\"0 0 16 16\" class=\"bi bi-cart-fill\" fill=\"currentColor\" height=\"16\" width=\"16\" xmlns=\"http:\/\/www.w3.org\/2000\/svg\"> <path d=\"M0 1.5A.5.5 0 0 1 .5 1H2a.5.5 0 0 1 .485.379L2.89 3H14.5a.5.5 0 0 1 .491.592l-1.5 8A.5.5 0 0 1 13 12H4a.5.5 0 0 1-.491-.408L2.01 3.607 1.61 2H.5a.5.5 0 0 1-.5-.5zM5 12a2 2 0 1 0 0 4 2 2 0 0 0 0-4zm7 0a2 2 0 1 0 0 4 2 2 0 0 0 0-4zm-7 1a1 1 0 1 1 0 2 1 1 0 0 1 0-2zm7 0a1 1 0 1 1 0 2 1 1 0 0 1 0-2z\"><\/path> <\/svg><\/span><span class=\"gb-headline-text\"><strong>2<\/strong><\/span><\/p>\n\n\n\n<p class=\"gb-headline gb-headline-7add712d gb-headline-text\">Centros Comerciales<\/p>\n\n<\/div><\/div>\n\n<div class=\"gb-grid-column gb-grid-column-3ed170a4\"><div class=\"gb-container gb-container-3ed170a4\">\n\n<p class=\"gb-headline gb-headline-746735a1\"><span class=\"gb-icon\"><svg viewBox=\"0 0 512 512\" xmlns=\"http:\/\/www.w3.org\/2000\/svg\"><path d=\"M45.63 79.75L52 81.25v58.5C45 143.9 40 151.3 40 160c0 8.375 4.625 15.38 11.12 19.75L35.5 242C33.75 248.9 37.63 256 43.13 256h41.75c5.5 0 9.375-7.125 7.625-13.1L76.88 179.8C83.38 175.4 88 168.4 88 160c0-8.75-5-16.12-12-20.25V87.13L128 99.63l.001 60.37c0 70.75 57.25 128 128 128s127.1-57.25 127.1-128L384 99.62l82.25-19.87c18.25-4.375 18.25-27 0-31.5l-190.4-46c-13-3-26.62-3-39.63 0l-190.6 46C27.5 52.63 27.5 75.38 45.63 79.75zM359.2 312.8l-103.2 103.2l-103.2-103.2c-69.93 22.3-120.8 87.2-120.8 164.5C32 496.5 47.53 512 66.67 512h378.7C464.5 512 480 496.5 480 477.3C480 400 429.1 335.1 359.2 312.8z\"><\/path><\/svg><\/span><span class=\"gb-headline-text\"><strong>30<\/strong><\/span><\/p>\n\n\n\n<p class=\"gb-headline gb-headline-09df291f gb-headline-text\">Colegios<\/p>\n\n<\/div><\/div>\n\n<div class=\"gb-grid-column gb-grid-column-b583df42\"><div class=\"gb-container gb-container-b583df42\">\n\n<p class=\"gb-headline gb-headline-0190ec8b\"><span class=\"gb-icon\"><svg viewBox=\"0 0 448 512\" xmlns=\"http:\/\/www.w3.org\/2000\/svg\"><path d=\"M192 256V192H240C257.7 192 272 206.3 272 224C272 241.7 257.7 256 240 256H192zM384 32C419.3 32 448 60.65 448 96V416C448 451.3 419.3 480 384 480H64C28.65 480 0 451.3 0 416V96C0 60.65 28.65 32 64 32H384zM336 224C336 170.1 293 128 240 128H168C145.9 128 128 145.9 128 168V352C128 369.7 142.3 384 160 384C177.7 384 192 369.7 192 352V320H240C293 320 336 277 336 224z\"><\/path><\/svg><\/span><span class=\"gb-headline-text\"><strong>41<\/strong><\/span><\/p>\n\n\n\n<p class=\"gb-headline gb-headline-74e3b592 gb-headline-text\">Paraderos SITP<\/p>\n\n<\/div><\/div>\n\n<div class=\"gb-grid-column gb-grid-column-3c698e61\"><div class=\"gb-container gb-container-3c698e61\">\n\n<p class=\"gb-headline gb-headline-c2c411ff\"><span class=\"gb-icon\"><svg viewBox=\"0 0 15 15\" height=\"15\" width=\"15\" xmlns=\"http:\/\/www.w3.org\/2000\/svg\" id=\"park-alt1\"> <path d=\"M9.428,10.429a.269.269,0,0,1-.074-.18A.25.25,0,0,1,9.6,10h1.447a.25.25,0,0,0,.25-.25.258.258,0,0,0-.079-.179L9.07,7.419a.3.3,0,0,1-.063-.17A.249.249,0,0,1,9.257,7H10.4a.251.251,0,0,0,.25-.251.247.247,0,0,0-.077-.178L8.432,4.434,8.418,4.42a.262.262,0,0,1-.066-.17A.25.25,0,0,1,8.6,4h.866a.25.25,0,0,0,.25-.25.246.246,0,0,0-.068-.164h.006L7.7,1.238a.253.253,0,0,0-.042-.044A.249.249,0,0,0,7.5,1.139h0a.249.249,0,0,0-.158.055.253.253,0,0,0-.042.044L5.352,3.586a.246.246,0,0,0-.068.164.25.25,0,0,0,.25.25H6.4a.241.241,0,0,1,.184.42l-.014.014L4.431,6.571a.247.247,0,0,0-.077.178A.251.251,0,0,0,4.6,7H5.745a.249.249,0,0,1,.25.249.3.3,0,0,1-.063.17L3.782,9.571A.258.258,0,0,0,3.7,9.75a.25.25,0,0,0,.25.25H5.4a.25.25,0,0,1,.248.249.269.269,0,0,1-.074.18l-2.14,2.132-.009.009a.248.248,0,0,0,0,.351A.256.256,0,0,0,3.605,13H7v1l1-.008V13h3.391a.263.263,0,0,0,.26-.254.248.248,0,0,0-.071-.177Z\"><\/path> <\/svg><\/span><span class=\"gb-headline-text\"><strong>4<\/strong><\/span><\/p>\n\n\n\n<p class=\"gb-headline gb-headline-29fe96b2 gb-headline-text\">Parques<\/p>\n\n<\/div><\/div>\n\n<div class=\"gb-grid-column gb-grid-column-d9b9a274\"><div class=\"gb-container gb-container-d9b9a274\">\n\n<p class=\"gb-headline gb-headline-86c1119c\"><span class=\"gb-icon\"><svg viewBox=\"0 0 576 512\" xmlns=\"http:\/\/www.w3.org\/2000\/svg\"><path d=\"M575.8 255.5c0 18-15 32.1-32 32.1h-32l.7 160.2c0 2.7-.2 5.4-.5 8.1V472c0 22.1-17.9 40-40 40H456c-1.1 0-2.2 0-3.3-.1c-1.4 .1-2.8 .1-4.2 .1H416 392c-22.1 0-40-17.9-40-40V448 384c0-17.7-14.3-32-32-32H256c-17.7 0-32 14.3-32 32v64 24c0 22.1-17.9 40-40 40H160 128.1c-1.5 0-3-.1-4.5-.2c-1.2 .1-2.4 .2-3.6 .2H104c-22.1 0-40-17.9-40-40V360c0-.9 0-1.9 .1-2.8V287.6H32c-18 0-32-14-32-32.1c0-9 3-17 10-24L266.4 8c7-7 15-8 22-8s15 2 21 7L564.8 231.5c8 7 12 15 11 24z\"><\/path><\/svg><\/span><span class=\"gb-headline-text\"><strong>111511<\/strong><\/span><\/p>\n\n\n\n<p class=\"gb-headline gb-headline-0a008908 gb-headline-text\">C\u00f3digo Postal<\/p>\n\n<\/div><\/div>\n<\/div>\n\n\n<h2 class=\"wp-block-heading\">Ubicaci\u00f3n<\/h2>\n\n\n\n<p>El barrio El Restrepo se encuentra en la <strong><a href=\"https:\/\/arriendo.com\/co\/blog\/lugares\/para-vivir\/upz-y-barrios-que-conforman-antonio-narino-bogota\/\">localidad de Antonio Nari\u00f1o<\/a>,<\/strong> delimitado por la<em> Avenida Caracas, la Carrera 27, la Calle 12B Sur y la Calle 22 Sur<\/em>. Hace parte de la UPZ que lleva su nombre e incluye los barrios <em>Restrepo y Restrepo Occidental<\/em>, donde el canal del r\u00edo Fucha funciona como l\u00edmite natural.<\/p>\n\n\n\n<p>La zona cuenta con diversas opciones de transporte, tanto para quienes la visitan como para quienes se desplazan a otros sectores de la ciudad. Dispone de varias rutas del SITP y del sistema TransMilenio, destac\u00e1ndose la estaci\u00f3n \"El Restrepo\", que lleva su nombre. <\/p>\n\n\n<div class=\"lightweight-accordion bordered\"><details><summary class=\"lightweight-accordion-title\"><span>\u00bfC\u00f3mo llegar en SITP o Transmilenio a El Restrepo en Bogot\u00e1? \ud83d\ude8d<\/span><\/summary><div class=\"lightweight-accordion-body\">\n\n<p><strong>Servicios que paran en Restrepo y Fucha<\/strong><br>H21, H61, G44, G45, F19, F29, B71, B72, D21 <em>(seg\u00fan horarios y sentido de la ruta).<\/em><\/p>\n\n<\/div><\/details><\/div>\n\n\n<h3 class=\"wp-block-heading\">Mapa del barrio<\/h3>\n\n\n\n<iframe loading=\"lazy\" src=\"https:\/\/www.google.com\/maps\/d\/embed?mid=18GZrM_95d-KNLeF_KDV7eSuhNLsVdAY&ehbc=2E312F\" width=\"640\" height=\"480\"><\/iframe>\n\n\n\n<h2 class=\"wp-block-heading\">\u00bfPor qu\u00e9 vivir en El Restrepo?<\/h2>\n\n\n\n<p>Este barrio combina una intensa<strong> actividad comercial con un ambiente residencial y familiar tranquilo. <\/strong>Aunque destaca por la <strong>venta de productos al por mayor y al detal,<\/strong> tambi\u00e9n cuenta con espacios p\u00fablicos como el <strong>Parque Restrepo,<\/strong> ideal para actividades al aire libre y la pr\u00e1ctica de deportes.<\/p>\n\n\n\n<p>Su <strong>costo de vivienda,<\/strong> tanto en arriendo como en compra, es <strong>m\u00e1s accesible<\/strong> en comparaci\u00f3n con otras zonas de Bogot\u00e1, lo que lo convierte en <strong>una opci\u00f3n atractiva para quienes buscan econom\u00eda y calidad de vida.<\/strong> Adem\u00e1s, ofrece una amplia gama de servicios esenciales, incluyendo supermercados, centros de salud, colegios y entidades financieras. \u00a1Conoce los beneficios de vivir en el Restrepo!<\/p>\n\n\n\n<h3 class=\"wp-block-heading\">1. Comercio en marroquiner\u00eda y calzado de todo tipo \ud83d\udc5e<\/h3>\n\n\n\n<p>El barrio El Restrepo es reconocido como el <strong>principal centro de marroquiner\u00eda y calzado en Bogot\u00e1.<\/strong> Con una <strong>oferta destacada<\/strong> de zapatos, botas, carteras y productos de cuero, este sector se ha consolidado como un destino clave para quienes buscan productos de calidad a <strong>precios competitivos.<\/strong> Ideal tanto para <strong>compradores mayoristas o minoristas.<\/strong><\/p>\n\n\n<div class=\"wp-block-image\">\n<figure class=\"aligncenter size-full\"><img loading=\"lazy\" decoding=\"async\" width=\"1400\" height=\"850\" src=\"https:\/\/cdn-blog.arriendo.com\/co\/blog\/wp-content\/uploads\/2025\/01\/Marroquineria-en-el-barrio-Restrepo-Bogota.jpg\" alt=\"Marroquiner\u00eda en el barrio Restrepo, Bogot\u00e1\" class=\"wp-image-18718\" srcset=\"https:\/\/cdn-blog.arriendo.com\/co\/blog\/wp-content\/uploads\/2025\/01\/Marroquineria-en-el-barrio-Restrepo-Bogota.jpg 1400w, https:\/\/cdn-blog.arriendo.com\/co\/blog\/wp-content\/uploads\/2025\/01\/Marroquineria-en-el-barrio-Restrepo-Bogota-500x304.jpg 500w, https:\/\/cdn-blog.arriendo.com\/co\/blog\/wp-content\/uploads\/2025\/01\/Marroquineria-en-el-barrio-Restrepo-Bogota-768x466.jpg 768w\" sizes=\"auto, (max-width: 1400px) 100vw, 1400px\" \/><figcaption class=\"wp-element-caption\">Marroquiner\u00eda en el barrio Restrepo, Bogot\u00e1<\/figcaption><\/figure><\/div>\n\n\n<p>Si buscas d\u00f3nde comprar <strong>calzado<\/strong> o<strong> art\u00edculos de marroquiner\u00eda<\/strong> en Bogot\u00e1, \u00a1<strong><a href=\"#Servicios-que-paran-en-Restrepo-y-Fucha-H21,-H61,-G44,-G45,-F19,-F29,-B71,-B72,-D21-(seg\u00fan-horarios-y-sentido-de-la-ruta).\">El Restrepo es el lugar ideal<\/a><\/strong>!<\/p>\n\n\n\n<h3 class=\"wp-block-heading\">2. El CAI te brinda seguridad<\/h3>\n\n\n\n<p>El <a href=\"https:\/\/www.policia.gov.co\/directorio\/cai-restrepo\">CAI Restrepo,<\/a> en la localidad de Antonio Nari\u00f1o, juega un papel fundamental en la <strong>seguridad del barrio.<\/strong> Medidas como la <strong>instalaci\u00f3n de c\u00e1maras de vigilancia, alarmas<\/strong> y el<strong> acompa\u00f1amiento de la Polic\u00eda Nacional <\/strong>contribuyen a mantener un entorno seguro y a mitigar posibles problemas.<\/p>\n\n\n\n<figure class=\"wp-block-table\"><table><tbody><tr><td>Direcci\u00f3n del CAI Restrepo<\/td><td>Diagonal 12 Sur # 16-50<\/td><\/tr><tr><td>N\u00famero de tel\u00e9fono del CAI<\/td><td>3506447836 <\/td><\/tr><\/tbody><\/table><\/figure>\n\n\n\n<h3 class=\"wp-block-heading\">3. Educaci\u00f3n \ud83d\udcda<\/h3>\n\n\n\n<p>El barrio cuenta con importantes entidades educativas p\u00fablicas y privadas que ofrecen bachillerato, preescolar, primaria e incluso centros de educaci\u00f3n superior como lo es la sede de la <strong>Universidad Nacional Abierta y a Distancia.<\/strong><\/p>\n\n\n\n<p>Algunos de los colegios del sector y zonas cercanas son:<\/p>\n\n\n\n<ul class=\"wp-block-list\">\n<li>Colegio Restrepo Mill\u00e1n<\/li>\n\n\n\n<li>Instituci\u00f3n Educativa Distrital El Restrepo<\/li>\n\n\n\n<li>Colegio San Jos\u00e9 del Restrepo<\/li>\n\n\n\n<li>Colegio Guillermo Le\u00f3n Valencia<\/li>\n\n\n\n<li>Colegio Alejandro Obreg\u00f3n<\/li>\n\n\n\n<li>Colegio Parroquial Nuestra Se\u00f1ora de La Valvanera<\/li>\n<\/ul>\n\n\n\n<h3 class=\"wp-block-heading\">4. Deporte y recreaci\u00f3n \u26bd<\/h3>\n\n\n\n<p>En el <strong>Parque Carlos E. Restrepo<\/strong> de la localidad de Antonio Nari\u00f1o, se pueden encontrar algunas <strong>canchas de f\u00fatbol o microf\u00fatbol,<\/strong> que son puntos de encuentro para los residentes y visitantes del barrio. Estos espacios permiten la pr\u00e1ctica de deportes populares en la zona.<\/p>\n\n\n<div class=\"wp-block-image\">\n<figure class=\"aligncenter size-full\"><img loading=\"lazy\" decoding=\"async\" width=\"1400\" height=\"850\" src=\"https:\/\/cdn-blog.arriendo.com\/co\/blog\/wp-content\/uploads\/2025\/01\/Canchas-de-futbol-en-el-barrio-Restrepo-Bogota.jpg\" alt=\"Canchas de futbol en el barrio Restrepo, Bogot\u00e1\" class=\"wp-image-18740\" srcset=\"https:\/\/cdn-blog.arriendo.com\/co\/blog\/wp-content\/uploads\/2025\/01\/Canchas-de-futbol-en-el-barrio-Restrepo-Bogota.jpg 1400w, https:\/\/cdn-blog.arriendo.com\/co\/blog\/wp-content\/uploads\/2025\/01\/Canchas-de-futbol-en-el-barrio-Restrepo-Bogota-500x304.jpg 500w, https:\/\/cdn-blog.arriendo.com\/co\/blog\/wp-content\/uploads\/2025\/01\/Canchas-de-futbol-en-el-barrio-Restrepo-Bogota-768x466.jpg 768w\" sizes=\"auto, (max-width: 1400px) 100vw, 1400px\" \/><figcaption class=\"wp-element-caption\">Canchas de futbol en el barrio Restrepo, Bogot\u00e1 (Imagen representativa)<\/figcaption><\/figure><\/div>\n\n\n<p>Esta zona no es solo comercial, sino tambi\u00e9n un espacio donde <strong>la comunidad impulsa el deporte y la recreaci\u00f3n. <\/strong>Los habitantes organizan<strong> torneos de f\u00fatbol y baloncesto,<\/strong> adem\u00e1s de actividades recreativas para j\u00f3venes y ni\u00f1os en parques y espacios comunales. Aunque no cuenta con grandes infraestructuras deportivas, la cercan\u00eda a ciclov\u00edas y zonas amplias de la ciudad facilita la pr\u00e1ctica de ciclismo y caminatas. Adem\u00e1s,<strong> La Secretar\u00eda de Recreaci\u00f3n y Deporte de Bogot\u00e1 <\/strong>implementa iniciativas que promueven h\u00e1bitos saludables y actividades recreativas en la zona, fortaleciendo el bienestar social y la vida comunitaria.<\/p>\n\n\n\n<h3 class=\"wp-block-heading\">5. Sistema de salud \ud83e\ude7a<\/h3>\n\n\n\n<p>Existen puntos que ofrecen atenci\u00f3n m\u00e9dica, como <strong>centros p\u00fablicos o privados<\/strong>, entre los cuales destacan el Centro de Salud Antonio Nari\u00f1o y el<em> Hospital de San Blas<\/em>, junto con <strong>consultorios y cl\u00ednicas <\/strong>especializadas en odontolog\u00eda, pediatr\u00eda y ginecolog\u00eda. Adem\u00e1s, cuenta con farmacias, servicios de salud mental y programas de vacunaci\u00f3n y medicina preventiva.<\/p>\n\n\n\n<h3 class=\"wp-block-heading\">6. Gastronom\u00eda<\/h3>\n\n\n\n<p><strong>La lechona del Restrepo es uno de los platos m\u00e1s populares de la ciudad.<\/strong> Varios establecimientos compiten por ofrecer la mejor versi\u00f3n, lo que convierte a la zona en un destino ideal para los amantes de este plato tradicional colombiano.<\/p>\n\n\n\n<figure class=\"wp-block-image size-full\"><img loading=\"lazy\" decoding=\"async\" width=\"1400\" height=\"850\" src=\"https:\/\/cdn-blog.arriendo.com\/co\/blog\/wp-content\/uploads\/2025\/01\/Lechona-famosa-en-Bogota-1.jpg\" alt=\"Lechona famosa en Bogot\u00e1\" class=\"wp-image-18734\" srcset=\"https:\/\/cdn-blog.arriendo.com\/co\/blog\/wp-content\/uploads\/2025\/01\/Lechona-famosa-en-Bogota-1.jpg 1400w, https:\/\/cdn-blog.arriendo.com\/co\/blog\/wp-content\/uploads\/2025\/01\/Lechona-famosa-en-Bogota-1-500x304.jpg 500w, https:\/\/cdn-blog.arriendo.com\/co\/blog\/wp-content\/uploads\/2025\/01\/Lechona-famosa-en-Bogota-1-768x466.jpg 768w\" sizes=\"auto, (max-width: 1400px) 100vw, 1400px\" \/><figcaption class=\"wp-element-caption\">Lechona famosa en Bogot\u00e1<\/figcaption><\/figure>\n\n\n\n<h2 class=\"wp-block-heading\">Entretenimiento o actividades para hacer en El Restrepo<\/h2>\n\n\n\n<p>Puedes visitar la Iglesia<strong> Nuestra Se\u00f1ora de la Valvanera,<\/strong> la<strong> biblioteca p\u00fablica Carlos E. Restrepo, el Museo del Cuero<\/strong> y<strong> la Plaza Distrital de Mercado El Restrepo. <\/strong>Igualmente, podr\u00edas disfrutar de actividades como lo son:<\/p>\n\n\n\n<ul class=\"wp-block-list\">\n<li><strong>La Feria de El Restrepo:<\/strong> durante ciertas \u00e9pocas del a\u00f1o, se celebran eventos como ferias y festivales que incluyen actividades art\u00edsticas, m\u00fasica en vivo, danzas tradicionales y otras manifestaciones culturales locales.<\/li>\n\n\n\n<li><strong>Centros comerciales:<\/strong> destaca por el<strong> Centro Comercial Restrepo,<\/strong> que es uno de los m\u00e1s representativos, y el<strong> Centro Comercial La 38, <\/strong>que ofrece diversas tiendas de moda y tecnolog\u00eda, brindando opciones de compra con precios competitivos.<\/li>\n\n\n\n<li><strong>Centro Cultural:<\/strong> es un importante punto de encuentro cultural, ofrece actividades como talleres, presentaciones teatrales, cine al aire libre y conciertos, entre otros eventos que fomentan la cultura local y la participaci\u00f3n ciudadana para plasmar y mejorar las problem\u00e1ticas sociales.<\/li>\n\n\n\n<li><strong>Eventos musicales:<\/strong> El barrio es sede de presentaciones y <strong>conciertos en vivo,<\/strong> que van desde m\u00fasica popular colombiana hasta g\u00e9neros alternativos. Estos eventos se realizan en diversos puntos del barrio, incluidos parques y auditorios locales.<\/li>\n<\/ul>\n\n\n\n<h2 class=\"wp-block-heading\">Oferta inmobiliaria en el barrio Restrepo \ud83c\udfec<\/h2>\n\n\n<div class=\"wp-block-image\">\n<figure class=\"aligncenter size-full\"><img loading=\"lazy\" decoding=\"async\" width=\"1400\" height=\"850\" src=\"https:\/\/cdn-blog.arriendo.com\/co\/blog\/wp-content\/uploads\/2025\/02\/Mercado-Inmobiliario-en-el-Restrepo.jpg\" alt=\"Mercado Inmobiliario en el Restrepo\" class=\"wp-image-18769\" srcset=\"https:\/\/cdn-blog.arriendo.com\/co\/blog\/wp-content\/uploads\/2025\/02\/Mercado-Inmobiliario-en-el-Restrepo.jpg 1400w, https:\/\/cdn-blog.arriendo.com\/co\/blog\/wp-content\/uploads\/2025\/02\/Mercado-Inmobiliario-en-el-Restrepo-500x304.jpg 500w, https:\/\/cdn-blog.arriendo.com\/co\/blog\/wp-content\/uploads\/2025\/02\/Mercado-Inmobiliario-en-el-Restrepo-768x466.jpg 768w\" sizes=\"auto, (max-width: 1400px) 100vw, 1400px\" \/><figcaption class=\"wp-element-caption\">Mercado Inmobiliario en el Restrepo<\/figcaption><\/figure><\/div>\n\n\n<p>El barrio <strong>El Restrepo en Bogot\u00e1<\/strong> ha experimentado un notable crecimiento inmobiliario en los \u00faltimos a\u00f1os, convirti\u00e9ndose en una excelente oportunidad para quienes buscan <strong><a href=\"https:\/\/arriendo.com\/co\/\">alquilar una vivienda<\/a><\/strong> o invertir en el sector inmobiliario. \ud83c\udfe0<\/p>\n\n\n\n<p>Uno de los principales atractivos es la oferta de <strong>Vivienda de Inter\u00e9s Social (VIS)<\/strong> y <strong>Vivienda de Inter\u00e9s Prioritario (VIP)<\/strong>, que permite acceder a inmuebles modernos a precios accesibles. Adem\u00e1s, los proyectos mixtos han dinamizado el sector, integrando \u00e1reas comerciales y residenciales, lo que garantiza una mayor oferta de servicios, empleo y movilidad.<\/p>\n\n\n\n<p>El <strong>crecimiento comercial en El Restrepo<\/strong>, impulsado por la apertura de peque\u00f1os centros comerciales y oficinas, junto con la renovaci\u00f3n urbana que mejora la infraestructura y la conectividad, convierte el alquiler de inmuebles en una opci\u00f3n asequible y estrat\u00e9gica. No solo permite vivir cerca de servicios clave, sino tambi\u00e9n aprovechar <strong>oportunidades de inversi\u00f3n a trav\u00e9s del arriendo o el comercio.<\/strong><\/p>\n\n\n\n<h2 class=\"wp-block-heading\">Preguntas frecuentes<\/h2>\n\n\n<div class=\"lightweight-accordion bordered\"><details><summary class=\"lightweight-accordion-title\"><h3><strong>\u00bfQu\u00e9 localidad es Antonio Nari\u00f1o?<\/strong><\/h3><\/summary><div class=\"lightweight-accordion-body\">\n\n<p>La localidad de <strong>Antonio Nari\u00f1o es la n\u00famero 15 de Bogot\u00e1.<\/strong> Se encuentra ubicada en el centro-sur de la ciudad y limita con las localidades de Puente Aranda, Los M\u00e1rtires, San Crist\u00f3bal y Rafael Uribe Uribe.<\/p>\n\n<\/div><\/details><\/div>\n\n<div class=\"lightweight-accordion bordered\"><details><summary class=\"lightweight-accordion-title\"><h3><strong>\u00bfC\u00f3mo llegar en SITP o Transmilenio a El Restrepo en Bogot\u00e1?<\/strong><\/h3><\/summary><div class=\"lightweight-accordion-body\">\n\n<p>Para llegar al barrio El Restrepo en Bogot\u00e1, puedes utilizar el <strong>sistema de transporte p\u00fablico.<\/strong> La estaci\u00f3n de <strong>TransMilenio<\/strong> m\u00e1s cercana es Restrepo,<strong> ubicada en la Calle 38 Sur con Carrera 30.<\/strong> Esta estaci\u00f3n conecta con las rutas troncales de las l\u00edneas E y K, facilitando el acceso a la zona.<\/p>\n\n<\/div><\/details><\/div>\n\n<div class=\"lightweight-accordion bordered\"><details><summary class=\"lightweight-accordion-title\"><h3><strong>\u00bfQu\u00e9 estrato es el barrio Restrepo en Bogot\u00e1?<\/strong><\/h3><\/summary><div class=\"lightweight-accordion-body\">\n\n<p>El barrio El Restrepo en Bogot\u00e1 es predominantemente de<strong> estrato 2 y 3, <\/strong>aunque en algunas zonas pueden encontrarse viviendas de <strong>estrato 4,<\/strong> especialmente en proyectos recientes o en sectores con mayor desarrollo comercial y renovaci\u00f3n urbana.<\/p>\n\n<\/div><\/details><\/div>\n\n\n<hr class=\"wp-block-separator has-alpha-channel-opacity is-style-dots\"\/>\n\n\n\n<p>Gracias por leernos, \u00a1hasta una pr\u00f3xima! \ud83d\udc4b<\/p>\n","protected":false},"excerpt":{"rendered":"<p>En el barrio El Restrepo, encontrar\u00e1s variedad en oferta de inmuebles para alquiler, acceso a todos los servicios b\u00e1sicos, oportunidades educativas y facilidad en el sistema de transporte. Adem\u00e1s, la seguridad en la zona est\u00e1 garantizada por la presencia del [&hellip;]<\/p>\n","protected":false},"author":19,"featured_media":18765,"comment_status":"open","ping_status":"closed","sticky":false,"template":"","format":"standard","meta":{"_acf_changed":false,"footnotes":""},"categories":[154],"tags":[],"class_list":["post-18688","post","type-post","status-publish","format-standard","has-post-thumbnail","hentry","category-para-vivir"],"acf":[],"nelio_content":{"isAutoShareEnabled":true,"autoShareEndMode":"never","automationSources":{"useCustomSentences":false,"customSentences":[]},"followers":[19],"suggestedReferences":[],"efiUrl":"","efiAlt":"","highlights":[],"permalinkQueryArgs":[],"series":[]},"yoast_head":"<!-- This site is optimized with the Yoast SEO plugin v25.4 - https:\/\/yoast.com\/wordpress\/plugins\/seo\/ -->\n<title>Gu\u00eda barrio El Restrepo, Bogot\u00e1 2026<\/title>\n<meta name=\"description\" content=\"Descubre el barrio El Restrepo en Bogot\u00e1: oferta de arriendo, transporte, seguridad, servicios y su consolidaci\u00f3n como referente comercial y zapatero del sur.\" \/>\n<meta name=\"robots\" content=\"index, follow, max-snippet:-1, max-image-preview:large, max-video-preview:-1\" \/>\n<link rel=\"canonical\" href=\"https:\/\/arriendo.com\/co\/blog\/lugares\/para-vivir\/barrio-el-restrepo-bogota\/\" \/>\n<meta property=\"og:locale\" content=\"es_ES\" \/>\n<meta property=\"og:type\" content=\"article\" \/>\n<meta property=\"og:title\" content=\"Gu\u00eda barrio El Restrepo, Bogot\u00e1 2026\" \/>\n<meta property=\"og:description\" content=\"Descubre el barrio El Restrepo en Bogot\u00e1: oferta de arriendo, transporte, seguridad, servicios y su consolidaci\u00f3n como referente comercial y zapatero del sur.\" \/>\n<meta property=\"og:url\" content=\"https:\/\/arriendo.com\/co\/blog\/lugares\/para-vivir\/barrio-el-restrepo-bogota\/\" \/>\n<meta property=\"og:site_name\" content=\"Blog Arriendo.com\" \/>\n<meta property=\"article:publisher\" content=\"https:\/\/www.facebook.com\/arriendocom\" \/>\n<meta property=\"article:published_time\" content=\"2025-02-12T22:26:24+00:00\" \/>\n<meta property=\"article:modified_time\" content=\"2026-01-16T20:12:55+00:00\" \/>\n<meta property=\"og:image\" content=\"https:\/\/cdn-blog.arriendo.com\/co\/blog\/wp-content\/uploads\/2025\/02\/Barrio-El-Restrepo-Bogota.jpg\" \/>\n\t<meta property=\"og:image:width\" content=\"1900\" \/>\n\t<meta property=\"og:image:height\" content=\"1269\" \/>\n\t<meta property=\"og:image:type\" content=\"image\/jpeg\" \/>\n<meta name=\"author\" content=\"Mar\u00eda Camila Mart\u00ednez Reyes\" \/>\n<meta name=\"twitter:card\" content=\"summary_large_image\" \/>\n<meta name=\"twitter:label1\" content=\"Escrito por\" \/>\n\t<meta name=\"twitter:data1\" content=\"Mar\u00eda Camila Mart\u00ednez Reyes\" \/>\n\t<meta name=\"twitter:label2\" content=\"Tiempo de lectura\" \/>\n\t<meta name=\"twitter:data2\" content=\"7 minutos\" \/>\n<script type=\"application\/ld+json\" class=\"yoast-schema-graph\">{\"@context\":\"https:\/\/schema.org\",\"@graph\":[{\"@type\":[\"Article\",\"BlogPosting\"],\"@id\":\"https:\/\/arriendo.com\/co\/blog\/lugares\/para-vivir\/barrio-el-restrepo-bogota\/#article\",\"isPartOf\":{\"@id\":\"https:\/\/arriendo.com\/co\/blog\/lugares\/para-vivir\/barrio-el-restrepo-bogota\/\"},\"author\":{\"name\":\"Mar\u00eda Camila Mart\u00ednez Reyes\",\"@id\":\"https:\/\/arriendo.com\/co\/blog\/#\/schema\/person\/34a76bc9ff64a30e83b6857cf580f042\"},\"headline\":\"Gu\u00eda barrio El Restrepo, Bogot\u00e1\",\"datePublished\":\"2025-02-12T22:26:24+00:00\",\"dateModified\":\"2026-01-16T20:12:55+00:00\",\"mainEntityOfPage\":{\"@id\":\"https:\/\/arriendo.com\/co\/blog\/lugares\/para-vivir\/barrio-el-restrepo-bogota\/\"},\"wordCount\":1383,\"commentCount\":0,\"publisher\":{\"@id\":\"https:\/\/arriendo.com\/co\/blog\/#organization\"},\"image\":{\"@id\":\"https:\/\/arriendo.com\/co\/blog\/lugares\/para-vivir\/barrio-el-restrepo-bogota\/#primaryimage\"},\"thumbnailUrl\":\"https:\/\/cdn-blog.arriendo.com\/co\/blog\/wp-content\/uploads\/2025\/02\/Barrio-El-Restrepo-Bogota.jpg\",\"articleSection\":[\"Lugares para Vivir\"],\"inLanguage\":\"es\",\"potentialAction\":[{\"@type\":\"CommentAction\",\"name\":\"Comment\",\"target\":[\"https:\/\/arriendo.com\/co\/blog\/lugares\/para-vivir\/barrio-el-restrepo-bogota\/#respond\"]}]},{\"@type\":\"WebPage\",\"@id\":\"https:\/\/arriendo.com\/co\/blog\/lugares\/para-vivir\/barrio-el-restrepo-bogota\/\",\"url\":\"https:\/\/arriendo.com\/co\/blog\/lugares\/para-vivir\/barrio-el-restrepo-bogota\/\",\"name\":\"Gu\u00eda barrio El Restrepo, Bogot\u00e1 2026\",\"isPartOf\":{\"@id\":\"https:\/\/arriendo.com\/co\/blog\/#website\"},\"primaryImageOfPage\":{\"@id\":\"https:\/\/arriendo.com\/co\/blog\/lugares\/para-vivir\/barrio-el-restrepo-bogota\/#primaryimage\"},\"image\":{\"@id\":\"https:\/\/arriendo.com\/co\/blog\/lugares\/para-vivir\/barrio-el-restrepo-bogota\/#primaryimage\"},\"thumbnailUrl\":\"https:\/\/cdn-blog.arriendo.com\/co\/blog\/wp-content\/uploads\/2025\/02\/Barrio-El-Restrepo-Bogota.jpg\",\"datePublished\":\"2025-02-12T22:26:24+00:00\",\"dateModified\":\"2026-01-16T20:12:55+00:00\",\"description\":\"Descubre el barrio El Restrepo en Bogot\u00e1: oferta de arriendo, transporte, seguridad, servicios y su consolidaci\u00f3n como referente comercial y zapatero del sur.\",\"breadcrumb\":{\"@id\":\"https:\/\/arriendo.com\/co\/blog\/lugares\/para-vivir\/barrio-el-restrepo-bogota\/#breadcrumb\"},\"inLanguage\":\"es\",\"potentialAction\":[{\"@type\":\"ReadAction\",\"target\":[\"https:\/\/arriendo.com\/co\/blog\/lugares\/para-vivir\/barrio-el-restrepo-bogota\/\"]}]},{\"@type\":\"ImageObject\",\"inLanguage\":\"es\",\"@id\":\"https:\/\/arriendo.com\/co\/blog\/lugares\/para-vivir\/barrio-el-restrepo-bogota\/#primaryimage\",\"url\":\"https:\/\/cdn-blog.arriendo.com\/co\/blog\/wp-content\/uploads\/2025\/02\/Barrio-El-Restrepo-Bogota.jpg\",\"contentUrl\":\"https:\/\/cdn-blog.arriendo.com\/co\/blog\/wp-content\/uploads\/2025\/02\/Barrio-El-Restrepo-Bogota.jpg\",\"width\":1900,\"height\":1269,\"caption\":\"Barrio El Restrepo, Bogot\u00e1\"},{\"@type\":\"BreadcrumbList\",\"@id\":\"https:\/\/arriendo.com\/co\/blog\/lugares\/para-vivir\/barrio-el-restrepo-bogota\/#breadcrumb\",\"itemListElement\":[{\"@type\":\"ListItem\",\"position\":1,\"name\":\"Inicio\",\"item\":\"https:\/\/arriendo.com\/co\/blog\/\"},{\"@type\":\"ListItem\",\"position\":2,\"name\":\"Lugares\",\"item\":\"https:\/\/arriendo.com\/co\/blog\/lugares\/\"},{\"@type\":\"ListItem\",\"position\":3,\"name\":\"Lugares para Vivir\",\"item\":\"https:\/\/arriendo.com\/co\/blog\/lugares\/para-vivir\/\"},{\"@type\":\"ListItem\",\"position\":4,\"name\":\"Gu\u00eda barrio El Restrepo, Bogot\u00e1\"}]},{\"@type\":\"WebSite\",\"@id\":\"https:\/\/arriendo.com\/co\/blog\/#website\",\"url\":\"https:\/\/arriendo.com\/co\/blog\/\",\"name\":\"Blog arriendo.com\",\"description\":\"Abre la puerta de tu pr\u00f3ximo hogar\",\"publisher\":{\"@id\":\"https:\/\/arriendo.com\/co\/blog\/#organization\"},\"alternateName\":\"Blog Arriendo\",\"potentialAction\":[{\"@type\":\"SearchAction\",\"target\":{\"@type\":\"EntryPoint\",\"urlTemplate\":\"https:\/\/arriendo.com\/co\/blog\/?s={search_term_string}\"},\"query-input\":{\"@type\":\"PropertyValueSpecification\",\"valueRequired\":true,\"valueName\":\"search_term_string\"}}],\"inLanguage\":\"es\"},{\"@type\":\"Organization\",\"@id\":\"https:\/\/arriendo.com\/co\/blog\/#organization\",\"name\":\"Blog arriendo.com\",\"alternateName\":\"Arriendo.com\",\"url\":\"https:\/\/arriendo.com\/co\/blog\/\",\"logo\":{\"@type\":\"ImageObject\",\"inLanguage\":\"es\",\"@id\":\"https:\/\/arriendo.com\/co\/blog\/#\/schema\/logo\/image\/\",\"url\":\"https:\/\/arriendo.com\/co\/blog\/wp-content\/uploads\/2020\/02\/logo-arriendo-perfil-rojo-1080x1080-ok-v1.png\",\"contentUrl\":\"https:\/\/arriendo.com\/co\/blog\/wp-content\/uploads\/2020\/02\/logo-arriendo-perfil-rojo-1080x1080-ok-v1.png\",\"width\":1080,\"height\":1080,\"caption\":\"Blog arriendo.com\"},\"image\":{\"@id\":\"https:\/\/arriendo.com\/co\/blog\/#\/schema\/logo\/image\/\"},\"sameAs\":[\"https:\/\/www.facebook.com\/arriendocom\"]},{\"@type\":\"Person\",\"@id\":\"https:\/\/arriendo.com\/co\/blog\/#\/schema\/person\/34a76bc9ff64a30e83b6857cf580f042\",\"name\":\"Mar\u00eda Camila Mart\u00ednez Reyes\",\"image\":{\"@type\":\"ImageObject\",\"inLanguage\":\"es\",\"@id\":\"https:\/\/arriendo.com\/co\/blog\/#\/schema\/person\/image\/\",\"url\":\"https:\/\/secure.gravatar.com\/avatar\/9f515c1e75c1130dca553e094da21a63029157671bdc62e6e1d566fec39ccd35?s=96&r=g\",\"contentUrl\":\"https:\/\/secure.gravatar.com\/avatar\/9f515c1e75c1130dca553e094da21a63029157671bdc62e6e1d566fec39ccd35?s=96&r=g\",\"caption\":\"Mar\u00eda Camila Mart\u00ednez Reyes\"}}]}<\/script>\n<!-- \/ Yoast SEO plugin. -->","yoast_head_json":{"title":"Gu\u00eda barrio El Restrepo, Bogot\u00e1 2026","description":"Descubre el barrio El Restrepo en Bogot\u00e1: oferta de arriendo, transporte, seguridad, servicios y su consolidaci\u00f3n como referente comercial y zapatero del sur.","robots":{"index":"index","follow":"follow","max-snippet":"max-snippet:-1","max-image-preview":"max-image-preview:large","max-video-preview":"max-video-preview:-1"},"canonical":"https:\/\/arriendo.com\/co\/blog\/lugares\/para-vivir\/barrio-el-restrepo-bogota\/","og_locale":"es_ES","og_type":"article","og_title":"Gu\u00eda barrio El Restrepo, Bogot\u00e1 2026","og_description":"Descubre el barrio El Restrepo en Bogot\u00e1: oferta de arriendo, transporte, seguridad, servicios y su consolidaci\u00f3n como referente comercial y zapatero del sur.","og_url":"https:\/\/arriendo.com\/co\/blog\/lugares\/para-vivir\/barrio-el-restrepo-bogota\/","og_site_name":"Blog Arriendo.com","article_publisher":"https:\/\/www.facebook.com\/arriendocom","article_published_time":"2025-02-12T22:26:24+00:00","article_modified_time":"2026-01-16T20:12:55+00:00","og_image":[{"width":1900,"height":1269,"url":"https:\/\/cdn-blog.arriendo.com\/co\/blog\/wp-content\/uploads\/2025\/02\/Barrio-El-Restrepo-Bogota.jpg","type":"image\/jpeg"}],"author":"Mar\u00eda Camila Mart\u00ednez Reyes","twitter_card":"summary_large_image","twitter_misc":{"Escrito por":"Mar\u00eda Camila Mart\u00ednez Reyes","Tiempo de lectura":"7 minutos"},"schema":{"@context":"https:\/\/schema.org","@graph":[{"@type":["Article","BlogPosting"],"@id":"https:\/\/arriendo.com\/co\/blog\/lugares\/para-vivir\/barrio-el-restrepo-bogota\/#article","isPartOf":{"@id":"https:\/\/arriendo.com\/co\/blog\/lugares\/para-vivir\/barrio-el-restrepo-bogota\/"},"author":{"name":"Mar\u00eda Camila Mart\u00ednez Reyes","@id":"https:\/\/arriendo.com\/co\/blog\/#\/schema\/person\/34a76bc9ff64a30e83b6857cf580f042"},"headline":"Gu\u00eda barrio El Restrepo, Bogot\u00e1","datePublished":"2025-02-12T22:26:24+00:00","dateModified":"2026-01-16T20:12:55+00:00","mainEntityOfPage":{"@id":"https:\/\/arriendo.com\/co\/blog\/lugares\/para-vivir\/barrio-el-restrepo-bogota\/"},"wordCount":1383,"commentCount":0,"publisher":{"@id":"https:\/\/arriendo.com\/co\/blog\/#organization"},"image":{"@id":"https:\/\/arriendo.com\/co\/blog\/lugares\/para-vivir\/barrio-el-restrepo-bogota\/#primaryimage"},"thumbnailUrl":"https:\/\/cdn-blog.arriendo.com\/co\/blog\/wp-content\/uploads\/2025\/02\/Barrio-El-Restrepo-Bogota.jpg","articleSection":["Lugares para Vivir"],"inLanguage":"es","potentialAction":[{"@type":"CommentAction","name":"Comment","target":["https:\/\/arriendo.com\/co\/blog\/lugares\/para-vivir\/barrio-el-restrepo-bogota\/#respond"]}]},{"@type":"WebPage","@id":"https:\/\/arriendo.com\/co\/blog\/lugares\/para-vivir\/barrio-el-restrepo-bogota\/","url":"https:\/\/arriendo.com\/co\/blog\/lugares\/para-vivir\/barrio-el-restrepo-bogota\/","name":"Gu\u00eda barrio El Restrepo, Bogot\u00e1 2026","isPartOf":{"@id":"https:\/\/arriendo.com\/co\/blog\/#website"},"primaryImageOfPage":{"@id":"https:\/\/arriendo.com\/co\/blog\/lugares\/para-vivir\/barrio-el-restrepo-bogota\/#primaryimage"},"image":{"@id":"https:\/\/arriendo.com\/co\/blog\/lugares\/para-vivir\/barrio-el-restrepo-bogota\/#primaryimage"},"thumbnailUrl":"https:\/\/cdn-blog.arriendo.com\/co\/blog\/wp-content\/uploads\/2025\/02\/Barrio-El-Restrepo-Bogota.jpg","datePublished":"2025-02-12T22:26:24+00:00","dateModified":"2026-01-16T20:12:55+00:00","description":"Descubre el barrio El Restrepo en Bogot\u00e1: oferta de arriendo, transporte, seguridad, servicios y su consolidaci\u00f3n como referente comercial y zapatero del sur.","breadcrumb":{"@id":"https:\/\/arriendo.com\/co\/blog\/lugares\/para-vivir\/barrio-el-restrepo-bogota\/#breadcrumb"},"inLanguage":"es","potentialAction":[{"@type":"ReadAction","target":["https:\/\/arriendo.com\/co\/blog\/lugares\/para-vivir\/barrio-el-restrepo-bogota\/"]}]},{"@type":"ImageObject","inLanguage":"es","@id":"https:\/\/arriendo.com\/co\/blog\/lugares\/para-vivir\/barrio-el-restrepo-bogota\/#primaryimage","url":"https:\/\/cdn-blog.arriendo.com\/co\/blog\/wp-content\/uploads\/2025\/02\/Barrio-El-Restrepo-Bogota.jpg","contentUrl":"https:\/\/cdn-blog.arriendo.com\/co\/blog\/wp-content\/uploads\/2025\/02\/Barrio-El-Restrepo-Bogota.jpg","width":1900,"height":1269,"caption":"Barrio El Restrepo, Bogot\u00e1"},{"@type":"BreadcrumbList","@id":"https:\/\/arriendo.com\/co\/blog\/lugares\/para-vivir\/barrio-el-restrepo-bogota\/#breadcrumb","itemListElement":[{"@type":"ListItem","position":1,"name":"Inicio","item":"https:\/\/arriendo.com\/co\/blog\/"},{"@type":"ListItem","position":2,"name":"Lugares","item":"https:\/\/arriendo.com\/co\/blog\/lugares\/"},{"@type":"ListItem","position":3,"name":"Lugares para Vivir","item":"https:\/\/arriendo.com\/co\/blog\/lugares\/para-vivir\/"},{"@type":"ListItem","position":4,"name":"Gu\u00eda barrio El Restrepo, Bogot\u00e1"}]},{"@type":"WebSite","@id":"https:\/\/arriendo.com\/co\/blog\/#website","url":"https:\/\/arriendo.com\/co\/blog\/","name":"Blog arriendo.com","description":"Abre la puerta de tu pr\u00f3ximo hogar","publisher":{"@id":"https:\/\/arriendo.com\/co\/blog\/#organization"},"alternateName":"Blog Arriendo","potentialAction":[{"@type":"SearchAction","target":{"@type":"EntryPoint","urlTemplate":"https:\/\/arriendo.com\/co\/blog\/?s={search_term_string}"},"query-input":{"@type":"PropertyValueSpecification","valueRequired":true,"valueName":"search_term_string"}}],"inLanguage":"es"},{"@type":"Organization","@id":"https:\/\/arriendo.com\/co\/blog\/#organization","name":"Blog arriendo.com","alternateName":"Arriendo.com","url":"https:\/\/arriendo.com\/co\/blog\/","logo":{"@type":"ImageObject","inLanguage":"es","@id":"https:\/\/arriendo.com\/co\/blog\/#\/schema\/logo\/image\/","url":"https:\/\/arriendo.com\/co\/blog\/wp-content\/uploads\/2020\/02\/logo-arriendo-perfil-rojo-1080x1080-ok-v1.png","contentUrl":"https:\/\/arriendo.com\/co\/blog\/wp-content\/uploads\/2020\/02\/logo-arriendo-perfil-rojo-1080x1080-ok-v1.png","width":1080,"height":1080,"caption":"Blog arriendo.com"},"image":{"@id":"https:\/\/arriendo.com\/co\/blog\/#\/schema\/logo\/image\/"},"sameAs":["https:\/\/www.facebook.com\/arriendocom"]},{"@type":"Person","@id":"https:\/\/arriendo.com\/co\/blog\/#\/schema\/person\/34a76bc9ff64a30e83b6857cf580f042","name":"Mar\u00eda Camila Mart\u00ednez Reyes","image":{"@type":"ImageObject","inLanguage":"es","@id":"https:\/\/arriendo.com\/co\/blog\/#\/schema\/person\/image\/","url":"https:\/\/secure.gravatar.com\/avatar\/9f515c1e75c1130dca553e094da21a63029157671bdc62e6e1d566fec39ccd35?s=96&r=g","contentUrl":"https:\/\/secure.gravatar.com\/avatar\/9f515c1e75c1130dca553e094da21a63029157671bdc62e6e1d566fec39ccd35?s=96&r=g","caption":"Mar\u00eda Camila Mart\u00ednez Reyes"}}]}},"amp_enabled":true,"_links":{"self":[{"href":"https:\/\/arriendo.com\/co\/blog\/wp-json\/wp\/v2\/posts\/18688","targetHints":{"allow":["GET"]}}],"collection":[{"href":"https:\/\/arriendo.com\/co\/blog\/wp-json\/wp\/v2\/posts"}],"about":[{"href":"https:\/\/arriendo.com\/co\/blog\/wp-json\/wp\/v2\/types\/post"}],"author":[{"embeddable":true,"href":"https:\/\/arriendo.com\/co\/blog\/wp-json\/wp\/v2\/users\/19"}],"replies":[{"embeddable":true,"href":"https:\/\/arriendo.com\/co\/blog\/wp-json\/wp\/v2\/comments?post=18688"}],"version-history":[{"count":89,"href":"https:\/\/arriendo.com\/co\/blog\/wp-json\/wp\/v2\/posts\/18688\/revisions"}],"predecessor-version":[{"id":24678,"href":"https:\/\/arriendo.com\/co\/blog\/wp-json\/wp\/v2\/posts\/18688\/revisions\/24678"}],"wp:featuredmedia":[{"embeddable":true,"href":"https:\/\/arriendo.com\/co\/blog\/wp-json\/wp\/v2\/media\/18765"}],"wp:attachment":[{"href":"https:\/\/arriendo.com\/co\/blog\/wp-json\/wp\/v2\/media?parent=18688"}],"wp:term":[{"taxonomy":"category","embeddable":true,"href":"https:\/\/arriendo.com\/co\/blog\/wp-json\/wp\/v2\/categories?post=18688"},{"taxonomy":"post_tag","embeddable":true,"href":"https:\/\/arriendo.com\/co\/blog\/wp-json\/wp\/v2\/tags?post=18688"}],"curies":[{"name":"wp","href":"https:\/\/api.w.org\/{rel}","templated":true}]}}