{"id":17872,"date":"2024-12-27T08:53:07","date_gmt":"2024-12-27T13:53:07","guid":{"rendered":"https:\/\/arriendo.com\/co\/blog\/?p=17872"},"modified":"2024-12-27T08:53:09","modified_gmt":"2024-12-27T13:53:09","slug":"barrio-chico-bogota","status":"publish","type":"post","link":"https:\/\/arriendo.com\/co\/blog\/lugares\/para-vivir\/barrio-chico-bogota\/","title":{"rendered":"Gu\u00eda Barrio Chic\u00f3, Bogot\u00e1"},"content":{"rendered":"\n<p>El barrio Chic\u00f3, ubicado en la<a href=\"https:\/\/arriendo.com\/co\/blog\/lugares\/para-vivir\/upz-y-barrios-que-conforman-chapinero-bogota\/\"> <strong>localidad de Chapinero<\/strong><\/a>, al norte de Bogot\u00e1, es una de las zonas m\u00e1s exclusivas y residenciales de la ciudad. Destacado por su cercan\u00eda a emblem\u00e1ticos espacios como el<strong> Parque El Virrey y el Parque de la 93<\/strong>, este sector combina a la perfecci\u00f3n una oferta \u00fanica de gastronom\u00eda, entretenimiento y amplias zonas verdes, convirti\u00e9ndolo en <strong>un lugar privilegiado para vivir<\/strong> o disfrutar de sus m\u00faltiples atractivos.<\/p>\n\n\n\n<p>\u00a1Descubre la atractiva infraestructura del barrio Chic\u00f3!<\/p>\n\n\n<div class=\"gb-grid-wrapper gb-grid-wrapper-859a8aa2\">\n<div class=\"gb-grid-column gb-grid-column-dd258e7d\"><div class=\"gb-container gb-container-dd258e7d\">\n\n<p class=\"gb-headline gb-headline-03546fab\"><span class=\"gb-icon\"><svg viewBox=\"0 0 576 512\" xmlns=\"http:\/\/www.w3.org\/2000\/svg\"><path d=\"M575.8 255.5c0 18-15 32.1-32 32.1h-32l.7 160.2c0 2.7-.2 5.4-.5 8.1V472c0 22.1-17.9 40-40 40H456c-1.1 0-2.2 0-3.3-.1c-1.4 .1-2.8 .1-4.2 .1H416 392c-22.1 0-40-17.9-40-40V448 384c0-17.7-14.3-32-32-32H256c-17.7 0-32 14.3-32 32v64 24c0 22.1-17.9 40-40 40H160 128.1c-1.5 0-3-.1-4.5-.2c-1.2 .1-2.4 .2-3.6 .2H104c-22.1 0-40-17.9-40-40V360c0-.9 0-1.9 .1-2.8V287.6H32c-18 0-32-14-32-32.1c0-9 3-17 10-24L266.4 8c7-7 15-8 22-8s15 2 21 7L564.8 231.5c8 7 12 15 11 24z\"><\/path><\/svg><\/span><span class=\"gb-headline-text\"><strong>395 Aprox.<\/strong><\/span><\/p>\n\n\n\n<p class=\"gb-headline gb-headline-a02be94e gb-headline-text\">Inmuebles Alquiler<\/p>\n\n<\/div><\/div>\n\n<div class=\"gb-grid-column gb-grid-column-cb8cd9a5\"><div class=\"gb-container gb-container-cb8cd9a5\">\n\n<p class=\"gb-headline gb-headline-85540feb\"><span class=\"gb-icon\"><svg viewBox=\"0 0 16 16\" class=\"bi bi-cart-fill\" fill=\"currentColor\" height=\"16\" width=\"16\" xmlns=\"http:\/\/www.w3.org\/2000\/svg\"> <path d=\"M0 1.5A.5.5 0 0 1 .5 1H2a.5.5 0 0 1 .485.379L2.89 3H14.5a.5.5 0 0 1 .491.592l-1.5 8A.5.5 0 0 1 13 12H4a.5.5 0 0 1-.491-.408L2.01 3.607 1.61 2H.5a.5.5 0 0 1-.5-.5zM5 12a2 2 0 1 0 0 4 2 2 0 0 0 0-4zm7 0a2 2 0 1 0 0 4 2 2 0 0 0 0-4zm-7 1a1 1 0 1 1 0 2 1 1 0 0 1 0-2zm7 0a1 1 0 1 1 0 2 1 1 0 0 1 0-2z\"><\/path> <\/svg><\/span><span class=\"gb-headline-text\"><strong>2<\/strong><\/span><\/p>\n\n\n\n<p class=\"gb-headline gb-headline-7add712d gb-headline-text\">Centros Comerciales<\/p>\n\n<\/div><\/div>\n\n<div class=\"gb-grid-column gb-grid-column-3ed170a4\"><div class=\"gb-container gb-container-3ed170a4\">\n\n<p class=\"gb-headline gb-headline-746735a1\"><span class=\"gb-icon\"><svg viewBox=\"0 0 512 512\" xmlns=\"http:\/\/www.w3.org\/2000\/svg\"><path d=\"M45.63 79.75L52 81.25v58.5C45 143.9 40 151.3 40 160c0 8.375 4.625 15.38 11.12 19.75L35.5 242C33.75 248.9 37.63 256 43.13 256h41.75c5.5 0 9.375-7.125 7.625-13.1L76.88 179.8C83.38 175.4 88 168.4 88 160c0-8.75-5-16.12-12-20.25V87.13L128 99.63l.001 60.37c0 70.75 57.25 128 128 128s127.1-57.25 127.1-128L384 99.62l82.25-19.87c18.25-4.375 18.25-27 0-31.5l-190.4-46c-13-3-26.62-3-39.63 0l-190.6 46C27.5 52.63 27.5 75.38 45.63 79.75zM359.2 312.8l-103.2 103.2l-103.2-103.2c-69.93 22.3-120.8 87.2-120.8 164.5C32 496.5 47.53 512 66.67 512h378.7C464.5 512 480 496.5 480 477.3C480 400 429.1 335.1 359.2 312.8z\"><\/path><\/svg><\/span><span class=\"gb-headline-text\"><strong>4<\/strong><\/span><\/p>\n\n\n\n<p class=\"gb-headline gb-headline-09df291f gb-headline-text\">Colegios<\/p>\n\n<\/div><\/div>\n\n<div class=\"gb-grid-column gb-grid-column-b583df42\"><div class=\"gb-container gb-container-b583df42\">\n\n<p class=\"gb-headline gb-headline-0190ec8b\"><span class=\"gb-icon\"><svg viewBox=\"0 0 448 512\" xmlns=\"http:\/\/www.w3.org\/2000\/svg\"><path d=\"M192 256V192H240C257.7 192 272 206.3 272 224C272 241.7 257.7 256 240 256H192zM384 32C419.3 32 448 60.65 448 96V416C448 451.3 419.3 480 384 480H64C28.65 480 0 451.3 0 416V96C0 60.65 28.65 32 64 32H384zM336 224C336 170.1 293 128 240 128H168C145.9 128 128 145.9 128 168V352C128 369.7 142.3 384 160 384C177.7 384 192 369.7 192 352V320H240C293 320 336 277 336 224z\"><\/path><\/svg><\/span><span class=\"gb-headline-text\"><strong>44<\/strong><\/span><\/p>\n\n\n\n<p class=\"gb-headline gb-headline-74e3b592 gb-headline-text\">Paraderos SITP<\/p>\n\n<\/div><\/div>\n\n<div class=\"gb-grid-column gb-grid-column-3c698e61\"><div class=\"gb-container gb-container-3c698e61\">\n\n<p class=\"gb-headline gb-headline-c2c411ff\"><span class=\"gb-icon\"><svg viewBox=\"0 0 15 15\" height=\"15\" width=\"15\" xmlns=\"http:\/\/www.w3.org\/2000\/svg\" id=\"park-alt1\"> <path d=\"M9.428,10.429a.269.269,0,0,1-.074-.18A.25.25,0,0,1,9.6,10h1.447a.25.25,0,0,0,.25-.25.258.258,0,0,0-.079-.179L9.07,7.419a.3.3,0,0,1-.063-.17A.249.249,0,0,1,9.257,7H10.4a.251.251,0,0,0,.25-.251.247.247,0,0,0-.077-.178L8.432,4.434,8.418,4.42a.262.262,0,0,1-.066-.17A.25.25,0,0,1,8.6,4h.866a.25.25,0,0,0,.25-.25.246.246,0,0,0-.068-.164h.006L7.7,1.238a.253.253,0,0,0-.042-.044A.249.249,0,0,0,7.5,1.139h0a.249.249,0,0,0-.158.055.253.253,0,0,0-.042.044L5.352,3.586a.246.246,0,0,0-.068.164.25.25,0,0,0,.25.25H6.4a.241.241,0,0,1,.184.42l-.014.014L4.431,6.571a.247.247,0,0,0-.077.178A.251.251,0,0,0,4.6,7H5.745a.249.249,0,0,1,.25.249.3.3,0,0,1-.063.17L3.782,9.571A.258.258,0,0,0,3.7,9.75a.25.25,0,0,0,.25.25H5.4a.25.25,0,0,1,.248.249.269.269,0,0,1-.074.18l-2.14,2.132-.009.009a.248.248,0,0,0,0,.351A.256.256,0,0,0,3.605,13H7v1l1-.008V13h3.391a.263.263,0,0,0,.26-.254.248.248,0,0,0-.071-.177Z\"><\/path> <\/svg><\/span><span class=\"gb-headline-text\"><strong>7<\/strong><\/span><\/p>\n\n\n\n<p class=\"gb-headline gb-headline-29fe96b2 gb-headline-text\">Parques<\/p>\n\n<\/div><\/div>\n\n<div class=\"gb-grid-column gb-grid-column-d9b9a274\"><div class=\"gb-container gb-container-d9b9a274\">\n\n<p class=\"gb-headline gb-headline-86c1119c\"><span class=\"gb-icon\"><svg viewBox=\"0 0 576 512\" xmlns=\"http:\/\/www.w3.org\/2000\/svg\"><path d=\"M575.8 255.5c0 18-15 32.1-32 32.1h-32l.7 160.2c0 2.7-.2 5.4-.5 8.1V472c0 22.1-17.9 40-40 40H456c-1.1 0-2.2 0-3.3-.1c-1.4 .1-2.8 .1-4.2 .1H416 392c-22.1 0-40-17.9-40-40V448 384c0-17.7-14.3-32-32-32H256c-17.7 0-32 14.3-32 32v64 24c0 22.1-17.9 40-40 40H160 128.1c-1.5 0-3-.1-4.5-.2c-1.2 .1-2.4 .2-3.6 .2H104c-22.1 0-40-17.9-40-40V360c0-.9 0-1.9 .1-2.8V287.6H32c-18 0-32-14-32-32.1c0-9 3-17 10-24L266.4 8c7-7 15-8 22-8s15 2 21 7L564.8 231.5c8 7 12 15 11 24z\"><\/path><\/svg><\/span><span class=\"gb-headline-text\"><strong>110221<\/strong><\/span><\/p>\n\n\n\n<p class=\"gb-headline gb-headline-0a008908 gb-headline-text\">C\u00f3digo Postal<\/p>\n\n<\/div><\/div>\n<\/div>\n\n\n<h2 class=\"wp-block-heading\">Ubicaci\u00f3n estrat\u00e9gica<\/h2>\n\n\n\n<p>El barrio Chic\u00f3 limita  con importantes v\u00edas como la <em>Autopista Norte, la Carrera S\u00e9ptima y la Calle 100<\/em>. Esta ubicaci\u00f3n es clave para residentes que buscan f\u00e1cil acceso a <strong>centros comerciales, oficinas y zonas de esparcimiento como el Parque de la 93<\/strong>, ofreciendo comodidad y exclusividad.<\/p>\n\n\n\n<p>El Chic\u00f3 se encuentra rodeado de otros barrios de alto perfil, como<strong> La Cabrera, El Refugio, El Nogal y El Antiguo Country<\/strong>, lo que refuerza su atractivo como <em>una de las zonas m\u00e1s cotizadas y demandadas de Bogot\u00e1<\/em> para conocer o <a href=\"https:\/\/arriendo.com\/co\/\" target=\"_blank\" rel=\"noreferrer noopener\">alquilar vivienda<\/a>.<\/p>\n\n\n\n<h3 class=\"wp-block-heading\">\ud83d\udccd Conoce el mapa del barrio El Chic\u00f3<\/h3>\n\n\n\n<p>\u00a1Vive las experiencias \u00fanicas que ofrecen el lujo y la exclusividad! Descubre sectores emblem\u00e1ticos como<em> Chic\u00f3 Reservado, Chic\u00f3 Norte y Chic\u00f3 Oriental.<\/em><\/p>\n\n\n\n<iframe loading=\"lazy\" src=\"https:\/\/www.google.com\/maps\/d\/embed?mid=1DU2bYRPU-AFS1p-LRQat9-0NjbfZWxk&ehbc=2E312F\" width=\"640\" height=\"480\"><\/iframe>\n\n\n\n<h2 class=\"wp-block-heading\">Historia del barrio Chic\u00f3<\/h2>\n\n\n\n<p>El barrio Chic\u00f3 <strong>naci\u00f3 en la primera mitad del siglo XX<\/strong> como un proyecto visionario de <strong>modernidad en Bogot\u00e1<\/strong>, iniciado con la compra de terrenos por <em>Jos\u00e9 Mar\u00eda Sierra<\/em>, un empresario antioque\u00f1o. En 1957, la firma Ospina y Compa\u00f1\u00eda desarroll\u00f3 un <strong>dise\u00f1o inspirado en el concepto de Ciudad Jard\u00edn,<\/strong> con<em> casas unifamiliares rodeadas de \u00e1reas verdes, atrayendo a familias de alto nivel adquisitivo<\/em>. Con el tiempo, <strong>Chic\u00f3 evolucion\u00f3<\/strong> integrando su car\u00e1cter residencial con <strong>modernos edificios, boutiques y restaurantes<\/strong>, destac\u00e1ndose hoy como un sector exclusivo que combina<strong> lujo, funcionalidad y dinamismo urbano.<\/strong><\/p>\n\n\n\n<h2 class=\"wp-block-heading\">\u00bfVentajas de vivir en el Chic\u00f3? \ud83d\udc47<\/h2>\n\n\n\n<p><a href=\"https:\/\/arriendo.com\/co\/busqueda\/?es=1&amp;es_type%5B%5D=&amp;es_type=&amp;address=CHIC%C3%93\" target=\"_blank\" rel=\"noreferrer noopener\">Vivir en el barrio El Chic\u00f3 en Bogot\u00e1<\/a> es desde cualquier punto de vista una opci\u00f3n agradable, ya sea para adquirir o para <strong>arrendar una casa o apartamento<\/strong>, all\u00ed confluyen toda serie de razones y motivos, tales como <em>exclusividad, gusto, variedad, ambiente, v\u00edas, recreaci\u00f3n, diversi\u00f3n, salud, finanzas <\/em>y sobre todo <em>seguridad y tranquilidad.<\/em><\/p>\n\n\n\n<h3 class=\"wp-block-heading\">Calidad en el sector educativo<\/h3>\n\n\n\n<p>El barrio ofrece acceso a una <strong>excelente calidad educativa<\/strong> con instituciones destacadas como el Liceo Franc\u00e9s y el Liceo de Cervantes, reconocidos por su nivel acad\u00e9mico.<\/p>\n\n\n\n<ul class=\"wp-block-list\">\n<li>Colegio Gimnasio Moderno<\/li>\n\n\n\n<li>Colegio Anglo Colombiano<\/li>\n\n\n\n<li>Liceo Franc\u00e9s Louis Pasteur<\/li>\n\n\n\n<li>Colegio San Carlos<\/li>\n\n\n\n<li>Universidad de Los Andes (Campus Norte)<\/li>\n\n\n\n<li>Universidad del Rosario (Sede Norte)<\/li>\n<\/ul>\n\n\n\n<h3 class=\"wp-block-heading\">Deportes en El Chic\u00f3<\/h3>\n\n\n\n<p>El barrio Chic\u00f3 cuenta con varias actividades deportivas. Adem\u00e1s de los parques cercanos como el<strong> Parque El Virrey<\/strong> y <strong>Parque de la 93<\/strong>, que ofrece amplias zonas verdes para <em>caminar, correr o montar bicicleta<\/em>, El Chic\u00f3 est\u00e1 cerca de centros deportivos que ofrecen actividades como <strong>gimnasios, canchas de tenis y f\u00fatbol <\/strong>para el desarrollo personal, de igual forma podr\u00e1s compartir con amigos o en familia.<\/p>\n\n\n\n<h3 class=\"wp-block-heading\">Seguridad \ud83d\udc6e\u200d\u2642\ufe0f<\/h3>\n\n\n<div class=\"wp-block-image\">\n<figure class=\"aligncenter size-full\"><img loading=\"lazy\" decoding=\"async\" width=\"1400\" height=\"850\" src=\"https:\/\/cdn-blog.arriendo.com\/co\/blog\/wp-content\/uploads\/2024\/12\/El-Chico-zona-inmobiliaria-activa-para-alquiler.jpg\" alt=\"El Chic\u00f3, zona inmobiliaria activa para alquiler\" class=\"wp-image-18128\" srcset=\"https:\/\/cdn-blog.arriendo.com\/co\/blog\/wp-content\/uploads\/2024\/12\/El-Chico-zona-inmobiliaria-activa-para-alquiler.jpg 1400w, https:\/\/cdn-blog.arriendo.com\/co\/blog\/wp-content\/uploads\/2024\/12\/El-Chico-zona-inmobiliaria-activa-para-alquiler-500x304.jpg 500w, https:\/\/cdn-blog.arriendo.com\/co\/blog\/wp-content\/uploads\/2024\/12\/El-Chico-zona-inmobiliaria-activa-para-alquiler-768x466.jpg 768w\" sizes=\"auto, (max-width: 1400px) 100vw, 1400px\" \/><figcaption class=\"wp-element-caption\">El Chic\u00f3, zona inmobiliaria activa para alquiler<\/figcaption><\/figure><\/div>\n\n\n<p>Vivir en El Chic\u00f3 significa <strong>tranquilidad<\/strong>. Este sector cuenta con buena seguridad gracias a puestos policiales como<strong> \"<em>CAI El Chic\u00f3<\/em>\" <\/strong>y  vigilancia privada en conjuntos residenciales, con controles de acceso, c\u00e1maras y rondas externas. Es un sector exclusivo con medidas que refuerzan la protecci\u00f3n, aunque siempre es recomendable tomar precauciones.<\/p>\n\n\n\n<h3 class=\"wp-block-heading\">Excelente gastronom\u00eda y comercio<\/h3>\n\n\n\n<p>El Chic\u00f3 es reconocido por su <strong>oferta gastron\u00f3mica de alto nivel<\/strong> y su amplia variedad culinaria. Sus restaurantes gourmet ofrecen desde <strong>cocina internacional, como japonesa, italiana y francesa,<\/strong> hasta propuestas locales innovadoras. Tambi\u00e9n hay opciones para vegetarianos y veganos, adem\u00e1s de caf\u00e9s boutique ideales para reuniones o momentos de relax. Entre estos destacan lugares como <em>Caf\u00e9 Azahar y Juan Valdez Or\u00edgenes.<\/em><\/p>\n\n\n<div class=\"wp-block-image\">\n<figure class=\"aligncenter size-full\"><img loading=\"lazy\" decoding=\"async\" width=\"1400\" height=\"850\" src=\"https:\/\/cdn-blog.arriendo.com\/co\/blog\/wp-content\/uploads\/2024\/12\/Cocina-Gourmet-en-el-Chico-Bogota.png\" alt=\"Cocina Gourmet en el Barrio El Chic\u00f3, Bogot\u00e1.\" class=\"wp-image-18133\" srcset=\"https:\/\/cdn-blog.arriendo.com\/co\/blog\/wp-content\/uploads\/2024\/12\/Cocina-Gourmet-en-el-Chico-Bogota.png 1400w, https:\/\/cdn-blog.arriendo.com\/co\/blog\/wp-content\/uploads\/2024\/12\/Cocina-Gourmet-en-el-Chico-Bogota-500x304.png 500w, https:\/\/cdn-blog.arriendo.com\/co\/blog\/wp-content\/uploads\/2024\/12\/Cocina-Gourmet-en-el-Chico-Bogota-768x466.png 768w\" sizes=\"auto, (max-width: 1400px) 100vw, 1400px\" \/><figcaption class=\"wp-element-caption\">Cocina Gourmet en el Barrio El Chic\u00f3, Bogot\u00e1.<\/figcaption><\/figure><\/div>\n\n\n<p>Podr\u00e1s disfrutar de <strong>catas de vino y festivales gastron\u00f3micos<\/strong> organizados en el <strong>Parque de la 93<\/strong>. Asimismo, los amantes de las compras encontrar\u00e1n <strong>tiendas de lujo <\/strong>y boutiques en centros comerciales exclusivos como <strong>Andino, El Retiro y Atlantis Plaza.<\/strong><\/p>\n\n\n\n<p>En cuanto a actividades recreativas, El Chic\u00f3 se conecta con la vida nocturna de la<strong> Zona Rosa y la Zona T,<\/strong> que incluye <strong>bares elegantes, lounges y casinos.<\/strong> Tambi\u00e9n ofrece opciones m\u00e1s relajadas, como cines VIP y \u00e1reas verdes cercanas como el <strong>Parque El Chic\u00f3 y el Parque Virrey<\/strong>, ideales para caminatas o yoga.<\/p>\n\n\n\n<h3 class=\"wp-block-heading\">Cercan\u00eda a servicios m\u00e9dicos<\/h3>\n\n\n\n<p>El Chic\u00f3 tiene una<strong> excelente cobertura de servicios m\u00e9dicos<\/strong>, con cercan\u00eda a cl\u00ednicas y hospitales de alta calidad como:<\/p>\n\n\n\n<ul class=\"wp-block-list\">\n<li>Cl\u00ednica del Country<\/li>\n\n\n\n<li>Fundaci\u00f3n Santa Fe<\/li>\n\n\n\n<li>Centros de atenci\u00f3n en salud especializados<\/li>\n<\/ul>\n\n\n\n<h3 class=\"wp-block-heading\">Movilidad y transporte en El Chic\u00f3 \ud83d\ude8d<\/h3>\n\n\n\n<p>El Chic\u00f3 tiene una <strong>excelente conectividad<\/strong> gracias a<strong> v\u00edas principales como la Autopista Norte y la Calle 100<\/strong>. Las estaciones de <strong>TransMilenio <\/strong>m\u00e1s cercanas son <em>Calle 100 y Virrey,<\/em> mientras que m\u00faltiples paraderos del <strong>SITP<\/strong> est\u00e1n distribuidos sobre la <em>Carrera 15, Avenida 19 y la Calle 94<\/em>. Adem\u00e1s, cuenta con ciclorrutas que conectan con zonas clave como el<em> Parque El Virrey, <\/em>fomentando el transporte sostenible y una movilidad \u00e1gil en la ciudad.<\/p>\n\n\n\n<h2 class=\"wp-block-heading\">\u00bfQu\u00e9 hacer en El Chic\u00f3?<\/h2>\n\n\n<div class=\"wp-block-image\">\n<figure class=\"aligncenter size-full\"><img loading=\"lazy\" decoding=\"async\" width=\"1400\" height=\"850\" src=\"https:\/\/cdn-blog.arriendo.com\/co\/blog\/wp-content\/uploads\/2024\/12\/Deportes-en-el-parque-El-Virrey-Bogota.jpg\" alt=\"Deportes en el parque El Virrey, Bogot\u00e1\" class=\"wp-image-18150\" srcset=\"https:\/\/cdn-blog.arriendo.com\/co\/blog\/wp-content\/uploads\/2024\/12\/Deportes-en-el-parque-El-Virrey-Bogota.jpg 1400w, https:\/\/cdn-blog.arriendo.com\/co\/blog\/wp-content\/uploads\/2024\/12\/Deportes-en-el-parque-El-Virrey-Bogota-500x304.jpg 500w, https:\/\/cdn-blog.arriendo.com\/co\/blog\/wp-content\/uploads\/2024\/12\/Deportes-en-el-parque-El-Virrey-Bogota-768x466.jpg 768w\" sizes=\"auto, (max-width: 1400px) 100vw, 1400px\" \/><figcaption class=\"wp-element-caption\">Deportes en el parque El Virrey, Bogot\u00e1<\/figcaption><\/figure><\/div>\n\n\n<h3 class=\"wp-block-heading\">1. Explora la cultura y turismo<\/h3>\n\n\n\n<p>Una de las joyas del barrio Chic\u00f3 es su <strong>museo<\/strong>, que est\u00e1 ubicado en una antigua casona colonial rodeada de hermosos jardines. Este lugar ofrece una interesante colecci\u00f3n de piezas de arte y objetos hist\u00f3ricos que permiten conocer m\u00e1s sobre<strong> la historia y cultura colombiana<\/strong>. Adem\u00e1s, los jardines del museo son perfectos para disfrutar de un d\u00eda tranquilo al aire libre.<\/p>\n\n\n\n<h3 class=\"wp-block-heading\">2. Espacios de Co-working<\/h3>\n\n\n\n<p>El barrio se ha convertido en un centro de negocios gracias a la presencia de espacios de coworking dise\u00f1ados para <strong>profesionales modernos.<\/strong> Estos lugares no solo ofrecen oficinas completamente equipadas, sino tambi\u00e9n ambientes que fomentan la colaboraci\u00f3n y el networking, lo que los hace ideales para freelancers, startups y empresas consolidadas. Entre los m\u00e1s conocidos est\u00e1n: WeWork, Counity Cowork, Workzone, entre otros espacios. \ud83d\udcbc<\/p>\n\n\n\n<h3 class=\"wp-block-heading\">3. Organizar eventos en espacios exclusivos<\/h3>\n\n\n\n<p>El Chic\u00f3 alberga varios lugares adaptados para eventos, como <strong>reuniones corporativas o celebraciones privadas<\/strong>. Algunos de estos espacios cuentan con tecnolog\u00eda avanzada, \u00e1reas verdes y dise\u00f1os modernos que brindan un entorno \u00fanico y elegante para cualquier tipo de evento.<\/p>\n\n\n\n<h2 class=\"wp-block-heading\">Preguntas Frecuentes<\/h2>\n\n\n<div class=\"lightweight-accordion bordered\"><details><summary class=\"lightweight-accordion-title\"><h3>\u00bfQu\u00e9 estratos tiene el barrio Chic\u00f3?<\/h3><\/summary><div class=\"lightweight-accordion-body\">\n\n<p>El barrio Chic\u00f3, ubicado en el norte de Bogot\u00e1, se caracteriza por ser <strong>una de las zonas m\u00e1s exclusivas de la ciudad.<\/strong> En t\u00e9rminos de estratificaci\u00f3n,<strong> predominan los estratos 5 y 6,<\/strong> lo que refleja su <strong>perfil residencial de lujo y alta valorizaci\u00f3n<\/strong>. Este sector combina viviendas de alto costo con espacios comerciales y sitios de inter\u00e9s como el Parque de la 93, el Parque El Virrey y varias embajadas\u200b.<\/p>\n\n<\/div><\/details><\/div>\n\n\n<hr class=\"wp-block-separator has-alpha-channel-opacity is-style-dots\"\/>\n\n\n\n<p><em>El Chic\u00f3 es un destino que combina lujo, entretenimiento y naturaleza, siendo perfecto para quienes buscan vivir o disfrutar de lo mejor de Bogot\u00e1.<\/em> \ud83d\ude0e<a href=\"https:\/\/arriendo.com\/co\/\" target=\"_blank\" rel=\"noreferrer noopener\"> \u00a1Alquila vivienda f\u00e1cil en el Chic\u00f3!<\/a><\/p>\n\n\n\n<p>\u00a1Hasta una pr\u00f3xima!<\/p>\n","protected":false},"excerpt":{"rendered":"<p>El barrio Chic\u00f3, ubicado en la localidad de Chapinero, al norte de Bogot\u00e1, es una de las zonas m\u00e1s exclusivas y residenciales de la ciudad. Destacado por su cercan\u00eda a emblem\u00e1ticos espacios como el Parque El Virrey y el Parque [&hellip;]<\/p>\n","protected":false},"author":19,"featured_media":17877,"comment_status":"open","ping_status":"closed","sticky":false,"template":"","format":"standard","meta":{"_acf_changed":false,"footnotes":""},"categories":[154],"tags":[],"class_list":["post-17872","post","type-post","status-publish","format-standard","has-post-thumbnail","hentry","category-para-vivir"],"acf":[],"nelio_content":{"isAutoShareEnabled":true,"autoShareEndMode":"never","automationSources":{"useCustomSentences":false,"customSentences":[]},"followers":[],"suggestedReferences":[],"efiUrl":"","efiAlt":"","highlights":[],"permalinkQueryArgs":[],"series":[]},"yoast_head":"<!-- This site is optimized with the Yoast SEO plugin v25.4 - https:\/\/yoast.com\/wordpress\/plugins\/seo\/ -->\n<title>Gu\u00eda Barrio Chic\u00f3, Bogot\u00e1 2026<\/title>\n<meta name=\"description\" content=\"\u00a1Vivir en el barrio Chic\u00f3 es exclusividad y tranquilidad! Encuentra tu inmueble ideal y disfruta de las zonas verdes, comercio y lujo. \ud83c\udfe0\" \/>\n<meta name=\"robots\" content=\"index, follow, max-snippet:-1, max-image-preview:large, max-video-preview:-1\" \/>\n<link rel=\"canonical\" href=\"https:\/\/arriendo.com\/co\/blog\/lugares\/para-vivir\/barrio-chico-bogota\/\" \/>\n<meta property=\"og:locale\" content=\"es_ES\" \/>\n<meta property=\"og:type\" content=\"article\" \/>\n<meta property=\"og:title\" content=\"Gu\u00eda Barrio Chic\u00f3, Bogot\u00e1 2026\" \/>\n<meta property=\"og:description\" content=\"\u00a1Vivir en el barrio Chic\u00f3 es exclusividad y tranquilidad! Encuentra tu inmueble ideal y disfruta de las zonas verdes, comercio y lujo. \ud83c\udfe0\" \/>\n<meta property=\"og:url\" content=\"https:\/\/arriendo.com\/co\/blog\/lugares\/para-vivir\/barrio-chico-bogota\/\" \/>\n<meta property=\"og:site_name\" content=\"Blog Arriendo.com\" \/>\n<meta property=\"article:publisher\" content=\"https:\/\/www.facebook.com\/arriendocom\" \/>\n<meta property=\"article:published_time\" content=\"2024-12-27T13:53:07+00:00\" \/>\n<meta property=\"article:modified_time\" content=\"2024-12-27T13:53:09+00:00\" \/>\n<meta property=\"og:image\" content=\"https:\/\/arriendo.com\/co\/blog\/wp-content\/uploads\/2024\/11\/Barrio-El-Chico-Bogota.jpg\" \/>\n\t<meta property=\"og:image:width\" content=\"1900\" \/>\n\t<meta property=\"og:image:height\" content=\"1269\" \/>\n\t<meta property=\"og:image:type\" content=\"image\/jpeg\" \/>\n<meta name=\"author\" content=\"Mar\u00eda Camila Mart\u00ednez Reyes\" \/>\n<meta name=\"twitter:card\" content=\"summary_large_image\" \/>\n<meta name=\"twitter:label1\" content=\"Escrito por\" \/>\n\t<meta name=\"twitter:data1\" content=\"Mar\u00eda Camila Mart\u00ednez Reyes\" \/>\n\t<meta name=\"twitter:label2\" content=\"Tiempo de lectura\" \/>\n\t<meta name=\"twitter:data2\" content=\"6 minutos\" \/>\n<script type=\"application\/ld+json\" class=\"yoast-schema-graph\">{\"@context\":\"https:\/\/schema.org\",\"@graph\":[{\"@type\":[\"Article\",\"BlogPosting\"],\"@id\":\"https:\/\/arriendo.com\/co\/blog\/lugares\/para-vivir\/barrio-chico-bogota\/#article\",\"isPartOf\":{\"@id\":\"https:\/\/arriendo.com\/co\/blog\/lugares\/para-vivir\/barrio-chico-bogota\/\"},\"author\":{\"name\":\"Mar\u00eda Camila Mart\u00ednez Reyes\",\"@id\":\"https:\/\/arriendo.com\/co\/blog\/#\/schema\/person\/34a76bc9ff64a30e83b6857cf580f042\"},\"headline\":\"Gu\u00eda Barrio Chic\u00f3, Bogot\u00e1\",\"datePublished\":\"2024-12-27T13:53:07+00:00\",\"dateModified\":\"2024-12-27T13:53:09+00:00\",\"mainEntityOfPage\":{\"@id\":\"https:\/\/arriendo.com\/co\/blog\/lugares\/para-vivir\/barrio-chico-bogota\/\"},\"wordCount\":1187,\"commentCount\":0,\"publisher\":{\"@id\":\"https:\/\/arriendo.com\/co\/blog\/#organization\"},\"image\":{\"@id\":\"https:\/\/arriendo.com\/co\/blog\/lugares\/para-vivir\/barrio-chico-bogota\/#primaryimage\"},\"thumbnailUrl\":\"https:\/\/cdn-blog.arriendo.com\/co\/blog\/wp-content\/uploads\/2024\/11\/Barrio-El-Chico-Bogota.jpg\",\"articleSection\":[\"Lugares para Vivir\"],\"inLanguage\":\"es\",\"potentialAction\":[{\"@type\":\"CommentAction\",\"name\":\"Comment\",\"target\":[\"https:\/\/arriendo.com\/co\/blog\/lugares\/para-vivir\/barrio-chico-bogota\/#respond\"]}]},{\"@type\":\"WebPage\",\"@id\":\"https:\/\/arriendo.com\/co\/blog\/lugares\/para-vivir\/barrio-chico-bogota\/\",\"url\":\"https:\/\/arriendo.com\/co\/blog\/lugares\/para-vivir\/barrio-chico-bogota\/\",\"name\":\"Gu\u00eda Barrio Chic\u00f3, Bogot\u00e1 2026\",\"isPartOf\":{\"@id\":\"https:\/\/arriendo.com\/co\/blog\/#website\"},\"primaryImageOfPage\":{\"@id\":\"https:\/\/arriendo.com\/co\/blog\/lugares\/para-vivir\/barrio-chico-bogota\/#primaryimage\"},\"image\":{\"@id\":\"https:\/\/arriendo.com\/co\/blog\/lugares\/para-vivir\/barrio-chico-bogota\/#primaryimage\"},\"thumbnailUrl\":\"https:\/\/cdn-blog.arriendo.com\/co\/blog\/wp-content\/uploads\/2024\/11\/Barrio-El-Chico-Bogota.jpg\",\"datePublished\":\"2024-12-27T13:53:07+00:00\",\"dateModified\":\"2024-12-27T13:53:09+00:00\",\"description\":\"\u00a1Vivir en el barrio Chic\u00f3 es exclusividad y tranquilidad! Encuentra tu inmueble ideal y disfruta de las zonas verdes, comercio y lujo. \ud83c\udfe0\",\"breadcrumb\":{\"@id\":\"https:\/\/arriendo.com\/co\/blog\/lugares\/para-vivir\/barrio-chico-bogota\/#breadcrumb\"},\"inLanguage\":\"es\",\"potentialAction\":[{\"@type\":\"ReadAction\",\"target\":[\"https:\/\/arriendo.com\/co\/blog\/lugares\/para-vivir\/barrio-chico-bogota\/\"]}]},{\"@type\":\"ImageObject\",\"inLanguage\":\"es\",\"@id\":\"https:\/\/arriendo.com\/co\/blog\/lugares\/para-vivir\/barrio-chico-bogota\/#primaryimage\",\"url\":\"https:\/\/cdn-blog.arriendo.com\/co\/blog\/wp-content\/uploads\/2024\/11\/Barrio-El-Chico-Bogota.jpg\",\"contentUrl\":\"https:\/\/cdn-blog.arriendo.com\/co\/blog\/wp-content\/uploads\/2024\/11\/Barrio-El-Chico-Bogota.jpg\",\"width\":1900,\"height\":1269,\"caption\":\"Barrio El Chic\u00f3 Bogot\u00e1\"},{\"@type\":\"BreadcrumbList\",\"@id\":\"https:\/\/arriendo.com\/co\/blog\/lugares\/para-vivir\/barrio-chico-bogota\/#breadcrumb\",\"itemListElement\":[{\"@type\":\"ListItem\",\"position\":1,\"name\":\"Inicio\",\"item\":\"https:\/\/arriendo.com\/co\/blog\/\"},{\"@type\":\"ListItem\",\"position\":2,\"name\":\"Lugares\",\"item\":\"https:\/\/arriendo.com\/co\/blog\/lugares\/\"},{\"@type\":\"ListItem\",\"position\":3,\"name\":\"Lugares para Vivir\",\"item\":\"https:\/\/arriendo.com\/co\/blog\/lugares\/para-vivir\/\"},{\"@type\":\"ListItem\",\"position\":4,\"name\":\"Gu\u00eda Barrio Chic\u00f3, Bogot\u00e1\"}]},{\"@type\":\"WebSite\",\"@id\":\"https:\/\/arriendo.com\/co\/blog\/#website\",\"url\":\"https:\/\/arriendo.com\/co\/blog\/\",\"name\":\"Blog arriendo.com\",\"description\":\"Abre la puerta de tu pr\u00f3ximo hogar\",\"publisher\":{\"@id\":\"https:\/\/arriendo.com\/co\/blog\/#organization\"},\"alternateName\":\"Blog Arriendo\",\"potentialAction\":[{\"@type\":\"SearchAction\",\"target\":{\"@type\":\"EntryPoint\",\"urlTemplate\":\"https:\/\/arriendo.com\/co\/blog\/?s={search_term_string}\"},\"query-input\":{\"@type\":\"PropertyValueSpecification\",\"valueRequired\":true,\"valueName\":\"search_term_string\"}}],\"inLanguage\":\"es\"},{\"@type\":\"Organization\",\"@id\":\"https:\/\/arriendo.com\/co\/blog\/#organization\",\"name\":\"Blog arriendo.com\",\"alternateName\":\"Arriendo.com\",\"url\":\"https:\/\/arriendo.com\/co\/blog\/\",\"logo\":{\"@type\":\"ImageObject\",\"inLanguage\":\"es\",\"@id\":\"https:\/\/arriendo.com\/co\/blog\/#\/schema\/logo\/image\/\",\"url\":\"https:\/\/arriendo.com\/co\/blog\/wp-content\/uploads\/2020\/02\/logo-arriendo-perfil-rojo-1080x1080-ok-v1.png\",\"contentUrl\":\"https:\/\/arriendo.com\/co\/blog\/wp-content\/uploads\/2020\/02\/logo-arriendo-perfil-rojo-1080x1080-ok-v1.png\",\"width\":1080,\"height\":1080,\"caption\":\"Blog arriendo.com\"},\"image\":{\"@id\":\"https:\/\/arriendo.com\/co\/blog\/#\/schema\/logo\/image\/\"},\"sameAs\":[\"https:\/\/www.facebook.com\/arriendocom\"]},{\"@type\":\"Person\",\"@id\":\"https:\/\/arriendo.com\/co\/blog\/#\/schema\/person\/34a76bc9ff64a30e83b6857cf580f042\",\"name\":\"Mar\u00eda Camila Mart\u00ednez Reyes\",\"image\":{\"@type\":\"ImageObject\",\"inLanguage\":\"es\",\"@id\":\"https:\/\/arriendo.com\/co\/blog\/#\/schema\/person\/image\/\",\"url\":\"https:\/\/secure.gravatar.com\/avatar\/9f515c1e75c1130dca553e094da21a63029157671bdc62e6e1d566fec39ccd35?s=96&r=g\",\"contentUrl\":\"https:\/\/secure.gravatar.com\/avatar\/9f515c1e75c1130dca553e094da21a63029157671bdc62e6e1d566fec39ccd35?s=96&r=g\",\"caption\":\"Mar\u00eda Camila Mart\u00ednez Reyes\"}}]}<\/script>\n<!-- \/ Yoast SEO plugin. -->","yoast_head_json":{"title":"Gu\u00eda Barrio Chic\u00f3, Bogot\u00e1 2026","description":"\u00a1Vivir en el barrio Chic\u00f3 es exclusividad y tranquilidad! Encuentra tu inmueble ideal y disfruta de las zonas verdes, comercio y lujo. \ud83c\udfe0","robots":{"index":"index","follow":"follow","max-snippet":"max-snippet:-1","max-image-preview":"max-image-preview:large","max-video-preview":"max-video-preview:-1"},"canonical":"https:\/\/arriendo.com\/co\/blog\/lugares\/para-vivir\/barrio-chico-bogota\/","og_locale":"es_ES","og_type":"article","og_title":"Gu\u00eda Barrio Chic\u00f3, Bogot\u00e1 2026","og_description":"\u00a1Vivir en el barrio Chic\u00f3 es exclusividad y tranquilidad! Encuentra tu inmueble ideal y disfruta de las zonas verdes, comercio y lujo. \ud83c\udfe0","og_url":"https:\/\/arriendo.com\/co\/blog\/lugares\/para-vivir\/barrio-chico-bogota\/","og_site_name":"Blog Arriendo.com","article_publisher":"https:\/\/www.facebook.com\/arriendocom","article_published_time":"2024-12-27T13:53:07+00:00","article_modified_time":"2024-12-27T13:53:09+00:00","og_image":[{"width":1900,"height":1269,"url":"https:\/\/arriendo.com\/co\/blog\/wp-content\/uploads\/2024\/11\/Barrio-El-Chico-Bogota.jpg","type":"image\/jpeg"}],"author":"Mar\u00eda Camila Mart\u00ednez Reyes","twitter_card":"summary_large_image","twitter_misc":{"Escrito por":"Mar\u00eda Camila Mart\u00ednez Reyes","Tiempo de lectura":"6 minutos"},"schema":{"@context":"https:\/\/schema.org","@graph":[{"@type":["Article","BlogPosting"],"@id":"https:\/\/arriendo.com\/co\/blog\/lugares\/para-vivir\/barrio-chico-bogota\/#article","isPartOf":{"@id":"https:\/\/arriendo.com\/co\/blog\/lugares\/para-vivir\/barrio-chico-bogota\/"},"author":{"name":"Mar\u00eda Camila Mart\u00ednez Reyes","@id":"https:\/\/arriendo.com\/co\/blog\/#\/schema\/person\/34a76bc9ff64a30e83b6857cf580f042"},"headline":"Gu\u00eda Barrio Chic\u00f3, Bogot\u00e1","datePublished":"2024-12-27T13:53:07+00:00","dateModified":"2024-12-27T13:53:09+00:00","mainEntityOfPage":{"@id":"https:\/\/arriendo.com\/co\/blog\/lugares\/para-vivir\/barrio-chico-bogota\/"},"wordCount":1187,"commentCount":0,"publisher":{"@id":"https:\/\/arriendo.com\/co\/blog\/#organization"},"image":{"@id":"https:\/\/arriendo.com\/co\/blog\/lugares\/para-vivir\/barrio-chico-bogota\/#primaryimage"},"thumbnailUrl":"https:\/\/cdn-blog.arriendo.com\/co\/blog\/wp-content\/uploads\/2024\/11\/Barrio-El-Chico-Bogota.jpg","articleSection":["Lugares para Vivir"],"inLanguage":"es","potentialAction":[{"@type":"CommentAction","name":"Comment","target":["https:\/\/arriendo.com\/co\/blog\/lugares\/para-vivir\/barrio-chico-bogota\/#respond"]}]},{"@type":"WebPage","@id":"https:\/\/arriendo.com\/co\/blog\/lugares\/para-vivir\/barrio-chico-bogota\/","url":"https:\/\/arriendo.com\/co\/blog\/lugares\/para-vivir\/barrio-chico-bogota\/","name":"Gu\u00eda Barrio Chic\u00f3, Bogot\u00e1 2026","isPartOf":{"@id":"https:\/\/arriendo.com\/co\/blog\/#website"},"primaryImageOfPage":{"@id":"https:\/\/arriendo.com\/co\/blog\/lugares\/para-vivir\/barrio-chico-bogota\/#primaryimage"},"image":{"@id":"https:\/\/arriendo.com\/co\/blog\/lugares\/para-vivir\/barrio-chico-bogota\/#primaryimage"},"thumbnailUrl":"https:\/\/cdn-blog.arriendo.com\/co\/blog\/wp-content\/uploads\/2024\/11\/Barrio-El-Chico-Bogota.jpg","datePublished":"2024-12-27T13:53:07+00:00","dateModified":"2024-12-27T13:53:09+00:00","description":"\u00a1Vivir en el barrio Chic\u00f3 es exclusividad y tranquilidad! Encuentra tu inmueble ideal y disfruta de las zonas verdes, comercio y lujo. \ud83c\udfe0","breadcrumb":{"@id":"https:\/\/arriendo.com\/co\/blog\/lugares\/para-vivir\/barrio-chico-bogota\/#breadcrumb"},"inLanguage":"es","potentialAction":[{"@type":"ReadAction","target":["https:\/\/arriendo.com\/co\/blog\/lugares\/para-vivir\/barrio-chico-bogota\/"]}]},{"@type":"ImageObject","inLanguage":"es","@id":"https:\/\/arriendo.com\/co\/blog\/lugares\/para-vivir\/barrio-chico-bogota\/#primaryimage","url":"https:\/\/cdn-blog.arriendo.com\/co\/blog\/wp-content\/uploads\/2024\/11\/Barrio-El-Chico-Bogota.jpg","contentUrl":"https:\/\/cdn-blog.arriendo.com\/co\/blog\/wp-content\/uploads\/2024\/11\/Barrio-El-Chico-Bogota.jpg","width":1900,"height":1269,"caption":"Barrio El Chic\u00f3 Bogot\u00e1"},{"@type":"BreadcrumbList","@id":"https:\/\/arriendo.com\/co\/blog\/lugares\/para-vivir\/barrio-chico-bogota\/#breadcrumb","itemListElement":[{"@type":"ListItem","position":1,"name":"Inicio","item":"https:\/\/arriendo.com\/co\/blog\/"},{"@type":"ListItem","position":2,"name":"Lugares","item":"https:\/\/arriendo.com\/co\/blog\/lugares\/"},{"@type":"ListItem","position":3,"name":"Lugares para Vivir","item":"https:\/\/arriendo.com\/co\/blog\/lugares\/para-vivir\/"},{"@type":"ListItem","position":4,"name":"Gu\u00eda Barrio Chic\u00f3, Bogot\u00e1"}]},{"@type":"WebSite","@id":"https:\/\/arriendo.com\/co\/blog\/#website","url":"https:\/\/arriendo.com\/co\/blog\/","name":"Blog arriendo.com","description":"Abre la puerta de tu pr\u00f3ximo hogar","publisher":{"@id":"https:\/\/arriendo.com\/co\/blog\/#organization"},"alternateName":"Blog Arriendo","potentialAction":[{"@type":"SearchAction","target":{"@type":"EntryPoint","urlTemplate":"https:\/\/arriendo.com\/co\/blog\/?s={search_term_string}"},"query-input":{"@type":"PropertyValueSpecification","valueRequired":true,"valueName":"search_term_string"}}],"inLanguage":"es"},{"@type":"Organization","@id":"https:\/\/arriendo.com\/co\/blog\/#organization","name":"Blog arriendo.com","alternateName":"Arriendo.com","url":"https:\/\/arriendo.com\/co\/blog\/","logo":{"@type":"ImageObject","inLanguage":"es","@id":"https:\/\/arriendo.com\/co\/blog\/#\/schema\/logo\/image\/","url":"https:\/\/arriendo.com\/co\/blog\/wp-content\/uploads\/2020\/02\/logo-arriendo-perfil-rojo-1080x1080-ok-v1.png","contentUrl":"https:\/\/arriendo.com\/co\/blog\/wp-content\/uploads\/2020\/02\/logo-arriendo-perfil-rojo-1080x1080-ok-v1.png","width":1080,"height":1080,"caption":"Blog arriendo.com"},"image":{"@id":"https:\/\/arriendo.com\/co\/blog\/#\/schema\/logo\/image\/"},"sameAs":["https:\/\/www.facebook.com\/arriendocom"]},{"@type":"Person","@id":"https:\/\/arriendo.com\/co\/blog\/#\/schema\/person\/34a76bc9ff64a30e83b6857cf580f042","name":"Mar\u00eda Camila Mart\u00ednez Reyes","image":{"@type":"ImageObject","inLanguage":"es","@id":"https:\/\/arriendo.com\/co\/blog\/#\/schema\/person\/image\/","url":"https:\/\/secure.gravatar.com\/avatar\/9f515c1e75c1130dca553e094da21a63029157671bdc62e6e1d566fec39ccd35?s=96&r=g","contentUrl":"https:\/\/secure.gravatar.com\/avatar\/9f515c1e75c1130dca553e094da21a63029157671bdc62e6e1d566fec39ccd35?s=96&r=g","caption":"Mar\u00eda Camila Mart\u00ednez Reyes"}}]}},"amp_enabled":true,"_links":{"self":[{"href":"https:\/\/arriendo.com\/co\/blog\/wp-json\/wp\/v2\/posts\/17872","targetHints":{"allow":["GET"]}}],"collection":[{"href":"https:\/\/arriendo.com\/co\/blog\/wp-json\/wp\/v2\/posts"}],"about":[{"href":"https:\/\/arriendo.com\/co\/blog\/wp-json\/wp\/v2\/types\/post"}],"author":[{"embeddable":true,"href":"https:\/\/arriendo.com\/co\/blog\/wp-json\/wp\/v2\/users\/19"}],"replies":[{"embeddable":true,"href":"https:\/\/arriendo.com\/co\/blog\/wp-json\/wp\/v2\/comments?post=17872"}],"version-history":[{"count":71,"href":"https:\/\/arriendo.com\/co\/blog\/wp-json\/wp\/v2\/posts\/17872\/revisions"}],"predecessor-version":[{"id":25125,"href":"https:\/\/arriendo.com\/co\/blog\/wp-json\/wp\/v2\/posts\/17872\/revisions\/25125"}],"wp:featuredmedia":[{"embeddable":true,"href":"https:\/\/arriendo.com\/co\/blog\/wp-json\/wp\/v2\/media\/17877"}],"wp:attachment":[{"href":"https:\/\/arriendo.com\/co\/blog\/wp-json\/wp\/v2\/media?parent=17872"}],"wp:term":[{"taxonomy":"category","embeddable":true,"href":"https:\/\/arriendo.com\/co\/blog\/wp-json\/wp\/v2\/categories?post=17872"},{"taxonomy":"post_tag","embeddable":true,"href":"https:\/\/arriendo.com\/co\/blog\/wp-json\/wp\/v2\/tags?post=17872"}],"curies":[{"name":"wp","href":"https:\/\/api.w.org\/{rel}","templated":true}]}}