{"id":13105,"date":"2025-01-31T08:35:26","date_gmt":"2025-01-31T13:35:26","guid":{"rendered":"https:\/\/arriendo.com\/co\/blog\/?p=13105"},"modified":"2025-01-31T08:35:27","modified_gmt":"2025-01-31T13:35:27","slug":"razones-para-vivir-en-villavicencio","status":"publish","type":"post","link":"https:\/\/arriendo.com\/co\/blog\/lugares\/para-vivir\/razones-para-vivir-en-villavicencio\/","title":{"rendered":"Razones para vivir en Villavicencio"},"content":{"rendered":"\n<p>Vivir en Villavicencio significa disfrutar de la <strong>ciudad m\u00e1s grande de los llanos orientales<\/strong>, que goza de una deliciosa <strong>gastronom\u00eda, cultura llanera<\/strong> y es el principal <strong>centro econ\u00f3mico del Orinoqu\u00eda<\/strong>. Con su clima c\u00e1lido y su cercan\u00eda a Bogot\u00e1, la ciudad ofrece una excelente calidad de vida, en un entorno en constante crecimiento y lleno de oportunidades.<\/p>\n\n\n<div class=\"gb-grid-wrapper gb-grid-wrapper-5020b978\">\n<div class=\"gb-grid-column gb-grid-column-4e9af72a\"><div class=\"gb-container gb-container-4e9af72a\">\n\n<p class=\"gb-headline gb-headline-b626beaf\"><span class=\"gb-icon\"><svg viewBox=\"0 0 16 16\" class=\"bi bi-people-fill\" fill=\"currentColor\" height=\"16\" width=\"16\" xmlns=\"http:\/\/www.w3.org\/2000\/svg\"> <path d=\"M7 14s-1 0-1-1 1-4 5-4 5 3 5 4-1 1-1 1H7zm4-6a3 3 0 1 0 0-6 3 3 0 0 0 0 6z\"><\/path> <path d=\"M5.216 14A2.238 2.238 0 0 1 5 13c0-1.355.68-2.75 1.936-3.72A6.325 6.325 0 0 0 5 9c-4 0-5 3-5 4s1 1 1 1h4.216z\" fill-rule=\"evenodd\"><\/path> <path d=\"M4.5 8a2.5 2.5 0 1 0 0-5 2.5 2.5 0 0 0 0 5z\"><\/path> <\/svg><\/span><span class=\"gb-headline-text\"><strong>585,858<\/strong><\/span><\/p>\n\n\n\n<p class=\"gb-headline gb-headline-4cc7cef1 gb-headline-text\"><strong>Habitantes<\/strong><\/p>\n\n<\/div><\/div>\n\n<div class=\"gb-grid-column gb-grid-column-66a113f6\"><div class=\"gb-container gb-container-66a113f6\">\n\n<p class=\"gb-headline gb-headline-e9a89d8d\"><span class=\"gb-icon\"><svg viewBox=\"0 0 24 24\" xmlns=\"http:\/\/www.w3.org\/2000\/svg\"><path d=\"M9,9l0-6L7,3l0,2.59L3.91,2.5L2.5,3.91L5.59,7L3,7l0,2L9,9z M21,9V7l-2.59,0l3.09-3.09L20.09,2.5L17,5.59V3l-2,0l0,6L21,9z M3,15l0,2h2.59L2.5,20.09l1.41,1.41L7,18.41L7,21h2l0-6L3,15z M15,15l0,6h2v-2.59l3.09,3.09l1.41-1.41L18.41,17H21v-2L15,15z\"><\/path><\/svg><\/span><span class=\"gb-headline-text\"><strong>400<\/strong><\/span><\/p>\n\n\n\n<p class=\"gb-headline gb-headline-3022e851 gb-headline-text\"><strong>Barrios<\/strong><\/p>\n\n<\/div><\/div>\n\n<div class=\"gb-grid-column gb-grid-column-48a27af6\"><div class=\"gb-container gb-container-48a27af6\">\n\n<p class=\"gb-headline gb-headline-1b2a2f6a\"><span class=\"gb-icon\"><svg viewBox=\"0 0 16 16\" class=\"bi bi-cloud-sun\" fill=\"currentColor\" height=\"16\" width=\"16\" xmlns=\"http:\/\/www.w3.org\/2000\/svg\"> <path d=\"M7 8a3.5 3.5 0 0 1 3.5 3.555.5.5 0 0 0 .624.492A1.503 1.503 0 0 1 13 13.5a1.5 1.5 0 0 1-1.5 1.5H3a2 2 0 1 1 .1-3.998.5.5 0 0 0 .51-.375A3.502 3.502 0 0 1 7 8zm4.473 3a4.5 4.5 0 0 0-8.72-.99A3 3 0 0 0 3 16h8.5a2.5 2.5 0 0 0 0-5h-.027z\"><\/path> <path d=\"M10.5 1.5a.5.5 0 0 0-1 0v1a.5.5 0 0 0 1 0v-1zm3.743 1.964a.5.5 0 1 0-.707-.707l-.708.707a.5.5 0 0 0 .708.708l.707-.708zm-7.779-.707a.5.5 0 0 0-.707.707l.707.708a.5.5 0 1 0 .708-.708l-.708-.707zm1.734 3.374a2 2 0 1 1 3.296 2.198c.199.281.372.582.516.898a3 3 0 1 0-4.84-3.225c.352.011.696.055 1.028.129zm4.484 4.074c.6.215 1.125.59 1.522 1.072a.5.5 0 0 0 .039-.742l-.707-.707a.5.5 0 0 0-.854.377zM14.5 6.5a.5.5 0 0 0 0 1h1a.5.5 0 0 0 0-1h-1z\"><\/path> <\/svg><\/span><span class=\"gb-headline-text\"><strong>25 y 33 \u00baC<\/strong><\/span><\/p>\n\n\n\n<p class=\"gb-headline gb-headline-18555142 gb-headline-text\"><strong>Clima<\/strong><\/p>\n\n<\/div><\/div>\n\n<div class=\"gb-grid-column gb-grid-column-a2c589f1\"><div class=\"gb-container gb-container-a2c589f1\">\n\n<p class=\"gb-headline gb-headline-26b60233\"><span class=\"gb-icon\"><svg viewBox=\"0 0 16 16\" class=\"bi bi-arrows-move\" fill=\"currentColor\" height=\"16\" width=\"16\" xmlns=\"http:\/\/www.w3.org\/2000\/svg\"> <path d=\"M7.646.146a.5.5 0 0 1 .708 0l2 2a.5.5 0 0 1-.708.708L8.5 1.707V5.5a.5.5 0 0 1-1 0V1.707L6.354 2.854a.5.5 0 1 1-.708-.708l2-2zM8 10a.5.5 0 0 1 .5.5v3.793l1.146-1.147a.5.5 0 0 1 .708.708l-2 2a.5.5 0 0 1-.708 0l-2-2a.5.5 0 0 1 .708-.708L7.5 14.293V10.5A.5.5 0 0 1 8 10zM.146 8.354a.5.5 0 0 1 0-.708l2-2a.5.5 0 1 1 .708.708L1.707 7.5H5.5a.5.5 0 0 1 0 1H1.707l1.147 1.146a.5.5 0 0 1-.708.708l-2-2zM10 8a.5.5 0 0 1 .5-.5h3.793l-1.147-1.146a.5.5 0 0 1 .708-.708l2 2a.5.5 0 0 1 0 .708l-2 2a.5.5 0 0 1-.708-.708L14.293 8.5H10.5A.5.5 0 0 1 10 8z\" fill-rule=\"evenodd\"><\/path> <\/svg><\/span><span class=\"gb-headline-text\"><strong>1328 km2<\/strong><\/span><\/p>\n\n\n\n<p class=\"gb-headline gb-headline-a4a83d7d gb-headline-text\"><strong>Extensi\u00f3n<\/strong><\/p>\n\n<\/div><\/div>\n\n<div class=\"gb-grid-column gb-grid-column-09dbbfb0\"><div class=\"gb-container gb-container-09dbbfb0\">\n\n<p class=\"gb-headline gb-headline-12696aea\"><span class=\"gb-icon\"><svg viewBox=\"0 0 16 16\" class=\"bi bi-geo-alt-fill\" fill=\"currentColor\" height=\"16\" width=\"16\" xmlns=\"http:\/\/www.w3.org\/2000\/svg\"> <path d=\"M8 16s6-5.686 6-10A6 6 0 0 0 2 6c0 4.314 6 10 6 10zm0-7a3 3 0 1 1 0-6 3 3 0 0 1 0 6z\"><\/path> <\/svg><\/span><span class=\"gb-headline-text\"><strong>500001<\/strong><\/span><\/p>\n\n\n\n<p class=\"gb-headline gb-headline-e7e710c3 gb-headline-text\"><strong>C\u00f3digo Postal<\/strong><\/p>\n\n<\/div><\/div>\n<\/div>\n\n\n<h2 class=\"wp-block-heading\">\u00bfPor qu\u00e9 vivir en Villavicencio, Meta? \ud83e\udd20<\/h2>\n\n\n\n<p>Vill\"Villavicencio, <strong>capital del departamento del Meta<\/strong>, es el principal eje poblacional, econ\u00f3mico, administrativo y cultural de los llanos orientales. Al ser fuente de comercio y abastecimiento para la regi\u00f3n, se le conoce como \"<strong>Puerta del Llano\"<\/strong>. Esto la convierte en un lugar privilegiado tanto para vivir como para visitar, gracias a sus atractivos tur\u00edsticos. Adem\u00e1s, su ubicaci\u00f3n, a solo 2 o 3 horas de Bogot\u00e1, la hace a\u00fan m\u00e1s accesible.<\/p>\n\n\n\n<h3 class=\"wp-block-heading\">1. Excelente ubicaci\u00f3n geogr\u00e1fica para vivir en Villavicencio<\/h3>\n\n\n\n<p>\"Villavo\" est\u00e1 localizada en el piedemonte de la <strong>cordillera Oriental<\/strong>, en la margen izquierda del r\u00edo Guatiqu\u00eda.<\/p>\n\n\n\n<p>Las v\u00edas de acceso que conectan la ciudad con el resto del pa\u00eds son una de sus grandes ventajas. Cuenta con <strong>rutas principales hacia Bogot\u00e1, Acac\u00edas, Restrepo y Puerto L\u00f3pez. <\/strong>Adem\u00e1s, recientemente se inaugur\u00f3 la <strong>nueva mega obra de la V\u00eda al Llano<\/strong>, que comprende<em> 32,9 kil\u00f3metros de v\u00edas construidas<\/em>, incluyendo seis t\u00faneles y 20 puentes.<\/p>\n\n\n<div class=\"wp-block-image\">\n<figure class=\"aligncenter size-full\"><img loading=\"lazy\" decoding=\"async\" width=\"1400\" height=\"850\" src=\"https:\/\/cdn-blog.arriendo.com\/co\/blog\/wp-content\/uploads\/2025\/01\/Via-de-Villavicencio-a-Bogota.jpg\" alt=\" V\u00eda de Villavicencio a Bogot\u00e1\" class=\"wp-image-18593\" srcset=\"https:\/\/cdn-blog.arriendo.com\/co\/blog\/wp-content\/uploads\/2025\/01\/Via-de-Villavicencio-a-Bogota.jpg 1400w, https:\/\/cdn-blog.arriendo.com\/co\/blog\/wp-content\/uploads\/2025\/01\/Via-de-Villavicencio-a-Bogota-500x304.jpg 500w, https:\/\/cdn-blog.arriendo.com\/co\/blog\/wp-content\/uploads\/2025\/01\/Via-de-Villavicencio-a-Bogota-768x466.jpg 768w\" sizes=\"auto, (max-width: 1400px) 100vw, 1400px\" \/><figcaption class=\"wp-element-caption\"> V\u00eda de Villavicencio a Bogot\u00e1<\/figcaption><\/figure><\/div>\n\n\n<h4 class=\"wp-block-heading\">Mapa de Villavicencio<\/h4>\n\n\n\n<p>Si te est\u00e1s preguntando: <strong>\u00bfD\u00f3nde queda Villavicencio?<\/strong> \ud83d\udccd Te invito a conocer su ubicaci\u00f3n en el siguiente mapa.<\/p>\n\n\n\n<iframe loading=\"lazy\" src=\"https:\/\/www.google.com\/maps\/d\/embed?mid=1Ownqexj7cUV9wgnHMNaDz0T_yBExmKM&ehbc=2E312F\" width=\"640\" height=\"480\"><\/iframe>\n\n\n\n<p>Villavicencio, capital del departamento del Meta, se encuentra en el piedemonte de la Cordillera Oriental, al noroccidente del departamento. Sus l\u00edmites municipales son:<\/p>\n\n\n\n<ul class=\"wp-block-list\">\n<li>Norte: con los municipios de Restrepo y El Calvario.<\/li>\n\n\n\n<li>Oriente: con el municipio de Puerto L\u00f3pez.<\/li>\n\n\n\n<li>Sur: con los municipios de Acac\u00edas y San Carlos de Guaroa.<\/li>\n\n\n\n<li>Occidente: con el municipio de Acac\u00edas y el departamento de Cundinamarca.<\/li>\n<\/ul>\n\n\n\n<h3 class=\"wp-block-heading\">2. Clima c\u00e1lido y agradable<\/h3>\n\n\n\n<p>La ciudad se caracteriza por su<strong> clima c\u00e1lido y tropical durante todo el a\u00f1o<\/strong>. Las temperaturas promedio oscilan entre los<strong> 25 \u00b0C y 30 \u00b0C<\/strong>, ofreciendo un ambiente ideal para quienes buscan escapar del fr\u00edo y disfrutar de <strong>d\u00edas soleados<\/strong>. Este clima favorece actividades al aire libre, como explorar paisajes llaneros, montar a caballo o solo disfrutar de la tranquilidad en una hamaca. \ud83d\ude0e<\/p>\n\n\n\n<h3 class=\"wp-block-heading\">3. Desarrollo econ\u00f3mico<\/h3>\n\n\n\n<p><strong>Villavicencio es un motor econ\u00f3mico de los Llanos Orientales<\/strong> gracias a su ubicaci\u00f3n estrat\u00e9gica y su conexi\u00f3n con sectores clave como la <strong>agricultura, la ganader\u00eda y el turismo.<\/strong> La ciudad se ha consolidado como un importante centro de comercio, siendo el punto de enlace entre la regi\u00f3n llanera y el resto del pa\u00eds.<\/p>\n\n\n\n<p>En los \u00faltimos a\u00f1os, esta ciudad ha experimentado un crecimiento en infraestructura, como <strong>centros comerciales y v\u00edas de acceso,<\/strong> que impulsan <strong>oportunidades de empleo<\/strong> y atraen inversiones. Adem\u00e1s, el auge tur\u00edstico en la regi\u00f3n ha dinamizado la econom\u00eda local, con hoteles, restaurantes y actividades culturales que contribuyen significativamente al desarrollo econ\u00f3mico.<\/p>\n\n\n<div class=\"wp-block-image\">\n<figure class=\"aligncenter size-full\"><img loading=\"lazy\" decoding=\"async\" width=\"1400\" height=\"850\" src=\"https:\/\/cdn-blog.arriendo.com\/co\/blog\/wp-content\/uploads\/2025\/01\/Ganaderia-en-Villavicencio.jpg\" alt=\"Ganader\u00eda en Villavicencio\" class=\"wp-image-18607\" srcset=\"https:\/\/cdn-blog.arriendo.com\/co\/blog\/wp-content\/uploads\/2025\/01\/Ganaderia-en-Villavicencio.jpg 1400w, https:\/\/cdn-blog.arriendo.com\/co\/blog\/wp-content\/uploads\/2025\/01\/Ganaderia-en-Villavicencio-500x304.jpg 500w, https:\/\/cdn-blog.arriendo.com\/co\/blog\/wp-content\/uploads\/2025\/01\/Ganaderia-en-Villavicencio-768x466.jpg 768w\" sizes=\"auto, (max-width: 1400px) 100vw, 1400px\" \/><figcaption class=\"wp-element-caption\">Villavicencio es tierra ganadera<\/figcaption><\/figure><\/div>\n\n\n<p>La diversificaci\u00f3n de sus sectores productivos y el apoyo a emprendimientos locales hacen de<strong> Villavicencio un lugar atractivo tanto para vivir como para emprender.<\/strong><\/p>\n\n\n\n<p>Esta es una se\u00f1al para <a href=\"https:\/\/arriendo.com\/co\/villavicencio\/\" target=\"_blank\" rel=\"noreferrer noopener\">alquilar vivienda en Villavicencio<\/a> y disfrutar de los mejores atardeceres. \ud83c\udf06<\/p>\n\n\n\n<h3 class=\"wp-block-heading\">4. Cultura llanera<\/h3>\n\n\n\n<p>La capital del departamento del Meta es considerada el <strong>epicentro de la cultura llanera<\/strong>, una tradici\u00f3n que refleja la identidad de los Llanos Orientales. Esta regi\u00f3n est\u00e1 profundamente marcada por su m\u00fasica, danza, gastronom\u00eda y costumbres, que son el orgullo de sus habitantes.<\/p>\n\n\n\n<p><strong>El joropo,<\/strong> declarado Patrimonio Cultural Inmaterial de la Naci\u00f3n, es el m\u00e1ximo exponente cultural de Villavicencio. Este g\u00e9nero musical, acompa\u00f1ado del <strong>arpa, el cuatro y las maracas, <\/strong>suele estar presente en festividades y eventos tradicionales.<strong> El Torneo Internacional del Joropo,<\/strong> celebrado cada a\u00f1o en la ciudad, re\u00fane a artistas y visitantes de todo el pa\u00eds para rendir homenaje a esta expresi\u00f3n cultural.<\/p>\n\n\n\n<p>Por \u00faltimo, la hospitalidad de su gente y el v\u00ednculo con la naturaleza enriquecen la experiencia de <strong>vivir en Villavicencio<\/strong>, lugar donde la tradici\u00f3n y modernidad sorprenden.<\/p>\n\n\n\n<h3 class=\"wp-block-heading\"> 5. Gastronom\u00eda en el Meta<\/h3>\n\n\n\n<p>La gastronom\u00eda llanera tambi\u00e9n es un pilar de su cultura, con <strong>platos emblem\u00e1ticos<\/strong> como la mamona, las arepas de ma\u00edz amarillo, y el caldo de pescado, que resaltan los sabores aut\u00f3ctonos de la regi\u00f3n. Adem\u00e1s, cuenta con deliciosos<strong> platos t\u00edpicos <\/strong>como, la deliciosa gallina criolla, la cachama, la mojarra, el pan de arroz, el pisillo de carne, el pescado, las hayacas y unas cuantas bebidas refrescantes como lo son el guarapo, la chica de ma\u00edz o arroz.<\/p>\n\n\n<div class=\"wp-block-image\">\n<figure class=\"aligncenter size-full is-resized\"><img loading=\"lazy\" decoding=\"async\" width=\"1400\" height=\"850\" src=\"https:\/\/cdn-blog.arriendo.com\/co\/blog\/wp-content\/uploads\/2021\/04\/Comida-llanera-en-Villavicencio.jpg\" alt=\"Comida llanera en Villavicencio\" class=\"wp-image-17359\" style=\"width:1300px;height:auto\" srcset=\"https:\/\/cdn-blog.arriendo.com\/co\/blog\/wp-content\/uploads\/2021\/04\/Comida-llanera-en-Villavicencio.jpg 1400w, https:\/\/cdn-blog.arriendo.com\/co\/blog\/wp-content\/uploads\/2021\/04\/Comida-llanera-en-Villavicencio-500x304.jpg 500w, https:\/\/cdn-blog.arriendo.com\/co\/blog\/wp-content\/uploads\/2021\/04\/Comida-llanera-en-Villavicencio-768x466.jpg 768w\" sizes=\"auto, (max-width: 1400px) 100vw, 1400px\" \/><figcaption class=\"wp-element-caption\">Comida llanera<\/figcaption><\/figure><\/div>\n\n\n<h3 class=\"wp-block-heading\">6. Riqueza natural en Villavicencio \ud83c\udf31<\/h3>\n\n\n\n<p><strong>Esta ciudad es un para\u00edso natural <\/strong>que conecta a sus habitantes y visitantes con los imponentes paisajes de los Llanos Orientales. Rodeada por <strong>monta\u00f1as, r\u00edos y llanuras,<\/strong> la ciudad ofrece una experiencia \u00fanica para quienes disfrutan de la naturaleza en su m\u00e1xima expresi\u00f3n.<\/p>\n\n\n\n<p>Entre sus principales atractivos naturales se encuentra el <strong>Parque Las Malocas<\/strong>, un espacio perfecto para explorar la <em>flora y fauna<\/em> de la regi\u00f3n, mientras se aprende sobre la vida en los llanos.<strong> El Bioparque Los Ocarros,<\/strong> el cual alberga diversas especies aut\u00f3ctonas de la regi\u00f3n, fomentando la conservaci\u00f3n y el turismo responsable.<\/p>\n\n\n\n<p>Adem\u00e1s, la \" Puerta al Llano\" est\u00e1 atravesada por importantes r\u00edos como el <strong>Guatiqu\u00eda<\/strong>, que brinda paisajes ideales para actividades al aire libre como <strong>caminatas, picnic y fotograf\u00eda<\/strong>. La cercan\u00eda con el piedemonte llanero tambi\u00e9n ofrece rutas para el ecoturismo, con senderos que conducen a cascadas, miradores y \u00e1reas protegidas.<\/p>\n\n\n\n<h2 class=\"wp-block-heading\">Actividades para hacer en Villavicencio<\/h2>\n\n\n\n<p>\"Villavo la bella\", como tambi\u00e9n se le conoce, ofrece un abanico de actividades que combinan<strong> naturaleza, cultura y aventura<\/strong>. Aqu\u00ed te presento opciones imperdibles.<\/p>\n\n\n\n<figure class=\"wp-block-image size-full\"><img loading=\"lazy\" decoding=\"async\" width=\"1400\" height=\"850\" src=\"https:\/\/cdn-blog.arriendo.com\/co\/blog\/wp-content\/uploads\/2021\/04\/Cabalgata-en-Villavicencio-Meta.jpg\" alt=\"Cabalgata en Villavicencio, Meta\" class=\"wp-image-17368\" srcset=\"https:\/\/cdn-blog.arriendo.com\/co\/blog\/wp-content\/uploads\/2021\/04\/Cabalgata-en-Villavicencio-Meta.jpg 1400w, https:\/\/cdn-blog.arriendo.com\/co\/blog\/wp-content\/uploads\/2021\/04\/Cabalgata-en-Villavicencio-Meta-500x304.jpg 500w, https:\/\/cdn-blog.arriendo.com\/co\/blog\/wp-content\/uploads\/2021\/04\/Cabalgata-en-Villavicencio-Meta-768x466.jpg 768w\" sizes=\"auto, (max-width: 1400px) 100vw, 1400px\" \/><figcaption class=\"wp-element-caption\"> Cabalgata en Villavicencio, Meta<\/figcaption><\/figure>\n\n\n<div class=\"lightweight-accordion bordered\"><details><summary class=\"lightweight-accordion-title\"><h3>1. Parque Las Malocas<\/h3><\/summary><div class=\"lightweight-accordion-body\">\n\n<p>Descubre la esencia de la cultura llanera en este parque que recrea las tradiciones de la regi\u00f3n. Podr\u00e1s disfrutar de exhibiciones ecuestres, m\u00fasica y danza t\u00edpica, todo en un entorno dise\u00f1ado para resaltar las costumbres del Llano.<\/p>\n\n<\/div><\/details><\/div>\n\n<div class=\"lightweight-accordion bordered\"><details><summary class=\"lightweight-accordion-title\"><h3>2. Bioparque Los Ocarros<\/h3><\/summary><div class=\"lightweight-accordion-body\">\n\n<p>Este espacio est\u00e1 dedicado a la conservaci\u00f3n de la fauna llanera. Es ideal para admirar especies como<strong> jaguares, capibaras, pumas y osos hormigueros<\/strong> en h\u00e1bitats dise\u00f1ados para su bienestar.<\/p>\n\n<\/div><\/details><\/div>\n\n<div class=\"lightweight-accordion bordered\"><details><summary class=\"lightweight-accordion-title\"><h3>3. Parque de los Fundadores<\/h3><\/summary><div class=\"lightweight-accordion-body\">\n\n<p>Un lugar perfecto para caminar o relajarse. Con senderos amplios, fuentes modernas y \u00e1reas verdes, este parque es un \u00edcono de la ciudad, ideal para pasar el d\u00eda en familia.<\/p>\n\n<\/div><\/details><\/div>\n\n<div class=\"lightweight-accordion bordered\"><details><summary class=\"lightweight-accordion-title\"><h3>4. Aventura en Tiuma Park<\/h3><\/summary><div class=\"lightweight-accordion-body\">\n\n<p>Para los amantes de la aventura, este parque ofrece actividades como <strong>canopy, cabalgatas y deportes acu\u00e1ticos<\/strong>. Tambi\u00e9n puedes explorar senderos rodeados de flora y fauna, conect\u00e1ndote con la naturaleza de forma \u00fanica.<\/p>\n\n<\/div><\/details><\/div>\n\n<div class=\"lightweight-accordion bordered\"><details><summary class=\"lightweight-accordion-title\"><h3>5. Festivales y m\u00fasica llanera<\/h3><\/summary><div class=\"lightweight-accordion-body\">\n\n<p>Si est\u00e1s en Villavicencio durante la temporada de festivales, puedes disfrutar del<strong> Campeonato Mundial de Coleo<\/strong>. Por otro lado, el <strong>Torneo Internacional del Joropo<\/strong> es ideal para los amantes de la <strong>m\u00fasica y el baile t\u00edpico.<\/strong> Este evento re\u00fane lo mejor de la tradici\u00f3n llanera en un espect\u00e1culo inolvidable.<\/p>\n\n<\/div><\/details><\/div>\n\n<div class=\"lightweight-accordion bordered\"><details><summary class=\"lightweight-accordion-title\"><h3>6. Miradores y naturaleza<\/h3><\/summary><div class=\"lightweight-accordion-body\">\n\n<p>Explora lugares como el<strong> Mirador Piedra del Amo<\/strong>r o cascadas cercanas a la ciudad. Estos espacios naturales ofrecen vistas espectaculares y son ideales para desconectarte del bullicio urbano.<\/p>\n\n<\/div><\/details><\/div>\n\n<div class=\"lightweight-accordion bordered\"><details><summary class=\"lightweight-accordion-title\"><h3>7. Fiesta en Capachos<\/h3><\/summary><div class=\"lightweight-accordion-body\">\n\n<p>Capachos es un lugar emblem\u00e1tico en Villavicencio, perfecto para compartir con amigos una noche llena de diversi\u00f3n, baile y algunos c\u00f3cteles. \ud83e\udd73<\/p>\n\n<\/div><\/details><\/div>\n\n\n<p><a href=\"https:\/\/historico.villavicencio.gov.co\/MiMunicipio\/Paginas\/Fiestas-y-Celebraciones.aspx\" target=\"_blank\" rel=\"noreferrer noopener nofollow\">Conoce m\u00e1s eventos, fechas y horarios de las fiestas tradicionales de Villavicencio.<\/a><\/p>\n\n\n\n<h2 class=\"wp-block-heading\">\u00bfQui\u00e9nes compran en Villavicencio?<\/h2>\n\n\n\n<p>Al ser reconocida como <strong>la ciudad del folclor llanero en Colombia<\/strong>, es una excelente opci\u00f3n para <strong>invertir en vivienda vacacional <\/strong>y dejarse enamorar de sus tierras, su fauna y flora. Seg\u00fan estudios, los proyectos en esta ciudad oscilan entre los <em>$250 y los $590 millones de pesos<\/em>. De igual forma, si deseas <strong>alquilar inmueble en Villavicencio<\/strong>, los precios oscilan entre 1.2 y 4, millones de pesos, dependiendo de la zona, el tama\u00f1o y el estrato en que est\u00e9 ubicada<\/p>\n\n\n\n<p>Seg\u00fan la variaci\u00f3n del <strong>IPVN<\/strong> (<em>\u00cdndice de Precios de la Vivienda Nueva<\/em>) del<strong> DANE<\/strong>, los precios de casas y apartamentos est\u00e1n en un buen momento para invertir en inmobiliaria nueva, ya que revela una valorizaci\u00f3n en aumento de casas y apartamentos en el \u00faltimo a\u00f1o.<\/p>\n\n\n<div class=\"wp-block-image\">\n<figure class=\"aligncenter size-full\"><img loading=\"lazy\" decoding=\"async\" width=\"1400\" height=\"850\" src=\"https:\/\/cdn-blog.arriendo.com\/co\/blog\/wp-content\/uploads\/2025\/01\/Oferta-inmobiliaria-en-Villavicencio-Meta.jpg\" alt=\"Oferta inmobiliaria en Villavicencio, Meta\" class=\"wp-image-18622\" srcset=\"https:\/\/cdn-blog.arriendo.com\/co\/blog\/wp-content\/uploads\/2025\/01\/Oferta-inmobiliaria-en-Villavicencio-Meta.jpg 1400w, https:\/\/cdn-blog.arriendo.com\/co\/blog\/wp-content\/uploads\/2025\/01\/Oferta-inmobiliaria-en-Villavicencio-Meta-500x304.jpg 500w, https:\/\/cdn-blog.arriendo.com\/co\/blog\/wp-content\/uploads\/2025\/01\/Oferta-inmobiliaria-en-Villavicencio-Meta-768x466.jpg 768w\" sizes=\"auto, (max-width: 1400px) 100vw, 1400px\" \/><figcaption class=\"wp-element-caption\">Oferta inmobiliaria en Villavicencio, Meta<\/figcaption><\/figure><\/div>\n\n\n<h2 class=\"wp-block-heading\">Consejos para comprar o alquilar vivienda<\/h2>\n\n\n\n<p>Si est\u00e1 buscando<strong> alquilar una vivienda en Villavicencio,<\/strong> algunos consejos que te pueden ser \u00fatiles.<\/p>\n\n\n\n<ul class=\"wp-block-list\">\n<li>Define tus necesidades, establece tama\u00f1o, ubicaci\u00f3n, presupuesto y comodidades para filtrar opciones.<\/li>\n\n\n\n<li>Fija un presupuesto considerando alquiler, servicios y administraci\u00f3n.<\/li>\n\n\n\n<li>Investiga las zonas seg\u00fan cercan\u00eda a trabajo, colegios y servicios.<\/li>\n\n\n\n<li>Utiliza el website <a href=\"https:\/\/arriendo.com\/co\/\" target=\"_blank\" rel=\"noreferrer noopener\">Arriendo.com<\/a>, all\u00ed puedes buscar y publicar inmuebles para alquiler. <\/li>\n\n\n\n<li>Verifica el estado de las propiedades, documentaci\u00f3n legal y seguridad del \u00e1rea.<\/li>\n\n\n\n<li>Revisa los t\u00e9rminos del contrato y considera referencias del propietario o agencia.<\/li>\n\n\n\n<li>T\u00f3mate tu tiempo para comparar opciones y tomar la mejor decisi\u00f3n.<\/li>\n<\/ul>\n\n\n\n<h2 class=\"wp-block-heading\">Los mejores barrios para vivir en Villavicencio<\/h2>\n\n\n\n<p><br>Villavicencio tiene una extensi\u00f3n de aproximadamente 1328 km2, est\u00e1 organizado en 10 comunas que incluyen un total de 440 barrios aproximadamente. Esta diversidad ofrece m\u00faltiples opciones para quienes buscan<strong> residir en la capital del Meta<\/strong>, dependiendo de sus necesidades y estilo de vida. Algunas opciones son:<\/p>\n\n\n\n<ul class=\"wp-block-list\">\n<li><a href=\"https:\/\/arriendo.com\/co\/apartamentos\/villavicencio\/el-caudal\/c5DBu2y95913\/\" target=\"_blank\" rel=\"noreferrer noopener\">El Caudal<\/a><\/li>\n\n\n\n<li>El Trapiche<\/li>\n\n\n\n<li>Las Camelias<\/li>\n\n\n\n<li>El Buque<\/li>\n\n\n\n<li>Bosques de Rosablanca<\/li>\n\n\n\n<li>Barzal Alto<\/li>\n<\/ul>\n\n\n\n<p>\u00a1<a href=\"https:\/\/arriendo.com\/co\/villavicencio\/\" target=\"_blank\" rel=\"noreferrer noopener\">Alquilar un inmueble en Villavicencio<\/a> puede ser una gran decisi\u00f3n! \ud83c\udfe1<\/p>\n\n\n\n<h2 class=\"wp-block-heading\">Preguntas Frecuentes<\/h2>\n\n\n<div class=\"lightweight-accordion bordered\"><details><summary class=\"lightweight-accordion-title\"><h3>\u00bfCu\u00e1l es el barrio m\u00e1s costoso de Villavicencio para vivir?<\/h3><\/summary><div class=\"lightweight-accordion-body\">\n\n<p>Uno de los barrios m\u00e1s exclusivos y costosos de Villavicencio es<strong> El Caudal<\/strong>. Conocido por su ubicaci\u00f3n privilegiada, con viviendas de alta gama, seguridad y una excelente infraestructura. Su cercan\u00eda a zonas comerciales y a servicios de calidad tambi\u00e9n lo hace muy demandado, lo que eleva su valor en el mercado inmobiliario.<\/p>\n\n<\/div><\/details><\/div>\n\n<div class=\"lightweight-accordion bordered\"><details><summary class=\"lightweight-accordion-title\"><h3>\u00bfCu\u00e1l es el gentilicio de la gente que vive en Villavicencio?? <\/h3><\/summary><div class=\"lightweight-accordion-body\">\n\n<p>La gente que vive o es de Villavicencio se les conoce con el gentilicio de<em> \" Villavicense\"<\/em>.<\/p>\n\n<\/div><\/details><\/div>\n\n<div class=\"lightweight-accordion bordered\"><details><summary class=\"lightweight-accordion-title\"><h3>\u00bfC\u00f3mo llegar a Villavicencio desde Bogot\u00e1?<\/h3><\/summary><div class=\"lightweight-accordion-body\">\n\n<p>Para llegar a Villavicencio desde Bogot\u00e1, se puede viajar por carretera, ya sea en <strong>moto, veh\u00edculo particular o bus intermunicipal<\/strong>, con un costo de $45,000 COP y una duraci\u00f3n de hasta 3 horas, dependiendo del tr\u00e1fico. Tambi\u00e9n hay <strong>vuelos desde el Aeropuerto El Dorado<\/strong>, que duran 45 minutos y tienen un costo aproximado entre $200,000 y $500,000 COP.<\/p>\n\n<\/div><\/details><\/div>\n\n\n<hr class=\"wp-block-separator has-alpha-channel-opacity is-style-dots\"\/>\n\n\n\n<p>Deseamos este blog te haya servido para tomar una decisi\u00f3n. Si tienes alguna duda, \u00a1comp\u00e1rtela! \u00a1Hasta una pr\u00f3xima! \ud83d\udc4b<\/p>\n","protected":false},"excerpt":{"rendered":"<p>Vivir en Villavicencio significa disfrutar de la ciudad m\u00e1s grande de los llanos orientales, que goza de una deliciosa gastronom\u00eda, cultura llanera y es el principal centro econ\u00f3mico del Orinoqu\u00eda. Con su clima c\u00e1lido y su cercan\u00eda a Bogot\u00e1, la [&hellip;]<\/p>\n","protected":false},"author":19,"featured_media":13113,"comment_status":"open","ping_status":"closed","sticky":false,"template":"","format":"standard","meta":{"_acf_changed":false,"footnotes":""},"categories":[154],"tags":[],"class_list":["post-13105","post","type-post","status-publish","format-standard","has-post-thumbnail","hentry","category-para-vivir"],"acf":[],"nelio_content":{"isAutoShareEnabled":true,"autoShareEndMode":"never","automationSources":{"useCustomSentences":false,"customSentences":[]},"followers":[],"suggestedReferences":[],"efiUrl":"","efiAlt":"","highlights":[],"permalinkQueryArgs":[],"series":[]},"yoast_head":"<!-- This site is optimized with the Yoast SEO plugin v25.4 - https:\/\/yoast.com\/wordpress\/plugins\/seo\/ -->\n<title>Razones para vivir en Villavicencio 2026<\/title>\n<meta name=\"description\" content=\"\u00a1Descubre las ventajas de vivir en Villavicencio! La capital del Meta te espera con brazos abiertos y una amplia oferta inmobiliaria.\" \/>\n<meta name=\"robots\" content=\"index, follow, max-snippet:-1, max-image-preview:large, max-video-preview:-1\" \/>\n<link rel=\"canonical\" href=\"https:\/\/arriendo.com\/co\/blog\/lugares\/para-vivir\/razones-para-vivir-en-villavicencio\/\" \/>\n<meta property=\"og:locale\" content=\"es_ES\" \/>\n<meta property=\"og:type\" content=\"article\" \/>\n<meta property=\"og:title\" content=\"Razones para vivir en Villavicencio 2026\" \/>\n<meta property=\"og:description\" content=\"\u00a1Descubre las ventajas de vivir en Villavicencio! La capital del Meta te espera con brazos abiertos y una amplia oferta inmobiliaria.\" \/>\n<meta property=\"og:url\" content=\"https:\/\/arriendo.com\/co\/blog\/lugares\/para-vivir\/razones-para-vivir-en-villavicencio\/\" \/>\n<meta property=\"og:site_name\" content=\"Blog Arriendo.com\" \/>\n<meta property=\"article:publisher\" content=\"https:\/\/www.facebook.com\/arriendocom\" \/>\n<meta property=\"article:published_time\" content=\"2025-01-31T13:35:26+00:00\" \/>\n<meta property=\"article:modified_time\" content=\"2025-01-31T13:35:27+00:00\" \/>\n<meta property=\"og:image\" content=\"https:\/\/arriendo.com\/co\/blog\/wp-content\/uploads\/2024\/08\/Vivir-en-Villavicencio.jpg\" \/>\n\t<meta property=\"og:image:width\" content=\"1900\" \/>\n\t<meta property=\"og:image:height\" content=\"1269\" \/>\n\t<meta property=\"og:image:type\" content=\"image\/jpeg\" \/>\n<meta name=\"author\" content=\"Mar\u00eda Camila Mart\u00ednez Reyes\" \/>\n<meta name=\"twitter:card\" content=\"summary_large_image\" \/>\n<meta name=\"twitter:label1\" content=\"Escrito por\" \/>\n\t<meta name=\"twitter:data1\" content=\"Mar\u00eda Camila Mart\u00ednez Reyes\" \/>\n\t<meta name=\"twitter:label2\" content=\"Tiempo de lectura\" \/>\n\t<meta name=\"twitter:data2\" content=\"9 minutos\" \/>\n<script type=\"application\/ld+json\" class=\"yoast-schema-graph\">{\"@context\":\"https:\/\/schema.org\",\"@graph\":[{\"@type\":[\"Article\",\"BlogPosting\"],\"@id\":\"https:\/\/arriendo.com\/co\/blog\/lugares\/para-vivir\/razones-para-vivir-en-villavicencio\/#article\",\"isPartOf\":{\"@id\":\"https:\/\/arriendo.com\/co\/blog\/lugares\/para-vivir\/razones-para-vivir-en-villavicencio\/\"},\"author\":{\"name\":\"Mar\u00eda Camila Mart\u00ednez Reyes\",\"@id\":\"https:\/\/arriendo.com\/co\/blog\/#\/schema\/person\/34a76bc9ff64a30e83b6857cf580f042\"},\"headline\":\"Razones para vivir en Villavicencio\",\"datePublished\":\"2025-01-31T13:35:26+00:00\",\"dateModified\":\"2025-01-31T13:35:27+00:00\",\"mainEntityOfPage\":{\"@id\":\"https:\/\/arriendo.com\/co\/blog\/lugares\/para-vivir\/razones-para-vivir-en-villavicencio\/\"},\"wordCount\":1754,\"commentCount\":0,\"publisher\":{\"@id\":\"https:\/\/arriendo.com\/co\/blog\/#organization\"},\"image\":{\"@id\":\"https:\/\/arriendo.com\/co\/blog\/lugares\/para-vivir\/razones-para-vivir-en-villavicencio\/#primaryimage\"},\"thumbnailUrl\":\"https:\/\/cdn-blog.arriendo.com\/co\/blog\/wp-content\/uploads\/2024\/08\/Vivir-en-Villavicencio.jpg\",\"articleSection\":[\"Lugares para Vivir\"],\"inLanguage\":\"es\",\"potentialAction\":[{\"@type\":\"CommentAction\",\"name\":\"Comment\",\"target\":[\"https:\/\/arriendo.com\/co\/blog\/lugares\/para-vivir\/razones-para-vivir-en-villavicencio\/#respond\"]}]},{\"@type\":\"WebPage\",\"@id\":\"https:\/\/arriendo.com\/co\/blog\/lugares\/para-vivir\/razones-para-vivir-en-villavicencio\/\",\"url\":\"https:\/\/arriendo.com\/co\/blog\/lugares\/para-vivir\/razones-para-vivir-en-villavicencio\/\",\"name\":\"Razones para vivir en Villavicencio 2026\",\"isPartOf\":{\"@id\":\"https:\/\/arriendo.com\/co\/blog\/#website\"},\"primaryImageOfPage\":{\"@id\":\"https:\/\/arriendo.com\/co\/blog\/lugares\/para-vivir\/razones-para-vivir-en-villavicencio\/#primaryimage\"},\"image\":{\"@id\":\"https:\/\/arriendo.com\/co\/blog\/lugares\/para-vivir\/razones-para-vivir-en-villavicencio\/#primaryimage\"},\"thumbnailUrl\":\"https:\/\/cdn-blog.arriendo.com\/co\/blog\/wp-content\/uploads\/2024\/08\/Vivir-en-Villavicencio.jpg\",\"datePublished\":\"2025-01-31T13:35:26+00:00\",\"dateModified\":\"2025-01-31T13:35:27+00:00\",\"description\":\"\u00a1Descubre las ventajas de vivir en Villavicencio! La capital del Meta te espera con brazos abiertos y una amplia oferta inmobiliaria.\",\"breadcrumb\":{\"@id\":\"https:\/\/arriendo.com\/co\/blog\/lugares\/para-vivir\/razones-para-vivir-en-villavicencio\/#breadcrumb\"},\"inLanguage\":\"es\",\"potentialAction\":[{\"@type\":\"ReadAction\",\"target\":[\"https:\/\/arriendo.com\/co\/blog\/lugares\/para-vivir\/razones-para-vivir-en-villavicencio\/\"]}]},{\"@type\":\"ImageObject\",\"inLanguage\":\"es\",\"@id\":\"https:\/\/arriendo.com\/co\/blog\/lugares\/para-vivir\/razones-para-vivir-en-villavicencio\/#primaryimage\",\"url\":\"https:\/\/cdn-blog.arriendo.com\/co\/blog\/wp-content\/uploads\/2024\/08\/Vivir-en-Villavicencio.jpg\",\"contentUrl\":\"https:\/\/cdn-blog.arriendo.com\/co\/blog\/wp-content\/uploads\/2024\/08\/Vivir-en-Villavicencio.jpg\",\"width\":1900,\"height\":1269,\"caption\":\"Vivir en Villavicencio\"},{\"@type\":\"BreadcrumbList\",\"@id\":\"https:\/\/arriendo.com\/co\/blog\/lugares\/para-vivir\/razones-para-vivir-en-villavicencio\/#breadcrumb\",\"itemListElement\":[{\"@type\":\"ListItem\",\"position\":1,\"name\":\"Inicio\",\"item\":\"https:\/\/arriendo.com\/co\/blog\/\"},{\"@type\":\"ListItem\",\"position\":2,\"name\":\"Lugares\",\"item\":\"https:\/\/arriendo.com\/co\/blog\/lugares\/\"},{\"@type\":\"ListItem\",\"position\":3,\"name\":\"Lugares para Vivir\",\"item\":\"https:\/\/arriendo.com\/co\/blog\/lugares\/para-vivir\/\"},{\"@type\":\"ListItem\",\"position\":4,\"name\":\"Razones para vivir en Villavicencio\"}]},{\"@type\":\"WebSite\",\"@id\":\"https:\/\/arriendo.com\/co\/blog\/#website\",\"url\":\"https:\/\/arriendo.com\/co\/blog\/\",\"name\":\"Blog arriendo.com\",\"description\":\"Abre la puerta de tu pr\u00f3ximo hogar\",\"publisher\":{\"@id\":\"https:\/\/arriendo.com\/co\/blog\/#organization\"},\"alternateName\":\"Blog Arriendo\",\"potentialAction\":[{\"@type\":\"SearchAction\",\"target\":{\"@type\":\"EntryPoint\",\"urlTemplate\":\"https:\/\/arriendo.com\/co\/blog\/?s={search_term_string}\"},\"query-input\":{\"@type\":\"PropertyValueSpecification\",\"valueRequired\":true,\"valueName\":\"search_term_string\"}}],\"inLanguage\":\"es\"},{\"@type\":\"Organization\",\"@id\":\"https:\/\/arriendo.com\/co\/blog\/#organization\",\"name\":\"Blog arriendo.com\",\"alternateName\":\"Arriendo.com\",\"url\":\"https:\/\/arriendo.com\/co\/blog\/\",\"logo\":{\"@type\":\"ImageObject\",\"inLanguage\":\"es\",\"@id\":\"https:\/\/arriendo.com\/co\/blog\/#\/schema\/logo\/image\/\",\"url\":\"https:\/\/arriendo.com\/co\/blog\/wp-content\/uploads\/2020\/02\/logo-arriendo-perfil-rojo-1080x1080-ok-v1.png\",\"contentUrl\":\"https:\/\/arriendo.com\/co\/blog\/wp-content\/uploads\/2020\/02\/logo-arriendo-perfil-rojo-1080x1080-ok-v1.png\",\"width\":1080,\"height\":1080,\"caption\":\"Blog arriendo.com\"},\"image\":{\"@id\":\"https:\/\/arriendo.com\/co\/blog\/#\/schema\/logo\/image\/\"},\"sameAs\":[\"https:\/\/www.facebook.com\/arriendocom\"]},{\"@type\":\"Person\",\"@id\":\"https:\/\/arriendo.com\/co\/blog\/#\/schema\/person\/34a76bc9ff64a30e83b6857cf580f042\",\"name\":\"Mar\u00eda Camila Mart\u00ednez Reyes\",\"image\":{\"@type\":\"ImageObject\",\"inLanguage\":\"es\",\"@id\":\"https:\/\/arriendo.com\/co\/blog\/#\/schema\/person\/image\/\",\"url\":\"https:\/\/secure.gravatar.com\/avatar\/9f515c1e75c1130dca553e094da21a63029157671bdc62e6e1d566fec39ccd35?s=96&r=g\",\"contentUrl\":\"https:\/\/secure.gravatar.com\/avatar\/9f515c1e75c1130dca553e094da21a63029157671bdc62e6e1d566fec39ccd35?s=96&r=g\",\"caption\":\"Mar\u00eda Camila Mart\u00ednez Reyes\"}}]}<\/script>\n<!-- \/ Yoast SEO plugin. -->","yoast_head_json":{"title":"Razones para vivir en Villavicencio 2026","description":"\u00a1Descubre las ventajas de vivir en Villavicencio! La capital del Meta te espera con brazos abiertos y una amplia oferta inmobiliaria.","robots":{"index":"index","follow":"follow","max-snippet":"max-snippet:-1","max-image-preview":"max-image-preview:large","max-video-preview":"max-video-preview:-1"},"canonical":"https:\/\/arriendo.com\/co\/blog\/lugares\/para-vivir\/razones-para-vivir-en-villavicencio\/","og_locale":"es_ES","og_type":"article","og_title":"Razones para vivir en Villavicencio 2026","og_description":"\u00a1Descubre las ventajas de vivir en Villavicencio! La capital del Meta te espera con brazos abiertos y una amplia oferta inmobiliaria.","og_url":"https:\/\/arriendo.com\/co\/blog\/lugares\/para-vivir\/razones-para-vivir-en-villavicencio\/","og_site_name":"Blog Arriendo.com","article_publisher":"https:\/\/www.facebook.com\/arriendocom","article_published_time":"2025-01-31T13:35:26+00:00","article_modified_time":"2025-01-31T13:35:27+00:00","og_image":[{"width":1900,"height":1269,"url":"https:\/\/arriendo.com\/co\/blog\/wp-content\/uploads\/2024\/08\/Vivir-en-Villavicencio.jpg","type":"image\/jpeg"}],"author":"Mar\u00eda Camila Mart\u00ednez Reyes","twitter_card":"summary_large_image","twitter_misc":{"Escrito por":"Mar\u00eda Camila Mart\u00ednez Reyes","Tiempo de lectura":"9 minutos"},"schema":{"@context":"https:\/\/schema.org","@graph":[{"@type":["Article","BlogPosting"],"@id":"https:\/\/arriendo.com\/co\/blog\/lugares\/para-vivir\/razones-para-vivir-en-villavicencio\/#article","isPartOf":{"@id":"https:\/\/arriendo.com\/co\/blog\/lugares\/para-vivir\/razones-para-vivir-en-villavicencio\/"},"author":{"name":"Mar\u00eda Camila Mart\u00ednez Reyes","@id":"https:\/\/arriendo.com\/co\/blog\/#\/schema\/person\/34a76bc9ff64a30e83b6857cf580f042"},"headline":"Razones para vivir en Villavicencio","datePublished":"2025-01-31T13:35:26+00:00","dateModified":"2025-01-31T13:35:27+00:00","mainEntityOfPage":{"@id":"https:\/\/arriendo.com\/co\/blog\/lugares\/para-vivir\/razones-para-vivir-en-villavicencio\/"},"wordCount":1754,"commentCount":0,"publisher":{"@id":"https:\/\/arriendo.com\/co\/blog\/#organization"},"image":{"@id":"https:\/\/arriendo.com\/co\/blog\/lugares\/para-vivir\/razones-para-vivir-en-villavicencio\/#primaryimage"},"thumbnailUrl":"https:\/\/cdn-blog.arriendo.com\/co\/blog\/wp-content\/uploads\/2024\/08\/Vivir-en-Villavicencio.jpg","articleSection":["Lugares para Vivir"],"inLanguage":"es","potentialAction":[{"@type":"CommentAction","name":"Comment","target":["https:\/\/arriendo.com\/co\/blog\/lugares\/para-vivir\/razones-para-vivir-en-villavicencio\/#respond"]}]},{"@type":"WebPage","@id":"https:\/\/arriendo.com\/co\/blog\/lugares\/para-vivir\/razones-para-vivir-en-villavicencio\/","url":"https:\/\/arriendo.com\/co\/blog\/lugares\/para-vivir\/razones-para-vivir-en-villavicencio\/","name":"Razones para vivir en Villavicencio 2026","isPartOf":{"@id":"https:\/\/arriendo.com\/co\/blog\/#website"},"primaryImageOfPage":{"@id":"https:\/\/arriendo.com\/co\/blog\/lugares\/para-vivir\/razones-para-vivir-en-villavicencio\/#primaryimage"},"image":{"@id":"https:\/\/arriendo.com\/co\/blog\/lugares\/para-vivir\/razones-para-vivir-en-villavicencio\/#primaryimage"},"thumbnailUrl":"https:\/\/cdn-blog.arriendo.com\/co\/blog\/wp-content\/uploads\/2024\/08\/Vivir-en-Villavicencio.jpg","datePublished":"2025-01-31T13:35:26+00:00","dateModified":"2025-01-31T13:35:27+00:00","description":"\u00a1Descubre las ventajas de vivir en Villavicencio! La capital del Meta te espera con brazos abiertos y una amplia oferta inmobiliaria.","breadcrumb":{"@id":"https:\/\/arriendo.com\/co\/blog\/lugares\/para-vivir\/razones-para-vivir-en-villavicencio\/#breadcrumb"},"inLanguage":"es","potentialAction":[{"@type":"ReadAction","target":["https:\/\/arriendo.com\/co\/blog\/lugares\/para-vivir\/razones-para-vivir-en-villavicencio\/"]}]},{"@type":"ImageObject","inLanguage":"es","@id":"https:\/\/arriendo.com\/co\/blog\/lugares\/para-vivir\/razones-para-vivir-en-villavicencio\/#primaryimage","url":"https:\/\/cdn-blog.arriendo.com\/co\/blog\/wp-content\/uploads\/2024\/08\/Vivir-en-Villavicencio.jpg","contentUrl":"https:\/\/cdn-blog.arriendo.com\/co\/blog\/wp-content\/uploads\/2024\/08\/Vivir-en-Villavicencio.jpg","width":1900,"height":1269,"caption":"Vivir en Villavicencio"},{"@type":"BreadcrumbList","@id":"https:\/\/arriendo.com\/co\/blog\/lugares\/para-vivir\/razones-para-vivir-en-villavicencio\/#breadcrumb","itemListElement":[{"@type":"ListItem","position":1,"name":"Inicio","item":"https:\/\/arriendo.com\/co\/blog\/"},{"@type":"ListItem","position":2,"name":"Lugares","item":"https:\/\/arriendo.com\/co\/blog\/lugares\/"},{"@type":"ListItem","position":3,"name":"Lugares para Vivir","item":"https:\/\/arriendo.com\/co\/blog\/lugares\/para-vivir\/"},{"@type":"ListItem","position":4,"name":"Razones para vivir en Villavicencio"}]},{"@type":"WebSite","@id":"https:\/\/arriendo.com\/co\/blog\/#website","url":"https:\/\/arriendo.com\/co\/blog\/","name":"Blog arriendo.com","description":"Abre la puerta de tu pr\u00f3ximo hogar","publisher":{"@id":"https:\/\/arriendo.com\/co\/blog\/#organization"},"alternateName":"Blog Arriendo","potentialAction":[{"@type":"SearchAction","target":{"@type":"EntryPoint","urlTemplate":"https:\/\/arriendo.com\/co\/blog\/?s={search_term_string}"},"query-input":{"@type":"PropertyValueSpecification","valueRequired":true,"valueName":"search_term_string"}}],"inLanguage":"es"},{"@type":"Organization","@id":"https:\/\/arriendo.com\/co\/blog\/#organization","name":"Blog arriendo.com","alternateName":"Arriendo.com","url":"https:\/\/arriendo.com\/co\/blog\/","logo":{"@type":"ImageObject","inLanguage":"es","@id":"https:\/\/arriendo.com\/co\/blog\/#\/schema\/logo\/image\/","url":"https:\/\/arriendo.com\/co\/blog\/wp-content\/uploads\/2020\/02\/logo-arriendo-perfil-rojo-1080x1080-ok-v1.png","contentUrl":"https:\/\/arriendo.com\/co\/blog\/wp-content\/uploads\/2020\/02\/logo-arriendo-perfil-rojo-1080x1080-ok-v1.png","width":1080,"height":1080,"caption":"Blog arriendo.com"},"image":{"@id":"https:\/\/arriendo.com\/co\/blog\/#\/schema\/logo\/image\/"},"sameAs":["https:\/\/www.facebook.com\/arriendocom"]},{"@type":"Person","@id":"https:\/\/arriendo.com\/co\/blog\/#\/schema\/person\/34a76bc9ff64a30e83b6857cf580f042","name":"Mar\u00eda Camila Mart\u00ednez Reyes","image":{"@type":"ImageObject","inLanguage":"es","@id":"https:\/\/arriendo.com\/co\/blog\/#\/schema\/person\/image\/","url":"https:\/\/secure.gravatar.com\/avatar\/9f515c1e75c1130dca553e094da21a63029157671bdc62e6e1d566fec39ccd35?s=96&r=g","contentUrl":"https:\/\/secure.gravatar.com\/avatar\/9f515c1e75c1130dca553e094da21a63029157671bdc62e6e1d566fec39ccd35?s=96&r=g","caption":"Mar\u00eda Camila Mart\u00ednez Reyes"}}]}},"amp_enabled":true,"_links":{"self":[{"href":"https:\/\/arriendo.com\/co\/blog\/wp-json\/wp\/v2\/posts\/13105","targetHints":{"allow":["GET"]}}],"collection":[{"href":"https:\/\/arriendo.com\/co\/blog\/wp-json\/wp\/v2\/posts"}],"about":[{"href":"https:\/\/arriendo.com\/co\/blog\/wp-json\/wp\/v2\/types\/post"}],"author":[{"embeddable":true,"href":"https:\/\/arriendo.com\/co\/blog\/wp-json\/wp\/v2\/users\/19"}],"replies":[{"embeddable":true,"href":"https:\/\/arriendo.com\/co\/blog\/wp-json\/wp\/v2\/comments?post=13105"}],"version-history":[{"count":84,"href":"https:\/\/arriendo.com\/co\/blog\/wp-json\/wp\/v2\/posts\/13105\/revisions"}],"predecessor-version":[{"id":18700,"href":"https:\/\/arriendo.com\/co\/blog\/wp-json\/wp\/v2\/posts\/13105\/revisions\/18700"}],"wp:featuredmedia":[{"embeddable":true,"href":"https:\/\/arriendo.com\/co\/blog\/wp-json\/wp\/v2\/media\/13113"}],"wp:attachment":[{"href":"https:\/\/arriendo.com\/co\/blog\/wp-json\/wp\/v2\/media?parent=13105"}],"wp:term":[{"taxonomy":"category","embeddable":true,"href":"https:\/\/arriendo.com\/co\/blog\/wp-json\/wp\/v2\/categories?post=13105"},{"taxonomy":"post_tag","embeddable":true,"href":"https:\/\/arriendo.com\/co\/blog\/wp-json\/wp\/v2\/tags?post=13105"}],"curies":[{"name":"wp","href":"https:\/\/api.w.org\/{rel}","templated":true}]}}