{"id":10831,"date":"2024-08-22T15:26:06","date_gmt":"2024-08-22T20:26:06","guid":{"rendered":"https:\/\/arriendo.com\/co\/blog\/?p=10831"},"modified":"2025-12-12T14:28:31","modified_gmt":"2025-12-12T19:28:31","slug":"upz-y-barrios-que-conforman-fontibon-bogota","status":"publish","type":"post","link":"https:\/\/arriendo.com\/co\/blog\/lugares\/para-vivir\/upz-y-barrios-que-conforman-fontibon-bogota\/","title":{"rendered":"UPZ y barrios que conforman Fontib\u00f3n, Bogot\u00e1"},"content":{"rendered":"\n<p>Encuentra aqu\u00ed un listado completo de las UPZ y barrios que conforman Fontib\u00f3n y conoce las \u00e1reas m\u00e1s destacadas para vivir.<\/p>\n\n\n\n<p>Fontib\u00f3n, <strong>localidad nueve<\/strong> de Bogot\u00e1, <strong>se ubica al noroeste de la ciudad<\/strong>. Limita al norte con la <a href=\"https:\/\/arriendo.com\/co\/blog\/lugares\/para-vivir\/upz-y-barrios-que-componen-a-engativa\/\">localidad de Engativ\u00e1,<\/a> al este con Puente Aranda y Teusaquillo, al sur con Kennedy y al oeste con el Municipio de Funza y Mosquera. En esta \u00e1rea se encuentra una gran parte de biodiversidad del Distrito Capital. <strong>Sus humedales<\/strong>, como <em>Capellan\u00eda y Meandro del Say,<\/em><strong> a\u00f1aden color y armon\u00eda al encanto natural del sector.<\/strong><\/p>\n\n\n\n<p>Este Distrito est\u00e1 divido en<strong> 8 Unidades de Planeaci\u00f3n Zonal <\/strong>(UPZ): Fontib\u00f3n Centro, San Pablo, Zona Franca, Ciudad Salitre Occidental, Granjas de Techo, Modelia, Capellan\u00eda y Aeropuerto El Dorado. De estas, cuatro son \u00e1reas industriales, cinco residenciales o de centralidad urbana y una dotacional, es decir, destinada para espacios de uso p\u00fablico. Adem\u00e1s, cuenta con <strong>alrededor de 89 barrios<\/strong>, seg\u00fan la junta comunal. \u00a1Una fascinante alternativa si buscas <a href=\"https:\/\/arriendo.com\/co\/\" target=\"_blank\" rel=\"noreferrer noopener\">alquilar vivienda<\/a>!<\/p>\n\n\n<div class=\"gb-grid-wrapper gb-grid-wrapper-5020b978\">\n<div class=\"gb-grid-column gb-grid-column-4e9af72a\"><div class=\"gb-container gb-container-4e9af72a\">\n\n<p class=\"gb-headline gb-headline-b626beaf\"><span class=\"gb-icon\"><svg viewBox=\"0 0 16 16\" class=\"bi bi-people-fill\" fill=\"currentColor\" height=\"16\" width=\"16\" xmlns=\"http:\/\/www.w3.org\/2000\/svg\"> <path d=\"M7 14s-1 0-1-1 1-4 5-4 5 3 5 4-1 1-1 1H7zm4-6a3 3 0 1 0 0-6 3 3 0 0 0 0 6z\"><\/path> <path d=\"M5.216 14A2.238 2.238 0 0 1 5 13c0-1.355.68-2.75 1.936-3.72A6.325 6.325 0 0 0 5 9c-4 0-5 3-5 4s1 1 1 1h4.216z\" fill-rule=\"evenodd\"><\/path> <path d=\"M4.5 8a2.5 2.5 0 1 0 0-5 2.5 2.5 0 0 0 0 5z\"><\/path> <\/svg><\/span><span class=\"gb-headline-text\"><strong>444.951<\/strong><\/span><\/p>\n\n\n\n<p class=\"gb-headline gb-headline-4cc7cef1 gb-headline-text\">Habitantes<\/p>\n\n<\/div><\/div>\n\n<div class=\"gb-grid-column gb-grid-column-66a113f6\"><div class=\"gb-container gb-container-66a113f6\">\n\n<p class=\"gb-headline gb-headline-e9a89d8d\"><span class=\"gb-icon\"><svg viewBox=\"0 0 24 24\" xmlns=\"http:\/\/www.w3.org\/2000\/svg\"><path d=\"M9,9l0-6L7,3l0,2.59L3.91,2.5L2.5,3.91L5.59,7L3,7l0,2L9,9z M21,9V7l-2.59,0l3.09-3.09L20.09,2.5L17,5.59V3l-2,0l0,6L21,9z M3,15l0,2h2.59L2.5,20.09l1.41,1.41L7,18.41L7,21h2l0-6L3,15z M15,15l0,6h2v-2.59l3.09,3.09l1.41-1.41L18.41,17H21v-2L15,15z\"><\/path><\/svg><\/span><span class=\"gb-headline-text\"><strong>3.328<\/strong><\/span><\/p>\n\n\n\n<p class=\"gb-headline gb-headline-3022e851 gb-headline-text\">Hect\u00e1reas<\/p>\n\n<\/div><\/div>\n\n<div class=\"gb-grid-column gb-grid-column-48a27af6\"><div class=\"gb-container gb-container-48a27af6\">\n\n<p class=\"gb-headline gb-headline-1b2a2f6a\"><span class=\"gb-icon\"><svg viewBox=\"0 0 512 512\" xmlns=\"http:\/\/www.w3.org\/2000\/svg\"><path d=\"M45.63 79.75L52 81.25v58.5C45 143.9 40 151.3 40 160c0 8.375 4.625 15.38 11.12 19.75L35.5 242C33.75 248.9 37.63 256 43.13 256h41.75c5.5 0 9.375-7.125 7.625-13.1L76.88 179.8C83.38 175.4 88 168.4 88 160c0-8.75-5-16.12-12-20.25V87.13L128 99.63l.001 60.37c0 70.75 57.25 128 128 128s127.1-57.25 127.1-128L384 99.62l82.25-19.87c18.25-4.375 18.25-27 0-31.5l-190.4-46c-13-3-26.62-3-39.63 0l-190.6 46C27.5 52.63 27.5 75.38 45.63 79.75zM359.2 312.8l-103.2 103.2l-103.2-103.2c-69.93 22.3-120.8 87.2-120.8 164.5C32 496.5 47.53 512 66.67 512h378.7C464.5 512 480 496.5 480 477.3C480 400 429.1 335.1 359.2 312.8z\"><\/path><\/svg><\/span><span class=\"gb-headline-text\"><strong>11<\/strong><\/span><\/p>\n\n\n\n<p class=\"gb-headline gb-headline-18555142 gb-headline-text\">Colegios<\/p>\n\n<\/div><\/div>\n\n<div class=\"gb-grid-column gb-grid-column-a2c589f1\"><div class=\"gb-container gb-container-a2c589f1\">\n\n<p class=\"gb-headline gb-headline-26b60233\"><span class=\"gb-icon\"><svg viewBox=\"0 0 24 24\" xmlns=\"http:\/\/www.w3.org\/2000\/svg\"> <g> <path d=\"M0 0h24v24H0z\" fill=\"none\"><\/path> <path d=\"M8 20v-6h8v6h3V4H5v16h3zm2 0h4v-4h-4v4zm11 0h2v2H1v-2h2V3a1 1 0 0 1 1-1h16a1 1 0 0 1 1 1v17zM11 8V6h2v2h2v2h-2v2h-2v-2H9V8h2z\" fill-rule=\"nonzero\"><\/path> <\/g> <\/svg><\/span><span class=\"gb-headline-text\"><strong>1<\/strong><\/span><\/p>\n\n\n\n<p class=\"gb-headline gb-headline-a4a83d7d gb-headline-text\">Hospitales<\/p>\n\n<\/div><\/div>\n\n<div class=\"gb-grid-column gb-grid-column-09dbbfb0\"><div class=\"gb-container gb-container-09dbbfb0\">\n\n<p class=\"gb-headline gb-headline-12696aea\"><span class=\"gb-icon\"><svg viewBox=\"0 0 15 15\" height=\"15\" width=\"15\" xmlns=\"http:\/\/www.w3.org\/2000\/svg\" id=\"park-alt1\"> <path d=\"M9.428,10.429a.269.269,0,0,1-.074-.18A.25.25,0,0,1,9.6,10h1.447a.25.25,0,0,0,.25-.25.258.258,0,0,0-.079-.179L9.07,7.419a.3.3,0,0,1-.063-.17A.249.249,0,0,1,9.257,7H10.4a.251.251,0,0,0,.25-.251.247.247,0,0,0-.077-.178L8.432,4.434,8.418,4.42a.262.262,0,0,1-.066-.17A.25.25,0,0,1,8.6,4h.866a.25.25,0,0,0,.25-.25.246.246,0,0,0-.068-.164h.006L7.7,1.238a.253.253,0,0,0-.042-.044A.249.249,0,0,0,7.5,1.139h0a.249.249,0,0,0-.158.055.253.253,0,0,0-.042.044L5.352,3.586a.246.246,0,0,0-.068.164.25.25,0,0,0,.25.25H6.4a.241.241,0,0,1,.184.42l-.014.014L4.431,6.571a.247.247,0,0,0-.077.178A.251.251,0,0,0,4.6,7H5.745a.249.249,0,0,1,.25.249.3.3,0,0,1-.063.17L3.782,9.571A.258.258,0,0,0,3.7,9.75a.25.25,0,0,0,.25.25H5.4a.25.25,0,0,1,.248.249.269.269,0,0,1-.074.18l-2.14,2.132-.009.009a.248.248,0,0,0,0,.351A.256.256,0,0,0,3.605,13H7v1l1-.008V13h3.391a.263.263,0,0,0,.26-.254.248.248,0,0,0-.071-.177Z\"><\/path> <\/svg><\/span><span class=\"gb-headline-text\"><strong>261<\/strong><\/span><\/p>\n\n\n\n<p class=\"gb-headline gb-headline-e7e710c3 gb-headline-text\">Parques<\/p>\n\n<\/div><\/div>\n<\/div>\n\n\n<h2 class=\"wp-block-heading\">Mejores barrios para vivir en la localidad de Fontib\u00f3n<\/h2>\n\n\n\n<p>La zona ofrece una amplia infraestructura vers\u00e1til que enriquece las posibilidades de <strong>encontrar el tipo de vivienda ideal.<\/strong> Gracias a sus servicios b\u00e1sicos, centros educativos, centros de salud y \u00e1reas verdes, as\u00ed como su importante ubicaci\u00f3n cercana del Aeropuerto Internacional el Dorado, convirti\u00e9ndose en un lugar atractivo para arrendar inmueble. A continuaci\u00f3n, compartiremos contigo<strong> los<\/strong> <strong>mejores barrios para residir en Fontib\u00f3n.<\/strong><\/p>\n\n\n<div class=\"wp-block-image\">\n<figure class=\"alignright size-full is-resized\"><img loading=\"lazy\" decoding=\"async\" width=\"480\" height=\"600\" src=\"https:\/\/cdn-blog.arriendo.com\/co\/blog\/wp-content\/uploads\/2024\/07\/Aeropuerto-el-Dorado-Fontibon.jpg\" alt=\"Aeropuerto Internacional del Dorado, Fontib\u00f3n\" class=\"wp-image-10892\" style=\"width:414px;height:auto\" srcset=\"https:\/\/cdn-blog.arriendo.com\/co\/blog\/wp-content\/uploads\/2024\/07\/Aeropuerto-el-Dorado-Fontibon.jpg 480w, https:\/\/cdn-blog.arriendo.com\/co\/blog\/wp-content\/uploads\/2024\/07\/Aeropuerto-el-Dorado-Fontibon-400x500.jpg 400w\" sizes=\"auto, (max-width: 480px) 100vw, 480px\" \/><figcaption class=\"wp-element-caption\">Aeropuerto Internacional del Dorado, Fontib\u00f3n<\/figcaption><\/figure><\/div>\n\n\n<ul class=\"wp-block-list\">\n<li><strong>Modelia<\/strong>: este barrio de <strong>estrato 4 <\/strong>destaca por su excelente calidad de vida. Sus calles tranquilas, amplias zonas verdes y una gran oferta para transporte p\u00fablico, facilitada por su ubicaci\u00f3n cercana a la Avenida Ciudad de Cali, Avenida el Dorado, Avenida Boyac\u00e1 y Avenida el Ferrocarril.<\/li>\n\n\n\n<li><strong> El Tintal<\/strong>: este sector cuenta en su mayor\u00eda con urbanizaciones residenciales de propiedad horizontal, rodeadas por el centro comercial Tintal Plaza, la biblioteca central y \u00e1reas verdes ideales para los amantes a los deportes. Las v\u00edas de acceso son Avenida Ciudad de Cali, la calle 13 y Avenida las Am\u00e9ricas.<\/li>\n\n\n\n<li><strong>Capellan\u00eda<\/strong>: situada entre la Avenida La Esperanza y la Avenida El Ferrocarril, esta zona se caracteriza por su imponente arquitectura, que incluye casas de 2 o m\u00e1s pisos y apartamentos con un \u00e1rea promedio de 60\u202fm2. El centro comercial Hayuelos y otros establecimientos empresariales enriquecen el sistema social y comercial de la zona, beneficiando a sus habitantes.<\/li>\n<\/ul>\n\n\n\n<h2 class=\"wp-block-heading\" id=\"Listado-de-las-UPZ-Y-barrios-que-conforman-Fontib\u00f3n\">Listado de las UPZ y barrios que conforman Fontib\u00f3n<\/h2>\n\n\n\n<p>Descubre una<strong>&nbsp;lista completa&nbsp;<\/strong>de todos los vecindarios que rodean Fontib\u00f3n y ampl\u00eda tus opciones de b\u00fasqueda para tu futuro inmueble.<\/p>\n\n\n<div class=\"lightweight-accordion bordered\"><details><summary class=\"lightweight-accordion-title\"><h3>UPZ FONTIB\u00d3N CENTRO<\/h3><\/summary><div class=\"lightweight-accordion-body\">\n\n<ul class=\"wp-block-list\">\n<li>Arabia<\/li>\n\n\n\n<li>Atahualpa<\/li>\n\n\n\n<li>Azul<\/li>\n\n\n\n<li>Bah\u00eda Solano<\/li>\n\n\n\n<li>Batavia<\/li>\n\n\n\n<li>Bel\u00e9n<\/li>\n\n\n\n<li>Boston<\/li>\n\n\n\n<li>Centro A<\/li>\n\n\n\n<li>Conjunto Residencial Parques de Modelia<\/li>\n\n\n\n<li>Conjunto Residencial Villa Beatriz<\/li>\n\n\n\n<li>El Carmen<\/li>\n\n\n\n<li>El Cuco Sector La Estancia<\/li>\n\n\n\n<li>El Guadual, San Pedro y Santa Ana<\/li>\n\n\n\n<li>El Jord\u00e1n<\/li>\n\n\n\n<li>El Pedregal<\/li>\n\n\n\n<li>El Rub\u00ed<\/li>\n\n\n\n<li>El Tapete<\/li>\n\n\n\n<li>El Tintal Central<\/li>\n\n\n\n<li>Flandes<\/li>\n\n\n\n<li>Fontib\u00f3n Centro<\/li>\n\n\n\n<li>Internacional<\/li>\n\n\n\n<li>La Caba\u00f1a<\/li>\n\n\n\n<li>La Giralda<\/li>\n\n\n\n<li>La Isla<\/li>\n\n\n\n<li>La Laguna<\/li>\n\n\n\n<li>La Palestina<\/li>\n\n\n\n<li>Las Flores<\/li>\n\n\n\n<li>Nogal Olivos<\/li>\n\n\n\n<li>Residencial Ferrocaja<\/li>\n\n\n\n<li>Rinc\u00f3n Santo<\/li>\n\n\n\n<li>Santander<\/li>\n\n\n\n<li>Saturno<\/li>\n\n\n\n<li>Thal\u00eda<\/li>\n\n\n\n<li>Urbanizaci\u00f3n Betania<\/li>\n\n\n\n<li>Urbanizaci\u00f3n Cofrad\u00eda<\/li>\n\n\n\n<li>Urbanizaci\u00f3n Laredo<\/li>\n\n\n\n<li>Urbanizaci\u00f3n Los C\u00e1mbulos<\/li>\n\n\n\n<li>Urbanizaci\u00f3n Salamanca<\/li>\n\n\n\n<li>Urbanizaci\u00f3n San Pedro Los Robles<\/li>\n\n\n\n<li>Urbanizaci\u00f3n Santiago<\/li>\n\n\n\n<li>Versalles<\/li>\n\n\n\n<li>Villa Carmenza<\/li>\n\n\n\n<li>Villemar<\/li>\n<\/ul>\n\n<\/div><\/details><\/div>\n\n<div class=\"lightweight-accordion bordered\"><details><summary class=\"lightweight-accordion-title\"><h3>UPZ SAN PABLO<\/h3><\/summary><div class=\"lightweight-accordion-body\">\n\n<ul class=\"wp-block-list\">\n<li>Boh\u00edos de Hunza I y II<\/li>\n\n\n\n<li>Boh\u00edos de Hunza III<\/li>\n\n\n\n<li>El Para\u00edso<\/li>\n\n\n\n<li>El Portal<\/li>\n\n\n\n<li>El Refugio<\/li>\n\n\n\n<li>El Tri\u00e1ngulo<\/li>\n\n\n\n<li>Florencia<\/li>\n\n\n\n<li>Jeric\u00f3<\/li>\n\n\n\n<li>La Aldea<\/li>\n\n\n\n<li>La Estaci\u00f3n Puente Grande<\/li>\n\n\n\n<li>La Perla<\/li>\n\n\n\n<li>La Zelfita<\/li>\n\n\n\n<li>Las Brisas<\/li>\n\n\n\n<li>Prados de la Alameda<\/li>\n\n\n\n<li>Puente Grande<\/li>\n\n\n\n<li>San Pablo II Sector<\/li>\n\n\n\n<li>Selva Dorada<\/li>\n\n\n\n<li>Villa Andrea Villa Liliana<\/li>\n<\/ul>\n\n<\/div><\/details><\/div>\n\n<div class=\"lightweight-accordion bordered\"><details><summary class=\"lightweight-accordion-title\"><h3>UPZ ZONA FRANCA<\/h3><\/summary><div class=\"lightweight-accordion-body\">\n\n<ul class=\"wp-block-list\">\n<li>Cassandra<\/li>\n\n\n\n<li>El Charco<\/li>\n\n\n\n<li>El Chircal<\/li>\n\n\n\n<li>La Estancia Camino de Salazar<\/li>\n\n\n\n<li>Moravia<\/li>\n\n\n\n<li>Centenario<\/li>\n\n\n\n<li>Zona Franca<\/li>\n<\/ul>\n\n<\/div><\/details><\/div>\n\n<div class=\"lightweight-accordion bordered\"><details><summary class=\"lightweight-accordion-title\"><h3>UPZ CIUDAD SALITRE OCCIDENTAL<\/h3><\/summary><div class=\"lightweight-accordion-body\">\n\n<ul class=\"wp-block-list\">\n<li>Ciudad Salitre Occidental<\/li>\n\n\n\n<li>Carlos Lleras<\/li>\n\n\n\n<li>La Esperanza Norte<\/li>\n\n\n\n<li>Sausalito<\/li>\n<\/ul>\n\n<\/div><\/details><\/div>\n\n<div class=\"lightweight-accordion bordered\"><details><summary class=\"lightweight-accordion-title\"><h3>UPZ GRANJAS TECHO<\/h3><\/summary><div class=\"lightweight-accordion-body\">\n\n<ul class=\"wp-block-list\">\n<li>Ciudad Hayuelos<\/li>\n\n\n\n<li>Granjas de Techo<\/li>\n\n\n\n<li>Montevideo<\/li>\n\n\n\n<li>Para\u00edso Bavaria<\/li>\n\n\n\n<li>Visi\u00f3n Semi Industrial<\/li>\n<\/ul>\n\n<\/div><\/details><\/div>\n\n<div class=\"lightweight-accordion bordered\"><details><summary class=\"lightweight-accordion-title\"><h3>UPZ MODELIA<\/h3><\/summary><div class=\"lightweight-accordion-body\">\n\n<ul class=\"wp-block-list\">\n<li>Ciudad Modelia<\/li>\n\n\n\n<li>Fuente del Dorado II Etapa<\/li>\n\n\n\n<li>Rinc\u00f3n de Modelia<\/li>\n\n\n\n<li>Santa Cecilia<\/li>\n\n\n\n<li>Urbanizaci\u00f3n Barrio Capellan\u00eda<\/li>\n<\/ul>\n\n<\/div><\/details><\/div>\n\n<div class=\"lightweight-accordion bordered\"><details><summary class=\"lightweight-accordion-title\"><h3>UPZ CAPELLAN\u00cdA<\/h3><\/summary><div class=\"lightweight-accordion-body\">\n\n<ul class=\"wp-block-list\">\n<li>La Rosita<\/li>\n\n\n\n<li>Puerta de Teja<\/li>\n\n\n\n<li>San Jos\u00e9 El Jard\u00edn<\/li>\n\n\n\n<li>Veracruz<\/li>\n<\/ul>\n\n<\/div><\/details><\/div>\n\n<div class=\"lightweight-accordion bordered\"><details><summary class=\"lightweight-accordion-title\"><h3>UPZ AEROPUERTO<\/h3><\/summary><div class=\"lightweight-accordion-body\">\n\n<ul class=\"wp-block-list\">\n<li>El Bogotano Primer Sector<\/li>\n\n\n\n<li>Las Navetas<\/li>\n\n\n\n<li>Pueblo Viejo<\/li>\n<\/ul>\n\n<\/div><\/details><\/div>\n\n\n<h2 class=\"wp-block-heading\">Mapa del \u00e1rea aproximada de Fontib\u00f3n<\/h2>\n\n\n\n<p>Localiza en el mapa las UPZ y barrios que conforman Fontib\u00f3n, explora un abanico de opciones y encuentra la zona apta para tu estilo de vida.<\/p>\n\n\n\n<p>\u00a1Est\u00e1s a un clic de hacer zoom a una futura vida en Fontib\u00f3n!<\/p>\n\n\n\n<iframe loading=\"lazy\" src=\"https:\/\/www.google.com\/maps\/d\/embed?mid=1Fn-b60gCI7xfU-qlpp3WZbH_pjWeupQ&ehbc=2E312F\" width=\"640\" height=\"480\"><\/iframe>\n\n\n\n<h2 class=\"wp-block-heading\">Preguntas Frecuentes<\/h2>\n\n\n\n<p>Despeja alguna de tus dudas relacionadas con la localidad de Fontib\u00f3n.<\/p>\n\n\n<div class=\"lightweight-accordion bordered\"><details><summary class=\"lightweight-accordion-title\"><h3>\u00bfCu\u00e1ntas UPZ tiene la localidad de Fontib\u00f3n?<\/h3><\/summary><div class=\"lightweight-accordion-body\">\n\n<p>Fontib\u00f3n tiene 8 Unidades de Planeamiento Zonal. <a href=\"#Listado-de-las-UPZ-Y-barrios-que-conforman-Fontib\u00f3n\">Con\u00f3celas todas.<\/a><\/p>\n\n<\/div><\/details><\/div>\n\n<div class=\"lightweight-accordion bordered\"><details><summary class=\"lightweight-accordion-title\"><h3>\u00bfQu\u00e9 UPZ es Modelia?<\/h3><\/summary><div class=\"lightweight-accordion-body\">\n\n<p>Modelia es la UPZ n\u00famero 114 de la localidad de Fontib\u00f3n.<\/p>\n\n<\/div><\/details><\/div>\n\n<div class=\"lightweight-accordion bordered\"><details><summary class=\"lightweight-accordion-title\"><h3>\u00bfQu\u00e9 estrato es el barrio Fontib\u00f3n?<\/h3><\/summary><div class=\"lightweight-accordion-body\">\n\n<figure class=\"wp-block-table\"><table><tbody><tr><td>12,4 % de la poblaci\u00f3n&nbsp;&nbsp;<\/td><td>Estrato 2&nbsp;<\/td><\/tr><tr><td>47,7% de la poblaci\u00f3n.&nbsp;<\/td><td>&nbsp;Estrato 3&nbsp;<\/td><\/tr><tr><td>36,8% de la poblaci\u00f3n&nbsp;<\/td><td>Estrato 4&nbsp;<\/td><\/tr><tr><td>3,1% de la poblaci\u00f3n.<\/td><td>Corresponde a predios en manzanas no residenciales.<\/td><\/tr><\/tbody><\/table><\/figure>\n\n<\/div><\/details><\/div>\n\n\n<hr class=\"wp-block-separator has-alpha-channel-opacity is-style-dots\"\/>\n\n\n\n<p>\u00a1Hemos llegado al final de este blog! Gracias por leernos. D\u00e9janos tu comentario: \u00bfEn qu\u00e9 barrio de Fontib\u00f3n vivir\u00e1s?<\/p>\n","protected":false},"excerpt":{"rendered":"<p>Encuentra aqu\u00ed un listado completo de las UPZ y barrios que conforman Fontib\u00f3n y conoce las \u00e1reas m\u00e1s destacadas para vivir. Fontib\u00f3n, localidad nueve de Bogot\u00e1, se ubica al noroeste de la ciudad. Limita al norte con la localidad de [&hellip;]<\/p>\n","protected":false},"author":19,"featured_media":15500,"comment_status":"open","ping_status":"closed","sticky":false,"template":"","format":"standard","meta":{"_acf_changed":false,"footnotes":""},"categories":[154],"tags":[],"class_list":["post-10831","post","type-post","status-publish","format-standard","has-post-thumbnail","hentry","category-para-vivir"],"acf":[],"nelio_content":{"isAutoShareEnabled":true,"autoShareEndMode":"never","automationSources":{"useCustomSentences":false,"customSentences":[]},"followers":[19],"suggestedReferences":[],"efiUrl":"","efiAlt":"","highlights":[],"permalinkQueryArgs":[],"series":[]},"yoast_head":"<!-- This site is optimized with the Yoast SEO plugin v25.4 - https:\/\/yoast.com\/wordpress\/plugins\/seo\/ -->\n<title>UPZ y barrios que conforman Fontib\u00f3n, Bogot\u00e1 2026<\/title>\n<meta name=\"description\" content=\"Conoce cu\u00e1les son las UPZ y barrios que conforman Fontib\u00f3n. \u00a1Te acompa\u00f1amos a elegir tu pr\u00f3ximo hogar con Arriendo.com!\" \/>\n<meta name=\"robots\" content=\"index, follow, max-snippet:-1, max-image-preview:large, max-video-preview:-1\" \/>\n<link rel=\"canonical\" href=\"https:\/\/arriendo.com\/co\/blog\/lugares\/para-vivir\/upz-y-barrios-que-conforman-fontibon-bogota\/\" \/>\n<meta property=\"og:locale\" content=\"es_ES\" \/>\n<meta property=\"og:type\" content=\"article\" \/>\n<meta property=\"og:title\" content=\"UPZ y barrios que conforman Fontib\u00f3n, Bogot\u00e1 2026\" \/>\n<meta property=\"og:description\" content=\"Conoce cu\u00e1les son las UPZ y barrios que conforman Fontib\u00f3n. \u00a1Te acompa\u00f1amos a elegir tu pr\u00f3ximo hogar con Arriendo.com!\" \/>\n<meta property=\"og:url\" content=\"https:\/\/arriendo.com\/co\/blog\/lugares\/para-vivir\/upz-y-barrios-que-conforman-fontibon-bogota\/\" \/>\n<meta property=\"og:site_name\" content=\"Blog Arriendo.com\" \/>\n<meta property=\"article:publisher\" content=\"https:\/\/www.facebook.com\/arriendocom\" \/>\n<meta property=\"article:published_time\" content=\"2024-08-22T20:26:06+00:00\" \/>\n<meta property=\"article:modified_time\" content=\"2025-12-12T19:28:31+00:00\" \/>\n<meta property=\"og:image\" content=\"https:\/\/cdn-blog.arriendo.com\/co\/blog\/wp-content\/uploads\/2024\/08\/Barrios-y-UPZ-de-la-localidad-Fontibon.jpg\" \/>\n\t<meta property=\"og:image:width\" content=\"1900\" \/>\n\t<meta property=\"og:image:height\" content=\"1269\" \/>\n\t<meta property=\"og:image:type\" content=\"image\/jpeg\" \/>\n<meta name=\"author\" content=\"Mar\u00eda Camila Mart\u00ednez Reyes\" \/>\n<meta name=\"twitter:card\" content=\"summary_large_image\" \/>\n<meta name=\"twitter:label1\" content=\"Escrito por\" \/>\n\t<meta name=\"twitter:data1\" content=\"Mar\u00eda Camila Mart\u00ednez Reyes\" \/>\n\t<meta name=\"twitter:label2\" content=\"Tiempo de lectura\" \/>\n\t<meta name=\"twitter:data2\" content=\"4 minutos\" \/>\n<script type=\"application\/ld+json\" class=\"yoast-schema-graph\">{\"@context\":\"https:\/\/schema.org\",\"@graph\":[{\"@type\":[\"Article\",\"BlogPosting\"],\"@id\":\"https:\/\/arriendo.com\/co\/blog\/lugares\/para-vivir\/upz-y-barrios-que-conforman-fontibon-bogota\/#article\",\"isPartOf\":{\"@id\":\"https:\/\/arriendo.com\/co\/blog\/lugares\/para-vivir\/upz-y-barrios-que-conforman-fontibon-bogota\/\"},\"author\":{\"name\":\"Mar\u00eda Camila Mart\u00ednez Reyes\",\"@id\":\"https:\/\/arriendo.com\/co\/blog\/#\/schema\/person\/34a76bc9ff64a30e83b6857cf580f042\"},\"headline\":\"UPZ y barrios que conforman Fontib\u00f3n, Bogot\u00e1\",\"datePublished\":\"2024-08-22T20:26:06+00:00\",\"dateModified\":\"2025-12-12T19:28:31+00:00\",\"mainEntityOfPage\":{\"@id\":\"https:\/\/arriendo.com\/co\/blog\/lugares\/para-vivir\/upz-y-barrios-que-conforman-fontibon-bogota\/\"},\"wordCount\":836,\"commentCount\":0,\"publisher\":{\"@id\":\"https:\/\/arriendo.com\/co\/blog\/#organization\"},\"image\":{\"@id\":\"https:\/\/arriendo.com\/co\/blog\/lugares\/para-vivir\/upz-y-barrios-que-conforman-fontibon-bogota\/#primaryimage\"},\"thumbnailUrl\":\"https:\/\/cdn-blog.arriendo.com\/co\/blog\/wp-content\/uploads\/2024\/08\/Barrios-y-UPZ-de-la-localidad-Fontibon.jpg\",\"articleSection\":[\"Lugares para Vivir\"],\"inLanguage\":\"es\",\"potentialAction\":[{\"@type\":\"CommentAction\",\"name\":\"Comment\",\"target\":[\"https:\/\/arriendo.com\/co\/blog\/lugares\/para-vivir\/upz-y-barrios-que-conforman-fontibon-bogota\/#respond\"]}]},{\"@type\":\"WebPage\",\"@id\":\"https:\/\/arriendo.com\/co\/blog\/lugares\/para-vivir\/upz-y-barrios-que-conforman-fontibon-bogota\/\",\"url\":\"https:\/\/arriendo.com\/co\/blog\/lugares\/para-vivir\/upz-y-barrios-que-conforman-fontibon-bogota\/\",\"name\":\"UPZ y barrios que conforman Fontib\u00f3n, Bogot\u00e1 2026\",\"isPartOf\":{\"@id\":\"https:\/\/arriendo.com\/co\/blog\/#website\"},\"primaryImageOfPage\":{\"@id\":\"https:\/\/arriendo.com\/co\/blog\/lugares\/para-vivir\/upz-y-barrios-que-conforman-fontibon-bogota\/#primaryimage\"},\"image\":{\"@id\":\"https:\/\/arriendo.com\/co\/blog\/lugares\/para-vivir\/upz-y-barrios-que-conforman-fontibon-bogota\/#primaryimage\"},\"thumbnailUrl\":\"https:\/\/cdn-blog.arriendo.com\/co\/blog\/wp-content\/uploads\/2024\/08\/Barrios-y-UPZ-de-la-localidad-Fontibon.jpg\",\"datePublished\":\"2024-08-22T20:26:06+00:00\",\"dateModified\":\"2025-12-12T19:28:31+00:00\",\"description\":\"Conoce cu\u00e1les son las UPZ y barrios que conforman Fontib\u00f3n. \u00a1Te acompa\u00f1amos a elegir tu pr\u00f3ximo hogar con Arriendo.com!\",\"breadcrumb\":{\"@id\":\"https:\/\/arriendo.com\/co\/blog\/lugares\/para-vivir\/upz-y-barrios-que-conforman-fontibon-bogota\/#breadcrumb\"},\"inLanguage\":\"es\",\"potentialAction\":[{\"@type\":\"ReadAction\",\"target\":[\"https:\/\/arriendo.com\/co\/blog\/lugares\/para-vivir\/upz-y-barrios-que-conforman-fontibon-bogota\/\"]}]},{\"@type\":\"ImageObject\",\"inLanguage\":\"es\",\"@id\":\"https:\/\/arriendo.com\/co\/blog\/lugares\/para-vivir\/upz-y-barrios-que-conforman-fontibon-bogota\/#primaryimage\",\"url\":\"https:\/\/cdn-blog.arriendo.com\/co\/blog\/wp-content\/uploads\/2024\/08\/Barrios-y-UPZ-de-la-localidad-Fontibon.jpg\",\"contentUrl\":\"https:\/\/cdn-blog.arriendo.com\/co\/blog\/wp-content\/uploads\/2024\/08\/Barrios-y-UPZ-de-la-localidad-Fontibon.jpg\",\"width\":1900,\"height\":1269,\"caption\":\"Barrios y UPZ de la localidad Fontib\u00f3n\"},{\"@type\":\"BreadcrumbList\",\"@id\":\"https:\/\/arriendo.com\/co\/blog\/lugares\/para-vivir\/upz-y-barrios-que-conforman-fontibon-bogota\/#breadcrumb\",\"itemListElement\":[{\"@type\":\"ListItem\",\"position\":1,\"name\":\"Inicio\",\"item\":\"https:\/\/arriendo.com\/co\/blog\/\"},{\"@type\":\"ListItem\",\"position\":2,\"name\":\"Lugares\",\"item\":\"https:\/\/arriendo.com\/co\/blog\/lugares\/\"},{\"@type\":\"ListItem\",\"position\":3,\"name\":\"Lugares para Vivir\",\"item\":\"https:\/\/arriendo.com\/co\/blog\/lugares\/para-vivir\/\"},{\"@type\":\"ListItem\",\"position\":4,\"name\":\"UPZ y barrios que conforman Fontib\u00f3n, Bogot\u00e1\"}]},{\"@type\":\"WebSite\",\"@id\":\"https:\/\/arriendo.com\/co\/blog\/#website\",\"url\":\"https:\/\/arriendo.com\/co\/blog\/\",\"name\":\"Blog arriendo.com\",\"description\":\"Abre la puerta de tu pr\u00f3ximo hogar\",\"publisher\":{\"@id\":\"https:\/\/arriendo.com\/co\/blog\/#organization\"},\"alternateName\":\"Blog Arriendo\",\"potentialAction\":[{\"@type\":\"SearchAction\",\"target\":{\"@type\":\"EntryPoint\",\"urlTemplate\":\"https:\/\/arriendo.com\/co\/blog\/?s={search_term_string}\"},\"query-input\":{\"@type\":\"PropertyValueSpecification\",\"valueRequired\":true,\"valueName\":\"search_term_string\"}}],\"inLanguage\":\"es\"},{\"@type\":\"Organization\",\"@id\":\"https:\/\/arriendo.com\/co\/blog\/#organization\",\"name\":\"Blog arriendo.com\",\"alternateName\":\"Arriendo.com\",\"url\":\"https:\/\/arriendo.com\/co\/blog\/\",\"logo\":{\"@type\":\"ImageObject\",\"inLanguage\":\"es\",\"@id\":\"https:\/\/arriendo.com\/co\/blog\/#\/schema\/logo\/image\/\",\"url\":\"https:\/\/arriendo.com\/co\/blog\/wp-content\/uploads\/2020\/02\/logo-arriendo-perfil-rojo-1080x1080-ok-v1.png\",\"contentUrl\":\"https:\/\/arriendo.com\/co\/blog\/wp-content\/uploads\/2020\/02\/logo-arriendo-perfil-rojo-1080x1080-ok-v1.png\",\"width\":1080,\"height\":1080,\"caption\":\"Blog arriendo.com\"},\"image\":{\"@id\":\"https:\/\/arriendo.com\/co\/blog\/#\/schema\/logo\/image\/\"},\"sameAs\":[\"https:\/\/www.facebook.com\/arriendocom\"]},{\"@type\":\"Person\",\"@id\":\"https:\/\/arriendo.com\/co\/blog\/#\/schema\/person\/34a76bc9ff64a30e83b6857cf580f042\",\"name\":\"Mar\u00eda Camila Mart\u00ednez Reyes\",\"image\":{\"@type\":\"ImageObject\",\"inLanguage\":\"es\",\"@id\":\"https:\/\/arriendo.com\/co\/blog\/#\/schema\/person\/image\/\",\"url\":\"https:\/\/secure.gravatar.com\/avatar\/9f515c1e75c1130dca553e094da21a63029157671bdc62e6e1d566fec39ccd35?s=96&r=g\",\"contentUrl\":\"https:\/\/secure.gravatar.com\/avatar\/9f515c1e75c1130dca553e094da21a63029157671bdc62e6e1d566fec39ccd35?s=96&r=g\",\"caption\":\"Mar\u00eda Camila Mart\u00ednez Reyes\"}}]}<\/script>\n<!-- \/ Yoast SEO plugin. -->","yoast_head_json":{"title":"UPZ y barrios que conforman Fontib\u00f3n, Bogot\u00e1 2026","description":"Conoce cu\u00e1les son las UPZ y barrios que conforman Fontib\u00f3n. \u00a1Te acompa\u00f1amos a elegir tu pr\u00f3ximo hogar con Arriendo.com!","robots":{"index":"index","follow":"follow","max-snippet":"max-snippet:-1","max-image-preview":"max-image-preview:large","max-video-preview":"max-video-preview:-1"},"canonical":"https:\/\/arriendo.com\/co\/blog\/lugares\/para-vivir\/upz-y-barrios-que-conforman-fontibon-bogota\/","og_locale":"es_ES","og_type":"article","og_title":"UPZ y barrios que conforman Fontib\u00f3n, Bogot\u00e1 2026","og_description":"Conoce cu\u00e1les son las UPZ y barrios que conforman Fontib\u00f3n. \u00a1Te acompa\u00f1amos a elegir tu pr\u00f3ximo hogar con Arriendo.com!","og_url":"https:\/\/arriendo.com\/co\/blog\/lugares\/para-vivir\/upz-y-barrios-que-conforman-fontibon-bogota\/","og_site_name":"Blog Arriendo.com","article_publisher":"https:\/\/www.facebook.com\/arriendocom","article_published_time":"2024-08-22T20:26:06+00:00","article_modified_time":"2025-12-12T19:28:31+00:00","og_image":[{"width":1900,"height":1269,"url":"https:\/\/cdn-blog.arriendo.com\/co\/blog\/wp-content\/uploads\/2024\/08\/Barrios-y-UPZ-de-la-localidad-Fontibon.jpg","type":"image\/jpeg"}],"author":"Mar\u00eda Camila Mart\u00ednez Reyes","twitter_card":"summary_large_image","twitter_misc":{"Escrito por":"Mar\u00eda Camila Mart\u00ednez Reyes","Tiempo de lectura":"4 minutos"},"schema":{"@context":"https:\/\/schema.org","@graph":[{"@type":["Article","BlogPosting"],"@id":"https:\/\/arriendo.com\/co\/blog\/lugares\/para-vivir\/upz-y-barrios-que-conforman-fontibon-bogota\/#article","isPartOf":{"@id":"https:\/\/arriendo.com\/co\/blog\/lugares\/para-vivir\/upz-y-barrios-que-conforman-fontibon-bogota\/"},"author":{"name":"Mar\u00eda Camila Mart\u00ednez Reyes","@id":"https:\/\/arriendo.com\/co\/blog\/#\/schema\/person\/34a76bc9ff64a30e83b6857cf580f042"},"headline":"UPZ y barrios que conforman Fontib\u00f3n, Bogot\u00e1","datePublished":"2024-08-22T20:26:06+00:00","dateModified":"2025-12-12T19:28:31+00:00","mainEntityOfPage":{"@id":"https:\/\/arriendo.com\/co\/blog\/lugares\/para-vivir\/upz-y-barrios-que-conforman-fontibon-bogota\/"},"wordCount":836,"commentCount":0,"publisher":{"@id":"https:\/\/arriendo.com\/co\/blog\/#organization"},"image":{"@id":"https:\/\/arriendo.com\/co\/blog\/lugares\/para-vivir\/upz-y-barrios-que-conforman-fontibon-bogota\/#primaryimage"},"thumbnailUrl":"https:\/\/cdn-blog.arriendo.com\/co\/blog\/wp-content\/uploads\/2024\/08\/Barrios-y-UPZ-de-la-localidad-Fontibon.jpg","articleSection":["Lugares para Vivir"],"inLanguage":"es","potentialAction":[{"@type":"CommentAction","name":"Comment","target":["https:\/\/arriendo.com\/co\/blog\/lugares\/para-vivir\/upz-y-barrios-que-conforman-fontibon-bogota\/#respond"]}]},{"@type":"WebPage","@id":"https:\/\/arriendo.com\/co\/blog\/lugares\/para-vivir\/upz-y-barrios-que-conforman-fontibon-bogota\/","url":"https:\/\/arriendo.com\/co\/blog\/lugares\/para-vivir\/upz-y-barrios-que-conforman-fontibon-bogota\/","name":"UPZ y barrios que conforman Fontib\u00f3n, Bogot\u00e1 2026","isPartOf":{"@id":"https:\/\/arriendo.com\/co\/blog\/#website"},"primaryImageOfPage":{"@id":"https:\/\/arriendo.com\/co\/blog\/lugares\/para-vivir\/upz-y-barrios-que-conforman-fontibon-bogota\/#primaryimage"},"image":{"@id":"https:\/\/arriendo.com\/co\/blog\/lugares\/para-vivir\/upz-y-barrios-que-conforman-fontibon-bogota\/#primaryimage"},"thumbnailUrl":"https:\/\/cdn-blog.arriendo.com\/co\/blog\/wp-content\/uploads\/2024\/08\/Barrios-y-UPZ-de-la-localidad-Fontibon.jpg","datePublished":"2024-08-22T20:26:06+00:00","dateModified":"2025-12-12T19:28:31+00:00","description":"Conoce cu\u00e1les son las UPZ y barrios que conforman Fontib\u00f3n. \u00a1Te acompa\u00f1amos a elegir tu pr\u00f3ximo hogar con Arriendo.com!","breadcrumb":{"@id":"https:\/\/arriendo.com\/co\/blog\/lugares\/para-vivir\/upz-y-barrios-que-conforman-fontibon-bogota\/#breadcrumb"},"inLanguage":"es","potentialAction":[{"@type":"ReadAction","target":["https:\/\/arriendo.com\/co\/blog\/lugares\/para-vivir\/upz-y-barrios-que-conforman-fontibon-bogota\/"]}]},{"@type":"ImageObject","inLanguage":"es","@id":"https:\/\/arriendo.com\/co\/blog\/lugares\/para-vivir\/upz-y-barrios-que-conforman-fontibon-bogota\/#primaryimage","url":"https:\/\/cdn-blog.arriendo.com\/co\/blog\/wp-content\/uploads\/2024\/08\/Barrios-y-UPZ-de-la-localidad-Fontibon.jpg","contentUrl":"https:\/\/cdn-blog.arriendo.com\/co\/blog\/wp-content\/uploads\/2024\/08\/Barrios-y-UPZ-de-la-localidad-Fontibon.jpg","width":1900,"height":1269,"caption":"Barrios y UPZ de la localidad Fontib\u00f3n"},{"@type":"BreadcrumbList","@id":"https:\/\/arriendo.com\/co\/blog\/lugares\/para-vivir\/upz-y-barrios-que-conforman-fontibon-bogota\/#breadcrumb","itemListElement":[{"@type":"ListItem","position":1,"name":"Inicio","item":"https:\/\/arriendo.com\/co\/blog\/"},{"@type":"ListItem","position":2,"name":"Lugares","item":"https:\/\/arriendo.com\/co\/blog\/lugares\/"},{"@type":"ListItem","position":3,"name":"Lugares para Vivir","item":"https:\/\/arriendo.com\/co\/blog\/lugares\/para-vivir\/"},{"@type":"ListItem","position":4,"name":"UPZ y barrios que conforman Fontib\u00f3n, Bogot\u00e1"}]},{"@type":"WebSite","@id":"https:\/\/arriendo.com\/co\/blog\/#website","url":"https:\/\/arriendo.com\/co\/blog\/","name":"Blog arriendo.com","description":"Abre la puerta de tu pr\u00f3ximo hogar","publisher":{"@id":"https:\/\/arriendo.com\/co\/blog\/#organization"},"alternateName":"Blog Arriendo","potentialAction":[{"@type":"SearchAction","target":{"@type":"EntryPoint","urlTemplate":"https:\/\/arriendo.com\/co\/blog\/?s={search_term_string}"},"query-input":{"@type":"PropertyValueSpecification","valueRequired":true,"valueName":"search_term_string"}}],"inLanguage":"es"},{"@type":"Organization","@id":"https:\/\/arriendo.com\/co\/blog\/#organization","name":"Blog arriendo.com","alternateName":"Arriendo.com","url":"https:\/\/arriendo.com\/co\/blog\/","logo":{"@type":"ImageObject","inLanguage":"es","@id":"https:\/\/arriendo.com\/co\/blog\/#\/schema\/logo\/image\/","url":"https:\/\/arriendo.com\/co\/blog\/wp-content\/uploads\/2020\/02\/logo-arriendo-perfil-rojo-1080x1080-ok-v1.png","contentUrl":"https:\/\/arriendo.com\/co\/blog\/wp-content\/uploads\/2020\/02\/logo-arriendo-perfil-rojo-1080x1080-ok-v1.png","width":1080,"height":1080,"caption":"Blog arriendo.com"},"image":{"@id":"https:\/\/arriendo.com\/co\/blog\/#\/schema\/logo\/image\/"},"sameAs":["https:\/\/www.facebook.com\/arriendocom"]},{"@type":"Person","@id":"https:\/\/arriendo.com\/co\/blog\/#\/schema\/person\/34a76bc9ff64a30e83b6857cf580f042","name":"Mar\u00eda Camila Mart\u00ednez Reyes","image":{"@type":"ImageObject","inLanguage":"es","@id":"https:\/\/arriendo.com\/co\/blog\/#\/schema\/person\/image\/","url":"https:\/\/secure.gravatar.com\/avatar\/9f515c1e75c1130dca553e094da21a63029157671bdc62e6e1d566fec39ccd35?s=96&r=g","contentUrl":"https:\/\/secure.gravatar.com\/avatar\/9f515c1e75c1130dca553e094da21a63029157671bdc62e6e1d566fec39ccd35?s=96&r=g","caption":"Mar\u00eda Camila Mart\u00ednez Reyes"}}]}},"amp_enabled":true,"_links":{"self":[{"href":"https:\/\/arriendo.com\/co\/blog\/wp-json\/wp\/v2\/posts\/10831","targetHints":{"allow":["GET"]}}],"collection":[{"href":"https:\/\/arriendo.com\/co\/blog\/wp-json\/wp\/v2\/posts"}],"about":[{"href":"https:\/\/arriendo.com\/co\/blog\/wp-json\/wp\/v2\/types\/post"}],"author":[{"embeddable":true,"href":"https:\/\/arriendo.com\/co\/blog\/wp-json\/wp\/v2\/users\/19"}],"replies":[{"embeddable":true,"href":"https:\/\/arriendo.com\/co\/blog\/wp-json\/wp\/v2\/comments?post=10831"}],"version-history":[{"count":56,"href":"https:\/\/arriendo.com\/co\/blog\/wp-json\/wp\/v2\/posts\/10831\/revisions"}],"predecessor-version":[{"id":24926,"href":"https:\/\/arriendo.com\/co\/blog\/wp-json\/wp\/v2\/posts\/10831\/revisions\/24926"}],"wp:featuredmedia":[{"embeddable":true,"href":"https:\/\/arriendo.com\/co\/blog\/wp-json\/wp\/v2\/media\/15500"}],"wp:attachment":[{"href":"https:\/\/arriendo.com\/co\/blog\/wp-json\/wp\/v2\/media?parent=10831"}],"wp:term":[{"taxonomy":"category","embeddable":true,"href":"https:\/\/arriendo.com\/co\/blog\/wp-json\/wp\/v2\/categories?post=10831"},{"taxonomy":"post_tag","embeddable":true,"href":"https:\/\/arriendo.com\/co\/blog\/wp-json\/wp\/v2\/tags?post=10831"}],"curies":[{"name":"wp","href":"https:\/\/api.w.org\/{rel}","templated":true}]}}